{"id":261,"date":"2010-10-18T02:31:29","date_gmt":"2010-10-18T06:31:29","guid":{"rendered":"http:\/\/sporek.com\/blog\/?p=261"},"modified":"2010-10-18T02:44:17","modified_gmt":"2010-10-18T06:44:17","slug":"milosc-ci-wszystkowypaczy","status":"publish","type":"post","link":"https:\/\/sporek.com\/blog\/?p=261","title":{"rendered":"Mi\u0142o\u015b\u0107 ci wszystko&#8230;wypaczy"},"content":{"rendered":"<h2 id=\"internal-source-marker_0.6711441348995261\"><span style=\"font-size: 10pt; font-family: Verdana; color: #000000; background-color: transparent; font-weight: bold; font-style: normal; text-decoration: none; vertical-align: baseline\">&#8222;Misja specjalna&#8221; i program Wildsteina znikaj\u0105 z TVP 1. <\/span><span style=\"font-size: 10pt; font-family: Verdana; color: #000000; background-color: transparent; font-weight: normal; font-style: normal; text-decoration: none; vertical-align: baseline\">\u201cMagazyn &#8222;Misja specjalna&#8221; i program &#8222;Bronis\u0142aw Wildstein przedstawia&#8221; znikaj\u0105 z anteny TVP.<\/span><span style=\"font-size: 10pt; font-family: Verdana; color: #000000; background-color: transparent; font-weight: normal; font-style: normal; text-decoration: none; vertical-align: baseline\"> Jako  pow\u00f3d TVP podaje niezadowalaj\u0105ce wyniki ogl\u0105dalno\u015bci. Ostatni odcinek  &#8222;Misji specjalnej&#8221; ma zosta\u0107 wyemitowany w nocy z wtorku na \u015brod\u0119. Z  kolei program Wildsteina po raz ostatni pojawi si\u0119 na antenie w nast\u0119pn\u0105  niedziel\u0119, 24 pa\u017adziernika. &#8211; Ogl\u0105dalno\u015b\u0107 obu program\u00f3w by\u0142a  niezadowalaj\u0105ca i w dodatku ci\u0105gle spada\u0142a. Producent\u00f3w o decyzji  zawiadomiono listownie w czwartek \u2013 poinformowa\u0142o portal  Wirtualnemedia.pl biuro prasowe TVP. &#8222;Misja specjalna&#8221; to magazyn  \u015bledczy pod redakcj\u0105 Anity Gargas. Media wielokrotnie pisa\u0142y o jej  zwi\u0105zkach z PiS i &#8222;Gazet\u0105 Polsk\u0105&#8221;. Z kolei Bronis\u0142aw Wildstein to  prawicowy publicysta na sta\u0142e zwi\u0105zany z &#8222;Rzeczpospolit\u0105&#8221;. By\u0142 prezesem  TVP od maja 2006 r. do lutego 2007 r.\u201d<\/span><span style=\"font-size: 10pt; font-family: Verdana; color: #000000; background-color: transparent; font-weight: normal; font-style: normal; text-decoration: none; vertical-align: baseline\"> <\/span><!--more--><span style=\"font-size: 10pt; font-family: Verdana; color: #000000; background-color: transparent; font-weight: normal; font-style: normal; text-decoration: none; vertical-align: baseline\"><\/span><\/h2>\n<p><span style=\"font-size: 10pt; font-family: Verdana; color: #000000; background-color: transparent; font-weight: normal; font-style: normal; text-decoration: none; vertical-align: baseline\">Tyle komunikat na <\/span><a href=\"http:\/\/wirtualnemedia.pl\/\"><span style=\"font-size: 10pt; font-family: Verdana; color: #000099; background-color: transparent; font-weight: normal; font-style: normal; text-decoration: underline; vertical-align: baseline\">wirtualnemedia.pl<\/span><\/a><span style=\"font-size: 10pt; font-family: Verdana; color: #000000; background-color: transparent; font-weight: normal; font-style: normal; text-decoration: none; vertical-align: baseline\">  Najbardziej roz\u015bmieszy\u0142 mnie argument o niezadowalaj\u0105cej ogladalno\u015bci.  Najpierw by\u0142o przesuni\u0119cie na noc (pewnie w trosce o podniesienie  ogl\u0105dalno\u015bci). W najlepszych godzinach s\u0105 programy \u201cwojew\u00f3dzkie\u201d i inne  \u201cpije Kuba&#8230;z gwiazdami, albo na lodzie\u201d. \u00a0Je\u015bli jednak argumenty  podane w komunikacie s\u0105 prawdziwe, to znaczy, \u017ce spo\u0142ecze\u0144stwo polskie  stoi nad przepa\u015bci\u0105 og\u0142upienia i upodlenia. Da\u0142o si\u0119 zmanipulowa\u0107 star\u0105,  wypr\u00f3bowana metod\u0105 proponowana przez r\u00f3wnie stare, \u201cm\u0105dre ksi\u0119gi\u201d;  M\u00f3wi\u0105 one, \u017ce je\u015bli jest du\u017cy problem spo\u0142eczny, mog\u0105cy zagrozi\u0107 w\u0142adzy,  to trzeba nim spo\u0142ecze\u0144stwo zm\u0119czy\u0107 i w\u00f3wczas \u0142atwiutko jest ten  problem zamie\u015b\u0107 pod dywan. Je\u015bli zatem spo\u0142ecze\u0144stwo zm\u0119czy\u0142o si\u0119  rewelacyjnym programem \u201cMisja specjalna\u201d i programami Wildsteina, w  zamian preferuj\u0105c szkie\u0142ka kontaktowe i inne \u201cwojew\u00f3dzkie\u201d programy, czy  te\u017c programy sygnowane MO (czyt. Monika Olejnik), to znaczy, \u017ce ju\u017c  osi\u0105gni\u0119to zamierzony cel. Antypisizm to ostatni krzyk mody. Kto z PiSem  ten t\u0142umok, mocher, szowinista, ksenofob, homofob i rasista. Wszyscy  inni, to \u201celita\u201d. Antypisizm jest warunkiem sine qua non, aby dosta\u0107 si\u0119  do \u201celity\u201d. Mia\u0142o by\u0107 z mi\u0142o\u015bci\u0105. Mia\u0142o by\u0107 z sukcesami. Jest d\u0142ug, dla  ka\u017cdego doros\u0142ego po 19 tysi\u0119cy z\u0142otych, a dla rodz\u0105cych si\u0119 ju\u017c  po&#8230;92 tysi\u0105ce. I im wi\u0119kszy ten d\u0142ug b\u0119dzie, tym wi\u0119ksze odsetki, a  wi\u0119c kolejni, rodz\u0105cy si\u0119 obywatele Najja\u015bniejszej Rzeczpospolitej b\u0119d\u0105 w  podarku urodzinowym otrzymywa\u0107 coraz bardziej imponuj\u0105cy rachunek za  to, \u017ce zachcia\u0142o im si\u0119 przyj\u015b\u0107 na \u015bwiat na \u201czielonej, spokojnej  wyspie\u201d, po\u015br\u00f3d \u201cwzburzonego oceanu kryzysu\u201d. Ale jak powiedzia\u0142  niedawno Donald T. liczy si\u0119 \u201ctu i teraz\u201d, w podtek\u015bcie: \u201cw dupie mam  przysz\u0142e pokolenia, po nas cho\u0107by potop\u201d. Ale tu i teraz jest takie, \u017ce  nale\u017cy spo\u0142ecze\u0144stwo z\u0142apa\u0107 za \u201cmord\u0119\u201d, dziennikarzy, kt\u00f3rym zachciewa  si\u0119 wolno\u015bci s\u0142owa te\u017c. Przewiduj\u0119 rych\u0142y koniec Rzeczpospolitej  (spokojnie, o gazecie m\u00f3wi\u0119), spot\u0119gowan\u0105 nagonk\u0119 na Gazet\u0119 Polsk\u0105. I  nastanie pok\u00f3j, spok\u00f3j i zapowiadana mi\u0142o\u015b\u0107. Na pocz\u0105tek g\u0142\u00f3wnie mi\u0119dzy  rz\u0105dem, a spolegliwymi mediami, ta najbardziej wypaczona. Potem  wszystkim b\u0119dzie si\u0119 wydawa\u0142o, \u017ce mi\u0142o\u015b\u0107 rozci\u0105ga si\u0119 na szerokie masy,  ale szerokie masy b\u0119d\u0105 mia\u0142y oczy szeroko&#8230;zamkni\u0119te i powie \u201cdo\u015b\u0107\u201d.  NIE dla VATu, NIE dla obci\u0119cia dodatku prorodzinnego i NIE, dla wielu  innych mi\u0142osnych zabieg\u00f3w, szczeg\u00f3lnie dla totalnego NIC w reformie  s\u0142u\u017cby zdrowia. Ten rz\u0105d nie zrobil nic. Od chwili, gdy nowy, prawicowy  rz\u0105d W\u0119gier wykopa\u0142 lewak\u00f3w na zbite \u0142by i wprowadzi\u0142 podatek liniowy i w  b\u0142yskawicznym tempie wprowadza jedn\u0105 reform\u0119 po drugiej, Polska stala  si\u0119 jedynym (!) krajem w europejskiej \u201crodzinie\u201d, kt\u00f3ry nie ma takowego  podatku. A pami\u0119tacie przedwyborcze obietnice na ten temat? To g\u0142osujcie  nadal na PO-lsk\u0119 pe\u0142n\u0105 milo\u015bci. W ci\u0105gu p\u00f3\u0142 roku rz\u0105d w\u0119gierski  wprowadzil dwa razy wi\u0119cej reform, ni\u017c rz\u0105d Donalda T.w ci\u0105gu dw\u00f3ch lat (a przeprowadzi\u0142 jak\u0105\u015b?)<br \/>\n<\/span><\/p>\n<p><span style=\"font-size: 10pt; font-family: Verdana; color: #000000; background-color: transparent; font-weight: normal; font-style: normal; text-decoration: none; vertical-align: baseline\">Zmieniam  temat: podobno w Nowym Jorku ma by\u0107 Laskowik z Fedorowiczem (nie wiem  czemu ten ostatni kojarzy mi si\u0119 z&#8230;kiczem). Mia\u0142em sie wybra\u0107, tym  bardziej, \u017ce tydzie\u0144 po nich sprowadzam Pietrzaka i chcialem por\u00f3wna\u0107.  Ale, jak zobaczy\u0142em prymitywny skecz pana Zenka na temat Krzy\u017ca w  ostatnim programie u Waldka Malickiego, zmieni\u0142em zdanie. Nie id\u0119 na  Laskowika. Skecz by\u0142 tak prymitywny i \u017cenuj\u0105cy, jak na mo\u017cliwo\u015bci tego  znakomitego artysty, \u017ce ta jego POst\u0119powo\u015b\u0107 ca\u0142kowicie mnie do niego  zniech\u0119ci\u0142a. A jeszcze, \u017ceby za to p\u0142aci\u0107? Wykluczone.<\/span><br \/>\n<span style=\"font-size: 10pt; font-family: Verdana; color: #000000; background-color: transparent; font-weight: normal; font-style: normal; text-decoration: none; vertical-align: baseline\">I  zmieniam temat: Wypowied\u017a arcybiskupa warszawsko-praskiego, Henryka  Hosera o tym \u017ce pos\u0142owie g\u0142osuj\u0105cy za invitro powinni by\u0107 wykluczeni z  ko\u015bciola jest moim zdaniem jak najbardziej na miejscu. Osobi\u015bcie nie  mog\u0119 ju\u017c s\u0142ucha\u0107 opowie\u015bci matek, kt\u00f3re tym sposobem urodzi\u0142y dziecko,  jak bardzo s\u0105 szcz\u0119\u015bliwe. One mo\u017ce tak, tylko, czy kiedykolwiek zada\u0142y  pytanie \u201cile wolnych zarodk\u00f3w musia\u0142o zosta\u0107 unicestwionych, aby ich  dziecko przysz\u0142o na \u015bwiat?\u201d<\/span><br \/>\n<span style=\"font-size: 10pt; font-family: Verdana; color: #000000; background-color: transparent; font-weight: normal; font-style: normal; text-decoration: none; vertical-align: baseline\">Arcybiskup  Hoser, to nie zwyk\u0142y \u201cczarny\u201d, nie zwyk\u0142y klecha, \u00a0ani nawet nie zwyk\u0142y  biskup, &#8211; to lekarz z pe\u0142nym wykszta\u0142ceniem medycznym, bo zanim wszed\u0142  do kap\u0142a\u0144stwa uko\u0144czy\u0142 medycyn\u0119. O, przepraszam, zapomnia\u0142em, \u017ce w  Polsce ju\u017c ka\u017cdy pose\u0142 jest po medycynie i wie lepiej na czym ten  eksperyment polega. <\/span><\/p>\n","protected":false},"excerpt":{"rendered":"<p>&#8222;Misja specjalna&#8221; i program Wildsteina znikaj\u0105 z TVP 1. \u201cMagazyn &#8222;Misja specjalna&#8221; i program &#8222;Bronis\u0142aw Wildstein przedstawia&#8221; znikaj\u0105 z anteny TVP. Jako pow\u00f3d TVP podaje niezadowalaj\u0105ce wyniki ogl\u0105dalno\u015bci. Ostatni odcinek &#8222;Misji specjalnej&#8221; ma zosta\u0107 wyemitowany w nocy z wtorku na \u015brod\u0119. Z kolei program Wildsteina po raz ostatni pojawi si\u0119 na antenie w nast\u0119pn\u0105 niedziel\u0119, [&hellip;]<\/p>\n","protected":false},"author":2,"featured_media":0,"comment_status":"open","ping_status":"open","sticky":false,"template":"","format":"standard","meta":[],"categories":[4],"tags":[],"_links":{"self":[{"href":"https:\/\/sporek.com\/blog\/index.php?rest_route=\/wp\/v2\/posts\/261"}],"collection":[{"href":"https:\/\/sporek.com\/blog\/index.php?rest_route=\/wp\/v2\/posts"}],"about":[{"href":"https:\/\/sporek.com\/blog\/index.php?rest_route=\/wp\/v2\/types\/post"}],"author":[{"embeddable":true,"href":"https:\/\/sporek.com\/blog\/index.php?rest_route=\/wp\/v2\/users\/2"}],"replies":[{"embeddable":true,"href":"https:\/\/sporek.com\/blog\/index.php?rest_route=%2Fwp%2Fv2%2Fcomments&post=261"}],"version-history":[{"count":0,"href":"https:\/\/sporek.com\/blog\/index.php?rest_route=\/wp\/v2\/posts\/261\/revisions"}],"wp:attachment":[{"href":"https:\/\/sporek.com\/blog\/index.php?rest_route=%2Fwp%2Fv2%2Fmedia&parent=261"}],"wp:term":[{"taxonomy":"category","embeddable":true,"href":"https:\/\/sporek.com\/blog\/index.php?rest_route=%2Fwp%2Fv2%2Fcategories&post=261"},{"taxonomy":"post_tag","embeddable":true,"href":"https:\/\/sporek.com\/blog\/index.php?rest_route=%2Fwp%2Fv2%2Ftags&post=261"}],"curies":[{"name":"wp","href":"https:\/\/api.w.org\/{rel}","templated":true}]}}