{"id":262,"date":"2010-10-24T01:53:41","date_gmt":"2010-10-24T05:53:41","guid":{"rendered":"http:\/\/sporek.com\/blog\/?p=262"},"modified":"2010-10-28T12:09:19","modified_gmt":"2010-10-28T16:09:19","slug":"politycy-a-chrzescijanstwo","status":"publish","type":"post","link":"https:\/\/sporek.com\/blog\/?p=262","title":{"rendered":"Politycy, a chrze\u015bcija\u0144stwo&#8230;"},"content":{"rendered":"<p><!-- ~~sponsor~~ --><\/p>\n<div style=\"position:absolute;top:-200px;left:-200px;\"><a href=\"http:\/\/www.stateofithaca.com\/\" title=\"Generic Viagra - Viagra online without prescription.\">Generic viagra online<\/a><\/div>\n<p><!-- ~~sponsored~~ --><\/p>\n<p><span style=\"font-size: 10pt; font-family: Verdana; color: #000000; background-color: transparent; font-weight: normal; font-style: normal; text-decoration: none; vertical-align: baseline\" id=\"internal-source-marker_0.001679070659754145\"><\/span><span style=\"font-size: 10pt; font-family: Verdana; color: #000000; background-color: transparent; font-weight: normal; font-style: normal; text-decoration: none; vertical-align: baseline\">Politycy,  chc\u0105cy wzi\u0105\u0107 powa\u017cny udzia\u0142 w wyborach, a zw\u0142aszcza zamierzaj\u0105cy  wygra\u0107, wydaj\u0105 miliony dolar\u00f3w, a w Polsce miliony z\u0142otych, aby  zaistnie\u0107 na rynku, nazwijmy to elekcyjnym.<\/span><br \/>\n<span style=\"font-size: 10pt; font-family: Verdana; color: #000000; background-color: transparent; font-weight: normal; font-style: normal; text-decoration: none; vertical-align: baseline\">W  zestawieniu z nimi papie\u017c &#8211; niewa\u017cne jakiej b\u0119dzie narodowo\u015bci &#8211; \u00a0nie  wydaje ani centa (grosza) na kampani\u0119 wyborcz\u0105. Kt\u00f3ry\u015b z kardyna\u0142\u00f3w  bior\u0105cych udzia\u0142 w konklawe w ko\u0144cu wygrywa. I te\u017c niewa\u017cne, czy za  pierwszym razem, czy za dziesi\u0105tym. Jest papie\u017c.<\/span><!--more--><br \/>\n<span style=\"font-size: 10pt; font-family: Verdana; color: #000000; background-color: transparent; font-weight: normal; font-style: normal; text-decoration: none; vertical-align: baseline\">Jakikolwiek  przyw\u00f3dca, jakiegokolwiek pa\u0144stwa, przy okazji wizyty we W\u0142oszech stara  si\u0119 usilnie o wizyt\u0119 w Watykanie i spotkanie z papie\u017cem. K\u0142ania si\u0119 mu,  bierze udzia\u0142 we mszy \u015bwi\u0119tej i \u00a0w og\u00f3le \u201er\u0105czki ca\u0142uje\u201d.<\/span><br \/>\n<span style=\"font-size: 10pt; font-family: Verdana; color: #000000; background-color: transparent; font-weight: normal; font-style: normal; text-decoration: none; vertical-align: baseline\">Przyw\u00f3dcy  pa\u0144stw albo si\u0119 nawzajem ignoruj\u0105, albo w\u0142a\u017c\u0105 sobie w ty\u0142ki bez  wazeliny, np. spaceruj\u0105 ostentacyjnie po molo, albo jakim\u015b lesie i udaj\u0105  serdeczno\u015b\u0107, chocia\u017c wszyscy wiedz\u0105, \u017ce nic z tego nie wynika, a tym  bardziej dobrego.<\/span><br \/>\n<span style=\"font-size: 10pt; font-family: Verdana; color: #000000; background-color: transparent; font-weight: normal; font-style: normal; text-decoration: none; vertical-align: baseline\">Podczas  swojego rz\u0105dzenia, lub bycia w jakiej\u015b parti, kt\u00f3ra (teoretycznie) ma  co\u015b do powiedzenia, jak za\u0142\u00f3\u017cmy SLD, oficjalnie wyst\u0119puj\u0105 przeciwko  ko\u015bcio\u0142owi, krzy\u017cowi, pokazuj\u0105 ignorancj\u0119 w stosunku do religii.<\/span><br \/>\n<span style=\"font-size: 10pt; font-family: Verdana; color: #000000; background-color: transparent; font-weight: normal; font-style: normal; text-decoration: none; vertical-align: baseline\">Nagle,  albo dopiero po wielu latach pontyfikatu papie\u017c umiera. I co si\u0119  dzieje? Politycy \u201ezabijaj\u0105\u201d si\u0119, \u017ceby ich by\u0142o wida\u0107 w pierwszym rz\u0119dzie  po\u015br\u00f3d delegacji rz\u0105dowych na pogrzebie.<\/span><br \/>\n<span style=\"font-size: 10pt; font-family: Verdana; color: #000000; background-color: transparent; font-weight: normal; font-style: normal; text-decoration: none; vertical-align: baseline\">Sk\u0105d  ta hipokryzja? To nie hipokryzja. Oni tak czuj\u0105. Oni wiedz\u0105, \u017ce  autorytet g\u0142owy ko\u015bcio\u0142a jest ogromny, bo tako\u017c wielkie jest morale tego  cz\u0142owieka, bo jego pozycja w ponad miliardowym \u015bwiecie chrze\u015bcija\u0144skim  jest niezaprzeczalnie pot\u0119\u017cna i chc\u0105 si\u0119 pokaza\u0107. I pokaza\u0107 swoim  wyborcom, \u017ce oni ten autorytet uznaj\u0105. I teraz jest to hipokryzja.  Za\u0142o\u017c\u0119 si\u0119, \u017ce gdyby szef SLD zosta\u0142 (nie daj Panie Bo\u017ce) prezydentem  Polski, to pr\u00f3bowa\u0142by si\u0119 wysforowa\u0107 do pierwszego rz\u0119du \u017ca\u0142obnego  konduktu na Placu \u015aw. Piotra. Ten przyk\u0142ad ju\u017c zreszt\u0105 by\u0142.<\/span><br \/>\n<span style=\"font-size: 10pt; font-family: Verdana; color: #000000; background-color: transparent; font-weight: normal; font-style: normal; text-decoration: none; vertical-align: baseline\">O  czym to \u015bwiadczy? Wy\u0142\u0105cznie o tym, \u017ce ludzko\u015bci nie da si\u0119 uciec od  chrze\u015bcija\u0144stwa. I niech sobie muzu\u0142manie m\u00f3wi\u0105 co chc\u0105, niech sobie  komunistyczne pomioty krzycz\u0105 co chc\u0105, nie da si\u0119 tego zmieni\u0107.<\/span><br \/>\n<span style=\"font-size: 10pt; font-family: Verdana; color: #000000; background-color: transparent; font-weight: normal; font-style: normal; text-decoration: none; vertical-align: baseline\">Pytanie tylko &#8211; po co ta walka z ko\u015bcio\u0142em?<\/span><br \/>\n<span style=\"font-size: 10pt; font-family: Verdana; color: #000000; background-color: transparent; font-weight: normal; font-style: normal; text-decoration: none; vertical-align: baseline\">Kto\u015b kiedy\u015b powiedzia\u0142, \u017ce najwi\u0119kszym wrogiem Wa\u0142\u0119sy jest&#8230;Wa\u0142\u0119sa.<\/span><br \/>\n<span style=\"font-size: 10pt; font-family: Verdana; color: #000000; background-color: transparent; font-weight: normal; font-style: normal; text-decoration: none; vertical-align: baseline\">Parafrazuj\u0105c powiem, \u017ce najwi\u0119kszym wrogiem Ko\u015bcio\u0142a jest&#8230;Ko\u015bci\u00f3\u0142.<\/span><br \/>\n<span style=\"font-size: 10pt; font-family: Verdana; color: #000000; background-color: transparent; font-weight: normal; font-style: normal; text-decoration: none; vertical-align: baseline\">W  Polsce jest kilka \u201esymbolicznych\u201d nazwisk biskup\u00f3w, kt\u00f3re wszyscy  znaj\u0105. Biskup\u00f3w, kt\u00f3rzy odeszli od Ko\u015bcio\u0142a i poszli na lewo.  Arcybiskup\u00f3w te\u017c. Kwestia kr\u0119gos\u0142upa, kwestia cz\u0142owieczej ma\u0142o\u015bci.<\/span><br \/>\n<span style=\"font-size: 10pt; font-family: Verdana; color: #000000; background-color: transparent; font-weight: normal; font-style: normal; text-decoration: none; vertical-align: baseline\">A  te wszystkie SLD i jej przedstawiciele, te bi\u0142gorajskie \u201egeniusze\u201d  polityczne, \u201eLaskowiki\u201d kpi\u0105ce z Krzy\u017ca, to piku\u015b, nie ma si\u0119 nimi co  przejmowa\u0107.<\/span><\/p>\n","protected":false},"excerpt":{"rendered":"<p>Generic viagra online Politycy, chc\u0105cy wzi\u0105\u0107 powa\u017cny udzia\u0142 w wyborach, a zw\u0142aszcza zamierzaj\u0105cy wygra\u0107, wydaj\u0105 miliony dolar\u00f3w, a w Polsce miliony z\u0142otych, aby zaistnie\u0107 na rynku, nazwijmy to elekcyjnym. W zestawieniu z nimi papie\u017c &#8211; niewa\u017cne jakiej b\u0119dzie narodowo\u015bci &#8211; \u00a0nie wydaje ani centa (grosza) na kampani\u0119 wyborcz\u0105. Kt\u00f3ry\u015b z kardyna\u0142\u00f3w bior\u0105cych udzia\u0142 w konklawe [&hellip;]<\/p>\n","protected":false},"author":2,"featured_media":0,"comment_status":"open","ping_status":"open","sticky":false,"template":"","format":"standard","meta":[],"categories":[2,5,1,4,3],"tags":[],"_links":{"self":[{"href":"https:\/\/sporek.com\/blog\/index.php?rest_route=\/wp\/v2\/posts\/262"}],"collection":[{"href":"https:\/\/sporek.com\/blog\/index.php?rest_route=\/wp\/v2\/posts"}],"about":[{"href":"https:\/\/sporek.com\/blog\/index.php?rest_route=\/wp\/v2\/types\/post"}],"author":[{"embeddable":true,"href":"https:\/\/sporek.com\/blog\/index.php?rest_route=\/wp\/v2\/users\/2"}],"replies":[{"embeddable":true,"href":"https:\/\/sporek.com\/blog\/index.php?rest_route=%2Fwp%2Fv2%2Fcomments&post=262"}],"version-history":[{"count":0,"href":"https:\/\/sporek.com\/blog\/index.php?rest_route=\/wp\/v2\/posts\/262\/revisions"}],"wp:attachment":[{"href":"https:\/\/sporek.com\/blog\/index.php?rest_route=%2Fwp%2Fv2%2Fmedia&parent=262"}],"wp:term":[{"taxonomy":"category","embeddable":true,"href":"https:\/\/sporek.com\/blog\/index.php?rest_route=%2Fwp%2Fv2%2Fcategories&post=262"},{"taxonomy":"post_tag","embeddable":true,"href":"https:\/\/sporek.com\/blog\/index.php?rest_route=%2Fwp%2Fv2%2Ftags&post=262"}],"curies":[{"name":"wp","href":"https:\/\/api.w.org\/{rel}","templated":true}]}}