{"id":264,"date":"2010-11-06T23:29:34","date_gmt":"2010-11-07T03:29:34","guid":{"rendered":"http:\/\/sporek.com\/blog\/?p=264"},"modified":"2010-11-06T23:33:10","modified_gmt":"2010-11-07T03:33:10","slug":"order-orlaczarnego","status":"publish","type":"post","link":"https:\/\/sporek.com\/blog\/?p=264","title":{"rendered":"Order Or\u0142a&#8230;Czarnego"},"content":{"rendered":"<p><span style=\"font-size: 10pt; font-family: Verdana; color: #000000; background-color: transparent; font-weight: normal; font-style: normal; text-decoration: none; vertical-align: baseline\" id=\"internal-source-marker_0.10611732366360949\"><\/span><span style=\"font-size: 10pt; font-family: Verdana; color: #000000; background-color: transparent; font-weight: normal; font-style: normal; text-decoration: none; vertical-align: baseline\">Ojciec &#8211;  cz\u0142onek Komitetu Centralnego Komunistycznej Partii Ukrainy i gor\u0105cy  zwolennik przy\u0142\u0105czenia Polski do republik radzieckich. Stary,  wypr\u00f3bowany agent Moskwy w Polsce. Wraz z Brystygierow\u0105, Bermanem,  Chajnem, Groszem, Kasmanem i innymi katami polskiego narodu wchodzi\u0142 w  sk\u0142ad wydzielonej kom\u00f3rki bezpo\u015brednio podleg\u0142ej Moskwie.<\/span><!--more--><br \/>\n<span style=\"font-size: 10pt; font-family: Verdana; color: #000000; background-color: transparent; font-weight: normal; font-style: normal; text-decoration: none; vertical-align: baseline\">Brat,  kapitan &#8211; s\u0119dzia, specjalista od wyrywania paznokci, bicia do  nieprzytomno\u015bci i najwymy\u015blniejszych tortur w ramach tzw. \u201cczynno\u015bci  \u015bledczych\u201d. Adam Strzembosz, Prezes S\u0105du Najwy\u017cszego pisa\u0142 na \u0142amach <\/span><span style=\"font-size: 10pt; font-family: Verdana; color: #000000; background-color: transparent; font-weight: normal; font-style: italic; text-decoration: none; vertical-align: baseline\">Rzeczpospolitej 18 marca, 1996<\/span><span style=\"font-size: 10pt; font-family: Verdana; color: #000000; background-color: transparent; font-weight: normal; font-style: normal; text-decoration: none; vertical-align: baseline\">  r. o kapitanie Michniku, jako cz\u0142onku jednej z dw\u00f3ch grup s\u0119dzi\u00f3w,  kt\u00f3rzy orzekali wyroki \u015bmierci w sprawach, w kt\u00f3rych dosz\u0142o p\u00f3\u017aniej do  ca\u0142kowitej, po\u015bmiertnej rehabilitacji skazanych. Orzeka\u0142 w  najg\u0142o\u015bniejszym politycznym procesie, jakim by\u0142 proces genera\u0142a Tatara.  Orzeka\u0142 tak, jak tego od niego oczekiwano: bezwzgl\u0119dnie, nieuczciwie i  wydawa\u0142 niezwykle surowe wyroki \u0142\u0105cznie z kar\u0105 \u015bmierci.<\/span><br \/>\n<span style=\"font-size: 10pt; font-family: Verdana; color: #000000; background-color: transparent; font-weight: normal; font-style: normal; text-decoration: none; vertical-align: baseline\">Jeszcze  jako podporucznik by\u0142 s\u0119dzi\u0105 wydaj\u0105cym wyroki \u015bmierci w sfabrykowanych  procesach major\u00f3w: Zefiryna Machalli, Jerzego Lewandowskiego, Zenona  Tarasiewicza, pu\u0142kownik\u00f3w: Maksymiliana Chojeckiego, Stanis\u0142awa  Weckiego, Romualda Sidorskiego, Aleksandra Kowalskiego (<\/span><span style=\"font-size: 10pt; font-family: Verdana; color: #000000; background-color: transparent; font-weight: normal; font-style: italic; text-decoration: none; vertical-align: baseline\">Mieczys\u0142aw  Szerer: \u201cDokumenty. Komisja do badania odpowiedzialno\u015bci za \u0142amanie  praworz\u0105dno\u015bci &#8211; 10 czerwca, 1979, Nr. 49, strony 156-157)<\/span><br \/>\n<span style=\"font-size: 10pt; font-family: Verdana; color: #000000; background-color: transparent; font-weight: normal; font-style: normal; text-decoration: none; vertical-align: baseline\">Mjr.  Machalla zosta\u0142 stracony z wyroku Stefana Michnika 10 stycznia, 1952  roku. Mia\u0142 37 lat. Cztery lata p\u00f3\u017aniej &#8211; 4 maja, 1956 roku zosta\u0142  po\u015bmiertnie zrehabilitowany. Inni mieli troch\u0119 wi\u0119cej szcz\u0119\u015bcia, albo  zdo\u0142ali uciec za granic\u0119, albo, jak Chojecki &#8211; musia\u0142 prze\u017cy\u0107, bo mia\u0142  by\u0107 wykorzystany w innym procesie, jako \u015bwiadek.<\/span><br \/>\n<span style=\"font-size: 10pt; font-family: Verdana; color: #000000; background-color: transparent; font-weight: normal; font-style: normal; text-decoration: none; vertical-align: baseline\">Michnik  podpisywa\u0142 wyroki i osobi\u015bcie czuwa\u0142, aby by\u0142y wykonane: na majora  Karola S\u0119ka, przedwojennego oficera artylerzysty, a potem oficera  Narodowych Si\u0142 Zbrojnych. Wyroki Michnika godzi\u0142y w najlepszych polskich  patriot\u00f3w, jak np. wyrok \u015bmierci na powsta\u0144ca warszawskiego, Andrzeja  Czaykowskiego, tzw. \u201ccichociemnym\u201d, zast\u0119pcy dow\u00f3dcy po\u0142\u0105czonych baon\u00f3w  \u201cOaza-Ry\u015b, na Mokotowie i Czerniakowie, odznaczony Virtuti Militari za  bohaterstwo w walce z Niemcami . Zamordowano go pod nadzorem Stefana  Michnika 10 pa\u017adziernika, 1953 r. na Mokotowie, o kt\u00f3ry walczy\u0142 z  hitlerowcami (zob. P. Jakucki \u201cZamordowany za apatriotyzm\u201d &#8211; <\/span><span style=\"font-size: 10pt; font-family: Verdana; color: #000000; background-color: transparent; font-weight: normal; font-style: italic; text-decoration: none; vertical-align: baseline\">Gazeta Polska, 20 pa\u017adziernika, 1994).<\/span><br \/>\n<span style=\"font-size: 10pt; font-family: Verdana; color: #000000; background-color: transparent; font-weight: normal; font-style: normal; text-decoration: none; vertical-align: baseline\">Mamusia,  zaanga\u017cowana komunistka sprzed II wojny, autorka podr\u0119cznika szkolnego  do&#8230;historii, palonego publicznie przez m\u0142odzie\u017c w 1956 roku. Po wojnie  ws\u0142awi\u0142a si\u0119 g\u0142\u00f3wnie dogmatycznymi podr\u0119cznikami zalecaj\u0105cymi m. inn,  jak najskuteczniej walczy\u0107 z religi\u0105 katolick\u0105.<\/span> (\u0179rod\u0142o: &#8222;Kalendarz Polonijny 2010, str. 145 &#8211; 156)<\/p>\n<p><span style=\"font-size: 10pt; font-family: Verdana; color: #000000; background-color: transparent; font-weight: normal; font-style: normal; text-decoration: none; vertical-align: baseline\">Adam  Michnik tymczasem dosta\u0142 pe\u0142ny wgl\u0105d w archiwa pa\u0144stwowe, ustawi\u0142 si\u0119 w  \u201cjedynie s\u0142usznej\u201d gazecie wybi\u00f3rczej, a 10 listopada otrzyma najwy\u017csze  odznaczenie pa\u0144stwa polskiego.<\/span><br \/>\n<span style=\"font-size: 10pt; font-family: Verdana; color: #000000; background-color: transparent; font-weight: normal; font-style: normal; text-decoration: none; vertical-align: baseline\">\u201cGajowy\u201d,  kt\u00f3ry b\u0119dzie mu to zawiesza\u0142 na karku powinien za sam\u0105 ju\u017c nominacj\u0119  by\u0107 postawiony przed Trybuna\u0142 Stanu, a za fakt, \u017ce uczyni to w si\u00f3dm\u0105  miesi\u0119cznic\u0119 \u015bmierci swojego wielkiego Poprzednika powinien by\u0107  natychmiast pozbawiony urz\u0119du prezydenta kraju, kt\u00f3ry jeszcze niedawno  \u201cstreszcza\u0142\u201d si\u0119 trzema s\u0142owami: B\u00d3G, HONOR, OJCZYZNA.<\/span><br \/>\n<span style=\"font-size: 10pt; font-family: Verdana; color: #000000; background-color: transparent; font-weight: normal; font-style: normal; text-decoration: none; vertical-align: baseline\">Z  Kapitu\u0142y Orderu Or\u0142a Bia\u0142ego odchodz\u0105: prof. Bogus\u0142aw Nizie\u0144ski,  Andrzej Gwiazda i najprawdopodobniej Jan Olszewski. Osobi\u015bci oczekuj\u0119,  \u017ce sw\u00f3j protest wniesie r\u00f3wnie\u017c prof. Ekier, bo jego zas\u0142ugi dla  polskiej kultury nie dadz\u0105 si\u0119 por\u00f3wna\u0107 z osi\u0105gnieciami \u017cadnego z trzech  kandydat\u00f3w: Michnika, Halla i Bieleckiego. Osi\u0105gni\u0119cia tej \u201cwyr\u00f3\u017cnionej  tr\u00f3jki mieszcz\u0105 si\u0119 w jednym zdaniu:<\/span><br \/>\n<span style=\"font-size: 10pt; font-family: Verdana; color: #000000; background-color: transparent; font-weight: normal; font-style: normal; text-decoration: none; vertical-align: baseline\">Laureat  Adam Michnik zas\u0142yn\u0105\u0142 z powiedzenia &#8222;odpieprz si\u0119 pan od genera\u0142a&#8221;  (tw\u00f3rcy stanu wojennego,Wojciecha Jaruzelskiego) &#8211; i z tego, \u017ce nagra\u0142  Lwa Rywina, a tak\u017ce ze zdj\u0119\u0107, jak pije w\u00f3dk\u0119 z Kiszczakiem i Urbanem.<\/span><br \/>\n<span style=\"font-size: 10pt; font-family: Verdana; color: #000000; background-color: transparent; font-weight: normal; font-style: normal; text-decoration: none; vertical-align: baseline\"><\/span><span style=\"font-size: 10pt; font-family: Verdana; color: #000000; background-color: transparent; font-weight: normal; font-style: normal; text-decoration: none; vertical-align: baseline\">Laureat  Jan Krzysztof Bielecki zas\u0142yn\u0105\u0142 z afery ze 120-metrowym apartamentem w  centrum Warszawy, kt\u00f3ry odkupi\u0142 za bezcen od Agencji Mienia Wojskowego.<\/span><br \/>\n<span style=\"font-size: 10pt; font-family: Verdana; color: #000000; background-color: transparent; font-weight: normal; font-style: normal; text-decoration: none; vertical-align: baseline\"><\/span><span style=\"font-size: 10pt; font-family: Verdana; color: #000000; background-color: transparent; font-weight: normal; font-style: normal; text-decoration: none; vertical-align: baseline\">Laureat  Aleksander Hall, minister bez teki ds. wsp\u00f3\u0142pracy z organizacjami  politycznymi i stowarzyszeniami w rz\u0105dzie Tadeusza Mazowieckiego, by\u0142  wiceprzewodnicz\u0105cym Unii Demokratycznej. Ostatnio utrzymuje si\u0119 m.in. z  publikacji zamieszczanych w &#8222;GW&#8221;.<\/span><br \/>\n<span style=\"font-size: 10pt; font-family: Verdana; color: #000000; background-color: transparent; font-weight: normal; font-style: normal; text-decoration: none; vertical-align: baseline\">Kto nast\u0119pny? Tusk, Schetyna? A mo\u017ce Zdzicho, Rycho&#8230;?<\/span><\/p>\n","protected":false},"excerpt":{"rendered":"<p>Ojciec &#8211; cz\u0142onek Komitetu Centralnego Komunistycznej Partii Ukrainy i gor\u0105cy zwolennik przy\u0142\u0105czenia Polski do republik radzieckich. Stary, wypr\u00f3bowany agent Moskwy w Polsce. Wraz z Brystygierow\u0105, Bermanem, Chajnem, Groszem, Kasmanem i innymi katami polskiego narodu wchodzi\u0142 w sk\u0142ad wydzielonej kom\u00f3rki bezpo\u015brednio podleg\u0142ej Moskwie.<\/p>\n","protected":false},"author":2,"featured_media":0,"comment_status":"open","ping_status":"open","sticky":false,"template":"","format":"standard","meta":[],"categories":[4],"tags":[],"_links":{"self":[{"href":"https:\/\/sporek.com\/blog\/index.php?rest_route=\/wp\/v2\/posts\/264"}],"collection":[{"href":"https:\/\/sporek.com\/blog\/index.php?rest_route=\/wp\/v2\/posts"}],"about":[{"href":"https:\/\/sporek.com\/blog\/index.php?rest_route=\/wp\/v2\/types\/post"}],"author":[{"embeddable":true,"href":"https:\/\/sporek.com\/blog\/index.php?rest_route=\/wp\/v2\/users\/2"}],"replies":[{"embeddable":true,"href":"https:\/\/sporek.com\/blog\/index.php?rest_route=%2Fwp%2Fv2%2Fcomments&post=264"}],"version-history":[{"count":0,"href":"https:\/\/sporek.com\/blog\/index.php?rest_route=\/wp\/v2\/posts\/264\/revisions"}],"wp:attachment":[{"href":"https:\/\/sporek.com\/blog\/index.php?rest_route=%2Fwp%2Fv2%2Fmedia&parent=264"}],"wp:term":[{"taxonomy":"category","embeddable":true,"href":"https:\/\/sporek.com\/blog\/index.php?rest_route=%2Fwp%2Fv2%2Fcategories&post=264"},{"taxonomy":"post_tag","embeddable":true,"href":"https:\/\/sporek.com\/blog\/index.php?rest_route=%2Fwp%2Fv2%2Ftags&post=264"}],"curies":[{"name":"wp","href":"https:\/\/api.w.org\/{rel}","templated":true}]}}