{"id":265,"date":"2010-11-13T03:29:33","date_gmt":"2010-11-13T07:29:33","guid":{"rendered":"http:\/\/sporek.com\/blog\/?p=265"},"modified":"2010-11-14T23:29:00","modified_gmt":"2010-11-15T03:29:00","slug":"znowu-centrum","status":"publish","type":"post","link":"https:\/\/sporek.com\/blog\/?p=265","title":{"rendered":"Znowu Centrum&#8230;?"},"content":{"rendered":"<p><span style=\"font-size: 10pt; font-family: Verdana; color: #000000; background-color: transparent; font-weight: normal; font-style: normal; text-decoration: none; vertical-align: baseline\" id=\"internal-source-marker_0.1417634523086707\"><\/span><span style=\"font-size: 10pt; font-family: Verdana; color: #000000; background-color: transparent; font-weight: normal; font-style: normal; text-decoration: none; vertical-align: baseline\">Przede  wszystkim mam gor\u0105cy apel do w\u0142adz Centrum Polsko-S\u0142owia\u0144skiego, a  w\u0142a\u015bciwie dwa apele i my\u015bl\u0119, \u017ce po dziesi\u0105tkach telefon\u00f3w apeluj\u0119 w  imieniu bardzo wielu Cz\u0142onk\u00f3w CPS.<\/span><br \/>\n<span style=\"font-size: 10pt; font-family: Verdana; color: #000000; background-color: transparent; font-weight: normal; font-style: normal; text-decoration: none; vertical-align: baseline\">Apele brzmi\u0105:<\/span><br \/>\n<span style=\"font-size: 10pt; font-family: Verdana; color: #000000; background-color: transparent; font-weight: normal; font-style: normal; text-decoration: none; vertical-align: baseline\">1. Uniewa\u017cni\u0107 wybory!!!<\/span><br \/>\n<span style=\"font-size: 10pt; font-family: Verdana; color: #000000; background-color: transparent; font-weight: normal; font-style: normal; text-decoration: none; vertical-align: baseline\">2. Zmieni\u0107 termin zebrania na jak\u0105\u015b sobot\u0119, lub niedziel\u0119.<\/span><!--more--><br \/>\n<span style=\"font-size: 10pt; font-family: Verdana; color: #000000; background-color: transparent; font-weight: normal; font-style: normal; text-decoration: none; vertical-align: baseline\">Dlaczego?  Z bardzo prostej przyczyny: ogromna liczba Cz\u0142onk\u00f3w nie otrzyma\u0142a kart  g\u0142osowania w terminie pozwalaj\u0105cym zastanowi\u0107 si\u0119 nad kandydatami (do  rady dyrektor\u00f3w i komisji rewizyjnej), jak te\u017c nad \u201cpoprawkami\u201d do  \u201cRegulaminu\u201d (dlaczego nie do \u201cStatutu\u201d?).<\/span><br \/>\n<span style=\"font-size: 10pt; font-family: Verdana; color: #000000; background-color: transparent; font-weight: normal; font-style: normal; text-decoration: none; vertical-align: baseline\">Czy  oko\u0142owyborcze \u201csensacje\u201d s\u0105 wynikiem zaniedbania i niemrawo\u015bci, czy te\u017c  lekcewa\u017cenia Cz\u0142onk\u00f3w przez obecn\u0105 Rad\u0119 Dyrektor\u00f3w &#8211; trudno powiedzie\u0107.  Nie mam na ten temat informacji. Dzwoni\u0142em, ale nikt nie podnosi\u0142  telefonu. Trudno siedzie\u0107 przez ca\u0142y dzie\u0144 i wystukiwa\u0107 numer. <\/span><br \/>\n<span style=\"font-size: 10pt; font-family: Verdana; color: #000000; background-color: transparent; font-weight: normal; font-style: normal; text-decoration: none; vertical-align: baseline\">Dzi\u015b,  12-ego listopada zadzwoni\u0142o do mnie dok\u0142adnie 21 os\u00f3b, kt\u00f3re pyta\u0142y  wr\u0119cz i wprost o poszczeg\u00f3lne kandydatury, bo nie znaj\u0105 tych ludzi, a  \u017cyciorysy, przykro to stwierdzi\u0107, s\u0105 conajmniej enigmatyczne. Pomijam  dziesi\u0105tki b\u0142\u0119d\u00f3w, tzw. \u201cliter\u00f3wek\u201d, jakby by\u0142y pisane w ogromnym  po\u015bpiechu. Nie \u015bwiadczy to dobrze ani o kandydatach, ani o \u201credaktorach\u201d  tych ulotek. Conajmniej po\u0142owa z tych dzwoni\u0105cych nie dostrzeg\u0142a, \u017ce  \u201cbaloty\u201d maj\u0105 by\u0107 wys\u0142ane do&#8230;12 bm. A w\u0142a\u015bnie wczoraj by\u0142o 12-go.  (pisanie przeci\u0105gn\u0119\u0142o mi si\u0119 do p\u00f3\u017anej nocki &#8211; mialem jeszcze&#8230;kup\u0119 do  zrobienia&#8230;z koncertami Pietrzaka). Pyta\u0142em po dwa razy, dla pewno\u015bci:  kiedy pan, pani otrzymali\u015bcie t\u0119 korespondencj\u0119? I o\u015bmioro przyzna\u0142o, \u017ce  w\u0142a\u015bnie dzisiaj, reszta, \u017ce 9-ego. Wi\u0119c dlaczego? Dlaczego tak wielka  grupa Cz\u0142onk\u00f3w nie otrzyma\u0142a kart wystarczaj\u0105co wcze\u015bnie? Ja sam  otrzyma\u0142em t\u0119 poczt\u0119 w \u015brod\u0119, 10-ego, tu\u017c przed dniem wolnym (Veteran\u2019s  Day), w kt\u00f3rym poczta i tak nie pracowa\u0142a. Zrezygnowa\u0142em z wysy\u0142ania  karty do g\u0142osowania, bo uzna\u0142em, \u017ce kto\u015b sobie ze mnie zakpi\u0142. Z  \u201cPoprawkami\u201d zaznajomi\u0142em si\u0119 do\u015b\u0107 szczeg\u00f3\u0142owo i \u017cadnej z nich nie  jestem w stanie zaakceptowa\u0107. Tak, jak nie akceptuj\u0119 prywaty i  nieudolno\u015bci w Polskiej Fundacji Kulturalnej w Clark, tak nie akceptuj\u0119  zmian proponowanych w \u201cRegulaminie\u201d (jeszcze raz zapytam, czemu nie w  \u201cStatucie\u201d?) Centrum Polsko-S\u0142owia\u0144skiego, bo, niestety prowadz\u0105 do  jednow\u0142adztwa, a to jest bardzo niebezpieczne w odniesieniu do  instytucji, kt\u00f3ra obraca p\u00f3\u0142 milionem dolar\u00f3w spo\u0142ecznych pi\u0119ni\u0119dzy. <\/span><br \/>\n<span style=\"font-size: 10pt; font-family: Verdana; color: #000000; background-color: transparent; font-weight: normal; font-style: normal; text-decoration: none; vertical-align: baseline\">Dlaczego  apeluj\u0119 o zmian\u0119 terminu zebrania? Bo jak dzi\u015b pami\u0119tam taki sam apel  jednego z Cz\u0142onkow, poparty przez wielu, na ostatnim zebraniu CPS, kt\u00f3re  te\u017c odby\u0142o si\u0119 w pi\u0105tek. Apel wnosi\u0142 w\u0142a\u015bnie, aby zebra\u0144 nie robi\u0107 w  pi\u0105tki. Dlaczego w\u0142adze s\u0105 g\u0142uche na takie apele? Nie wiem.<\/span><br \/>\n<span style=\"font-size: 10pt; font-family: Verdana; color: #000000; background-color: transparent; font-weight: normal; font-style: normal; text-decoration: none; vertical-align: baseline\">Mog\u0119  broni\u0107 indywidualnych przedstawicieli CPS w sprawach mundur\u00f3w,  kolaboracji z bezpiek\u0105 itp, ale nie mog\u0119 broni\u0107 posuni\u0119\u0107, kt\u00f3re godz\u0105 w  Cz\u0142onk\u00f3w i w organizacj\u0119. Kilka zapis\u00f3w w proponowanych zmianach jest  kategorycznie nie do przyj\u0119cia, nawet jako propozycje pod dyskusj\u0119. <\/span><br \/>\n<span style=\"font-size: 10pt; font-family: Verdana; color: #000000; background-color: transparent; font-weight: normal; font-style: normal; text-decoration: none; vertical-align: baseline\">Nie  wiem ile czasu sp\u0119dzono nad \u201cpoprawkami\u201d, ale ich charakter wskazuje,  \u017ce my\u015blano g\u0142\u0119boko i dosadnie. Jako cz\u0142onka Rady Dyrektor\u00f3w PSFUK martwi  mnie fakt, \u017ce zrezygnowano z obiekt\u00f3w Unii, jako miejsc informowania  Cz\u0142onk\u00f3w o wydarzeniach w Centrum. B\u0119d\u0105c w ogromnej mierze oddanym  dzia\u0142alno\u015bci w Radzie Dyrektor\u00f3w banku poczu\u0142em si\u0119&#8230;<\/span><br \/>\n<span style=\"font-size: 10pt; font-family: Verdana; color: #000000; background-color: transparent; font-weight: normal; font-style: normal; text-decoration: none; vertical-align: baseline\">spoliczkowany  skre\u015blon\u0105 nazw\u0105 naszej Unii. Zaiste nie rozumiem tego posuni\u0119cia. Kilku  innych te\u017c, a ju\u017c ca\u0142kowicie jestem przeciwny podejmowaniu decyzji o  \u201ckolejnych\u201d zmianach w statucie nie przez 2\/3 Cz\u0142onk\u00f3w, a przez 2\/3 rady  dyrektor\u00f3w. To uwa\u017cam wr\u0119cz za skandaliczne.<\/span><br \/>\n<span style=\"font-size: 10pt; font-family: Verdana; color: #000000; background-color: transparent; font-weight: normal; font-style: normal; text-decoration: none; vertical-align: baseline\">Przed  chwil\u0105 us\u0142ysza\u0142em komunikat w programie telewizyjnym o przesuni\u0119ciu  terminu odsy\u0142ania kart do g\u0142osowania na 22 listopada, a terminu zebrania  na pi\u0105tek (znowu pi\u0105tek), 3 grudnia. Pytanie: Ilu Cz\u0142onk\u00f3w ogl\u0105da  wiadomo\u015bci US Polsat o 11 w nocy?<\/span><br \/>\n<span style=\"font-size: 10pt; font-family: Verdana; color: #000000; background-color: transparent; font-weight: normal; font-style: normal; text-decoration: none; vertical-align: baseline\">Pytanie: Co by\u0142o przyczyn\u0105 tak op\u00f3\u017anionych przesy\u0142ek kart do g\u0142osowania?<\/span><br \/>\n<span style=\"font-size: 10pt; font-family: Verdana; color: #000000; background-color: transparent; font-weight: normal; font-style: normal; text-decoration: none; vertical-align: baseline\">I  jeszcze jedna uwaga w imieniu Cz\u0142onk\u00f3w, kt\u00f3rzy za rz\u0105d\u00f3w Tadeusza  Chabrowskiego zostali usuni\u0119ci z Cetrum i pozbawieni praw cz\u0142onkowskich.  Stawia sie im \u017c\u0105danie, aby napisali podanie o przywr\u00f3cenie im praw  cz\u0142onkowskich. A dlaczego? Przecie\u017c to nie obecny zarz\u0105d CPS ich  wyrzuci\u0142. Czy oni pisali podanie, aby ich wyrzuci\u0107? Spodziewa\u0142bym si\u0119  raczej, \u017ce obecna Rada Dyrektor\u00f3w sama zaproponuje im powr\u00f3t. Tymczasem  dokonano zwrotu sk\u0142adkowych 10 dolar\u00f3w z powrotem na konta tych cz\u0142onk\u00f3w  i utrzymanie ich statusu \u201cwyrzuconych\u201d. To chyba jakie\u015b  nieporozumienie&#8230;?<\/span><br \/>\n<span style=\"font-size: 10pt; font-family: Verdana; color: #000000; background-color: transparent; font-weight: normal; font-style: normal; text-decoration: none; vertical-align: baseline\">A teraz moja wizja:<\/span><br \/>\n<span style=\"font-size: 10pt; font-family: Verdana; color: #000000; background-color: transparent; font-weight: normal; font-style: normal; text-decoration: none; vertical-align: baseline\">Marzy  mi si\u0119, \u017ce rada dyrektor\u00f3w CPS robi raz w miesi\u0105cu otwarte zebranie z  udzia\u0142em Cz\u0142onk\u00f3w zwyczajnych, kt\u00f3rzy mieliby prawo s\u0142ucha\u0107, ale nie  mieliby prawa wtr\u0105ca\u0107 si\u0119 w dyskusj\u0119, czy g\u0142osowa\u0107, chyba, \u017ce zostan\u0105  poproszeni. Siedz\u0105 sobie dyrektorzy w \u015brodku przy okr\u0105g\u0142ym stole, a  Cz\u0142onkowie wianeczkiem dooko\u0142a, aby ot, s\u0142ucha\u0107 o problemach, s\u0142ucha\u0107 o  sposobach ich rozwi\u0105zywania, s\u0142ucha\u0107 o tym, \u017ce sala przy Kent ma  pojemno\u015b\u0107 tylko na 75 os\u00f3b, \u017ce od kilku lat nie mo\u017cna tego za\u0142atwi\u0107, a  je\u015bli wi\u0105\u017ce si\u0119 to z wydatkami, to mo\u017ce trzeba by podnie\u015b\u0107 sk\u0142adki,  s\u0142ucha\u0107 o tym, \u017ce Polonusy donosz\u0105 do w\u0142adz miejskich, \u017ce miasto obci\u0119\u0142o  tu etat, tam p\u00f3\u0142 etatu, obci\u0119\u0142o na wy\u017cywienie, wi\u0119c nie b\u0119dzie deser\u00f3w,  a i porcje mniejsze b\u0119d\u0105, \u017ce to si\u0119 da, tamtego si\u0119 nie da, itd, itp &#8211;  pe\u0142na transparentno\u015b\u0107. A potem konsultacja z Cz\u0142onkami. Marzenia maj\u0105 to  do siebie, \u017ce si\u0119 spe\u0142niaj\u0105. Musz\u0105 tylko zaistnie\u0107 ku temu warunki.<\/span><\/p>\n","protected":false},"excerpt":{"rendered":"<p>Przede wszystkim mam gor\u0105cy apel do w\u0142adz Centrum Polsko-S\u0142owia\u0144skiego, a w\u0142a\u015bciwie dwa apele i my\u015bl\u0119, \u017ce po dziesi\u0105tkach telefon\u00f3w apeluj\u0119 w imieniu bardzo wielu Cz\u0142onk\u00f3w CPS. Apele brzmi\u0105: 1. Uniewa\u017cni\u0107 wybory!!! 2. Zmieni\u0107 termin zebrania na jak\u0105\u015b sobot\u0119, lub niedziel\u0119.<\/p>\n","protected":false},"author":2,"featured_media":0,"comment_status":"open","ping_status":"open","sticky":false,"template":"","format":"standard","meta":[],"categories":[3],"tags":[],"_links":{"self":[{"href":"https:\/\/sporek.com\/blog\/index.php?rest_route=\/wp\/v2\/posts\/265"}],"collection":[{"href":"https:\/\/sporek.com\/blog\/index.php?rest_route=\/wp\/v2\/posts"}],"about":[{"href":"https:\/\/sporek.com\/blog\/index.php?rest_route=\/wp\/v2\/types\/post"}],"author":[{"embeddable":true,"href":"https:\/\/sporek.com\/blog\/index.php?rest_route=\/wp\/v2\/users\/2"}],"replies":[{"embeddable":true,"href":"https:\/\/sporek.com\/blog\/index.php?rest_route=%2Fwp%2Fv2%2Fcomments&post=265"}],"version-history":[{"count":0,"href":"https:\/\/sporek.com\/blog\/index.php?rest_route=\/wp\/v2\/posts\/265\/revisions"}],"wp:attachment":[{"href":"https:\/\/sporek.com\/blog\/index.php?rest_route=%2Fwp%2Fv2%2Fmedia&parent=265"}],"wp:term":[{"taxonomy":"category","embeddable":true,"href":"https:\/\/sporek.com\/blog\/index.php?rest_route=%2Fwp%2Fv2%2Fcategories&post=265"},{"taxonomy":"post_tag","embeddable":true,"href":"https:\/\/sporek.com\/blog\/index.php?rest_route=%2Fwp%2Fv2%2Ftags&post=265"}],"curies":[{"name":"wp","href":"https:\/\/api.w.org\/{rel}","templated":true}]}}