{"id":266,"date":"2010-11-14T23:29:19","date_gmt":"2010-11-15T03:29:19","guid":{"rendered":"http:\/\/sporek.com\/blog\/?p=266"},"modified":"2010-11-14T23:34:15","modified_gmt":"2010-11-15T03:34:15","slug":"i-znowu-unia-kredytowa","status":"publish","type":"post","link":"https:\/\/sporek.com\/blog\/?p=266","title":{"rendered":"&#8230;I znowu Unia Kredytowa&#8230;?"},"content":{"rendered":"<p><span style=\"font-size: 10pt; font-family: Verdana; color: #000000; background-color: transparent; font-weight: normal; font-style: normal; text-decoration: none; vertical-align: baseline\" id=\"internal-source-marker_0.20393310922811458\"><\/span><span style=\"font-size: 10pt; font-family: Verdana; color: #000000; background-color: transparent; font-weight: normal; font-style: normal; text-decoration: none; vertical-align: baseline\">Nie  wiem, kt\u00f3re \u015brodki masowego przekazu, z jakimi wsp\u00f3\u0142pracuj\u0119 ogranicz\u0105  moj\u0105 dzia\u0142alno\u015b\u0107 publicystyczn\u0105, ale czy to ma by\u0107 moje zmartwienie? Mam  blog. Wi\u0119c nie b\u0119d\u0119 ani zmartwiony, ani te\u017c nie b\u0119d\u0119 z tego powodu  p\u0142aka\u0142. Niekt\u00f3rzy z \u201ckomentator\u00f3w&#8221; nie  rozumiej\u0105 istoty dyskusji, a na segregowanie popis\u00f3w jakich\u015b  \u201cemigrant\u00f3w\u201d, \u201ckonarskich\u201d, czy \u201cbartosz\u00f3w\u201d nie mam czasu. Bubki, kt\u00f3re  nic same nie robi\u0105 opr\u00f3cz krytykanctwa. Ale zostawmy to, &#8211; szkoda  energii. (A swoj\u0105 droga Konarski, zawsze mi si\u0119 -historycznie- kojarzy z  du\u017cym intelektem. Ale, OK.<\/span><!--more--><br \/>\n<span style=\"font-size: 10pt; font-family: Verdana; color: #000000; background-color: transparent; font-weight: normal; font-style: normal; text-decoration: none; vertical-align: baseline\">Wiem,  wsadzi\u0142em kij w mrowisko &#8211; nie od dzi\u015b. Taki m\u00f3j wredny charakter, ale,  jak to zwykle bywa\u0142o poszed\u0142em do \u201cdrugiej strony\u201d tyle, \u017ce po  napisaniu artyku\u0142u. Tak chcia\u0142em i przyznaj\u0119, \u017ce zrobi\u0142em to z  premedytacj\u0105. A to dlatego, \u017ce ani nie klama\u0142em w poprzednim artykule,  ani nikogo nie ods\u0105dza\u0142em od czci i wiary. Napisa\u0142em to, co nasun\u0119\u0142o mi  si\u0119 po otrzymaniu kart do g\u0142osowania i po przeczytaniu proponowanych  zmian. Nie zmieniam ani na jot\u0119 moich odczu\u0107, ale po poznaniu niekt\u00f3rych  szczeg\u00f3\u0142\u00f3w mam tzw. psi obowi\u0105zek o nich napisa\u0107.<\/span><br \/>\n<span style=\"font-size: 10pt; font-family: Verdana; color: #000000; background-color: transparent; font-weight: normal; font-style: normal; text-decoration: none; vertical-align: baseline\">I ot\u00f3\u017c dowiaduj\u0119 si\u0119, \u017ce w tym wszystkim ma sw\u00f3j udzia\u0142&#8230;Unia Kredytowa:<\/span><br \/>\n<span style=\"font-size: 10pt; font-family: Verdana; color: #000000; background-color: transparent; font-weight: normal; font-style: normal; text-decoration: none; vertical-align: baseline\">Us\u0142ysza\u0142em,  \u017ce Unia nie wysy\u0142a na czas listy Cz\u0142onk\u00f3w CPS (uwa\u017cam to za grube  zaniedbanie), us\u0142ysza\u0142em, \u017ce mimo, i\u017c wys\u0142ano list\u0119 46 tysi\u0119cy nazwisk,  to Centrum otrzyma\u0142o 380 tysi\u0119cy dolar\u00f3w(wi\u0119c czemu nie 460 tysi\u0119cy?) To  si\u0119 da sprawdzi\u0107 i na pewno to zrobi\u0119.<\/span><br \/>\n<span style=\"font-size: 10pt; font-family: Verdana; color: #000000; background-color: transparent; font-weight: normal; font-style: normal; text-decoration: none; vertical-align: baseline\">Ponadto  &#8211; nasz bank przesy\u0142a aplikacje o wybraniu CPS, jako sponsora, na  kt\u00f3rego sk\u0142adk\u0119 dany klient Unii Kedytowej chce przekazywa\u0107 swoje 10  dolar\u00f3w w postaci r\u0119cznie wype\u0142nianych dokument\u00f3w, kt\u00f3re musz\u0105 by\u0107  \u017cmudnie przepisywane przez pracownik\u00f3w administracji Centrum. Wi\u0105\u017ce si\u0119  to z rozszyfrowywaniem rekopis\u00f3w. Niejednokrotnie zachodzi potrzeba  dzwonienia do aplikant\u00f3w, aby sprawdzi\u0107 literowanie nazwiska, czy numery  w adresach i kodach. Wierz\u0119, \u017ce jest to wkurzaj\u0105ca czynno\u015b\u0107, bo sam  mia\u0142em taki problem, gdy wpisywa\u0142em w m\u00f3j komputer cz\u0142onk\u00f3w Klubu Gazety  Polskiej. Niekt\u00f3rzy, z ca\u0142ym szacunkiem bazgrz\u0105, jak kura pazurem, a ty  si\u0119 cz\u0142owieku m\u0119cz, czy delikwent nazywa si\u0119 Kowalski, czy Kawelski. A  je\u015bli ma to by\u0107 wprowadzone do systemu komputerowego, to musi by\u0107  bezb\u0142\u0119dnie, bo problem\u00f3w potem wi\u0119cej, ni\u017c ustawa przewiduje.<\/span><br \/>\n<span style=\"font-size: 10pt; font-family: Verdana; color: #000000; background-color: transparent; font-weight: normal; font-style: normal; text-decoration: none; vertical-align: baseline\">Natomiast  na pytanie, dlaczego karty do g\u0142osowania zosta\u0142y wys\u0142ane tak p\u00f3\u017ano  odpowied\u017a by\u0142a, \u017ce wina le\u017cy po stronie instytucji prowadz\u0105cej  g\u0142osowanie, czyli tzw. \u201celection company\u201d. Gdyby chodzi\u0142o o mnie,  zerwa\u0142bym kontrakt z t\u0105 firm\u0105, skoro nie wie, jaki termin winien by\u0107  ustawowo zachowany na wysy\u0142anie kart.<\/span><br \/>\n<span style=\"font-size: 10pt; font-family: Verdana; color: #000000; background-color: transparent; font-weight: normal; font-style: normal; text-decoration: none; vertical-align: baseline\">No  i wszystko jasne. Tak? Ot\u00f3\u017c nie. Zebranie jest wprawdzie przesuni\u0119te na  3 grudnia, ale jest to pi\u0105tek, a by\u0142 &#8211; przypomn\u0119 &#8211; wniosek, aby nie robi\u0107  zebra\u0144 w pi\u0105tki; odsy\u0142anie kart do g\u0142osowania przesuni\u0119te jest na 22  listopada, wi\u0119c w sumie wszyscy powinni zd\u0105\u017cy\u0107, natomiast jestem nadal  przeciwny g\u0142osowaniu nad \u201czmianami w regulaminie\u201d, czyt. Statucie, bo  uwa\u017cam, \u017ce zmiany powinny by\u0107 najpierw przedyskutowane w  og\u00f3lno-cz\u0142onkowskim referendum, lub zbiorowej dyskusji na specjalnie tej  sprawie po\u015bwi\u0119conym zebraniu.<\/span><span style=\"font-size: 10pt; font-family: Verdana; color: #000000; background-color: transparent; font-weight: normal; font-style: normal; text-decoration: none; vertical-align: baseline\"> Ponadto  chyba nale\u017cy doprowadzi\u0107 do kolejnej konfrontacji obydwu Rad Dyrektor\u00f3w  (Unia-Centrum), aby wytkn\u0105\u0107 sobie w oczy wszystkie niedoci\u0105gni\u0119cia.  Cho\u0107by dlatego, \u017ce gdzie\u015b na ko\u0144cu tych zaniedba\u0144 s\u0105 Cz\u0142onkowie, kt\u00f3rzy  robi\u0105 biznes Unii Kredytowej ciu\u0142aj\u0105c w niej pieni\u0105dze, ale robi\u0105 te\u017c  biznes Centrum P-S, zw\u0142aszcza, gdy powi\u0119ksza si\u0119 ich liczba.<\/span><br \/>\n<span style=\"font-size: 10pt; font-family: Verdana; color: #000000; background-color: transparent; font-weight: normal; font-style: normal; text-decoration: none; vertical-align: baseline\">Co  by\u015bmy nie chcieli tu do\u0142o\u017cy\u0107, to prawda jest taka, \u017ce je\u015bli s\u0105 to  zaniedbania ludzi, to nale\u017cy wyci\u0105gn\u0105\u0107 z tego nie tylko wnioski (nie  potrafimy wyciaga\u0107 wniosk\u00f3w, nie czarujmy si\u0119), ale i konsekwencje.<\/span><br \/>\n<span style=\"font-size: 10pt; font-family: Verdana; color: #000000; background-color: transparent; font-weight: normal; font-style: normal; text-decoration: none; vertical-align: baseline\">Moim  zdaniem potrzebne s\u0105 regularne spotkania rady dyrektor\u00f3w PSFUK z  przedstawicielami wszystkich sponsor\u00f3w, np. raz na trzy miesi\u0105ce, czyli  raz na kwarta\u0142. Osobi\u015bcie chcia\u0142bym wiedzie\u0107, jakie problemy maj\u0105 nasi  sponsorzy (kt\u00f3rych de facto Unia sponsoruje finansowo) i jak im idzie  wydawanie pieni\u0119dzy, kt\u00f3re otrzymali, jako nale\u017cne im z racji pe\u0142nienia  roli sponsor\u00f3w. Bo pieni\u0105dze to nie rady dyrektor\u00f3w banku, a Cz\u0142onk\u00f3w. I  to by by\u0142o na tyle.<\/span><\/p>\n","protected":false},"excerpt":{"rendered":"<p>Nie wiem, kt\u00f3re \u015brodki masowego przekazu, z jakimi wsp\u00f3\u0142pracuj\u0119 ogranicz\u0105 moj\u0105 dzia\u0142alno\u015b\u0107 publicystyczn\u0105, ale czy to ma by\u0107 moje zmartwienie? Mam blog. Wi\u0119c nie b\u0119d\u0119 ani zmartwiony, ani te\u017c nie b\u0119d\u0119 z tego powodu p\u0142aka\u0142. Niekt\u00f3rzy z \u201ckomentator\u00f3w&#8221; nie rozumiej\u0105 istoty dyskusji, a na segregowanie popis\u00f3w jakich\u015b \u201cemigrant\u00f3w\u201d, \u201ckonarskich\u201d, czy \u201cbartosz\u00f3w\u201d nie mam czasu. Bubki, [&hellip;]<\/p>\n","protected":false},"author":2,"featured_media":0,"comment_status":"open","ping_status":"open","sticky":false,"template":"","format":"standard","meta":[],"categories":[3],"tags":[],"_links":{"self":[{"href":"https:\/\/sporek.com\/blog\/index.php?rest_route=\/wp\/v2\/posts\/266"}],"collection":[{"href":"https:\/\/sporek.com\/blog\/index.php?rest_route=\/wp\/v2\/posts"}],"about":[{"href":"https:\/\/sporek.com\/blog\/index.php?rest_route=\/wp\/v2\/types\/post"}],"author":[{"embeddable":true,"href":"https:\/\/sporek.com\/blog\/index.php?rest_route=\/wp\/v2\/users\/2"}],"replies":[{"embeddable":true,"href":"https:\/\/sporek.com\/blog\/index.php?rest_route=%2Fwp%2Fv2%2Fcomments&post=266"}],"version-history":[{"count":0,"href":"https:\/\/sporek.com\/blog\/index.php?rest_route=\/wp\/v2\/posts\/266\/revisions"}],"wp:attachment":[{"href":"https:\/\/sporek.com\/blog\/index.php?rest_route=%2Fwp%2Fv2%2Fmedia&parent=266"}],"wp:term":[{"taxonomy":"category","embeddable":true,"href":"https:\/\/sporek.com\/blog\/index.php?rest_route=%2Fwp%2Fv2%2Fcategories&post=266"},{"taxonomy":"post_tag","embeddable":true,"href":"https:\/\/sporek.com\/blog\/index.php?rest_route=%2Fwp%2Fv2%2Ftags&post=266"}],"curies":[{"name":"wp","href":"https:\/\/api.w.org\/{rel}","templated":true}]}}