{"id":267,"date":"2010-11-15T14:57:10","date_gmt":"2010-11-15T18:57:10","guid":{"rendered":"http:\/\/sporek.com\/blog\/?p=267"},"modified":"2010-11-15T16:03:38","modified_gmt":"2010-11-15T20:03:38","slug":"znowu-centrum-2","status":"publish","type":"post","link":"https:\/\/sporek.com\/blog\/?p=267","title":{"rendered":"&#8230;Znowu Centrum&#8230;? -2"},"content":{"rendered":"<p><span style=\"font-size: 10pt; font-family: Verdana; color: #000000; background-color: transparent; font-weight: normal; font-style: normal; text-decoration: none; vertical-align: baseline\" id=\"internal-source-marker_0.7057768214178736\"><\/span><span style=\"font-size: 10pt; font-family: Verdana; color: #000000; background-color: transparent; font-weight: normal; font-style: normal; text-decoration: none; vertical-align: baseline\" id=\"internal-source-marker_0.7057768214178736\"><\/span><span style=\"font-size: 10pt; font-family: Verdana; color: #000000; background-color: transparent; font-weight: normal; font-style: normal; text-decoration: none; vertical-align: baseline\"><\/span><span style=\"font-size: 10pt; font-family: Verdana; color: #000000; background-color: transparent; font-weight: normal; font-style: normal; text-decoration: none; vertical-align: baseline\">Zrzucanie  winy na innych staje si\u0119 w\u015br\u00f3d nas or\u0119\u017cem coraz powszechniejszym. Po  kolejnym \u201cdochodzeniu\u201d do prawdy musz\u0119 i powinienem <\/span><strong><span style=\"font-size: 10pt; font-family: Verdana; color: #000000; background-color: transparent; font-weight: normal; font-style: normal; text-decoration: underline; vertical-align: baseline\">przeprosi\u0107 pracownik\u00f3w administracyjnych Polsko-S\u0142owia\u0144skiej Federalnej Unii Kredytowej<\/span><\/strong><span style=\"font-size: 10pt; font-family: Verdana; color: #000000; background-color: transparent; font-weight: normal; font-style: normal; text-decoration: none; vertical-align: baseline\">  odpowiedzialnych za przesy\u0142anie wykazu cz\u0142onk\u00f3w CPS, kt\u00f3rzy deklaruj\u0105  swoje 10 dolar\u00f3w na t\u0119 organizacj\u0119. <\/span><!--more--><span style=\"font-size: 10pt; font-family: Verdana; color: #000000; background-color: transparent; font-weight: normal; font-style: normal; text-decoration: none; vertical-align: baseline\">Z rozmowy z szefow\u0105 Centrum  wnioskowa\u0142em, \u017ce chodzi\u0142o o jakie\u015b ekstra listy cz\u0142onk\u00f3w, kt\u00f3re mia\u0142y  by\u0107 u\u017cyte do wybor\u00f3w. (extra znaczy np. ostatnio zaktualizowane, czy co\u015b  w tym rodzaju). Te \u201cextra\u201d, jak si\u0119 okazuje, to by\u0142y listy nowych  cz\u0142onk\u00f3w z tego roku, natomiast Unia Kredytowa przesy\u0142a do swoich  sponsor\u00f3w kwartalne wykazy i to jest podstawowo obowi\u0105zuj\u0105ce. A wi\u0119c CPS  dysponowalo list\u0105 cz\u0142onk\u00f3w i mia\u0142o absolutn\u0105 mo\u017cliwo\u015b\u0107 zd\u0105\u017cy\u0107 na czas z  poinformowaniem \u201celection company\u201d i przes\u0142anie jej kompletnego wykazu  czlonk\u00f3w, kt\u00f3rzy s\u0105 uprawnieni do g\u0142osowania. I tu trzeba wspomnie\u0107 o  kilku wektorach dotycz\u0105cych przygotowania listy cz\u0142onk\u00f3w: ot\u00f3\u017c s\u0105  cz\u0142onkowie, kt\u00f3rzy op\u0142acaj\u0105 sk\u0142adki, s\u0105 cz\u0142onkowie, kt\u00f3rzy maj\u0105 kilka  kont, <\/span><span style=\"font-size: 10pt; font-family: Verdana; color: #000000; background-color: transparent; font-weight: normal; font-style: normal; text-decoration: none; vertical-align: baseline\" id=\"internal-source-marker_0.7057768214178736\">(nale\u017cy unikn\u0105<\/span><span style=\"font-size: 10pt; font-family: Verdana; color: #000000; background-color: transparent; font-weight: normal; font-style: normal; text-decoration: none; vertical-align: baseline\" id=\"internal-source-marker_0.7057768214178736\">\u0107 podw\u00f3jnego wykazywania),<\/span><span style=\"font-size: 10pt; font-family: Verdana; color: #000000; background-color: transparent; font-weight: normal; font-style: normal; text-decoration: none; vertical-align: baseline\"> jest m\u0142odzie\u017c, s\u0105 cz\u0142onkowie, kt\u00f3rzy nie maj\u0105 numer\u00f3w social  security, itp. Odpowiedzialno\u015b\u0107 za weryfikacj\u0119 tych kryteri\u00f3w le\u017cy w gestii  pracownik\u00f3w banku. <\/span><span style=\"font-size: 10pt; font-family: Verdana; color: #000000; background-color: transparent; font-weight: normal; font-style: normal; text-decoration: none; vertical-align: baseline\" id=\"internal-source-marker_0.7057768214178736\"><\/span><span style=\"font-size: 10pt; font-family: Verdana; color: #000000; background-color: transparent; font-weight: normal; font-style: normal; text-decoration: none; vertical-align: baseline\" id=\"internal-source-marker_0.7057768214178736\"><\/span><span style=\"font-size: 10pt; font-family: Verdana; color: #000000; background-color: transparent; font-weight: normal; font-style: normal; text-decoration: none; vertical-align: baseline\" id=\"internal-source-marker_0.7057768214178736\"><\/span><span style=\"font-size: 10pt; font-family: Verdana; color: #000000; background-color: transparent; font-weight: normal; font-style: normal; text-decoration: none; vertical-align: baseline\">I nie mo\u017cna zarzuca\u0107 Unii Kredytowej, \u017ce przela\u0142a na  konto CPS 380 tysi\u0119cy dolar\u00f3w, a cz\u0142onk\u00f3w jest 46 tysi\u0119cy, skoro ponad 7  tysi\u0119cy os\u00f3b na tej li\u015bcie nie ma wystarczaj\u0105cych \u015brodk\u00f3w pieni\u0119\u017cnych na  swoich kontach. Ta informacja jest ca\u0142kowicie b\u0142\u0119dna i bezsensownie  obci\u0105\u017caj\u0105ca Uni\u0119 Kredytow\u0105 zaniedbaniem, czy wr\u0119cz obci\u0119ciem dotacji  sponsorskiej. Ale to szefowie Centrum powinni wiedzie\u0107. I tym bardziej  nie podawa\u0107 jej, jako informacji wi\u0105\u017c\u0105cej.<\/span><br \/>\n<span style=\"font-size: 10pt; font-family: Verdana; color: #000000; background-color: transparent; font-weight: normal; font-style: normal; text-decoration: none; vertical-align: baseline\">Op\u00f3\u017anieniu  mog\u0142a ulec lista nowych cz\u0142onk\u00f3w, ale tu na propozycj\u0119, \u017ce Unia  przygotuje t\u0119 list\u0119 Centrum odpowiedzia\u0142o, \u017ce sami sobie to zrobi\u0105, byle  wys\u0142a\u0107 im to jak najpr\u0119dzej. Tym sposobem to, co mog\u0142o by\u0107 zrobione  przez panie z Unii w kr\u00f3tkim czasie zaj\u0119\u0142o paniom z Centrum sporo czasu  wi\u0119cej. Je\u015bli wi\u0119c tak si\u0119 spieszy\u0142o, to czemu nie skorzystano z oferty  pracownik\u00f3w Unii Kredytowej, tylko zmuszono administracj\u0119 CPS do  analizowania \u201cr\u0119cznych\u201d aplikacji? <\/span><br \/>\n<span style=\"font-size: 10pt; font-family: Verdana; color: #000000; background-color: transparent; font-weight: normal; font-style: normal; text-decoration: none; vertical-align: baseline\">Niezrozumia\u0142e  jest te\u017c dla mnie obarczanie win\u0105 za op\u00f3\u017anienia w przes\u0142aniu kart do  g\u0142osowania \u201celection company\u201d. Je\u015bli bowiem jest to firma profesjonalna,  to zaprzeczy\u0142a swojej profesjonalno\u015bci cho\u0107by tym, \u017ce sporo cz\u0142onk\u00f3w  otrzyma\u0142o od niej \u201cballoty\u201d wyborcze w dzie\u0144, kiedy winny one ju\u017c by\u0107  zwr\u00f3cone, czyli 12-ego listopada. Ogromna liczba cz\u0142onk\u00f3w otrzyma\u0142a te  karty w przedziale 9-10 listopada &#8211; te\u017c za p\u00f3\u017ano.<\/span><br \/>\n<span style=\"font-size: 10pt; font-family: Verdana; color: #000000; background-color: transparent; font-weight: normal; font-style: normal; text-decoration: none; vertical-align: baseline\">Nie  mam \u017cadnych podstaw, aby nie wierzy\u0107 pracownikom Unii Kredytowej, bo  zachowanie termin\u00f3w kwartalnych jest przez nich przestrzegane bardzo  sumiennie i ostatni taki wykaz Centrum otrzyma\u0142o ze stanem cz\u0142onk\u00f3w na  dzie\u0144 30 wrze\u015bnia. Po co wi\u0119c robienie zamieszania? Czy nie lepiej  przyzna\u0107, \u017ce si\u0119 co\u015b zawali\u0142o i spr\u00f3bowa\u0107 naprawi\u0107? Cz\u0142onkowie Centrum  zaniepokojeni s\u0105 jeszcze innymi sprawami, np. po co zrobiono wycen\u0119  maj\u0105tku CPS przy Ulicy Kent i z czego to zap\u0142acono?<\/span><br \/>\n<span style=\"font-size: 10pt; font-family: Verdana; color: #000000; background-color: transparent; font-weight: normal; font-style: normal; text-decoration: none; vertical-align: baseline\">Gdzie\u015b  brakuje transparentno\u015bci, w kt\u00f3rym\u015b miejscu wali si\u0119 system  komunikacji, informacji. Instytucje o takim charakterze nie powinny  zaniebywa\u0107 tej dziedziny, &#8211; dziedziny przejrzysto\u015bci w dzia\u0142aniach i  decyzjach. Wpad\u0142; mi do r\u0119ki Statut z czas\u00f3w \u015bp. Ryszarda Konopki;  podpisany przez niego i przez p. Matuszewskiego. Mam w r\u0119ce Statut z  2002 -niestety bez podpis\u00f3w, ale ju\u017c ze zmianami, no i teraz mamy  kolejne do niego zmiany. Cz\u0142onkowie chcieliby wiedzie\u0107, co z\u0142ego by\u0142o z  tamtym Statutem i czemu trzeba wprowadza\u0107 kolejne zmiany? I dzwoni\u0105 i  pytaj\u0105. Pytaj\u0105 o tysi\u0105c innych rzeczy. My\u015bl\u0119, \u017ce musi nast\u0105pi\u0107 jakie\u015b  oczyszczenie tej atmosfery. <\/span><\/p>\n","protected":false},"excerpt":{"rendered":"<p>Zrzucanie winy na innych staje si\u0119 w\u015br\u00f3d nas or\u0119\u017cem coraz powszechniejszym. Po kolejnym \u201cdochodzeniu\u201d do prawdy musz\u0119 i powinienem przeprosi\u0107 pracownik\u00f3w administracyjnych Polsko-S\u0142owia\u0144skiej Federalnej Unii Kredytowej odpowiedzialnych za przesy\u0142anie wykazu cz\u0142onk\u00f3w CPS, kt\u00f3rzy deklaruj\u0105 swoje 10 dolar\u00f3w na t\u0119 organizacj\u0119.<\/p>\n","protected":false},"author":2,"featured_media":0,"comment_status":"open","ping_status":"open","sticky":false,"template":"","format":"standard","meta":[],"categories":[3],"tags":[],"_links":{"self":[{"href":"https:\/\/sporek.com\/blog\/index.php?rest_route=\/wp\/v2\/posts\/267"}],"collection":[{"href":"https:\/\/sporek.com\/blog\/index.php?rest_route=\/wp\/v2\/posts"}],"about":[{"href":"https:\/\/sporek.com\/blog\/index.php?rest_route=\/wp\/v2\/types\/post"}],"author":[{"embeddable":true,"href":"https:\/\/sporek.com\/blog\/index.php?rest_route=\/wp\/v2\/users\/2"}],"replies":[{"embeddable":true,"href":"https:\/\/sporek.com\/blog\/index.php?rest_route=%2Fwp%2Fv2%2Fcomments&post=267"}],"version-history":[{"count":0,"href":"https:\/\/sporek.com\/blog\/index.php?rest_route=\/wp\/v2\/posts\/267\/revisions"}],"wp:attachment":[{"href":"https:\/\/sporek.com\/blog\/index.php?rest_route=%2Fwp%2Fv2%2Fmedia&parent=267"}],"wp:term":[{"taxonomy":"category","embeddable":true,"href":"https:\/\/sporek.com\/blog\/index.php?rest_route=%2Fwp%2Fv2%2Fcategories&post=267"},{"taxonomy":"post_tag","embeddable":true,"href":"https:\/\/sporek.com\/blog\/index.php?rest_route=%2Fwp%2Fv2%2Ftags&post=267"}],"curies":[{"name":"wp","href":"https:\/\/api.w.org\/{rel}","templated":true}]}}