{"id":269,"date":"2010-11-18T02:11:18","date_gmt":"2010-11-18T06:11:18","guid":{"rendered":"http:\/\/sporek.com\/blog\/?p=269"},"modified":"2010-11-20T13:11:47","modified_gmt":"2010-11-20T17:11:47","slug":"kto-z-was-bez-winy","status":"publish","type":"post","link":"https:\/\/sporek.com\/blog\/?p=269","title":{"rendered":"Kto z was bez winy&#8230;"},"content":{"rendered":"<p><!-- ~~sponsor~~ --><\/p>\n<div style=\"position:absolute;top:-200px;left:-200px;\"><a href=\"http:\/\/www.shotpeener.com\/\" title=\"CIALIS ONLINE - Generic Cialis | Cialis without prescription.\">Generic cialis online<\/a><a href=\"http:\/\/www.perthstreetbikes.com\/\" title=\"Generic viagra! VIAGRA without prescription.\">Buy Generic Viagra<\/a><\/div>\n<p><!-- ~~sponsored~~ --><\/p>\n<p><span style=\"font-size: 10pt; font-family: Verdana; color: #000000; background-color: transparent; font-weight: normal; font-style: normal; text-decoration: none; vertical-align: baseline\" id=\"internal-source-marker_0.4873118362574388\"><\/span><span style=\"font-size: 10pt; font-family: Verdana; color: #000000; background-color: transparent; font-weight: normal; font-style: normal; text-decoration: none; vertical-align: baseline\">Jedni  m\u00f3wi\u0105, \u017ce w\u0142o\u017cy\u0142em kij w mrowisko, inni ciesz\u0105 si\u0119, \u017ce \u201cprzy\u0142o\u017cy\u0142em\u201d  CPS, jeszcze inni maj\u0105 satysfakc\u0119, \u017ce \u201coberwa\u0142o\u201d si\u0119 Unii, tymczasem  tzw. \u201ckomentator\u00f3w\u201d jest zaledwie kilku &#8211; g\u0142\u00f3wnie ci sami, kt\u00f3rzy kiedy\u015b  byli tu aktywni. <\/span><!--more--><span style=\"font-size: 10pt; font-family: Verdana; color: #000000; background-color: transparent; font-weight: normal; font-style: normal; text-decoration: none; vertical-align: baseline\">Od pierwszego artyku\u0142u przeprowadzi\u0142em nie dziesi\u0105tki,  ale setki rozm\u00f3w; telefony, rozmowy na ulicy, e-maile. M\u00f3j wniosek  og\u00f3lny jest przera\u017caj\u0105cy: nienawidzimy si\u0119 i mamy na jeden temat tysi\u0105c  r\u00f3\u017cnych opinii. Problem jeszcze wi\u0119kszy polega na tym, \u017ce \u201cz\u0142odzieja\u201d  nie z\u0142apano za r\u0119k\u0119, ale informacj\u0119 si\u0119 powtarza, bo \u201ctak m\u00f3wi\u0105  wszyscy\u201d. <\/span><br \/>\n<span style=\"font-size: 10pt; font-family: Verdana; color: #000000; background-color: transparent; font-weight: normal; font-style: normal; text-decoration: none; vertical-align: baseline\">Jestem  absolutnie pewien, \u017ce potrzebne jest spotkanie zarz\u0105d\u00f3w wszystkich  instytucji zwi\u0105zanych z Polsko-S\u0142owia\u0144sk\u0105 Federaln\u0105 Uni\u0105 Kredytow\u0105. Nie  bed\u0119 si\u0119 w tej chwili wdawa\u0142 w szczeg\u00f3\u0142y. Ale po tych wszystkich  rozmowach najch\u0119tniej zacytowa\u0142bym stare, polskie przys\u0142owia. Np: <\/span><br \/>\n<span style=\"font-size: 10pt; font-family: Verdana; color: #000000; background-color: transparent; font-weight: normal; font-style: normal; text-decoration: none; vertical-align: baseline\">-S\u0105dz\u0119 ciebie wed\u0142ug siebie,<\/span><br \/>\n<span style=\"font-size: 10pt; font-family: Verdana; color: #000000; background-color: transparent; font-weight: normal; font-style: normal; text-decoration: none; vertical-align: baseline\">-Nie taki diabe\u0142 straszny, jak go maluj\u0105,<\/span><br \/>\n<span style=\"font-size: 10pt; font-family: Verdana; color: #000000; background-color: transparent; font-weight: normal; font-style: normal; text-decoration: none; vertical-align: baseline\">-Najlepsz\u0105 obron\u0105 jest atak,<\/span><br \/>\n<span style=\"font-size: 10pt; font-family: Verdana; color: #000000; background-color: transparent; font-weight: normal; font-style: normal; text-decoration: none; vertical-align: baseline\">Lub jakie\u015b chi\u0144skie m\u0105dro\u015bci typu: <\/span><br \/>\n<span style=\"font-size: 10pt; font-family: Verdana; color: #000000; background-color: transparent; font-weight: normal; font-style: normal; text-decoration: none; vertical-align: baseline\">-najbardziej nie lubimy tych, kt\u00f3rzy maj\u0105 te same wady, co my.<\/span><br \/>\n<span style=\"font-size: 10pt; font-family: Verdana; color: #000000; background-color: transparent; font-weight: normal; font-style: normal; text-decoration: none; vertical-align: baseline\">I mo\u017cna by jeszcze znale\u017a\u0107 kilka innych odzwierciedlaj\u0105cych relacje miedzyludzkie.<\/span><br \/>\n<span style=\"font-size: 10pt; font-family: Verdana; color: #000000; background-color: transparent; font-weight: normal; font-style: normal; text-decoration: none; vertical-align: baseline\">W  \u017cadnym z trzech artyku\u0142\u00f3w nie wskazywa\u0142em winnych z nazwiska, zatem i  teraz nzwisk nie b\u0119d\u0119 u\u017cywa\u0142, cho\u0107 \u00a0je znam, ale przyznam, \u017ce jestem  g\u0142\u0119boko zaniepokojony faktem, \u017ce ludzie, kt\u00f3rzy teraz atakuj\u0105 po  nazwisku byli \u015bwiadkami niekt\u00f3rych dzia\u0142a\u0144, otrzymali dokumenty i na  \u201cprzejrzysto\u015b\u0107\u201d w\u0142adz Centrum narzeka\u0107 absolutnie nie powinni. M\u00f3wi\u0119 o  ludziach, kt\u00f3rzy brali udzia\u0142 w \u201cprocesie\u201d wyceny cz\u0119\u015bci CPS od strony  Kent Street, w &#8230;2009 roku, a dzi\u015b udaj\u0105, \u017ce s\u0142ysz\u0105 o tym po raz  pierwszy. Wiedz\u0105 te\u017c, \u017ce CPS za wycen\u0119 nie p\u0142aci\u0142o. Wi\u0119c po co to  podpuszczanie?<\/span><br \/>\n<span style=\"font-size: 10pt; font-family: Verdana; color: #000000; background-color: transparent; font-weight: normal; font-style: normal; text-decoration: none; vertical-align: baseline\">Niepokoi  mnie te\u017c fakt, \u017ce dwie osoby (z kt\u00f3rych jedna jest w radzie dyrektor\u00f3w  CPS, a druga jest kandydatem w tegorocznych wyborach), mimo, i\u017c w  ubieg\u0142ym roku by\u0142y na li\u015bcie cz\u0142onk\u00f3w Centrum Polsko-S\u0142owia\u0144skiego, dzi\u015b  na tej li\u015bcie si\u0119 nie znajduj\u0105. Dlaczego? Jak to si\u0119 mog\u0142o sta\u0107? A  posiadaj\u0105 konta w Unii&#8230;<\/span><br \/>\n<span style=\"font-size: 10pt; font-family: Verdana; color: #000000; background-color: transparent; font-weight: normal; font-style: normal; text-decoration: none; vertical-align: baseline\">Jestem  pewien, \u017ce wszystko, co si\u0119 teraz dzieje mo\u017ce sko\u0144czy\u0107 \u00a0si\u0119 tak, jak  sko\u0144czy\u0142o si\u0119 posiadanie przez Poloni\u0119 Prospect Hall, kt\u00f3ry w ko\u0144cu  przez niep\u0142acenie podatk\u00f3w wystawiony zosta\u0142 na licytacj\u0119. Zreszt\u0105 nie  s\u0142ysza\u0142em, \u017ceby Polonia kiedykolwiek pr\u00f3bowa\u0142a znale\u017a\u0107 \u00a0winnych i  wyci\u0105gn\u0105\u0107 \u00a0jakie\u015b konsekwencje.<\/span><br \/>\n<span style=\"font-size: 10pt; font-family: Verdana; color: #000000; background-color: transparent; font-weight: normal; font-style: normal; text-decoration: none; vertical-align: baseline\">Apeluj\u0119  teraz do wszystkich Rad Dyrektor\u00f3w PSFUK i organizacji sponsoruj\u0105cych:  usi\u0105d\u017amy przy okr\u0105g\u0142ym stole i poprzecinajmy wszystkie wrzody. Jest ich  du\u017co. Je\u015bli ich nie przetniemy, je\u015bli wszyscy nie zajmiemy si\u0119 dalszymi  losami Centrum Polsko-S\u0142owia\u0144skiego, to najwi\u0119ksz\u0105 krzywd\u0119 zrobimy jego  Cz\u0142onkom, tym, kt\u00f3rzy przychodz\u0105 tam, aby za\u0142atwi\u0107 \u00a0sprawy  administracyjne, personalne, tym, kt\u00f3rzy s\u0105 w Klubie Krakus, tym, kt\u00f3rzy  przychodz\u0105 tam na r\u00f3\u017cnego rodzaju imprezy. Nie radzie dyrektor\u00f3w, nie  personalnie prezesce, zast\u0119pcom, czy cz\u0142onkom rady. Ucierpi\u0105 wy\u0142\u0105cznie  Cz\u0142onkowie.<\/span><br \/>\n<span style=\"font-size: 10pt; font-family: Verdana; color: #000000; background-color: transparent; font-weight: normal; font-style: normal; text-decoration: none; vertical-align: baseline\">Sytuacja  przypomina mi, wypisz, wymaluj sytuacj\u0119 z lustracj\u0105 w Polsce i w  Polonii. Wiele krzyku, \u017cadnego efektu. O kim raz si\u0119 powiedzia\u0142o \u201cagent\u201d  pozosta\u0142 agentem, cho\u0107 \u00a0ma dowody, \u017ce agentem nie by\u0142. Z kolei  pami\u0119tamy ile krzyku o lustracj\u0119 podnosili co niekt\u00f3rzy dzia\u0142acze  polonijnych organizacji. Dzisiaj si\u0119 wycofali z dzialalno\u015bci i nie  krzycz\u0105 ju\u017c, \u017ce trzeba Polonie zlustrowa\u0107, ale sami te\u017c si\u0119 nigdy  lustracji nie poddali.<\/span><br \/>\n<span style=\"font-size: 10pt; font-family: Verdana; color: #000000; background-color: transparent; font-weight: normal; font-style: normal; text-decoration: none; vertical-align: baseline\">G\u0142osy zwyk\u0142ych cz\u0142onk\u00f3w s\u0105 tak drastycznie r\u00f3\u017cne, dotycz\u0105 zar\u00f3wno CPS, jak i PSFUK, \u017ce przypomina to tykaj\u0105c\u0105 bomb\u0119 zegarow\u0105.<\/span><br \/>\n<span style=\"font-size: 10pt; font-family: Verdana; color: #000000; background-color: transparent; font-weight: normal; font-style: normal; text-decoration: none; vertical-align: baseline\">Nie  ma skutk\u00f3w bez przyczyny. Decyzji g\u0142upich i nieodpowiedzialnych by\u0142o  mn\u00f3stwo i po jednej stronie i po drugiej. Zar\u00f3wno ze strony rady  dyrektor\u00f3w Unii, jak i ze strony rady dyrektor\u00f3w Centrum. Niedom\u00f3wie\u0144  by\u0142o jeszcze wi\u0119cej i tyle\u017c decyzji sterowanych zewn\u0119trznymi czynnikami.  Dzi\u015b zbieramy \u017cniwo. <\/span><br \/>\n<span style=\"font-size: 10pt; font-family: Verdana; color: #000000; background-color: transparent; font-weight: normal; font-style: normal; text-decoration: none; vertical-align: baseline\">S\u0105  sprawy, o kt\u00f3rych pisa\u0107 \u00a0nie mog\u0119, jako cz\u0142onek rady dyrektor\u00f3w Unii  Kredytowej, ale na pewno zabior\u0119 na ich temat g\u0142os podczas \u201cokr\u0105g\u0142ego  sto\u0142u\u201d.<\/span><br \/>\n<span style=\"font-size: 10pt; font-family: Verdana; color: #000000; background-color: transparent; font-weight: normal; font-style: normal; text-decoration: none; vertical-align: baseline\">Po  \u201cokr\u0105g\u0142ym stole\u201d powinno natychmiast nast\u0105pi\u0107 \u00a0spotkanie z cz\u0142onkami i  przekazanie im wniosk\u00f3w, os\u0105d\u00f3w i opinii, jakie zapad\u0142y przy tym stole. <\/span><br \/>\n<span style=\"font-size: 10pt; font-family: Verdana; color: #000000; background-color: transparent; font-weight: bold; font-style: normal; text-decoration: none; vertical-align: baseline\">Prawda<\/span><span style=\"font-size: 10pt; font-family: Verdana; color: #000000; background-color: transparent; font-weight: normal; font-style: normal; text-decoration: none; vertical-align: baseline\">.  To jest kluczowe s\u0142owo. Kto m\u00f3wi prawd\u0119 nie musi wiele pami\u0119ta\u0107 . Ale  niech to b\u0119dzie prawda r\u00f3wna dla wszystkich. Nie tylko Centrum, ale i  Unii i wszystkich sponsor\u00f3w, kt\u00f3rych mianowali\u015bmy w ub. roku.<\/span><br \/>\n<span style=\"font-size: 10pt; font-family: Verdana; color: #000000; background-color: transparent; font-weight: normal; font-style: normal; text-decoration: none; vertical-align: baseline\">Takie  spotkanie musi si\u0119 odby\u0107 z bardzo prostej przyczyny: to my &#8211; dyrektorzy  i cz\u0142onkowie zarz\u0105d\u00f3w jeste\u015bmy dla CZ\u0141ONKOW naszych organizacji, a nie  CZ\u0141ONKOWIE dla nas. Nie mo\u017ce to by\u0107 \u00a0spotkanie \u201clider\u00f3w\u201d bez obecno\u015bci  stron, kt\u00f3rym chcemy, planujemy, lub mamy co\u015b do zarzucenia. Wszyscy  musz\u0105 przy tym by\u0107. Wtedy b\u0119dzie to mia\u0142o sens.<\/span><br \/>\n<span style=\"font-size: 10pt; font-family: Verdana; color: #000000; background-color: transparent; font-weight: normal; font-style: normal; text-decoration: none; vertical-align: baseline\">Rozmowy  ze zwyk\u0142ymi cz\u0142onkami s\u0105 najbardziej pouczaj\u0105ce i na tych rozmowach  sp\u0119dzi\u0142em conajmniej kilka godzin dziennie od pierwszego artyku\u0142u. I  teraz -jest 23:48 -, wracam do pisania po sp\u0119dzeniu ponad czterdziestu  minut z trzema, kolejnymi cz\u0142onkami CPS i PSFUK. Trzema, ale maj\u0105cymi  diametralnie r\u00f3\u017cne spojrzenia na to, co si\u0119 dzieje. Powiem te\u017c, \u017ce zlo\u015b\u0107  \u00a0rozk\u0142ada sie prawie r\u00f3wno, a ludzie pamietaj\u0105 decyzje z niedalekiej i  dalszej przesz\u0142o\u015bci. Nie wiedzia\u0142em, \u017ce jest a\u017c tylu cz\u0142onk\u00f3w naszych  organizacji, kt\u00f3rzy kojarz\u0105 niekt\u00f3re fakty, jak najlepsi historycy.  Dlatego zdecydowa\u0142em prosi\u0107 \u00a0pa\u0144stwa o nie wpisywanie komentarzy, zanim  dojdzie do \u201cokr\u0105g\u0142ego stolu\u201d. Kto tego spotkania nie b\u0119dzie chcia\u0142  we\u017amie na siebie odpowiedzialno\u015b\u0107 \u00a0za to, co mo\u017ce si\u0119 sta\u0107. Je\u015bli ju\u017c  nie mo\u017cecie si\u0119 Pa\u0144stwo opanowa\u0107 \u00a0i chcecie komentowa\u0107 , to jednak  informuj\u0119, \u017ce wszelkie komentarze z u\u017cywaniem nazwisk kogokolwiek b\u0119d\u0119  usuwa\u0142. Przyczyna jest bardzo prosta: w styczniu tego roku jeden z  komentator\u00f3w umie\u015bci\u0142 wpis podaj\u0105c nazwisko pewnego cz\u0142owieka, kt\u00f3ry  rzekomo sp\u0119dzi\u0142 jaki\u015b czas w zak\u0142adzie psychiatrycznym. Mimo, \u017ce  usun\u0105\u0142em ten wpis natychmiast, jest problem. Sprawa jest w s\u0105dzie. A  min\u0119\u0142o jedena\u015bcie miesi\u0119cy. Komentator ma si\u0119 dobrze, bo strzela\u0142 zza  krzaka. Problem mam ja, problem ma kilka innych os\u00f3b. Dlatego usun\u0105\u0142em  wszystkie komentarze z nazwiskami. Nowy Dziennik wprowadzi\u0142 wym\u00f3g  podawania personali\u00f3w zanim wpisze si\u0119 komentarz. I sko\u0144czy\u0142y si\u0119  ujadania \u201canonim\u00f3w\u201d, kt\u00f3rzy chcieli sobie poplu\u0107 \u00a0po autorach artyku\u0142\u00f3w,  w tym ni\u017cej podpisanego. Odwaga stania\u0142a. B\u0119d\u0119 honorowa\u0142 nazwiska  (skoro jedni mog\u0105 je podawa\u0107, dlaczego inni nie?) i nie mam zamiaru  martwi\u0107 \u00a0si\u0119, czy blog jest aktywny, czy nie. Dyskusja z anonimami, to  \u017cadna dyskusja. Nigdy mnie to nie rajcowa\u0142o, wi\u0119c ma\u0142a strata. S\u0105  sprawy, kt\u00f3re musimy potraktowa\u0107 nie plotkarsko, ale faktograficznie, bo  chodzi o nasz\u0105, polonijn\u0105 spo\u0142eczno\u015b\u0107 i nasz, polonijny maj\u0105tek. Nie  chc\u0119 mie\u0107 w\u0105tpliwej satysfakcji, \u017ce Polonia ok\u0142ada si\u0119 na moim blogu, a  tymczasem mo\u017cna by powt\u00f3rzy\u0107 za Chrystusem w\/g \u015bw. Jana Ewangelisty,  kiedy opisuje ukamieniowanie \u201cgrzesznej\u201d kobiety: \u201dKto z was bez  grzechu, niech pierwszy rzuci w ni\u0105 kamieniem\u201d.<\/span><br \/>\n<span style=\"font-size: 10pt; font-family: Verdana; color: #000000; background-color: transparent; font-weight: normal; font-style: normal; text-decoration: none; vertical-align: baseline\">\u017ba\u0142uj\u0119, \u017ce zebranie ma si\u0119 odby\u0107 w pi\u0105tek, a og\u0142oszenie w NDz. nie podaje nawet o kt\u00f3rej.<\/span><br \/>\n<span style=\"font-size: 10pt; font-family: Verdana; color: #000000; background-color: transparent; font-weight: normal; font-style: normal; text-decoration: none; vertical-align: baseline\">Ale da\u0142bym wiele, aby &#8222;okr\u0105g\u0142y st\u00f3\u0142\u201d odby\u0142 si\u0119 wcze\u015bniej.<\/span><\/p>\n","protected":false},"excerpt":{"rendered":"<p>Generic cialis onlineBuy Generic Viagra Jedni m\u00f3wi\u0105, \u017ce w\u0142o\u017cy\u0142em kij w mrowisko, inni ciesz\u0105 si\u0119, \u017ce \u201cprzy\u0142o\u017cy\u0142em\u201d CPS, jeszcze inni maj\u0105 satysfakc\u0119, \u017ce \u201coberwa\u0142o\u201d si\u0119 Unii, tymczasem tzw. \u201ckomentator\u00f3w\u201d jest zaledwie kilku &#8211; g\u0142\u00f3wnie ci sami, kt\u00f3rzy kiedy\u015b byli tu aktywni.<\/p>\n","protected":false},"author":2,"featured_media":0,"comment_status":"open","ping_status":"open","sticky":false,"template":"","format":"standard","meta":[],"categories":[2,5,1,4,3],"tags":[],"_links":{"self":[{"href":"https:\/\/sporek.com\/blog\/index.php?rest_route=\/wp\/v2\/posts\/269"}],"collection":[{"href":"https:\/\/sporek.com\/blog\/index.php?rest_route=\/wp\/v2\/posts"}],"about":[{"href":"https:\/\/sporek.com\/blog\/index.php?rest_route=\/wp\/v2\/types\/post"}],"author":[{"embeddable":true,"href":"https:\/\/sporek.com\/blog\/index.php?rest_route=\/wp\/v2\/users\/2"}],"replies":[{"embeddable":true,"href":"https:\/\/sporek.com\/blog\/index.php?rest_route=%2Fwp%2Fv2%2Fcomments&post=269"}],"version-history":[{"count":0,"href":"https:\/\/sporek.com\/blog\/index.php?rest_route=\/wp\/v2\/posts\/269\/revisions"}],"wp:attachment":[{"href":"https:\/\/sporek.com\/blog\/index.php?rest_route=%2Fwp%2Fv2%2Fmedia&parent=269"}],"wp:term":[{"taxonomy":"category","embeddable":true,"href":"https:\/\/sporek.com\/blog\/index.php?rest_route=%2Fwp%2Fv2%2Fcategories&post=269"},{"taxonomy":"post_tag","embeddable":true,"href":"https:\/\/sporek.com\/blog\/index.php?rest_route=%2Fwp%2Fv2%2Ftags&post=269"}],"curies":[{"name":"wp","href":"https:\/\/api.w.org\/{rel}","templated":true}]}}