{"id":27,"date":"2007-08-19T12:56:30","date_gmt":"2007-08-19T16:56:30","guid":{"rendered":"http:\/\/sporek.com\/blog\/?p=27"},"modified":"2007-09-22T13:05:18","modified_gmt":"2007-09-22T17:05:18","slug":"kultura-kresowa%e2%80%a6a-zaglada-swiata","status":"publish","type":"post","link":"https:\/\/sporek.com\/blog\/?p=27","title":{"rendered":"Kultura Kresowa \u2026 a zag\u0142ada \u015bwiata"},"content":{"rendered":"<p goog_ds_charIndex=\"43\"><span goog_ds_charIndex=\"44\" lang=\"PL\"><span goog_ds_charIndex=\"45\" lang=\"PL\">Zupe\u0142nie przypadkowo natrafi\u0142em w TVPolonia, kt\u00f3r\u0105 mog\u0119 ogl\u0105da<span goog_ds_charIndex=\"108\" class=\"postbody\">\u0107 w <\/span>moim komputerze, na Festiwal Kultury Kresowej, co rocznie od kilku lat odbywaj\u0105cy si\u0119 w Mr\u0105gowie. Najszczerzej przyzna<span goog_ds_charIndex=\"232\" class=\"postbody\">\u0107 musz\u0119, \u017ce by\u0142o to widowisko przewy\u017cszaj\u0105ce opolskie zawodzenie niekt\u00f3rych debiutant\u00f3w i nie tylko. Fantastyczne aran\u017cacje cudownej, kresowej muzyki w rewelacyjnym wr\u0119cz wykonaniu amator\u00f3w, kt\u00f3rych poziomu \u017cyczy\u0142bym tym \u201ewielkim\u201d pono\u0107 profesjonalnym gwiazdom polskiej sceny obecnych czas\u00f3w. Wspania\u0142e wydarzenie, niesamowite wr\u0119cz prze\u017cycia i nieprawdopodobnie autentyczne wykonania. Mo\u017ce w\u0142a\u015bnie dlatego, \u017ce to amatorzy, by\u0142o w tych wykonaniach ogromnie du\u017co serca i, co najwa\u017cniejsze z punktu estetyczno-muzycznej oceny, by\u0142y to wykonania o niezwyk\u0142ej kulturze wykonawczej.<!--more--><\/span><\/span><\/span><\/p>\n<p goog_ds_charIndex=\"43\"><span goog_ds_charIndex=\"44\" lang=\"PL\"><span goog_ds_charIndex=\"45\" lang=\"PL\"><span goog_ds_charIndex=\"232\" class=\"postbody\"><\/span><\/span><span goog_ds_charIndex=\"814\" class=\"postbody\"><span goog_ds_charIndex=\"815\" lang=\"PL\">By\u0142em naprawd\u0119 do g\u0142\u0119bi zachwycony wszystkimi wykonawcami; od sze\u015bciolatk\u00f3w do tych najstarszych, nie m\u00f3wi\u0105c ju\u017c o go\u015bciu specjalnym; Bernard \u0141adysz,- c\u00f3\u017c za klasa, co za warsztat, a przy tym skromno\u015b\u0107 i&#8230;85-te urodziny. <\/span><\/span><span goog_ds_charIndex=\"1040\" class=\"postbody\"><span goog_ds_charIndex=\"1041\" lang=\"PL\">Strona artystyczna, to jedna, pozytywnie szokuj\u0105ca sprawa, natomiast \u0142adunek patriotyzmu, jaki bi\u0142 ze sceny w ka\u017cdym wykonaniu najbardziej nawet banalnej piosenki, skeczu, ta\u0144ca by\u0142 tak ogromny, \u017ce starczy\u0142by na obdzielenie kilku innych \u201efestiwali\u201d, a ju\u017c na pewno winien sta\u0107 si\u0119 przyk\u0142adem,-wzorcowym przyk\u0142adem- patriotyzmu w najlepszym wydaniu. W czasach pokoju najwspanialszym przejawem i okazywaniem patriotyzmu jest, w moim odczuciu w\u0142a\u015bnie ten po\u0142\u0105czony ze sztuk\u0105. Tu mieli\u015bmy przyk\u0142ad po\u0142\u0105czenia znakomitej pracy zawodowych aran\u017cer\u00f3w ze \u015bwietnymi wykonaniami amator\u00f3w. <\/span><\/span><span goog_ds_charIndex=\"1622\" class=\"postbody\"><span goog_ds_charIndex=\"1623\" lang=\"PL\">Czy to dlatego, \u017ce wszyscy uczestnicy tego festiwalu mieszkaj\u0105 poza Polsk\u0105, czy dlatego, \u017ce w ich sercach i umys\u0142ach jest pami\u0119\u0107 strasznych los\u00f3w ich przodk\u00f3w; ojc\u00f3w, matek, dziadk\u00f3w, bab\u0107, ale te\u017c braci i si\u00f3str. Nie istotne. To, co zaprezentowali wykonawcy na tej festiwalowej scenie w Mr\u0105gowie by\u0142o tak porywaj\u0105ce, \u017ce chyba wybior\u0119 si\u0119 na przysz\u0142oroczny festiwal. Zatka\u0142o mnie, daj\u0119 s\u0142owo. Czego\u015b tak fantastycznego nie wiedzia\u0142em ju\u017c dawno.<\/span><\/span><span goog_ds_charIndex=\"2070\" class=\"postbody\"><span goog_ds_charIndex=\"2071\" lang=\"PL\">Kiedy ogl\u0105da si\u0119 takie rzeczy, takie imprezy, a\u017c ci\u015bnie si\u0119 pytanie: dlaczego kultura jest tak straszliwie osamotniona? I to niestety, im bardziej rozwini\u0119ty gospodarczo kraj, tym kultura dostaje mniej funduszy na jej rozw\u00f3j. Przyk\u0142adem s\u0105 chocia\u017cby Stany Zjednoczone. Pami\u0119tam, jak kilka lat temu zaszokowa\u0142a mnie informacja Davida Dubala, (to taki nowojorski Bogdan Kaczy\u0144ski, tylko w kierunku muzyki fortepianowej). Napisa\u0142by\u0142\u00a0 niegdy\u015b David (kt\u00f3rego znam osobi\u015bcie), w New York Times, \u017ce USA wydaj\u0105 na kultur\u0119 tyle w skali roku, ile Wiede\u0144 wydaje na produkcje operowe w &#8230; jednym sezonie!<\/span><\/span><\/span><\/p>\n<p goog_ds_charIndex=\"2668\"><span goog_ds_charIndex=\"2669\" lang=\"PL\"><span goog_ds_charIndex=\"2670\" class=\"postbody\"><span goog_ds_charIndex=\"2671\" lang=\"PL\">Od wczesnej m\u0142odo\u015bci s\u0142ysza\u0142em deklaracje szef\u00f3w rz\u0105d\u00f3w, podawane do publicznej wiadomo\u015bci, o d\u0105\u017ceniu do rozbrojenia. <\/span><\/span><span goog_ds_charIndex=\"2792\" class=\"postbody\"><span goog_ds_charIndex=\"2793\" lang=\"PL\">Dzi\u015b wszystkie bogate kraje \u015bwiata doprowadzi\u0142y sposoby zabijania ludzi do tak niezwyk\u0142ych rozmiar\u00f3w, tak zr\u00f3\u017cnicowanych rodzaj\u00f3w, \u017ce chyba czas b\u0119dzie porz\u0105dnie si\u0119 wyspowiada\u0107 i czeka\u0107, a\u017c jaki\u015b nieodpowiedzialny idiota-zbrodniarz naci\u015bnie ten newralgiczny guzik i&#8230;po wszystkim. <\/span><\/span><span goog_ds_charIndex=\"3079\" class=\"postbody\"><span goog_ds_charIndex=\"3080\" lang=\"PL\">Najstraszniejsza rzecz\u0105 w tym cholernym paradoksie \u201erozbrajania\u201d jest to, \u017ce to my wszyscy jeste\u015bmy wsp\u00f3\u0142odpowiedzialni! Tak. To my wybieramy prezydent\u00f3w, to my nie rozliczamy ich z ich dzia\u0142a\u0144, to my wybieramy ich na nast\u0119pne kadencje. To my nie alarmujemy, \u017ce mamy dosy\u0107 wojen, \u017ce chcemy \u017cy\u0107 i da\u0107 \u017cy\u0107 innym; to my nie krzyczymy g\u0142o\u015bno, \u017ce chcemy kultury; pie\u015bni, poezji, teatru, ksi\u0105\u017cek. To my nie uczestniczymy w koncertach, nie popieramy sztuki. <\/span><\/span><span goog_ds_charIndex=\"3534\" class=\"postbody\"><span goog_ds_charIndex=\"3535\" lang=\"PL\">Znikn\u0119\u0142o ju\u017c w\u0142a\u015bciwie poj\u0119cie \u201emecenas sztuki\u201d. By\u0142o bardzo popularne i pe\u0142ne szacunku w dawnych czasach. Jeszcze pami\u0119taj\u0105 je czasy ko\u0144ca XiX wieku. A tu, w Stanach jednym z najwi\u0119kszych by\u0142 Andrew Carnegie. Ponad dwie\u015bcie bibliotek w stanie Nowy Jork, domy spokojnej staro\u015bci, no i wreszcie ta najs\u0142ynniejsza w \u015bwiecie Carnegie Hall. Sala koncertowa, w kt\u00f3rej chce i marzy, aby tu wyst\u0105pi\u0107 ka\u017cdy artysta, pod ka\u017cd\u0105 szeroko\u015bci\u0105 geograficzn\u0105. <\/span><\/span><span goog_ds_charIndex=\"3982\" class=\"postbody\"><span goog_ds_charIndex=\"3983\" lang=\"PL\">Rz\u0105dy wydaj\u0105 pieni\u0105dze podatnik\u00f3w na zbrojenie, nie pytaj\u0105c ich o zgod\u0119. Kiedy zwyk\u0142y \u015bmiertelnik chce da\u0107 pieni\u0105dze biednym, lub inaczej im pom\u00f3c natrafia na problemy z fiskusem i musi si\u0119 t\u0142umaczy\u0107 ze swej szczodrobliwo\u015bci. <\/span><\/span><span goog_ds_charIndex=\"4212\" class=\"postbody\"><span goog_ds_charIndex=\"4213\" lang=\"PL\">\u015awiat staje na g\u0142owie i to nie dlatego, \u017ce spo\u0142ecze\u0144stwa s\u0105 \u201epor\u0105bane\u201d. To politycy stawiaj\u0105 go do g\u00f3ry nogami. Tam, w \u015bwiecie polityki jest najwi\u0119cej ob\u0142\u0105kanych por\u0105ba\u0144c\u00f3w, najwi\u0119cej\u00a0 niebezpiecznych dla naszej matki Ziemi i dla ludzko\u015bci osobnik\u00f3w. Dyplomaci, kt\u00f3rzy nie maj\u0105 poj\u0119cia, co to dyplomacja, nie wiedz\u0105, co to dialog, nie widz\u0105 potrzeb swoich spo\u0142ecze\u0144stw; widz\u0105 biznes, najcz\u0119\u015bciej sw\u00f3j, a biznes zbrojeniowy, to niewiarygodnie lukratywny interes. <\/span><\/span><span goog_ds_charIndex=\"4678\" class=\"postbody\"><span goog_ds_charIndex=\"4679\" lang=\"PL\">Nigdy jeszcze \u015bwiat nie by\u0142 tak paradoksalnie skontrastowany, jak dzi\u015b: odra\u017caj\u0105ce bogactwo w jednych i przera\u017caj\u0105ca bieda w innych krajach. \u017bywno\u015b\u0107 wyrzucana na \u015bmietniki w jednych i g\u0142\u00f3d totalny w innych. Kosmos i perfekcyjne maszynki do zabijania w jednych i korzenie wyrywane z ziemi dla zaspokojenia g\u0142odu w innych.<\/span><\/span><\/span><\/p>\n","protected":false},"excerpt":{"rendered":"<p>Zupe\u0142nie przypadkowo natrafi\u0142em w TVPolonia, kt\u00f3r\u0105 mog\u0119 ogl\u0105da\u0107 w moim komputerze, na Festiwal Kultury Kresowej, co rocznie od kilku lat odbywaj\u0105cy si\u0119 w Mr\u0105gowie. Najszczerzej przyzna\u0107 musz\u0119, \u017ce by\u0142o to widowisko przewy\u017cszaj\u0105ce opolskie zawodzenie niekt\u00f3rych debiutant\u00f3w i nie tylko. Fantastyczne aran\u017cacje cudownej, kresowej muzyki w rewelacyjnym wr\u0119cz wykonaniu amator\u00f3w, kt\u00f3rych poziomu \u017cyczy\u0142bym tym \u201ewielkim\u201d pono\u0107 [&hellip;]<\/p>\n","protected":false},"author":2,"featured_media":0,"comment_status":"open","ping_status":"open","sticky":false,"template":"","format":"standard","meta":[],"categories":[5,1],"tags":[],"_links":{"self":[{"href":"https:\/\/sporek.com\/blog\/index.php?rest_route=\/wp\/v2\/posts\/27"}],"collection":[{"href":"https:\/\/sporek.com\/blog\/index.php?rest_route=\/wp\/v2\/posts"}],"about":[{"href":"https:\/\/sporek.com\/blog\/index.php?rest_route=\/wp\/v2\/types\/post"}],"author":[{"embeddable":true,"href":"https:\/\/sporek.com\/blog\/index.php?rest_route=\/wp\/v2\/users\/2"}],"replies":[{"embeddable":true,"href":"https:\/\/sporek.com\/blog\/index.php?rest_route=%2Fwp%2Fv2%2Fcomments&post=27"}],"version-history":[{"count":0,"href":"https:\/\/sporek.com\/blog\/index.php?rest_route=\/wp\/v2\/posts\/27\/revisions"}],"wp:attachment":[{"href":"https:\/\/sporek.com\/blog\/index.php?rest_route=%2Fwp%2Fv2%2Fmedia&parent=27"}],"wp:term":[{"taxonomy":"category","embeddable":true,"href":"https:\/\/sporek.com\/blog\/index.php?rest_route=%2Fwp%2Fv2%2Fcategories&post=27"},{"taxonomy":"post_tag","embeddable":true,"href":"https:\/\/sporek.com\/blog\/index.php?rest_route=%2Fwp%2Fv2%2Ftags&post=27"}],"curies":[{"name":"wp","href":"https:\/\/api.w.org\/{rel}","templated":true}]}}