{"id":270,"date":"2010-11-26T04:00:03","date_gmt":"2010-11-26T08:00:03","guid":{"rendered":"http:\/\/sporek.com\/blog\/?p=270"},"modified":"2010-11-26T04:05:15","modified_gmt":"2010-11-26T08:05:15","slug":"powrot-kc-ja-mam-kaca","status":"publish","type":"post","link":"https:\/\/sporek.com\/blog\/?p=270","title":{"rendered":"Powr\u00f3t KC- mam kaca"},"content":{"rendered":"<p><span style=\"font-size: 10pt; font-family: Verdana; color: #000000; background-color: transparent; font-weight: normal; font-style: normal; text-decoration: none; vertical-align: baseline\" id=\"internal-source-marker_0.032438350373493297\"><\/span><span style=\"font-size: 10pt; font-family: Verdana; color: #000000; background-color: transparent; font-weight: normal; font-style: normal; text-decoration: none; vertical-align: baseline\">By\u0142  11 grudnia, 1981. Prowadzony przeze mnie zesp\u00f3\u0142 pie\u015bni i ta\u0144ca  \u201cG\u00f3rnicy\u201d przy KWK D\u0119bie\u0144sko w Leszczynach-Czerwionce, ko\u0142o Rybnika  wyst\u0119puje dla za\u0142ogi Ursusa. Wspania\u0142e przyj\u0119cie przez za\u0142og\u0119 i  dyrektora Wilka. Na drugi dzie\u0144 zwiedzanie zak\u0142adu, a wieczorem wyst\u0119p  kabaretu \u201cTrzecia Zmiana\u201d z Jurkiem Cnot\u0105. <\/span><!--more--><span style=\"font-size: 10pt; font-family: Verdana; color: #000000; background-color: transparent; font-weight: normal; font-style: normal; text-decoration: none; vertical-align: baseline\">Potem spotkanie biesiadne.  Wspania\u0142e humory, piwo, wino, czysta. Nikt si\u0119 nie upija. Przygotowuj\u0119 z  kolegami z Solidarno\u015bci ulotki i materia\u0142y drukowane, aby zabra\u0107 je na  Sl\u0105sk. Jeszcze d\u0142uga rozmowa z dyrektorem zak\u0142ad\u00f3w i szefem d\/s kultury o  przysz\u0142ej wymianie kulturalnej mi\u0119dzy \u201cmoj\u0105\u201d kopalni\u0105 i Ursusem. By\u0142em  szefem kom\u00f3rki kulturalnej Solidarno\u015bci w Rybniku. Oko\u0142o 1-ej po p\u00f3\u0142nocy  udaj\u0119 si\u0119 do hotelu pracowniczego. \u015anieg chrupie pod nogami, jak w  mojej Rajczy. Upajam si\u0119 tym. Jeszcze papieros przed wej\u015bciem do hotelu i  d\u0142ugie gapienie si\u0119 na zak\u0142ady Ursusa majacz\u0105ce w po\u015bwiacie ksi\u0119\u017cyca.  Cudowna noc. Nie chce mi si\u0119 spa\u0107. Oczami wyobra\u017ani widz\u0119 rado\u015b\u0107 moich  koleg\u00f3w w Rybniku z przywiezionych materia\u0142\u00f3w, satysfakcj\u0119 dyrektora  kopalni po znakomitym wyst\u0119pie \u201cG\u00f3rnik\u00f3w\u201d. Podchodzi kto\u015b z zarz\u0105du  Solidarno\u015bci.<\/span><br \/>\n<span style=\"font-size: 10pt; font-family: Verdana; color: #000000; background-color: transparent; font-weight: normal; font-style: normal; text-decoration: none; vertical-align: baseline\">-Nie mo\u017ce pan spa\u0107?<\/span><br \/>\n<span style=\"font-size: 10pt; font-family: Verdana; color: #000000; background-color: transparent; font-weight: normal; font-style: normal; text-decoration: none; vertical-align: baseline\">-Jako\u015b nie, Najch\u0119tniej przeszed\u0142bym si\u0119 po zak\u0142adzie.<\/span><br \/>\n<span style=\"font-size: 10pt; font-family: Verdana; color: #000000; background-color: transparent; font-weight: normal; font-style: normal; text-decoration: none; vertical-align: baseline\">-To idziemy.<\/span><br \/>\n<span style=\"font-size: 10pt; font-family: Verdana; color: #000000; background-color: transparent; font-weight: normal; font-style: normal; text-decoration: none; vertical-align: baseline\">Mam  wi\u0119c przewodnika. Mijamy park maszyn, zaraz potem ustawione w \u201cszyku\u201d  traktory, wchodzimy do monta\u017cowni, gdzie uwijaj\u0105 si\u0119 ursusowcy, jak  mr\u00f3wki. Farbiarnia, myjnia i co tam jeszcze. Dochodzi druga nad ranem, a  my dochodzimy do hotelu. Teraz dopiero czuj\u0119 potworne zm\u0119czenie. Moje  \u201cDzieci\u201d, jak nazywa\u0142em tancerzy i ch\u00f3rzyst\u00f3w \u015bpi\u0105. Kompletna cisza. Nie  wiem, kiedy zasypiam, ale jeszcze m\u0119cz\u0119 si\u0119 bezsenno\u015bci\u0105. Za du\u017co  wra\u017ce\u0144. <\/span><br \/>\n<span style=\"font-size: 10pt; font-family: Verdana; color: #000000; background-color: transparent; font-weight: normal; font-style: normal; text-decoration: none; vertical-align: baseline\">-Szefie, wstowejcie, pieronie, wojna!<\/span><br \/>\n<span style=\"font-size: 10pt; font-family: Verdana; color: #000000; background-color: transparent; font-weight: normal; font-style: normal; text-decoration: none; vertical-align: baseline\">Krzyk  kierowcy naszego autobusu i straszliwe szarpanie mojego um\u0119czonego  cia\u0142a wkurzaj\u0105 mnie do maksimum. Patrz\u0119 na zegarek -5:15<\/span><br \/>\n<span style=\"font-size: 10pt; font-family: Verdana; color: #000000; background-color: transparent; font-weight: normal; font-style: normal; text-decoration: none; vertical-align: baseline\">-Rychu\u015b,  obiecuja ci, \u017ce cie zabija piyrszom, lepszom brechom, jakom znojda na  placu, ty pierzy\u0144ski gi\u017adzie. Jak\u017ce\u015b si\u0119 napi\u0142, to sie id\u017a dospa\u0107, bo ci  rzazna w dziub, \u017ce cie twoja Hilda nie pozno.<\/span><br \/>\n<span style=\"font-size: 10pt; font-family: Verdana; color: #000000; background-color: transparent; font-weight: normal; font-style: normal; text-decoration: none; vertical-align: baseline\">-Panie Januszu wsotwejcie, Jezusie i pos\u0142uchejcie, co tyn ch&#8230;. godo.<\/span><br \/>\n<span style=\"font-size: 10pt; font-family: Verdana; color: #000000; background-color: transparent; font-weight: normal; font-style: normal; text-decoration: none; vertical-align: baseline\">Kierowca postawi\u0142 \u201ckoliberka\u201d na szafce nocnej i pu\u015bci\u0142 na full.<\/span><br \/>\n<span style=\"font-size: 10pt; font-family: Verdana; color: #000000; background-color: transparent; font-weight: normal; font-style: normal; text-decoration: none; vertical-align: baseline\">\u201cDzi\u015b w nocy, Wojskowa Rada Ocalenia Narodowego&#8230;\u201d Ten g\u0142os by\u0142 rozpoznawalny, jak nocna zmora. Zerwa\u0142em si\u0119, jak oparzony.<\/span><br \/>\n<span style=\"font-size: 10pt; font-family: Verdana; color: #000000; background-color: transparent; font-weight: normal; font-style: normal; text-decoration: none; vertical-align: baseline\">-Bud\u017a ludzi, rozgrzewaj autobus, wyje\u017cd\u017camy najpr\u0119dzej, jak si\u0119 tylko da!<\/span><br \/>\n<span style=\"font-size: 10pt; font-family: Verdana; color: #000000; background-color: transparent; font-weight: normal; font-style: normal; text-decoration: none; vertical-align: baseline\">W  tym momencie us\u0142ysza\u0142em ryk silnika traktora i krzyk: \u201c G\u00f3rnicy  sp&#8230;..jcie, WRONA wypowiedzia\u0142a narodowi wojn\u0119! Otworzy\u0142em okno na ca\u0142\u0105  szeroko\u015b\u0107 otrzymuj\u0105c pot\u0119\u017cny cios zimnego powietrza na ca\u0142e cia\u0142o.  Traktorzysta wyskoczy\u0142 z kabiny i wrzeszczy: Gdzie macie te materia\u0142y?<\/span><br \/>\n<span style=\"font-size: 10pt; font-family: Verdana; color: #000000; background-color: transparent; font-weight: normal; font-style: normal; text-decoration: none; vertical-align: baseline\">-W autobusie, kierowca zaraz tam b\u0119dzie.<\/span><br \/>\n<span style=\"font-size: 10pt; font-family: Verdana; color: #000000; background-color: transparent; font-weight: normal; font-style: normal; text-decoration: none; vertical-align: baseline\">-Trzeba  to wyci\u0105gn\u0105\u0107 i spali\u0107, oni pl\u0105druj\u0105 biura Solidarno\u015bci w Warszawie, na  pewno b\u0119dziecie mie\u0107 kontrol\u0119. Wsz\u0119dzie \u201cst\u00f3jki\u201d wojskowe. Uciekajcie  st\u0105d bo mo\u017cecie nie dojecha\u0107 na Sl\u0105k!<\/span><br \/>\n<span style=\"font-size: 10pt; font-family: Verdana; color: #000000; background-color: transparent; font-weight: normal; font-style: normal; text-decoration: none; vertical-align: baseline\">B\u0142yskawiczna  toaleta, bez\u0142adne pakowanie nesesera i po dziesi\u0119ciu minutach stoj\u0119  przy autokarze. Wychodz\u0105 moi arty\u015bci. Przestraszeni, niedospani. s\u0105, jak  ma\u0142e dzieci. Mam ochot\u0119 ka\u017cdego przytuli\u0107. Zamiast tego pakuj\u0119 ich do  autobusu i poganiam maruder\u00f3w. \u201cPod Twoj\u0105 obron\u0119\u201d i Zdrowa\u015b Mario. P\u00f3\u0142  godziny p\u00f3\u017aniej odje\u017cd\u017camy. Ursusowcy \u017cycz\u0105 nam szerokiej drogi i jak  najmnij problem\u00f3w. Przy wyje\u017adzie z bramy podchodzi jeden z tancerzy:<\/span><br \/>\n<span style=\"font-size: 10pt; font-family: Verdana; color: #000000; background-color: transparent; font-weight: normal; font-style: normal; text-decoration: none; vertical-align: baseline\">-Panie Januszu, mieli\u015bmy zabra\u0107 moj\u0105 mam\u0119 spod Pa\u0142acu Kultury.<\/span><br \/>\n<span style=\"font-size: 10pt; font-family: Verdana; color: #000000; background-color: transparent; font-weight: normal; font-style: normal; text-decoration: none; vertical-align: baseline\">-O cholera, zapomnia\u0142em. Rychu\u015b do stolicy.<\/span><br \/>\n<span style=\"font-size: 10pt; font-family: Verdana; color: #000000; background-color: transparent; font-weight: normal; font-style: normal; text-decoration: none; vertical-align: baseline\">-Chopie,  chyba ci rozum odebra\u0142o. Kaj terozki do Warszawy? Niekt\u00f3rzy z m\u0142odych  artyst\u00f3w zacz\u0119li mu wt\u00f3rowa\u0107 i zrobi\u0142o si\u0119 nieprzyjemnie. Mia\u0142em przed  sob\u0105 potwornie zatroskan\u0105 i przestraszon\u0105 twarz syna, kt\u00f3ry obieca\u0142  matce, \u017ce zabierzemy j\u0105 na \u015al\u0105sk.<\/span><br \/>\n<span style=\"font-size: 10pt; font-family: Verdana; color: #000000; background-color: transparent; font-weight: normal; font-style: normal; text-decoration: none; vertical-align: baseline\">Spojrza\u0142em na moje \u201cDzieci\u201d bez s\u0142owa i zdecydowanym g\u0142osem powiedzia\u0142em: -Do Warszawy.<\/span><br \/>\n<span style=\"font-size: 10pt; font-family: Verdana; color: #000000; background-color: transparent; font-weight: normal; font-style: normal; text-decoration: none; vertical-align: baseline\">Nie  by\u0142o dyskusji. Znali mnie a\u017c za dobrze. Dopiero po oko\u0142o trzech  godzinach parkujemy pod Pa\u0142acem Kultury. Wychodz\u0119 z autobusu, za mn\u0105  Andrzej, kt\u00f3ry szuka wzrokiem swojej matki, ale jest za wcze\u015bnie.  Um\u00f3wili\u015bmy si\u0119 na dziesi\u0105t\u0105, jest dziewi\u0105ta. Czuj\u0119 z\u0142o\u015b\u0107 niekt\u00f3rych  artyst\u00f3w. Z\u0142o\u015b\u0107 podszyt\u0105 strachem. Nikt z nas nigdy nie prze\u017cy\u0142 takiej  sytuacji. Nikt nie mia\u0142 poj\u0119cia czym i co to jest stan wojenny. Z  autobusu wychodzi Olek &#8211; najstarszy z ch\u00f3rzyst\u00f3w. Kapitan Wojska  Polskiego w spoczynku, in\u017cynier z wykszta\u0142cenia, szef ochrony \u015brodowiska  na kopalni, Podchodzi do mnie, wyjmuje \u201csporty\u201d. Z racji wieku i  powi\u0105za\u0144 towarzyskich byli\u015bmy przyjaci\u00f3\u0142mi. Przypalamy, plujac tytoniem.  Nagle pod Pa\u0142ac Kultury podje\u017cd\u017caj\u0105 wojskowe suki i jeden du\u017cy,  ci\u0119\u017carowy transportowiec. Wyskakuj\u0105 uzbrojeni \u017co\u0142nierze i ustawiaj\u0105 si\u0119  szpalerem od pa\u0142acowych wr\u00f3t.<\/span><br \/>\n<span style=\"font-size: 10pt; font-family: Verdana; color: #000000; background-color: transparent; font-weight: normal; font-style: normal; text-decoration: none; vertical-align: baseline\">Po  chwili otwieraj\u0105 si\u0119 i pojedynczo wychodz\u0105 jacy\u015b ludzie. Pytam  przechodz\u0105cego warszawiaka, kim s\u0105 ci ludzie, gdy nagle rozpoznaj\u0119  Gustawa Holoubka, zaraz potem Tadeusza \u0141omnickiego.<\/span><br \/>\n<span style=\"font-size: 10pt; font-family: Verdana; color: #000000; background-color: transparent; font-weight: normal; font-style: normal; text-decoration: none; vertical-align: baseline\">-To  uczestnicy \u201cSejmiku Kultury\u201d. Mia\u0142 si\u0119 rozpocz\u0105\u0107 o dziewi\u0105tej. A wy, co  tu robicie? Na waszym miejscu jecha\u0142bym st\u0105d jak najszybciej.<\/span><br \/>\n<span style=\"font-size: 10pt; font-family: Verdana; color: #000000; background-color: transparent; font-weight: normal; font-style: normal; text-decoration: none; vertical-align: baseline\">I odszed\u0142. Patrz\u0119 na Olka. Po zoranej, oficerskiej twarzy p\u0142yn\u0105 \u0142zy.<\/span><br \/>\n<span style=\"font-size: 10pt; font-family: Verdana; color: #000000; background-color: transparent; font-weight: normal; font-style: normal; text-decoration: none; vertical-align: baseline\">-Stary, co jest? <\/span><br \/>\n<span style=\"font-size: 10pt; font-family: Verdana; color: #000000; background-color: transparent; font-weight: normal; font-style: normal; text-decoration: none; vertical-align: baseline\">Milcza\u0142,  patrz\u0105c na wychodz\u0105cych artyst\u00f3w, dzia\u0142aczy, profesor\u00f3w. W pewnym  momencie dw\u00f3ch spo\u015br\u00f3d wychodz\u0105cych za\u0142o\u017cy\u0142o r\u0119ce za g\u0142ow\u0119. Poczu\u0142em  si\u0119, jak za Hitlera i co\u015b strasznego \u015bcisn\u0119\u0142o mi trzewia. Wojn\u0119 zna\u0142em  tylko \u00a0z film\u00f3w i opowiada\u0144. I u\u015bwiadomi\u0142em sobie przez co przeszli nasi  ojcowie, przez co przesz\u0142o ca\u0142e pokolenie przedwojenne. Poch\u00f3d  \u201ckultury\u201d szed\u0142 spokojnie i bezg\u0142o\u015bnie w stron\u0119 \u201c\u015aciany Wschodniej\u201d, tam  pocz\u0119li si\u0119 rozchodzi\u0107 w r\u00f3\u017cne strony.<\/span><br \/>\n<span style=\"font-size: 10pt; font-family: Verdana; color: #000000; background-color: transparent; font-weight: normal; font-style: normal; text-decoration: none; vertical-align: baseline\">-Wi\u0119c te sk&#8230;ny \u00a0zaplanowa\u0142y to du\u017co wcze\u015bniej &#8211; us\u0142ysza\u0142em g\u0142os Olka.<\/span><br \/>\n<span style=\"font-size: 10pt; font-family: Verdana; color: #000000; background-color: transparent; font-weight: normal; font-style: normal; text-decoration: none; vertical-align: baseline\">-O czym ty m\u00f3wisz?<\/span><br \/>\n<span style=\"font-size: 10pt; font-family: Verdana; color: #000000; background-color: transparent; font-weight: normal; font-style: normal; text-decoration: none; vertical-align: baseline\">-Cztery dni temu dosta\u0142em polecenie oddania pistoletu na komend\u0119 milicji&#8230;<\/span><br \/>\n<span style=\"font-size: 10pt; font-family: Verdana; color: #000000; background-color: transparent; font-weight: normal; font-style: normal; text-decoration: none; vertical-align: baseline\">-\u017bartujesz?<\/span><br \/>\n<span style=\"font-size: 10pt; font-family: Verdana; color: #000000; background-color: transparent; font-weight: normal; font-style: normal; text-decoration: none; vertical-align: baseline\">-My\u015blisz, \u017ce mam na to ochot\u0119?<\/span><br \/>\n<span style=\"font-size: 10pt; font-family: Verdana; color: #000000; background-color: transparent; font-weight: normal; font-style: normal; text-decoration: none; vertical-align: baseline\">-Jezus, Maria &#8211; j\u0119kn\u0105\u0142em<\/span><br \/>\n<span style=\"font-size: 10pt; font-family: Verdana; color: #000000; background-color: transparent; font-weight: normal; font-style: normal; text-decoration: none; vertical-align: baseline\">Olek  ruszy\u0142 w stron\u0119 podziemnego przej\u015bcia. Poszed\u0142em za nim. W tunelu dwie  starsze warszawianki sta\u0142y przed ogromnym rysunkiem Jaruzelskiego,  namalowanego czarn\u0105 farb\u0105. Kreska, ale prawie portret. Zreszt\u0105  wystarczy\u0142o, \u017ce by\u0142y czarne okulary i generalska czapka. Obok rysunku  napis: \u201cSp&#8230;..j do Rosji, \u015bwinio\u201d. Troch\u0119 dalej kotwica z liter\u0105 P-znak  walcz\u0105cej Warszawy.<\/span><br \/>\n<span style=\"font-size: 10pt; font-family: Verdana; color: #000000; background-color: transparent; font-weight: normal; font-style: normal; text-decoration: none; vertical-align: baseline\">Zatrzymali\u015bmy si\u0119 obok starszych pa\u0144. Wygl\u0105da\u0142y bardzo dystyngowanie.<\/span><br \/>\n<span style=\"font-size: 10pt; font-family: Verdana; color: #000000; background-color: transparent; font-weight: normal; font-style: normal; text-decoration: none; vertical-align: baseline\">-Maj\u0105  racj\u0119 -powiedzia\u0142a nagle jedna z nich z oburzeniem w g\u0142osie, &#8211; niech  sp&#8230;..la, wojskowa \u015bwinia, a z nim te wszystkie czerwone&#8230;<\/span><br \/>\n<span style=\"font-size: 10pt; font-family: Verdana; color: #000000; background-color: transparent; font-weight: normal; font-style: normal; text-decoration: none; vertical-align: baseline\">Nie  doko\u0144czy\u0142a. Z potwornym strachem w oczach spojrza\u0142a na nas. Nie zapomn\u0119  jej wzroku. Strach nagle ust\u0105pi\u0142 miejsca jakiej\u015b heroicznej  determinacji:<\/span><br \/>\n<span style=\"font-size: 10pt; font-family: Verdana; color: #000000; background-color: transparent; font-weight: normal; font-style: normal; text-decoration: none; vertical-align: baseline\">-No, dalej &#8211; aresztuj mnie szujo.<\/span><br \/>\n<span style=\"font-size: 10pt; font-family: Verdana; color: #000000; background-color: transparent; font-weight: normal; font-style: normal; text-decoration: none; vertical-align: baseline\">-Prosz\u0119 si\u0119 uspokoi\u0107, my\u015bl\u0119 dok\u0142adnie tak samo, jak panie. Kolega te\u017c.<\/span><br \/>\n<span style=\"font-size: 10pt; font-family: Verdana; color: #000000; background-color: transparent; font-weight: normal; font-style: normal; text-decoration: none; vertical-align: baseline\">-A wy przypadkiem nie z tego autobusu ze \u015al\u0105ska? Na co wy czekacie? Jed\u017acie st\u0105d.<\/span><br \/>\n<span style=\"font-size: 10pt; font-family: Verdana; color: #000000; background-color: transparent; font-weight: normal; font-style: normal; text-decoration: none; vertical-align: baseline\">-Tak, ze \u015al\u0105ska, tylko musimy czeka\u0107 na matk\u0119 jednego z tancerzy.<\/span><br \/>\n<span style=\"font-size: 10pt; font-family: Verdana; color: #000000; background-color: transparent; font-weight: normal; font-style: normal; text-decoration: none; vertical-align: baseline\">-To wy arty\u015bci?<\/span><br \/>\n<span style=\"font-size: 10pt; font-family: Verdana; color: #000000; background-color: transparent; font-weight: normal; font-style: normal; text-decoration: none; vertical-align: baseline\">-Amatorzy, g\u00f3rnicy. Mieli\u015bmy koncert w Ursusie.<\/span><br \/>\n<span style=\"font-size: 10pt; font-family: Verdana; color: #000000; background-color: transparent; font-weight: normal; font-style: normal; text-decoration: none; vertical-align: baseline\">-No, to powodzenia. Jak widzicie mamy wojn\u0119.<\/span><br \/>\n<span style=\"font-size: 10pt; font-family: Verdana; color: #000000; background-color: transparent; font-weight: normal; font-style: normal; text-decoration: none; vertical-align: baseline\">W tym momencie ze schod\u00f3w da\u0142 si\u0119 s\u0142ysze\u0107 krzyk jednej z dziewcz\u0105t: Panie Januszu przysz\u0142a mama Andrzeja!<\/span><br \/>\n<span style=\"font-size: 10pt; font-family: Verdana; color: #000000; background-color: transparent; font-weight: normal; font-style: normal; text-decoration: none; vertical-align: baseline\">Pop\u0119dzili\u015bmy,  dzi\u0119kuj\u0105c starszym paniom i \u017cegnaj\u0105c si\u0119 z nimi. Przy autobusie sta\u0142a  mama Andrzeja, kt\u00f3ra na m\u00f3j widok nie mog\u0142a znale\u017a\u0107 s\u0142\u00f3w, aby  podzi\u0119kowa\u0107, \u017ce zdecydowa\u0142em po ni\u0105 pojecha\u0107. Zapakowa\u0142em wszystkich i  ruszyli\u015bmy na po\u0142udnie. W Mierz\u0119cicach stali\u015bmy na autostradzie ponad  trzy godziny przepuszczaj\u0105c zbrojne si\u0142y na kopalnie Wujek, Jastrz\u0119bie i  inne. Stali\u015bmy, jako trzeci pojazd przy \u015bwiat\u0142ach drogowych.  Przera\u017caj\u0105cy widok czo\u0142g\u00f3w, transporter\u00f3w, gazik\u00f3w, \u0142azik\u00f3w. I  refleksja: to sprz\u0119t za pieni\u0105dze spo\u0142ecze\u0144stwa, tych ch\u0142opc\u00f3w utrzymuje  skarb pa\u0144stwa, a wi\u0119c z naszych pieni\u0119dzy. Teraz id\u0105 przeciwko nam.  Cztery kontrole. W sumie nic strasznego. Zapytali mnie co to za grupa,  spojrzeli i wyszli. <\/span><br \/>\n<span style=\"font-size: 10pt; font-family: Verdana; color: #000000; background-color: transparent; font-weight: normal; font-style: normal; text-decoration: none; vertical-align: baseline\">Teraz  inna, bolesna: G\u00f3rnicy z Wujka dostali w swoje martwe twarze od tego,  za kt\u00f3rego mi\u0119dzy innymi oddali swoje \u017cycie. Ha\u0144ba, jakiej nigdy si\u0119 nie  spodziewa\u0142em.<\/span><br \/>\n<span style=\"font-size: 10pt; font-family: Verdana; color: #000000; background-color: transparent; font-weight: normal; font-style: normal; text-decoration: none; vertical-align: baseline\">Gdyby  wtedy kto\u015b powiedzia\u0142 mi, \u017ce prezydent wolnej Polski, wywodz\u0105cy si\u0119 z  Solidarno\u015bci, aresztowany, internowany, wybrany przez nar\u00f3d zaprosi do  jednego sto\u0142u tego zbira, da\u0142bym mu po g\u0119bie. My\u015bl\u0119, \u017ce gdyby wtedy kto\u015b  powiedzia\u0142 Wa\u0142\u0119sie, \u017ce przyjdzie czas i ty, Lechu si\u0105dziesz z  Jaruzelskim przy jednym stole, aby udawa\u0107 speca od bezpiecze\u0144stwa  nadorowego, Lechu da\u0142by po g\u0119bie. Podobno Sikorski na wje\u017adzie do  swojego rancza ma napis \u201cKomunistom wst\u0119p wzbroniony\u201d. A jak ci si\u0119,  Radku siedzi naprzeciwko Oleksego i genera\u0142a?<\/span><br \/>\n<span style=\"font-size: 10pt; font-family: Verdana; color: #000000; background-color: transparent; font-weight: normal; font-style: normal; text-decoration: none; vertical-align: baseline\">Panie prezydencie Komoruski, jest jeszcze Kiszczak&#8230;<\/span><br \/>\n<span style=\"font-size: 10pt; font-family: Verdana; color: #000000; background-color: transparent; font-weight: normal; font-style: normal; text-decoration: none; vertical-align: baseline\">Jedno,  z czego teraz si\u0119 ciesz\u0119 to to, \u017ce nie g\u0142osowa\u0142em na tego prezydenta.  Ciesz\u0119 si\u0119, bo nie musz\u0119 si\u0119 wstydzi\u0107. Wr\u00f3ci\u0142a WRONA i wraca KC. I mam  kaca, bo mia\u0142em nadziej\u0119, \u017ce po najwi\u0119kszej tragedii wolnej (?) Polski,  jak\u0105 by\u0142 Smole\u0144sk nie wydarzy si\u0119 ju\u017c \u017cadna inna. Wydarzy\u0142a si\u0119; zamiast  ekshumacji ofiar katastrofy, ekshumowano PRL.<\/span><br \/>\n<span style=\"font-size: 10pt; font-family: Verdana; color: #000000; background-color: transparent; font-weight: normal; font-style: normal; text-decoration: none; vertical-align: baseline\">Wstyd\u017acie  si\u0119 Polacy. Wstyd\u017acie si\u0119 bezmy\u015blno\u015bci. Robicie wszystko, aby komuchom  wiod\u0142o si\u0119 jak najlepiej. Wasz wyb\u00f3r. Polonia chcia\u0142a pom\u00f3c.  Przegrali\u015bcie Polsk\u0119! Za dwa tygodnie napatrzcie si\u0119 dobrze na wypi\u0119ty w  uk\u0142onach przed Miedwiediewem ty\u0142ek Waszego (to nie m\u00f3j)  prezydenta&#8230;PRL-u.<\/span><\/p>\n","protected":false},"excerpt":{"rendered":"<p>By\u0142 11 grudnia, 1981. Prowadzony przeze mnie zesp\u00f3\u0142 pie\u015bni i ta\u0144ca \u201cG\u00f3rnicy\u201d przy KWK D\u0119bie\u0144sko w Leszczynach-Czerwionce, ko\u0142o Rybnika wyst\u0119puje dla za\u0142ogi Ursusa. Wspania\u0142e przyj\u0119cie przez za\u0142og\u0119 i dyrektora Wilka. Na drugi dzie\u0144 zwiedzanie zak\u0142adu, a wieczorem wyst\u0119p kabaretu \u201cTrzecia Zmiana\u201d z Jurkiem Cnot\u0105.<\/p>\n","protected":false},"author":2,"featured_media":0,"comment_status":"open","ping_status":"open","sticky":false,"template":"","format":"standard","meta":[],"categories":[4],"tags":[],"_links":{"self":[{"href":"https:\/\/sporek.com\/blog\/index.php?rest_route=\/wp\/v2\/posts\/270"}],"collection":[{"href":"https:\/\/sporek.com\/blog\/index.php?rest_route=\/wp\/v2\/posts"}],"about":[{"href":"https:\/\/sporek.com\/blog\/index.php?rest_route=\/wp\/v2\/types\/post"}],"author":[{"embeddable":true,"href":"https:\/\/sporek.com\/blog\/index.php?rest_route=\/wp\/v2\/users\/2"}],"replies":[{"embeddable":true,"href":"https:\/\/sporek.com\/blog\/index.php?rest_route=%2Fwp%2Fv2%2Fcomments&post=270"}],"version-history":[{"count":0,"href":"https:\/\/sporek.com\/blog\/index.php?rest_route=\/wp\/v2\/posts\/270\/revisions"}],"wp:attachment":[{"href":"https:\/\/sporek.com\/blog\/index.php?rest_route=%2Fwp%2Fv2%2Fmedia&parent=270"}],"wp:term":[{"taxonomy":"category","embeddable":true,"href":"https:\/\/sporek.com\/blog\/index.php?rest_route=%2Fwp%2Fv2%2Fcategories&post=270"},{"taxonomy":"post_tag","embeddable":true,"href":"https:\/\/sporek.com\/blog\/index.php?rest_route=%2Fwp%2Fv2%2Ftags&post=270"}],"curies":[{"name":"wp","href":"https:\/\/api.w.org\/{rel}","templated":true}]}}