{"id":271,"date":"2010-12-06T03:57:59","date_gmt":"2010-12-06T07:57:59","guid":{"rendered":"http:\/\/sporek.com\/blog\/?p=271"},"modified":"2010-12-06T03:57:59","modified_gmt":"2010-12-06T07:57:59","slug":"polonie-rozwalaja-demagodzy","status":"publish","type":"post","link":"https:\/\/sporek.com\/blog\/?p=271","title":{"rendered":"Poloni\u0119 rozwalaj\u0105 demagodzy"},"content":{"rendered":"<p><span style=\"font-size: 10pt; font-family: Verdana; color: #000000; background-color: transparent; font-weight: normal; font-style: normal; text-decoration: none; vertical-align: baseline\" id=\"internal-source-marker_0.10481511772341812\"><\/span><span style=\"font-size: 10pt; font-family: Verdana; color: #000000; background-color: transparent; font-weight: normal; font-style: normal; text-decoration: none; vertical-align: baseline\">To  zebranie przegrali wszyscy. Jak to bywa\u0142o w przesz\u0142o\u015bci, tak i sta\u0142o  si\u0119 we wtorek, 3 grudnia w Centrum Polsko-S\u0142owia\u0144skim podczas dorocznego  walnego zebrania. Zacz\u0119\u0142o si\u0119 od fatalnej decyzji: zakaz wst\u0119pu medi\u00f3w.  <\/span><!--more--><span style=\"font-size: 10pt; font-family: Verdana; color: #000000; background-color: transparent; font-weight: normal; font-style: normal; text-decoration: none; vertical-align: baseline\">CPS jest instytucj\u0105 spo\u0142eczn\u0105 i nie ma takiego przepisu, kt\u00f3ry  pozwala\u0142by na taki zakaz. O tym \u201ezagraniu\u201d dowiedzia\u0142em si\u0119 od  dziennikarzy. Przyszed\u0142em nieco p\u00f3\u017aniej, jako, \u017ce nie mog\u0142em odwo\u0142a\u0107  uczniom lekcji, ale to, co widzia\u0142em po wej\u015bciu przypomnia\u0142o mi  dok\u0142adnie stare, \u201edobre\u201d czasy; krzyki z sali, docinki, dogadywania,  niesk\u0142adne wypowiedzi przy mikrofonie i strasznie du\u017co damagogii. Przed  wej\u015bciem do sali znajomi, kt\u00f3rzy z jakich\u015b wzgl\u0119d\u00f3w maj\u0105 \u201ezakaz\u201d  uczestniczenia w zebraniach. Pierwsz\u0105 rzecz\u0105, jak\u0105 robi\u0119 po zej\u015bciu na  d\u00f3\u0142 jest ingerencja w sprawie tych w\u0142a\u015bnie os\u00f3b. Zostaj\u0105 wpuszczeni. Nie  mam zamiaru stawa\u0107 po czyjejkolwiek stronie. Niech si\u0119 \u201estrony\u201d broni\u0105  same, chc\u0119 tylko zwr\u00f3ci\u0107 uwag\u0119 na spos\u00f3b, w jaki prowadzimy tzw.  \u201edyskusj\u0119\u201d publiczn\u0105.<\/span><br \/>\n<span style=\"font-size: 10pt; font-family: Verdana; color: #000000; background-color: transparent; font-weight: normal; font-style: normal; text-decoration: none; vertical-align: baseline\">-K\u0142odki  na bramie CPS od strony Kent Street. M\u00f3wi\u0142 to cz\u0142owiek, za kt\u00f3rego  rz\u0105d\u00f3w w PSFUK zlikwidowano tam oddzia\u0142 Unii Kredytowej. W efekcie  za\u0142a\u0144cuchowano wej\u015bcie, a za te puste pomieszczenia Unia p\u0142aci czynsz w  wysoko\u015bci sze\u015bciu tysi\u0119cy dolar\u00f3w miesi\u0119cznie, siedemdziesi\u0105t dwa  tysi\u0105ce rocznie &#8211; kilkana\u015bcie stypendi\u00f3w. To w\u0142a\u015bnie s\u0105 cz\u0142onkowskie  pieni\u0105dze; ani z miasta, ani z prywatnej kieszeni &#8211; cz\u0142onkowskie. To  jest tyle, o ile miasto zmniejszy\u0142o dotacje na wy\u017cywienie emeryt\u00f3w.  M\u00f3wca, nie przej\u0105\u0142 si\u0119 tymi ci\u0119ciami. A wydawane s\u0105 nie decyzj\u0105 Centrum,  lecz Unii Kredytowej, za\u015b szefem rady dyrektor\u00f3w by\u0142 w\u0142a\u015bnie cz\u0142owiek  wypominaj\u0105cy te \u0142a\u0144cuchy. Demagogia \u201eporwa\u0142a\u201d sal\u0119 i spotka\u0142a si\u0119 z  ogromnym aplauzem. Tak w\u0142a\u015bnie manipuluje si\u0119 spo\u0142ecze\u0144stwem.  Demokratycznie ten pan m\u00f3wi\u0142 i m\u00f3wi\u0142 i nikt zza prezydialnego sto\u0142u nie  odbiera\u0142 mu g\u0142osu. Ten sam pan na zebraniach Unii Kredytowej decydowa\u0142  kto, i jak d\u0142ugo mo\u017ce m\u00f3wi\u0107 i gdy mu si\u0119 nie podoba\u0142o wy\u0142\u0105cza\u0142 mikrofon.<\/span><br \/>\n<span style=\"font-size: 10pt; font-family: Verdana; color: #000000; background-color: transparent; font-weight: normal; font-style: normal; text-decoration: none; vertical-align: baseline\">-Jeden  z m\u00f3wc\u00f3w wystosowa\u0142 wniosek, \u017ce to prywatna zemsta za poinformowanie  NCUA o nadu\u017cyciach w Unii, w efekcie czego wprowadzono zarz\u0105d  komisaryczny, a dyrektorzy polecieli na bruk. A gdyby wyobrazi\u0107 sobie,  \u017ce naszym bankiem rz\u0105dzili przed \u201ekonserw\u0105\u201d Amerykanie i to oni  dopu\u015bcili si\u0119 sze\u015bciu tysi\u0119cy nieraportowanych operacji finansowych.  Zasiadaj\u0105cy w radzie Polak informuje o tym NCUA. Ta zwierzchnia w\u0142adza  usuwa ameryka\u0144skich dyrektor\u00f3w. Cz\u0142owiek, kt\u00f3ry odkry\u0142 ten przekr\u0119t  zosta\u0142by bohaterem Polonii. Sta\u0142o si\u0119 odwrotnie, &#8211; cz\u0119\u015b\u0107 pan\u00f3w  dyrektor\u00f3w powr\u00f3ci\u0142o na fotele dyrektorskie i nadal wpuszczaj\u0105 w nie  \u015bmierdz\u0105ce powietrze, a cz\u0142owieka, kt\u00f3ry ukr\u00f3ci\u0142 przest\u0119pcz\u0105 dzia\u0142alno\u015b\u0107  zrobiono zdrajc\u0105 Polonii.<\/span><br \/>\n<span style=\"font-size: 10pt; font-family: Verdana; color: #000000; background-color: transparent; font-weight: normal; font-style: normal; text-decoration: none; vertical-align: baseline\">-Og\u0142oszono  wyniki wybor\u00f3w i na dwie m\u0142ode osoby, kt\u00f3re w demokratycznych wyborach  zosta\u0142y wprowadzone do rady pola\u0142y si\u0119 jadowite wypowiedzi. Tylko  dlatego, \u017ce zosta\u0142y wybrane wi\u0119kszo\u015bci\u0105 g\u0142os\u00f3w, bo przecie\u017c jeszcze nie  zd\u0105\u017cy\u0142y si\u0119 narazi\u0107 swoj\u0105 dzia\u0142alno\u015bci\u0105.<\/span><br \/>\n<span style=\"font-size: 10pt; font-family: Verdana; color: #000000; background-color: transparent; font-weight: normal; font-style: normal; text-decoration: none; vertical-align: baseline\">-Kolejny  g\u0142os: studio telewizyjne by\u0142o przygotowywane za pieni\u0105dze ze sk\u0142adek,  \u201ewasze pieni\u0105dze\u201d. Osoba ta nie mia\u0142a problemu, aby rzuci\u0107 t\u0119 damagogi\u0119,  cho\u0107 w chwili, gdy zapada\u0142a decyzja o powstaniu takiego studia  zasiada\u0142a w radzie, g\u0142osowa\u0142a \u201eza\u201d i wiedzia\u0142a, \u017ce nie by\u0142y to pieni\u0105dze  cz\u0142onkowskie, lecz z fundacji Carnegie z przeznaczeniem na wprowadzenia  programu audio-wizualnego. Ta sama osoba stwierdzi\u0142a, \u017ce zakupione  kamery s\u0105 za drogie i nale\u017cy zbojkotowa\u0107 ten program. I si\u0119 go  bojkotuje. Za rok fundacja zapyta Centrum o rozliczenie z dotacji. Nie  b\u0119dzie programu, pieni\u0105dze trzeba b\u0119dzie zwr\u00f3ci\u0107. Gdzie jest sens?<\/span><br \/>\n<span style=\"font-size: 10pt; font-family: Verdana; color: #000000; background-color: transparent; font-weight: normal; font-style: normal; text-decoration: none; vertical-align: baseline\">Od  dw\u00f3ch miesi\u0119cy apeluj\u0119 o konfrontacj\u0119, bo \u201eczarnych dziur\u201d jest  potwornie du\u017co i od dw\u00f3ch miesi\u0119cy prezesi Centrum m\u00f3wi\u0105, \u017ce s\u0105 gotowi.  Niestety \u017caden inny \u201eswa\u015bniony\u201d osobnik do konfrontacji si\u0119 nie spieszy,  t\u0142umacz\u0105c to niech\u0119ci\u0105, brakiem czasu itp. Powt\u00f3rz\u0119 jeszcze raz: zr\u00f3bmy  spotkanie w du\u017cej sali, na kt\u00f3rej \u015brodku, przy dw\u00f3ch sto\u0142ach (celowo  unikam s\u0142owa \u201eokr\u0105g\u0142y) b\u0119d\u0105 siedzia\u0142y osoby, kt\u00f3re zg\u0142osz\u0105 si\u0119 do  zadawania \u201etrudnych\u201d pyta\u0144 i te, kt\u00f3re maj\u0105 zarzuty. Trzeci st\u00f3\u0142, to  rada dyrektor\u00f3w Unii Kredytowej (CPS, to nasz najwi\u0119kszy sponsor), a  kwadrat powinien zamkn\u0105\u0107 st\u00f3\u0142 z prezesami polonijnych organizacji, byle  nie samozwa\u0144czych \u201elider\u00f3w\u201d. I wreszcie dooko\u0142a tych sto\u0142\u00f3w setka  cz\u0142onk\u00f3w, kt\u00f3rzy zg\u0142osiliby si\u0119 w okre\u015blonym terminie do oberwacji.  Oczyszczenie atmosfery jest w tej chwili du\u017co wa\u017cniejsze, ni\u017c k\u0142odki.<\/span><br \/>\n<span style=\"font-size: 10pt; font-family: Verdana; color: #000000; background-color: transparent; font-weight: normal; font-style: normal; text-decoration: none; vertical-align: baseline\">I  jeszcze jedno: wyobra\u017amy sobie rodzin\u0119 z pi\u0119ciorgiem dzieci. Oboje  rodzice zarabiaj\u0105 nie\u017ale, ale nagle jedno z nich traci prac\u0119. Rodzina  pozostaje z jedn\u0105 pensj\u0105&#8230; W takiej w\u0142a\u015bnie sytuacji by\u0142o CPS, gdy  prezes rady dyrektor\u00f3w Unii Kredytowej postanowi\u0142 ukara\u0107 zarz\u0105d CPS, nie  patrz\u0105c na los tej instytucji i jej cz\u0142onk\u00f3w. Zadecydowa\u0142 nie swoimi  pieni\u0119dzmi i w dodatku wbrew wszelkim przepisom nie m\u00f3wi\u0105c o ludzkim  aspekcie tej decyzji.<\/span><br \/>\n<span style=\"font-size: 10pt; font-family: Verdana; color: #000000; background-color: transparent; font-weight: normal; font-style: normal; text-decoration: none; vertical-align: baseline\">No i jeszcze jedno &#8211; zamkni\u0119cie zebrania <\/span><\/p>\n","protected":false},"excerpt":{"rendered":"<p>To zebranie przegrali wszyscy. Jak to bywa\u0142o w przesz\u0142o\u015bci, tak i sta\u0142o si\u0119 we wtorek, 3 grudnia w Centrum Polsko-S\u0142owia\u0144skim podczas dorocznego walnego zebrania. Zacz\u0119\u0142o si\u0119 od fatalnej decyzji: zakaz wst\u0119pu medi\u00f3w.<\/p>\n","protected":false},"author":2,"featured_media":0,"comment_status":"open","ping_status":"open","sticky":false,"template":"","format":"standard","meta":[],"categories":[3],"tags":[],"_links":{"self":[{"href":"https:\/\/sporek.com\/blog\/index.php?rest_route=\/wp\/v2\/posts\/271"}],"collection":[{"href":"https:\/\/sporek.com\/blog\/index.php?rest_route=\/wp\/v2\/posts"}],"about":[{"href":"https:\/\/sporek.com\/blog\/index.php?rest_route=\/wp\/v2\/types\/post"}],"author":[{"embeddable":true,"href":"https:\/\/sporek.com\/blog\/index.php?rest_route=\/wp\/v2\/users\/2"}],"replies":[{"embeddable":true,"href":"https:\/\/sporek.com\/blog\/index.php?rest_route=%2Fwp%2Fv2%2Fcomments&post=271"}],"version-history":[{"count":0,"href":"https:\/\/sporek.com\/blog\/index.php?rest_route=\/wp\/v2\/posts\/271\/revisions"}],"wp:attachment":[{"href":"https:\/\/sporek.com\/blog\/index.php?rest_route=%2Fwp%2Fv2%2Fmedia&parent=271"}],"wp:term":[{"taxonomy":"category","embeddable":true,"href":"https:\/\/sporek.com\/blog\/index.php?rest_route=%2Fwp%2Fv2%2Fcategories&post=271"},{"taxonomy":"post_tag","embeddable":true,"href":"https:\/\/sporek.com\/blog\/index.php?rest_route=%2Fwp%2Fv2%2Ftags&post=271"}],"curies":[{"name":"wp","href":"https:\/\/api.w.org\/{rel}","templated":true}]}}