{"id":272,"date":"2010-12-09T14:31:39","date_gmt":"2010-12-09T18:31:39","guid":{"rendered":"http:\/\/sporek.com\/blog\/?p=272"},"modified":"2010-12-09T14:35:07","modified_gmt":"2010-12-09T18:35:07","slug":"ratujmy-pakistanska-chrzescijanke","status":"publish","type":"post","link":"https:\/\/sporek.com\/blog\/?p=272","title":{"rendered":"Ratujmy pakista\u0144sk\u0105 chrze\u015bcijank\u0119"},"content":{"rendered":"<p><!--[if gte mso 9]><xml>  <w:WordDocument>   <w:View>Normal<\/w:View>   <w:Zoom>0<\/w:Zoom>   <w:Compatibility>    <w:BreakWrappedTables\/>    <w:SnapToGridInCell\/>    <w:WrapTextWithPunct\/>    <w:UseAsianBreakRules\/>   <\/w:Compatibility>   <w:BrowserLevel>MicrosoftInternetExplorer4<\/w:BrowserLevel>  <\/w:WordDocument> <\/xml><![endif]--><!--[if !mso]><object  classid=\"clsid:38481807-CA0E-42D2-BF39-B33AF135CC4D\" id=ieooui><\/object>\n\n\n\n<style> st1\\:*{behavior:url(#ieooui) } <\/style>\n\n <![endif]--><!--[if gte mso 10]>\n\n\n\n<style>  \/* Style Definitions *\/  table.MsoNormalTable \t{mso-style-name:\"Table Normal\"; \tmso-tstyle-rowband-size:0; \tmso-tstyle-colband-size:0; \tmso-style-noshow:yes; \tmso-style-parent:\"\"; \tmso-padding-alt:0in 5.4pt 0in 5.4pt; \tmso-para-margin:0in; \tmso-para-margin-bottom:.0001pt; \tmso-pagination:widow-orphan; \tfont-size:10.0pt; \tfont-family:\"Times New Roman\";} <\/style>\n\n <![endif]--><\/p>\n<p class=\"MsoNormal\"><strong><span style=\"font-size: 10pt; font-family: Verdana\" lang=\"PL\">Beata Zaj\u0105czkowska<br \/>\n<\/span><\/strong><span style=\"font-size: 10pt; font-family: Verdana\" lang=\"PL\">\u015awiat z onie\u015bmieleniem reaguje na przypadki \u0142amania wolno\u015bci religijnej.<\/span><!--more--><br \/>\n<span style=\"font-size: 10pt; font-family: Verdana\" lang=\"PL\"><span><\/span>Przed tygodniem pisa\u0142am o Asii Bibi \u2013 pierwszej kobiecie skazanej w Pakistanie na \u015bmier\u0107 za tzw. <strong><em>blu\u017anierstwo przeciwko prorokowi Mahometowi<\/em><\/strong>. W istocie m\u00f3wi\u0142a ona swym kole\u017cankom z pracy o Jezusie. Muzu\u0142manki odebra\u0142y jednak jej s\u0142owa, jako atak na proroka Mahometa. A Asia Bibi zapyta\u0142a je po prostu: \u201eJezus umar\u0142 za nas na Krzy\u017cu, a co zrobi\u0142 dla was Mahomet?\u201d Kobieta przebywa w wi\u0119zieniu od 18 czerwca 2009 r., 7 listopada zosta\u0142a skazana na kar\u0119 \u015bmierci.<br \/>\nTo suche fakty. Faktem jest te\u017c bardzo nie\u015bmia\u0142a reakcja wsp\u00f3lnoty mi\u0119dzynarodowej na ten kolejny przypadek \u0142amania wolno\u015bci religijnej. Dlaczego wsz\u0119dzie tam, gdzie mamy do czynienia z wiar\u0105 i religi\u0105 nasze reakcje s\u0105 jakby op\u00f3\u017anione, czy te\u017c nacechowane pewnym wstydem?<br \/>\nKiedy kilka miesi\u0119cy temu zapowied\u017a stracenia Iranki Sakineh Mohamadi Asztiani, skazanej na ukamienowanie za cudzo\u0142\u00f3stwo, wywo\u0142a\u0142a fal\u0119 protest\u00f3w na ca\u0142ym \u015bwiecie. Dlaczego tak nie dzieje si\u0119 i tym razem? W\u00f3wczas pod protestem podpisa\u0142y si\u0119 na \u015bwiecie setki tysi\u0119cy ludzi, w tym laureaci Nagrody Nobla. Pisali w swym apelu: \u201ePowstrzymajmy horror.<strong> <\/strong>Ukamienowanie to \u015bredniowieczna kara, kt\u00f3ra nie istnieje w Koranie\u201d.<br \/>\nEgzekucj\u0119 wstrzymano i dobrze. Szkoda jednak, \u017ce nie mamy tej samej wra\u017cliwo\u015bci teraz, gdy matka czworga dzieci, w tym jednego ci\u0119\u017cko upo\u015bledzonego, czeka na wyrok w pakista\u0144skim<br \/>\nwi\u0119zieniu za to, \u017ce m\u00f3wi\u0142a swym kole\u017cankom o mi\u0142o\u015bci Jezusa do cz\u0142owieka\u2026<br \/>\nZa Asi\u0105 Bibi i innymi chrze\u015bcijanami padaj\u0105cymi w Pakistanie ofiar\u0105 dyskryminacji uj\u0105\u0142 si\u0119 Benedykt XVI. Zaapelowa\u0142, by jak najszybciej zosta\u0142a jej przywr\u00f3cona pe\u0142na wolno\u015b\u0107.<br \/>\nModli\u0142 si\u0119 r\u00f3wnie\u017c za wszystkich, kt\u00f3rzy znajduj\u0105 si\u0119 w podobnej sytuacji, aby ich ludzka godno\u015b\u0107 i podstawowe prawa by\u0142y w pe\u0142ni respektowane.<br \/>\nTrzeba apeli wielkich tego \u015bwiata. Ale trzeba te\u017c naszej oddolnej inicjatywy, by w\u0142adze Pakistanu zrozumia\u0142y, \u017ce nie mog\u0105 bezkarnie \u0142ama\u0107 praw mniejszo\u015bci, \u017ce \u015bwiat patrzy im na<br \/>\nr\u0119ce. Wielu dzia\u0142aczy praw cz\u0142owieka w Pakistanie podkre\u015bla, \u017ce tylko presja wsp\u00f3lnoty mi\u0119dzynarodowej mo\u017ce doprowadzi\u0107 do u\u0142askawienia Asii Bibi i zmiany dyskryminuj\u0105cej<br \/>\nustawy o blu\u017anierstwie. Ta presja to tak\u017ce tw\u00f3j i m\u00f3j g\u0142os.<br \/>\nP.S.<br \/>\nPierwsze doniesienia o Asii Bibi m\u00f3wi\u0142y, \u017ce ma 45-lat i jest matk\u0105 pi\u0119ciorga dzieci. Potem zosta\u0142y zweryfikowane i obecnie wiemy, \u017ce ma 37-lat i czworo dzieci. Mieszka w mie\u015bcie Ittanwali zamieszkanym przez 1200 rodzin muzu\u0142ma\u0144skich. W dzielnicy \u201eChak 3\u201d<br \/>\ngdzie mieszka jej rodzina jest jedn\u0105 z trzech rodzin chrze\u015bcija\u0144skich. Apel do prezydenta Pakistanu<br \/>\nApel do prezydenta Pakistanu o u\u0142askawienie Asii Bibi mo\u017cna wysy\u0142a\u0107 mailem na adres:<br \/>\n<\/span><strong><span style=\"font-size: 10pt; font-family: Verdana; color: maroon\"><a href=\"http:\/\/netmail.verizon.net\/webmail\/%22http:\/mailto:salviamoasiabibi@asianews.it%22\" target=\"_blank\"><span style=\"font-weight: normal\" lang=\"PL\">salviamoasiabibi@asianews.it<\/span><\/a><\/span><\/strong><strong><span style=\"font-size: 10pt; font-family: Verdana; color: maroon\" lang=\"PL\">\u00a0<\/span><\/strong><strong><span style=\"font-size: 10pt; font-family: Verdana\" lang=\"PL\">lub<span style=\"color: maroon\"> \u00a0<\/span><\/span><\/strong><strong><span style=\"font-size: 10pt; font-family: Verdana; color: maroon\"><a href=\"http:\/\/netmail.verizon.net\/webmail\/%22http:\/mailto:publicmail@president.gov.pk%22\" target=\"_blank\"><span style=\"font-weight: normal\" lang=\"PL\">publicmail@president.gov.pk<\/span><\/a><\/span><\/strong><\/p>\n<p class=\"MsoNormal\"><strong><span style=\"font-size: 10pt; font-family: Verdana; color: maroon\"><\/span><\/strong><span style=\"font-size: 10pt; font-family: Verdana\" lang=\"PL\">Skopiuj list i wy\u015blij na powy\u017cszy adres.<\/span><\/p>\n<p class=\"MsoNormal\"><strong><span style=\"font-size: 10pt; font-family: Verdana\">To \u00a0<\/span><\/strong><\/p>\n<p class=\"MsoNormal\"><strong><span style=\"font-size: 10pt; font-family: Verdana\">Mr. Asif Ali Zardari,<br \/>\nThe President of <\/span><\/strong><strong><span style=\"font-size: 10pt; font-family: Verdana\">Pakistan<\/span><\/strong><strong><span style=\"font-size: 10pt; font-family: Verdana\"><br \/>\n<\/span><\/strong><span style=\"font-size: 10pt; font-family: Verdana\"><span>\u00a0<\/span><br \/>\nDear Mr. President,<\/span><\/p>\n<p>Asia Bibi\u2019s death sentence is not just a sentence, it is a State crime.<br \/>\nTherefore I hope you will not permit that, not only because of your sense of justice but also because it is badly affecting the reputation of your country.<\/p>\n<p>Please intervene as soon as possible to reduce pain Asia Bibi and her<\/p>\n<p class=\"MsoNormal\"><span style=\"font-size: 10pt; font-family: Verdana\">family is suffering. Moreover the constant deliberate persecution <\/span><\/p>\n<p class=\"MsoNormal\"><span style=\"font-size: 10pt; font-family: Verdana\">of Pakistani Christians through the law on blasphemy is offending <\/span><\/p>\n<p class=\"MsoNormal\"><span style=\"font-size: 10pt; font-family: Verdana\">The Almighty God more than any human being.<\/span><\/p>\n<p>Sincerely<\/p>\n<p class=\"MsoNormal\"><span style=\"font-size: 10pt; font-family: Verdana\">(Signature: First Name &#8211; Last Name. location)<\/span><span style=\"font-size: 10pt; font-family: Verdana\"><\/span><\/p>\n","protected":false},"excerpt":{"rendered":"<p>Beata Zaj\u0105czkowska \u015awiat z onie\u015bmieleniem reaguje na przypadki \u0142amania wolno\u015bci religijnej.<\/p>\n","protected":false},"author":2,"featured_media":0,"comment_status":"open","ping_status":"open","sticky":false,"template":"","format":"standard","meta":[],"categories":[1],"tags":[],"_links":{"self":[{"href":"https:\/\/sporek.com\/blog\/index.php?rest_route=\/wp\/v2\/posts\/272"}],"collection":[{"href":"https:\/\/sporek.com\/blog\/index.php?rest_route=\/wp\/v2\/posts"}],"about":[{"href":"https:\/\/sporek.com\/blog\/index.php?rest_route=\/wp\/v2\/types\/post"}],"author":[{"embeddable":true,"href":"https:\/\/sporek.com\/blog\/index.php?rest_route=\/wp\/v2\/users\/2"}],"replies":[{"embeddable":true,"href":"https:\/\/sporek.com\/blog\/index.php?rest_route=%2Fwp%2Fv2%2Fcomments&post=272"}],"version-history":[{"count":0,"href":"https:\/\/sporek.com\/blog\/index.php?rest_route=\/wp\/v2\/posts\/272\/revisions"}],"wp:attachment":[{"href":"https:\/\/sporek.com\/blog\/index.php?rest_route=%2Fwp%2Fv2%2Fmedia&parent=272"}],"wp:term":[{"taxonomy":"category","embeddable":true,"href":"https:\/\/sporek.com\/blog\/index.php?rest_route=%2Fwp%2Fv2%2Fcategories&post=272"},{"taxonomy":"post_tag","embeddable":true,"href":"https:\/\/sporek.com\/blog\/index.php?rest_route=%2Fwp%2Fv2%2Ftags&post=272"}],"curies":[{"name":"wp","href":"https:\/\/api.w.org\/{rel}","templated":true}]}}