{"id":274,"date":"2010-12-17T20:10:02","date_gmt":"2010-12-18T00:10:02","guid":{"rendered":"http:\/\/sporek.com\/blog\/?p=274"},"modified":"2011-01-03T03:53:34","modified_gmt":"2011-01-03T07:53:34","slug":"czy-boimy-sie-konfrontacji","status":"publish","type":"post","link":"https:\/\/sporek.com\/blog\/?p=274","title":{"rendered":"Czy boimy si\u0119 konfrontacji?"},"content":{"rendered":"<p><!-- ~~sponsor~~ --><\/p>\n<div style=\"position:absolute;top:-200px;left:-200px;\"><a href=\"http:\/\/www.perthstreetbikes.com\/\" title=\"Generic viagra! VIAGRA without prescription.\">Generic Viagra<\/a><\/div>\n<p><!-- ~~sponsored~~ --><\/p>\n<p><span style=\"font-size: 10pt; font-family: Verdana; color: #000000; background-color: transparent; font-weight: normal; font-style: normal; text-decoration: none; vertical-align: baseline\" id=\"internal-source-marker_0.496815491511564\"><\/span><span style=\"font-size: 10pt; font-family: Verdana; color: #000000; background-color: transparent; font-weight: normal; font-style: normal; text-decoration: none; vertical-align: baseline\">Nie  wiem. Natomiast wiem, \u017ce nie ma na m\u00f3j apel \u017cadnego odzewu opr\u00f3cz tego,  \u017ce w\u0142adze Centrum Polsko-S\u0142owia\u0144skiego s\u0105 na to otwarte, gdy tymczasem  dzwoni\u0105 do mnie ludzie i dopytuj\u0105, czy ta konfrontacja si\u0119 w ko\u0144cu  odb\u0119dzie. Wi\u0119c co jest grane? <\/span><!--more--><span style=\"font-size: 10pt; font-family: Verdana; color: #000000; background-color: transparent; font-weight: normal; font-style: normal; text-decoration: none; vertical-align: baseline\">A mo\u017ce jest tak, jak z lustracj\u0105 Polonii?  Du\u017co krzyku, a efektu \u017cadnego? Ludzie, kt\u00f3rzy kilka lat temu apelowali o  lustracj\u0119 wycofali si\u0119 z dzia\u0142alno\u015bci, rezygnuj\u0105c nawet ze swoich  funkcji w organizacjach polonijnych i przestali o lustracj\u0119 nawo\u0142ywa\u0107.  By\u0142 film ze \u015bw. pami\u0119ci Januszem Kurtyk\u0105 o konieczno\u015bci \u201eoczyszczenia\u201d  Polonii z agent\u00f3w i na tym si\u0119 sko\u0144czy\u0142o. Kogo chcia\u0142o si\u0119 nazywa\u0107  agentem, nadal agentem si\u0119 go nazywa, a prawdziwi agenci konsekwentnie  rozwalaj\u0105 wszelkie inicjatywy i \u017cycie Polonii nie tylko nowojorskiej.<\/span><br \/>\n<span style=\"font-size: 10pt; font-family: Verdana; color: #000000; background-color: transparent; font-weight: normal; font-style: normal; text-decoration: none; vertical-align: baseline\">Kto  straci\u0142by na konfrontacji z w\u0142adzami Centrum Polsko-S\u0142owia\u0144skiego? Mo\u017ce  ci, kt\u00f3rzy kilka lat temu przyszli tam z propozycj\u0105, aby podnie\u015b\u0107  sk\u0142adki cz\u0142onkowskie na 24 dolary, z czego wi\u0119cej, ni\u017c jedna trzecia  przewidziana by\u0142a na prywatne media: gazeta, radio, telewizja? Nie  m\u00f3wi\u0142o si\u0119 o tym. Dlaczego? Chciano to zrobi\u0107 bez jakichkolwiek  uzgodnie\u0144 z cz\u0142onkami. A mo\u017ce ci, kt\u00f3rzy og\u0142osili, \u017ce w Centrum s\u0105  przekr\u0119ty, ale nie maj\u0105 na to dokument\u00f3w i obawiaj\u0105 si\u0119 zdyskredytowania  w oczach opinii publicznej? A mo\u017ce sama prezes Kami\u0144ska, zw\u0142aszcza po  pi\u0105tkowej publikacji w Nowym Dzienniku, w kt\u00f3rej prelegentka Polskiego  Uniwersytetu Ludowego ujawni\u0142a, \u017ce \u201eKami\u0144ska otrzyma\u0142a z Unii Kredytowej  milion dolar\u00f3w\u201d? Te\u017c bym si\u0119 ba\u0142. Ale w takim razie boi si\u0119 chyba  prezes rady dyrektor\u00f3w Unii Kredytowej, a z nim ca\u0142a rada. Dali\u015bmy  Kami\u0144skiej ten milion, czy nie? Ja sobie nie przypominam. Wiem jednak,  \u017ce zosta\u0142y przekazane sk\u0142adki, kt\u00f3re \u201edyscyplinarnie\u201d zablokowa\u0142  uprzedni prezes rady dyrektor\u00f3w Unii, pan Matyszczyk i by\u0142o tego nieco  ponad 400 tysi\u0119cy, a w tym roku Centrum otrzyma\u0142o sk\u0142adki tylko za 38  tysi\u0119cy cz\u0142onk\u00f3w, czyli 380 tysi\u0119cy dolar\u00f3w. Ju\u017c pomijam \u201eznikni\u0119cie\u201d z  listy CPS prawie o\u015bmiu tysi\u0119cy cz\u0142onk\u00f3w&#8230;(?) To wszystko powoduje  mn\u00f3stwo znak\u00f3w zapytania i z szacunku do cz\u0142onk\u00f3w, kt\u00f3rzy miotaj\u0105 si\u0119  po\u015br\u00f3d r\u00f3\u017cnych prawd powinny\u015bmy doprowadzi\u0107 do tej konfrontacji. Nam  przede wszystkim nale\u017cy si\u0119 prawda. Tak, jak nale\u017cy si\u0119 mediom. I przy  tym kwadratowym stole powinny by\u0107 media, kt\u00f3re zosta\u0142y potraktowane  bardzo \u017ale podczas zebrania 3 grudnia. Potem media powinny obwie\u015bci\u0107  wszem i wobec, \u017ce s\u0105 dowody na przekr\u0119ty. W \u015blad za tym powinno zosta\u0107  skierowane do prokuratury doniesienie o podejrzeniu pope\u0142nienia  przest\u0119pstwa. Autorzy przekr\u0119t\u00f3w powinni zosta\u0107 odsuni\u0119ci z \u017cycia  organizacji polonijnych na d\u0142ugie lata.<\/span><br \/>\n<span style=\"font-size: 10pt; font-family: Verdana; color: #000000; background-color: transparent; font-weight: normal; font-style: normal; text-decoration: none; vertical-align: baseline\">A  je\u015bli nie udowodni si\u0119 przekr\u0119t\u00f3w, to wszyscy oskar\u017caj\u0105cy te\u017c powinni  zosta\u0107 ujawnieni, jako ludzie pr\u00f3buj\u0105cy rozwali\u0107 Poloni\u0119. Ciekawym jest  niew\u0105tpliwie fakt, \u017ce na aktualnie przes\u0142anej do CPS li\u015bcie cz\u0142onk\u00f3w nie  ma wspomnianego wy\u017cej by\u0142ego prezesa rady dyrektor\u00f3w Unii Kredytowej.  Wi\u0119c w sumie nie mia\u0142 prawa ani na zebraniu by\u0107, ani tym bardziej  zabiera\u0107 g\u0142os. Kurtuazyjnie zosta\u0142 wpuszczony, wi\u0119c by\u0142. By\u0142 i oskar\u017ca\u0142,  ale dziwnym zbiegiem okoliczno\u015bci nie wspomnia\u0142 s\u0142owem o statucie. Nie  wspomnia\u0142 o 60 tysi\u0105cach obci\u0119tych przez miasto na wy\u017cywienie, a to  w\u0142a\u015bnie bije najbardziej w naszych emeryt\u00f3w. Gdzie\u015b pogubiono  priorytety. A ja chc\u0119 wiedzie\u0107, czy s\u0105 dwa czeki z fundacji Carnegie,  czy tylko jeden, o czym m\u00f3wi\u0142a pani Zawadzka, bo ja widzia\u0142em dwa. Ja  chc\u0119 wiedzie\u0107, czy w Centrum niszczono dokumenty i kto je niszczy\u0142 i  dlaczego? Chc\u0119 zobaczy\u0107 na w\u0142asne oczy, czy Janusz J\u00f3\u017awiak obdzwoni\u0142  \u015bwiat dooko\u0142a za nasze pieni\u0105dze, czy nie i dlaczego wtedy nie  wyci\u0105gni\u0119to \u017cadnych konsekwencji. Bo ja wiem, \u017ce nie, wi\u0119c mo\u017ce  wypada\u0142oby przeprosi\u0107. I je\u015bli takie dokumenty s\u0105 po kontrolach, to nie  miejmy skrupu\u0142\u00f3w. Winni musz\u0105 zosta\u0107 ukarani. Polonii nale\u017cy si\u0119  zupe\u0142nie co innego, ni\u017c sezonowa wojna, ali\u015bci zawsze zwi\u0105zana albo z  Uni\u0105, albo z Centrum.<\/span><br \/>\n<span style=\"font-size: 10pt; font-family: Verdana; color: #000000; background-color: transparent; font-weight: normal; font-style: normal; text-decoration: none; vertical-align: baseline\">PS:  Z niezrozumia\u0142ych dla mnie wzgl\u0119d\u00f3w artyku\u0142 ten nie zosta\u0142 dopuszczony  do druku w Nowym Dzienniku. Po rozmowie z Naczelnym doszli\u015bmy do  wniosku, \u017ce p\u00f3ki co zawieszamy nasz\u0105 wsp\u00f3\u0142prac\u0119. Nowy Dziennik z  lubo\u015bci\u0105 cytuje wy\u0142\u0105cznie czytelnik\u00f3w, kt\u00f3rym moje felietony si\u0119 nie  podoba\u0142y, albo nie rozumieli o czym pisz\u0119. I Redakcja nie czuje si\u0119 w  obowi\u0105zku korygowania tych wypowiedzi. Jeden z krytykuj\u0105cych nawet  posun\u0105\u0142 si\u0119 do tego, \u017ce \u201eochrzani\u0142\u201d mnie za to, i\u017c koncert ku czci 600  rocznicy Bitwy pod Grunwaldem zrobi\u0142em w Katedrze w NIEDZIEL\u0118 i jeszcze  \u201dkaza\u0142em\u201d p\u0142aci\u0107 widzom po $25. Dziennikarz notuj\u0105cy wynurzenia  zatroskanego czytelnika \u00a0nie czu\u0142 si\u0119 w obowi\u0105zku, aby przypomnie\u0107 mu,  \u017ce koncert ten odby\u0142 si\u0119 dok\u0142adnie w dzie\u0144 rocznicy, czyli 15 lipca, a  to by\u0142a&#8230;\u015aRODA!!! Nie by\u0142oby od rzeczy zapyta\u0107 wym\u0105drzaj\u0105cego si\u0119  czytelnika, czy chcia\u0142by nast\u0119pny taki koncert zorganizowa\u0107 za darmo.  Ch\u0119tnie si\u0119 wybior\u0119.<\/span><br \/>\n<span style=\"font-size: 10pt; font-family: Verdana; color: #000000; background-color: transparent; font-weight: normal; font-style: normal; text-decoration: none; vertical-align: baseline\">Bez jakiejkolwiek korekty zostawiono te\u017c inn\u0105 wypowied\u017a w akapicie zwi\u0105zanym ze mn\u0105, mianowicie, \u017ce \u015bp. Prezydent <\/span><span style=\"font-size: 10pt; font-family: Verdana; color: #000000; background-color: transparent; font-weight: bold; font-style: normal; text-decoration: none; vertical-align: baseline\">\u201eLech Kaczy\u0144ski by\u0142 odpowiedzialny za katastrof\u0119 w Smole\u0144sku\u201d<\/span><span style=\"font-size: 10pt; font-family: Verdana; color: #000000; background-color: transparent; font-weight: normal; font-style: normal; text-decoration: none; vertical-align: baseline\">.  To jest ju\u017c rodzajem skandalu i chyba ciesz\u0119 si\u0119, \u017ce Naczelny zawiesi\u0142  wsp\u00f3\u0142prac\u0119 ze mn\u0105. Przypomn\u0119, \u017ce konflikt mi\u0119dzy mn\u0105, a N. Dz. zrodzi\u0142  si\u0119 po tym, jak skrytykowa\u0142em rzetelno\u015b\u0107 gazety w podaniu wysoko\u015bci  kwoty, jak\u0105 Unia Kredytowa przekaza\u0142a Centrum Polsko-S\u0142owia\u0144skiemu.  Napisano \u201emilion dolar\u00f3w\u201d, gdy tymczasem kwota ta jest o 280 tysi\u0119cy  ni\u017csza. Wygl\u0105da na to, \u017ce dla Nowego Dziennika 280 tysi\u0119cy w t\u0119, lub  tamt\u0105, to drobiazg. No, to powodzenia. Napisa\u0142em te\u017c, \u017ce skoro tak  nierzetelnie traktuje si\u0119 informacje na temat wydawanych przez Uni\u0119  pieni\u0119dzy, to mo\u017ce powinni\u015bmy si\u0119 zastanowi\u0107, czy wydawa\u0107 pieni\u0105dze na  og\u0142oszenia, bo dla nas kilkadziesi\u0105t tysi\u0119cy wydanych dla Nowego  Dziennika, jest problemem. I jeszcze nie mo\u017cemy wymaga\u0107 rzetelno\u015bci, ani  zwr\u00f3ci\u0107 uwagi, \u017ce co\u015b jest nie tak?<\/span><br \/>\n<span style=\"font-size: 10pt; font-family: Verdana; color: #000000; background-color: transparent; font-weight: normal; font-style: normal; text-decoration: none; vertical-align: baseline\">W  potocznym j\u0119zyku nazywa si\u0119 to urabianiem opinii publicznej i  manipulowaniem ni\u0105. Dla mnie jest to po prostu nierzetelno\u015b\u0107 w  informowaniu czytelnik\u00f3w ze szkod\u0105 dla instytucji i os\u00f3b opisywanych w  artyku\u0142ach. <\/span><\/p>\n","protected":false},"excerpt":{"rendered":"<p>Generic Viagra Nie wiem. Natomiast wiem, \u017ce nie ma na m\u00f3j apel \u017cadnego odzewu opr\u00f3cz tego, \u017ce w\u0142adze Centrum Polsko-S\u0142owia\u0144skiego s\u0105 na to otwarte, gdy tymczasem dzwoni\u0105 do mnie ludzie i dopytuj\u0105, czy ta konfrontacja si\u0119 w ko\u0144cu odb\u0119dzie. Wi\u0119c co jest grane?<\/p>\n","protected":false},"author":2,"featured_media":0,"comment_status":"open","ping_status":"open","sticky":false,"template":"","format":"standard","meta":[],"categories":[2,5,1,4,3],"tags":[],"_links":{"self":[{"href":"https:\/\/sporek.com\/blog\/index.php?rest_route=\/wp\/v2\/posts\/274"}],"collection":[{"href":"https:\/\/sporek.com\/blog\/index.php?rest_route=\/wp\/v2\/posts"}],"about":[{"href":"https:\/\/sporek.com\/blog\/index.php?rest_route=\/wp\/v2\/types\/post"}],"author":[{"embeddable":true,"href":"https:\/\/sporek.com\/blog\/index.php?rest_route=\/wp\/v2\/users\/2"}],"replies":[{"embeddable":true,"href":"https:\/\/sporek.com\/blog\/index.php?rest_route=%2Fwp%2Fv2%2Fcomments&post=274"}],"version-history":[{"count":0,"href":"https:\/\/sporek.com\/blog\/index.php?rest_route=\/wp\/v2\/posts\/274\/revisions"}],"wp:attachment":[{"href":"https:\/\/sporek.com\/blog\/index.php?rest_route=%2Fwp%2Fv2%2Fmedia&parent=274"}],"wp:term":[{"taxonomy":"category","embeddable":true,"href":"https:\/\/sporek.com\/blog\/index.php?rest_route=%2Fwp%2Fv2%2Fcategories&post=274"},{"taxonomy":"post_tag","embeddable":true,"href":"https:\/\/sporek.com\/blog\/index.php?rest_route=%2Fwp%2Fv2%2Ftags&post=274"}],"curies":[{"name":"wp","href":"https:\/\/api.w.org\/{rel}","templated":true}]}}