{"id":279,"date":"2011-02-08T02:45:36","date_gmt":"2011-02-08T06:45:36","guid":{"rendered":"http:\/\/sporek.com\/blog\/?p=279"},"modified":"2011-02-08T02:45:36","modified_gmt":"2011-02-08T06:45:36","slug":"elektryczne-samochody","status":"publish","type":"post","link":"https:\/\/sporek.com\/blog\/?p=279","title":{"rendered":"Elektryczne samochody"},"content":{"rendered":"<p><span style=\"font-size: 10pt; font-family: Verdana; color: #000000; background-color: transparent; font-weight: normal; font-style: normal; text-decoration: none; vertical-align: baseline\" id=\"internal-source-marker_0.34542361177178194\"><\/span><span style=\"font-size: 10pt; font-family: Verdana; color: #000000; background-color: transparent; font-weight: normal; font-style: normal; text-decoration: none; vertical-align: baseline\">W niekt\u00f3rych miastach (Meksyk, Santiago, Moskwa), stacje radiowe nadaj\u0105 ostrze\u017cenia:<\/span><br \/>\n<span style=\"font-size: 10pt; font-family: Verdana; color: #000000; background-color: transparent; font-weight: normal; font-style: normal; text-decoration: none; vertical-align: baseline\">-Uwaga, dzisiaj notujemy wysoki poziom ska\u017cenia.<\/span><br \/>\n<span style=\"font-size: 10pt; font-family: Verdana; color: #000000; background-color: transparent; font-weight: normal; font-style: normal; text-decoration: none; vertical-align: baseline\">-Osoby starsze oraz dzieci nie powinny wychodzi\u0107 z dom\u00f3w,<\/span><br \/>\n<span style=\"font-size: 10pt; font-family: Verdana; color: #000000; background-color: transparent; font-weight: normal; font-style: normal; text-decoration: none; vertical-align: baseline\">-Osoby czynnie uprawiaj\u0105ce sport nie powinny tego dzisiaj czyni\u0107,<\/span><br \/>\n<span style=\"font-size: 10pt; font-family: Verdana; color: #000000; background-color: transparent; font-weight: normal; font-style: normal; text-decoration: none; vertical-align: baseline\">-Astmatycy powinni zak\u0142ada\u0107 maski tlenowe,<\/span><br \/>\n<span style=\"font-size: 10pt; font-family: Verdana; color: #000000; background-color: transparent; font-weight: normal; font-style: normal; text-decoration: none; vertical-align: baseline\">-Pozosta\u0142e osoby powinny u\u017cywa\u0107 maseczek ochronnych.<\/span><!--more--><br \/>\n<span style=\"font-size: 10pt; font-family: Verdana; color: #000000; background-color: transparent; font-weight: normal; font-style: normal; text-decoration: none; vertical-align: baseline\">Wygl\u0105da na to, \u017ce znaleziono rozwi\u0105zanie tych problem\u00f3w, kt\u00f3re zaczynaj\u0105 by\u0107 \u015bwiatow\u0105 tragedi\u0105. Czy aby na pewno?<\/span><br \/>\n<span style=\"font-size: 10pt; font-family: Verdana; color: #000000; background-color: transparent; font-weight: normal; font-style: normal; text-decoration: none; vertical-align: baseline\">W  1996 roku w USA, fabryka General Motors wyprodukowa\u0142a pierwsze seryjne  samochody EV1 (Electronic Vehicle 1- pojazd elektryczny), kt\u00f3re je\u017adzi\u0142y  w Kalifornii.<\/span><br \/>\n<span style=\"font-size: 10pt; font-family: Verdana; color: #000000; background-color: transparent; font-weight: normal; font-style: normal; text-decoration: none; vertical-align: baseline\">By\u0142y  to szybkie i bardzo ciche auta przyspieszaj\u0105ce od 0 do 100 km w ci\u0105gu 9  sekund. Nie mia\u0142y rury wydechowej, nie wydziela\u0142y \u017cadnego  zanieczyszczenia. Mo\u017cna je by\u0142o \u0142atwo do\u0142adowa\u0107 energi\u0105 elektryczn\u0105 w  domowym gara\u017cu. Te samochody znikn\u0119\u0142y 10 lat p\u00f3\u017aniej. Nie ma ich. Jak to  by\u0142o mo\u017cliwe?<\/span><br \/>\n<span style=\"font-size: 10pt; font-family: Verdana; color: #000000; background-color: transparent; font-weight: normal; font-style: normal; text-decoration: none; vertical-align: baseline\">Po pierwsze: nie mo\u017cna by\u0142o ich kupi\u0107, &#8211; mo\u017cna je by\u0142o tylko wynaj\u0105\u0107.<\/span><br \/>\n<span style=\"font-size: 10pt; font-family: Verdana; color: #000000; background-color: transparent; font-weight: normal; font-style: normal; text-decoration: none; vertical-align: baseline\">Umowy wynajmu nie by\u0142y jasne i nie mo\u017cna ich by\u0142o przed\u0142u\u017ca\u0107.<\/span><br \/>\n<span style=\"font-size: 10pt; font-family: Verdana; color: #000000; background-color: transparent; font-weight: normal; font-style: normal; text-decoration: none; vertical-align: baseline\">GM odzyska\u0142o wszystkie EV1, pomimo protest\u00f3w u\u017cytkownik\u00f3w, a nast\u0119pnie zosta\u0142y one&#8230;zniszczone. WSZYSTKIE!!!<\/span><br \/>\n<span style=\"font-size: 10pt; font-family: Verdana; color: #000000; background-color: transparent; font-weight: normal; font-style: normal; text-decoration: none; vertical-align: baseline\">W  1997, podczas salonu samochodowego w Tokio, Nissan zaprezentowa\u0142  elektryczny model Hypermini. Ale te\u017c tylko do wynaj\u0119cia. W\u0142adze miejskie  Pasadeny, w Kalifornii wynaj\u0119\u0142y i przystosowa\u0142y go do u\u017cywania przez  swoich urz\u0119dnik\u00f3w; \u0142atwo\u015b\u0107 poruszania si\u0119 po mie\u015bcie, parkowania,  wszelkich manewr\u00f3w.<\/span><br \/>\n<span style=\"font-size: 10pt; font-family: Verdana; color: #000000; background-color: transparent; font-weight: normal; font-style: normal; text-decoration: none; vertical-align: baseline\">W  sierpniu, 2006 umowa wynajmu mi\u0119dzy urz\u0119dem miejskim i Nissanem  wygas\u0142a. W\u0142adze miejskie chcia\u0142y te samochody kupi\u0107, ale Nissan odm\u00f3wi\u0142  po czym odzyska\u0142 wszystkie samochody wy\u0142\u0105cznie po to, by je&#8230;zniszczy\u0107.<\/span><br \/>\n<span style=\"font-size: 10pt; font-family: Verdana; color: #000000; background-color: transparent; font-weight: normal; font-style: normal; text-decoration: none; vertical-align: baseline\">Od  1997 roku z Toyoty wchodzi na drogi RAV4-EV (Electric Vehicle-pojazd  elektryczny). Doskona\u0142y technologicznie elektryczny pojazd z nap\u0119dem 4 x  4 (rodzaj jeepa) by\u0142 niezwykle ceniony przez u\u017cytkownik\u00f3w. W 2003 roku  Toyota zdecydowa\u0142a o wstrzymaniu jego produkcji.<\/span><br \/>\n<span style=\"font-size: 10pt; font-family: Verdana; color: #000000; background-color: transparent; font-weight: normal; font-style: normal; text-decoration: none; vertical-align: baseline\">Cena \u0142adowania wynosi\u0142a 0.09 US$ (9 cent\u00f3w). \u0141adowanie \u201edo pe\u0142na\u201d &#8211; $2.70.<\/span><br \/>\n<span style=\"font-size: 10pt; font-family: Verdana; color: #000000; background-color: transparent; font-weight: normal; font-style: normal; text-decoration: none; vertical-align: baseline\">W 2005 roku wygas\u0142y wszystkie umowy wynajmu tych samochod\u00f3w.<\/span><br \/>\n<span style=\"font-size: 10pt; font-family: Verdana; color: #000000; background-color: transparent; font-weight: normal; font-style: normal; text-decoration: none; vertical-align: baseline\">Toyota natychmiast zacz\u0119\u0142\u0105 odzyskiwa\u0107 RAV4-EV. Wszystkie egzemplarze uleg\u0142y zniszczeniu.<\/span><br \/>\n<span style=\"font-size: 10pt; font-family: Verdana; color: #000000; background-color: transparent; font-weight: normal; font-style: normal; text-decoration: none; vertical-align: baseline\">Wtedy  w\u0142a\u015bnie powsta\u0142o stowarzyszenie pn. \u201eDon\u2019t crush\u201d &#8211; \u201eNie niszczy\u0107\u201d.  Powstanie, za\u0142o\u017cenie tego Stowarzyszenia by\u0142o efektem wsp\u00f3lnych dzia\u0142a\u0144  wielu obywateli ameryka\u0144skich i mia\u0142o na celu niedopuszczenie do  niszczenia tych w\u0142a\u015bnie, rewelacyjnych RAV4-EV.<\/span><br \/>\n<span style=\"font-size: 10pt; font-family: Verdana; color: #000000; background-color: transparent; font-weight: normal; font-style: normal; text-decoration: none; vertical-align: baseline\">Stowarzyszenie  wywiera\u0142o na Toyot\u0119 nacisk przez ponad trzy miesi\u0105ce, a\u017c Toyota uleg\u0142a i  wyrazi\u0142a zgod\u0119 na wykupienie aut przez osoby dotychczas je wynajmuj\u0105ce.<\/span><br \/>\n<span style=\"font-size: 10pt; font-family: Verdana; color: #000000; background-color: transparent; font-weight: normal; font-style: normal; text-decoration: none; vertical-align: baseline\">Wszelako linia monta\u017cowa zosta\u0142a usuni\u0119ta z produkcji i akumulator NiMH EV-95 nigdy ju\u017c nie wr\u00f3ci\u0142 do produkcji. Dlaczego?<\/span><br \/>\n<span style=\"font-size: 10pt; font-family: Verdana; color: #000000; background-color: transparent; font-weight: normal; font-style: normal; text-decoration: none; vertical-align: baseline\">W 2005 roku Chevron-Texaco wykupi\u0142 patent na akumulator za 30 milion\u00f3w dolar\u00f3w i dokona\u0142 demonta\u017cu fabryki.<\/span><br \/>\n<span style=\"font-size: 10pt; font-family: Verdana; color: #000000; background-color: transparent; font-weight: normal; font-style: normal; text-decoration: none; vertical-align: baseline\">Samochody elektryczne s\u0105 niszczone, a te na paliwo p\u0142ynne maj\u0105 si\u0119 dobrze. Ciekawe, dlaczego?<\/span><br \/>\n<span style=\"font-size: 10pt; font-family: Verdana; color: #000000; background-color: transparent; font-weight: normal; font-style: normal; text-decoration: none; vertical-align: baseline\">Jeffrey  Luers, 23-letni aktywista walcz\u0105cy o zachowanie teren\u00f3w zielonych, mia\u0142  w 2001 roku pewne przykre do\u015bwiadczenie; zosta\u0142 skazany na 23 lata i  osiem miesi\u0119cy za spalenie trzech Hummer\u00f3w (niezwykle paliwo\u017cernych  samochod\u00f3w ameryka\u0144skich na wz\u00f3r wojskowych). Luers chcia\u0142 zwr\u00f3ci\u0107 uwag\u0119  na zagro\u017cenie, jakim dla naszej planety s\u0105 te ultra-szkodliwe monstra.<\/span><br \/>\n<span style=\"font-size: 10pt; font-family: Verdana; color: #000000; background-color: transparent; font-weight: normal; font-style: normal; text-decoration: none; vertical-align: baseline\">Lobby wielkich koncern\u00f3w naftowych nie \u017cyczy\u0142y sobie i nie \u017cycz\u0105, by samochody elektryczne przetrwa\u0142y.<\/span><br \/>\n<span style=\"font-size: 10pt; font-family: Verdana; color: #000000; background-color: transparent; font-weight: normal; font-style: normal; text-decoration: none; vertical-align: baseline\">Wzniecaj\u0105  i prowadz\u0105 na Bliskim Wschodzie wojny o rop\u0119. Niszcz\u0105 istnienia ludzkie  na ca\u0142ym \u015bwiecie ska\u017ceniem, jakie wydzielaj\u0105 paliwa.<\/span><br \/>\n<span style=\"font-size: 10pt; font-family: Verdana; color: #000000; background-color: transparent; font-weight: normal; font-style: normal; text-decoration: none; vertical-align: baseline\">Ale auta elektryczne, to nie jedyne rozwi\u0105zanie.<\/span><br \/>\n<span style=\"font-size: 10pt; font-family: Verdana; color: #000000; background-color: transparent; font-weight: normal; font-style: normal; text-decoration: none; vertical-align: baseline\">Ju\u017c od dziesi\u0119ciu lat BMW dysponuje nadaj\u0105cym si\u0119 do powszechnego u\u017cytku samochodem na bazie wodoru.<\/span><br \/>\n<span style=\"font-size: 10pt; font-family: Verdana; color: #000000; background-color: transparent; font-weight: normal; font-style: normal; text-decoration: none; vertical-align: baseline\">Arnold Schwarzenegger, aktor, by\u0142y gubernator Kalifornii je\u017adzi Hummerem na&#8230;wod\u00f3r!<\/span><br \/>\n<span style=\"font-size: 10pt; font-family: Verdana; color: #000000; background-color: transparent; font-weight: normal; font-style: normal; text-decoration: none; vertical-align: baseline\">W  ub. roku zaprezentowano publicznie GENEPAX &#8211; pierwsze i jedyne, jak  dot\u0105d auto na&#8230;par\u0119 wodn\u0105! To nie pomy\u0142ka. To auto dzia\u0142a. No, skoro  lokomotywy i statki mog\u0142y, dlaczego nie samochody?<\/span><br \/>\n<span style=\"font-size: 10pt; font-family: Verdana; color: #000000; background-color: transparent; font-weight: normal; font-style: normal; text-decoration: none; vertical-align: baseline\">Ma\u0142o  tego \u00a0&#8211; woda nie musi by\u0107 filtrowana, a samoch\u00f3d jest w stanie jecha\u0107  przez godzin\u0119 z szybko\u015bci\u0105 80 km na&#8230;jednym litrze wody!!! A  konstrukcja jest niewiarygodnie prosta, za\u015b jedyn\u0105 wydzielin\u0105  jest&#8230;para wodna.<\/span><br \/>\n<span style=\"font-size: 10pt; font-family: Verdana; color: #000000; background-color: transparent; font-weight: normal; font-style: normal; text-decoration: none; vertical-align: baseline\">To znaczy, \u017ce auto jest wolne od zanieczyszcze\u0144. \u0179r\u00f3d\u0142em spalanego przez ten samoch\u00f3d surowca jest powietrze. Darmowe!!!<\/span><br \/>\n<span style=\"font-size: 10pt; font-family: Verdana; color: #000000; background-color: transparent; font-weight: normal; font-style: normal; text-decoration: none; vertical-align: baseline\">Wi\u0119c czemu te samochody nie s\u0105 poromowane?<\/span><br \/>\n<span style=\"font-size: 10pt; font-family: Verdana; color: #000000; background-color: transparent; font-weight: normal; font-style: normal; text-decoration: none; vertical-align: baseline\">Bo bary\u0142ka ropy mog\u0142aby spa\u015b\u0107 nawet do $65, czyli o po\u0142ow\u0119.<\/span><br \/>\n<span style=\"font-size: 10pt; font-family: Verdana; color: #000000; background-color: transparent; font-weight: normal; font-style: normal; text-decoration: none; vertical-align: baseline\">Ale  tym rz\u0105dz\u0105 wielko-kapita\u0142owe fundusze inwestycyjne USA i Europy.  Gigantyczne korporacje naftowe kontroluj\u0105ce ustawodawc\u00f3w ameryka\u0144skich i  europejskich. Kontroluj\u0105ce przy pomocy ogromnych pieni\u0119dzy.<\/span><br \/>\n<span style=\"font-size: 10pt; font-family: Verdana; color: #000000; background-color: transparent; font-weight: normal; font-style: normal; text-decoration: none; vertical-align: baseline\">To  wielkie kapita\u0142y rodzin i klan\u00f3w rodzinnych kontroluj\u0105cych ga\u0142\u0119zie  przemys\u0142owe uzale\u017cnione od ropy, a wi\u0119c Rockefeller\u00f3w, Rothschild\u00f3w,  Bush\u00f3w, angielskiej rodziny kr\u00f3lewskiej, itp.<\/span><br \/>\n<span style=\"font-size: 10pt; font-family: Verdana; color: #000000; background-color: transparent; font-weight: normal; font-style: normal; text-decoration: none; vertical-align: baseline\">Oleje  miesza si\u0119 z rop\u0105, by podobno \u201dobni\u017cy\u0107 jej konsumpcj\u0119\u201d, cho\u0107 w  rzeczywisto\u015bci powoduje to jej umocnienie, jako g\u0142\u00f3wnego surowca  nap\u0119dzaj\u0105cego pojazdy.<\/span><br \/>\n<span style=\"font-size: 10pt; font-family: Verdana; color: #000000; background-color: transparent; font-weight: normal; font-style: normal; text-decoration: none; vertical-align: baseline\">Biopaliwa, to kolejna bzdura wmawiana \u015bwiatu.<\/span><br \/>\n<span style=\"font-size: 10pt; font-family: Verdana; color: #000000; background-color: transparent; font-weight: normal; font-style: normal; text-decoration: none; vertical-align: baseline\">Powinni\u015bmy  w salonach samochodowych pokazywa\u0107 \u00a0i podkre\u015bla\u0107 stanowcz\u0105 ch\u0119\u0107 zakupu  samochodu elektrycznego, lub na wod\u00f3r, czy na par\u0119 wodn\u0105. Dawa\u0107 sygna\u0142y,  \u017ce mamy dosy\u0107 p\u0142acenia koszt\u00f3w dyktowanych wy\u0142\u0105cznie przez wielkie  biznesy.<\/span><br \/>\n<span style=\"font-size: 10pt; font-family: Verdana; color: #000000; background-color: transparent; font-weight: normal; font-style: normal; text-decoration: none; vertical-align: baseline\">Ka\u017cde lobby jest do pokonania, je\u015bli naprzeciwko stan\u0105 t\u0142umy. Pomy\u015blmy o tym.<\/span><br \/>\n<span style=\"font-size: 10pt; font-family: Verdana; color: #000000; background-color: transparent; font-weight: normal; font-style: normal; text-decoration: none; vertical-align: baseline\">Walczmy o nasze prze\u017cycie i o nasz\u0105 planet\u0119.<\/span><br \/>\n<span style=\"font-size: 10pt; font-family: Verdana; color: #000000; background-color: transparent; font-weight: normal; font-style: normal; text-decoration: none; vertical-align: baseline\">Gore  wymy\u015bli\u0142 ocieplenie, dwutlenek i zmiany klimatyczne. B\u0119d\u0105 za to p\u0142aci\u0142y  spo\u0142ecze\u0144stwa i to p\u0142aci\u0142y s\u0142ono, bo przecie\u017c nie Gore, nie politycy.  Ale podpisali w Kopenhadze i ten nasz potulny na \u201eeuropejsko\u015b\u0107\u201d  bezmy\u015blny premier te\u017c. Czemu Al Gore nie agitowa\u0142 za elektrycznymi?  Opowiada\u0142 nam brednie, \u017ce podnios\u0105 si\u0119 wody m\u00f3rz i ocean\u00f3w i&#8230;zakupi\u0142  pot\u0119\u017cn\u0105 posiad\u0142o\u015b\u0107 na kalifornijskim wybrze\u017cu.<\/span><br \/>\n<span style=\"font-size: 10pt; font-family: Verdana; color: #000000; background-color: transparent; font-weight: normal; font-style: normal; text-decoration: none; vertical-align: baseline\">Nobel  za elektryczny samoch\u00f3d na pewno znobilitowa\u0142by i zrehabilitowa\u0142  komitet noblowski za te dwa wyg\u0142upy: dla Gora i dla Obamy.<\/span><\/p>\n","protected":false},"excerpt":{"rendered":"<p>W niekt\u00f3rych miastach (Meksyk, Santiago, Moskwa), stacje radiowe nadaj\u0105 ostrze\u017cenia: -Uwaga, dzisiaj notujemy wysoki poziom ska\u017cenia. -Osoby starsze oraz dzieci nie powinny wychodzi\u0107 z dom\u00f3w, -Osoby czynnie uprawiaj\u0105ce sport nie powinny tego dzisiaj czyni\u0107, -Astmatycy powinni zak\u0142ada\u0107 maski tlenowe, -Pozosta\u0142e osoby powinny u\u017cywa\u0107 maseczek ochronnych.<\/p>\n","protected":false},"author":2,"featured_media":0,"comment_status":"open","ping_status":"open","sticky":false,"template":"","format":"standard","meta":[],"categories":[1],"tags":[],"_links":{"self":[{"href":"https:\/\/sporek.com\/blog\/index.php?rest_route=\/wp\/v2\/posts\/279"}],"collection":[{"href":"https:\/\/sporek.com\/blog\/index.php?rest_route=\/wp\/v2\/posts"}],"about":[{"href":"https:\/\/sporek.com\/blog\/index.php?rest_route=\/wp\/v2\/types\/post"}],"author":[{"embeddable":true,"href":"https:\/\/sporek.com\/blog\/index.php?rest_route=\/wp\/v2\/users\/2"}],"replies":[{"embeddable":true,"href":"https:\/\/sporek.com\/blog\/index.php?rest_route=%2Fwp%2Fv2%2Fcomments&post=279"}],"version-history":[{"count":0,"href":"https:\/\/sporek.com\/blog\/index.php?rest_route=\/wp\/v2\/posts\/279\/revisions"}],"wp:attachment":[{"href":"https:\/\/sporek.com\/blog\/index.php?rest_route=%2Fwp%2Fv2%2Fmedia&parent=279"}],"wp:term":[{"taxonomy":"category","embeddable":true,"href":"https:\/\/sporek.com\/blog\/index.php?rest_route=%2Fwp%2Fv2%2Fcategories&post=279"},{"taxonomy":"post_tag","embeddable":true,"href":"https:\/\/sporek.com\/blog\/index.php?rest_route=%2Fwp%2Fv2%2Ftags&post=279"}],"curies":[{"name":"wp","href":"https:\/\/api.w.org\/{rel}","templated":true}]}}