{"id":28,"date":"2007-09-08T13:16:30","date_gmt":"2007-09-08T17:16:30","guid":{"rendered":"http:\/\/sporek.com\/blog\/?p=28"},"modified":"2007-09-22T13:42:14","modified_gmt":"2007-09-22T17:42:14","slug":"odchodza-powstancy-warszawy","status":"publish","type":"post","link":"https:\/\/sporek.com\/blog\/?p=28","title":{"rendered":"Odchodz\u0105 Powsta\u0144cy Warszawy"},"content":{"rendered":"<p><span goog_ds_charIndex=\"44\" lang=\"PL\"><span goog_ds_charIndex=\"46\" lang=\"PL\">Walczyli o woln\u0105 Ojczyzn\u0119,<\/span><\/span><span goog_ds_charIndex=\"44\" lang=\"PL\"><\/span><span goog_ds_charIndex=\"44\" lang=\"PL\"><br \/>\n<\/span><span goog_ds_charIndex=\"44\" lang=\"PL\"><span goog_ds_charIndex=\"78\" lang=\"PL\">Uciekali z transport\u00f3w na obczyzn\u0119.<br \/>\n<\/span><span goog_ds_charIndex=\"119\" lang=\"PL\">Nazwiska zmienia\u0107 musieli,<br \/>\n<\/span><span goog_ds_charIndex=\"151\" lang=\"PL\">Bo we w\u0142asnym kraju \u017cy\u0107 i pozosta\u0107 chcieli.<\/span><\/span><span goog_ds_charIndex=\"44\" lang=\"PL\"><\/span><span goog_ds_charIndex=\"44\" lang=\"PL\"><\/p>\n<p goog_ds_charIndex=\"201\" class=\"MsoNormal\"><span goog_ds_charIndex=\"202\" lang=\"PL\">\u201eFred\u201d, Ferdynand, vel Antoni;<br \/>\n<\/span><span goog_ds_charIndex=\"238\" lang=\"PL\">spod zbrodniczego s\u0105du ucieka pogoni,<br \/>\n<\/span><span goog_ds_charIndex=\"281\" lang=\"PL\">by m\u00f3c \u017cy\u0107 na Ojczyzny \u0142onie<br \/>\n<\/span><span goog_ds_charIndex=\"315\" lang=\"PL\">i \u017cycie po\u015bwi\u0119ci\u0107 rodzinie i \u017conie.<!--more--><\/span><\/p>\n<p goog_ds_charIndex=\"357\" class=\"MsoNormal\"><span goog_ds_charIndex=\"358\" lang=\"PL\">A inni ONI? Bohaterowie zm\u0119czeni<br \/>\n<\/span><span goog_ds_charIndex=\"396\" lang=\"PL\">przez komuny oszczerstwa codziennie dr\u0119czeni?<br \/>\n<\/span><span goog_ds_charIndex=\"447\" lang=\"PL\">Przed polskimi musieli ucieka\u0107 zb\u00f3jami,<br \/>\n<\/span><span goog_ds_charIndex=\"492\" lang=\"PL\">Co ich chcieli katowa\u0107 pa\u0142ami, skuwa\u0107 kajdanami.<\/span><\/p>\n<p goog_ds_charIndex=\"547\" class=\"MsoNormal\"><span goog_ds_charIndex=\"548\" lang=\"PL\">Germa\u0144skim uda\u0142o im si\u0119 uj\u015b\u0107 \u015bmiertelnym kulom,<br \/>\n<\/span><span goog_ds_charIndex=\"601\" lang=\"PL\">&#8230;Lecz nie polskim bestialskim torturom i b\u00f3lom.<br \/>\n<\/span><span goog_ds_charIndex=\"656\" lang=\"PL\">Pi\u0119\u0107dziesi\u0105t lat \u017cycia w strachu i bezszacunku,<br \/>\n<\/span><span goog_ds_charIndex=\"710\" lang=\"PL\">P\u00f3\u0142 wieku lekcji o Ojczy\u017anie, danych synom i c\u00f3rkom.<\/span><\/p>\n<p goog_ds_charIndex=\"769\" class=\"MsoNormal\"><span goog_ds_charIndex=\"770\" lang=\"PL\">Wielcy, jak \u015bredniowieczni, w l\u015bni\u0105cych zbrojach rycerze;<br \/>\n<\/span><span goog_ds_charIndex=\"833\" lang=\"PL\">Wierni swej Ojczy\u017anie, wierni swojej wierze.<br \/>\n<\/span><span goog_ds_charIndex=\"883\" lang=\"PL\">Pi\u0119\u0107dziesi\u0105t d\u0142ugich lat na sw\u00f3j HONOR czekali,<br \/>\n<\/span><span goog_ds_charIndex=\"936\" lang=\"PL\">A\u017c wreszcie swoje od Kaczy\u0144skiego Muzeum dostali.<\/span><\/p>\n<p goog_ds_charIndex=\"990\" class=\"MsoNormal\"><span goog_ds_charIndex=\"993\" lang=\"PL\">\u201eFred\u201d czeka\u0142, a\u017c potwornej napa\u015bci nadejdzie rocznica;<br \/>\n<\/span><span goog_ds_charIndex=\"1055\" lang=\"PL\">wytrzyma\u0142 od pi\u0105tej rano szwabsk\u0105 nawa\u0142nic\u0119,<br \/>\n<\/span><span goog_ds_charIndex=\"1105\" lang=\"PL\">by po dwunastu godzinach odchyli\u0107 przy\u0142bic\u0119<br \/>\n<\/span><span goog_ds_charIndex=\"1154\" lang=\"PL\">i odda\u0107 Bogu i Ojczy\u017anie swoje wielkie \u017cycie.<\/span><\/p>\n<p goog_ds_charIndex=\"1204\" class=\"MsoNormal\"><span goog_ds_charIndex=\"1207\" lang=\"PL\">Cze\u015b\u0107 Jego pami\u0119ci, cze\u015b\u0107 pami\u0119ci Jego towarzyszom!<br \/>\n<\/span><span goog_ds_charIndex=\"1264\" lang=\"PL\">Dzi\u015b Nar\u00f3d czci ICH pami\u0119\u0107,- ONI ju\u017c nie s\u0142ysz\u0105.<br \/>\n<\/span><span goog_ds_charIndex=\"1318\" lang=\"PL\">Patrz\u0105 ponad Polsk\u0105 na g\u0142upot\u0119 ludu,<br \/>\n<\/span><span goog_ds_charIndex=\"1360\" lang=\"PL\">Patrz\u0105 i czekaj\u0105 nast\u0119pnego nad sw\u0105 Wis\u0142\u0105 cudu.<\/span><\/p>\n<p goog_ds_charIndex=\"1412\" class=\"MsoNormal\"><span goog_ds_charIndex=\"1415\" lang=\"PL\">Kl\u0119knij Ferdynandzie przed Boga z\u0142otym tronem<br \/>\n<\/span><span goog_ds_charIndex=\"1466\" lang=\"PL\">I wstaw si\u0119 o opiek\u0119 nad t\u0119pym narodem.<br \/>\n<\/span><span goog_ds_charIndex=\"1512\" lang=\"PL\">Zbierz wszystkich Powsta\u0144c\u00f3w, zbierz tych Bohater\u00f3w<br \/>\n<\/span><span goog_ds_charIndex=\"1569\" lang=\"PL\">I z\u0142\u0105czcie si\u0119 z niebia\u0144skim pu\u0142kiem Swole\u017cer\u00f3w.<\/span><\/p>\n<p goog_ds_charIndex=\"1622\" class=\"MsoNormal\"><span goog_ds_charIndex=\"1625\" lang=\"PL\">My b\u0119dziemy pami\u0119ta\u0107,<br \/>\n<\/span><span goog_ds_charIndex=\"1652\" lang=\"PL\">My czci\u0107 Was b\u0119dziemy,<br \/>\n<\/span><span goog_ds_charIndex=\"1680\" lang=\"PL\">Dop\u00f3ki krew w \u017cy\u0142ach,<br \/>\n<\/span><span goog_ds_charIndex=\"1707\" lang=\"PL\">Dop\u00f3ki \u017cyjemy.<\/span><\/p>\n<p goog_ds_charIndex=\"1726\" class=\"MsoNormal\">&nbsp;<\/p>\n<p goog_ds_charIndex=\"1727\"><span goog_ds_charIndex=\"1730\" lang=\"PL\"><em>Pami\u0119ci Ferdynanda Kostrzy\u0144skiego po\u015bwi\u0119cam, Janusz Sporek<\/em><\/span><\/p>\n<p><\/span><\/p>\n","protected":false},"excerpt":{"rendered":"<p>Walczyli o woln\u0105 Ojczyzn\u0119, Uciekali z transport\u00f3w na obczyzn\u0119. Nazwiska zmienia\u0107 musieli, Bo we w\u0142asnym kraju \u017cy\u0107 i pozosta\u0107 chcieli. \u201eFred\u201d, Ferdynand, vel Antoni; spod zbrodniczego s\u0105du ucieka pogoni, by m\u00f3c \u017cy\u0107 na Ojczyzny \u0142onie i \u017cycie po\u015bwi\u0119ci\u0107 rodzinie i \u017conie.<\/p>\n","protected":false},"author":2,"featured_media":0,"comment_status":"open","ping_status":"open","sticky":false,"template":"","format":"standard","meta":[],"categories":[1,4],"tags":[],"_links":{"self":[{"href":"https:\/\/sporek.com\/blog\/index.php?rest_route=\/wp\/v2\/posts\/28"}],"collection":[{"href":"https:\/\/sporek.com\/blog\/index.php?rest_route=\/wp\/v2\/posts"}],"about":[{"href":"https:\/\/sporek.com\/blog\/index.php?rest_route=\/wp\/v2\/types\/post"}],"author":[{"embeddable":true,"href":"https:\/\/sporek.com\/blog\/index.php?rest_route=\/wp\/v2\/users\/2"}],"replies":[{"embeddable":true,"href":"https:\/\/sporek.com\/blog\/index.php?rest_route=%2Fwp%2Fv2%2Fcomments&post=28"}],"version-history":[{"count":0,"href":"https:\/\/sporek.com\/blog\/index.php?rest_route=\/wp\/v2\/posts\/28\/revisions"}],"wp:attachment":[{"href":"https:\/\/sporek.com\/blog\/index.php?rest_route=%2Fwp%2Fv2%2Fmedia&parent=28"}],"wp:term":[{"taxonomy":"category","embeddable":true,"href":"https:\/\/sporek.com\/blog\/index.php?rest_route=%2Fwp%2Fv2%2Fcategories&post=28"},{"taxonomy":"post_tag","embeddable":true,"href":"https:\/\/sporek.com\/blog\/index.php?rest_route=%2Fwp%2Fv2%2Ftags&post=28"}],"curies":[{"name":"wp","href":"https:\/\/api.w.org\/{rel}","templated":true}]}}