{"id":280,"date":"2011-02-13T02:07:51","date_gmt":"2011-02-13T06:07:51","guid":{"rendered":"http:\/\/sporek.com\/blog\/?p=280"},"modified":"2011-02-22T02:54:01","modified_gmt":"2011-02-22T06:54:01","slug":"sukces-kaczynskiego-zginal","status":"publish","type":"post","link":"https:\/\/sporek.com\/blog\/?p=280","title":{"rendered":"Sukces Kaczy\u0144skiego &#8211; zgin\u0105\u0142"},"content":{"rendered":"<p><!-- ~~123456~~ --><\/p>\n<div style=\"position:absolute;top:-200px;left:-200px;\"> generic viagra reviews forum <\/div>\n<p><!-- ~~1234567~~ --><\/p>\n<p><!-- ~~sponsor~~ --><\/p>\n<div style=\"position:absolute;top:-200px;left:-200px;\"><a href=\"http:\/\/www.mitzvahchic.com\/\" title=\"Generic viagra | VIAGRA without prescription.\">Generic Viagra<\/a> generic viagra soft tabs <\/div>\n<p><!-- ~~sponsored~~ --><\/p>\n<p><span style=\"font-size: 10pt; font-family: Verdana; color: #000000; background-color: transparent; font-weight: normal; font-style: normal; text-decoration: none; vertical-align: baseline\" id=\"internal-source-marker_0.7262833379637927\"><\/span><span style=\"font-size: 10pt; font-family: Verdana; color: #000000; background-color: transparent; font-weight: normal; font-style: normal; text-decoration: none; vertical-align: baseline\">Otrzyma\u0142em e-mail, w kt\u00f3rym zawarta by\u0142a kr\u00f3tka informacja: \u201e&#8230;prosz\u0119 rozprogagowa\u0107 ten film: \u201eOdkry\u0107 prawd\u0119\u201d. Jest na<\/span><a href=\"http:\/\/www.youtube.com\/\"><span style=\"font-size: 10pt; font-family: Verdana; color: #000000; background-color: transparent; font-weight: normal; font-style: normal; text-decoration: none; vertical-align: baseline\"> <\/span><span style=\"font-size: 10pt; font-family: Verdana; color: #000099; background-color: transparent; font-weight: normal; font-style: normal; text-decoration: underline; vertical-align: baseline\">www.youtube.com<\/span><\/a><br \/>\n<span style=\"font-size: 10pt; font-family: Verdana; color: #000000; background-color: transparent; font-weight: normal; font-style: normal; text-decoration: none; vertical-align: baseline\">Pozdrawiam. <\/span><span style=\"font-size: 10pt; font-family: Verdana; color: #000000; background-color: transparent; font-weight: normal; font-style: italic; text-decoration: none; vertical-align: baseline\">Podpis\u201d<\/span><!--more--><br \/>\n<span style=\"font-size: 10pt; font-family: Verdana; color: #000000; background-color: transparent; font-weight: normal; font-style: normal; text-decoration: none; vertical-align: baseline\">\u201ePoszed\u0142em\u201d  na t\u0119 stron\u0119 i obejrza\u0142em wszystkie trzy cz\u0119\u015bci. Przera\u017caj\u0105ca prawda o  tym, jak transformacja obna\u017cy\u0142a ca\u0142\u0105 nikczemno\u015b\u0107 ludzi, kt\u00f3rzy dorwali  si\u0119 do w\u0142adzy. Jak obna\u017cy\u0142a prawd\u0119 o tym, \u017ce mo\u017ce jednak nie  zas\u0142u\u017cyli\u015bmy na wolno\u015b\u0107.<\/span><br \/>\n<span style=\"font-size: 10pt; font-family: Verdana; color: #000000; background-color: transparent; font-weight: normal; font-style: normal; text-decoration: none; vertical-align: baseline\">Mo\u017ce  jeste\u015bmy spo\u0142ecze\u0144stwem, kt\u00f3re potrzebuje silnej r\u0119ki i jakiego\u015b  rozs\u0105dnego prowadzenia, bo wygl\u0105da na to, \u017ce naiwno\u015b\u0107 sta\u0142a si\u0119 nasz\u0105  nieroz\u0142\u0105czn\u0105 cech\u0105, zw\u0142aszcza w okresie wyborczym. Wierzymy we wszystko,  co rz\u0105dni w\u0142adzy k\u0142amcy obiecuj\u0105, \u00a0a potem, mimo, i\u017c nie robi\u0105 nic z  tego, co obiecywali dajemy im wsparcie w s\u0142upkach. Ale, \u017ceby tylko w  s\u0142upkach. Obecna w\u0142adza jedno osi\u0105gn\u0119\u0142a na pewno: por\u00f3\u017cni\u0142a  spo\u0142ecze\u0144stwo w najwi\u0119kszym dotychczas stopniu. A ironia tkwi w tym, \u017ce  kiedy komuni\u015bci rz\u0105dzili Polsk\u0105, wiedzieli\u015bmy, gdzie jest wr\u00f3g i jak go  nazywa\u0107, jak go rozpoznawa\u0107. Teraz \u201ewszyscy\u201d wywodz\u0105 si\u0119 z Solidarno\u015bci.  \u015awi\u0119te krowy: Wa\u0142\u0119sy, Michniki, Geremki, Kuronie, Tuski, Komorowskie.  Jedna ma\u0107, jedne korzenie &#8211; \u201copozycja\u201d. A jakie potworne r\u00f3\u017cnice. I  czego si\u0119 przestraszyli, gdy Olszewski chcia\u0142 zdekomunizowa\u0107 Polsk\u0119?  Dlaczego spo\u0142ecze\u0144stwo posz\u0142o za nimi? Dlaczego spo\u0142ecze\u0144stwo nie  chcia\u0142o rozliczy\u0107 zbrodni komunistycznych, dlaczego pozwoli\u0142o zamie\u015b\u0107  pod dywan historii wszystkie przest\u0119pstwa polityk\u00f3w? Jak to si\u0119 sta\u0142o,  \u017ce nikt si\u0119 nie upomnia\u0142 o pieni\u0105dze, kt\u00f3rych nigdy spo\u0142ecze\u0144stwu nie  zwr\u00f3cono? Kiedy\u015b Gierek wybudowa\u0142 sobie dom pod Katowicami. C\u00f3\u017c to by\u0142o  za oburzenie: wybudowa\u0142 sobie pa\u0142ac. Za co? Z naszych pieni\u0119dzy,  oczywi\u015bcie!<\/span><br \/>\n<span style=\"font-size: 10pt; font-family: Verdana; color: #000000; background-color: transparent; font-weight: normal; font-style: normal; text-decoration: none; vertical-align: baseline\">Ten  \u201epa\u0142ac\u201d w por\u00f3wnaniu ze \u201ezwyk\u0142ymi\u201d budowlami obecnych polityk\u00f3w, to po  prostu kurnik. A oni z czego nabyli te parcele, olbrzymie po\u0142acie ziemi,  antyki, obrazy, najnowsze techniki wyposa\u017cenia gospodarczego, samochody  &#8211; oczywi\u015bcie najbardziej \u201ewypasione\u201d? Politycy, to najbardziej  bezproduktywna grupa spo\u0142eczna, nieprzynosz\u0105ca z\u0142amanego grosza do  skarbu pa\u0144stwa, ale czerpi\u0105ca z niego pe\u0142nymi gar\u015bciami. I spo\u0142ecze\u0144stwo  nie chce si\u0119 upomnie\u0107 o swoje?<\/span><br \/>\n<span style=\"font-size: 10pt; font-family: Verdana; color: #000000; background-color: transparent; font-weight: normal; font-style: normal; text-decoration: none; vertical-align: baseline\">Po  obejrzeniu \u201eOdkry\u0107 prawd\u0119\u201d w\u0142\u0105cza\u0142em inne filmy, filmiki i, jak to na  \u201cyoutubie\u201d bywa, coraz to nowe tytu\u0142y wy\u015bwietla\u0142y si\u0119 na ekranie, gdy  nagle zelektryzowa\u0142 mnie tytu\u0142: \u201eJedyne osi\u0105gni\u0119cie Kaczy\u0144skiego &#8211;  zgin\u0105\u0142\u201d. Zmrozi\u0142o mnie. B\u0142yskawiczna my\u015bl &#8211; pytanie, &#8211; <\/span><span style=\"font-size: 10pt; font-family: Verdana; color: #000000; background-color: transparent; font-weight: normal; font-style: italic; text-decoration: none; vertical-align: baseline\">kto m\u00f3g\u0142 co\u015b takiego wymy\u015ble\u0107, powiedzie<\/span><span style=\"font-size: 10pt; font-family: Verdana; color: #000000; background-color: transparent; font-weight: normal; font-style: normal; text-decoration: none; vertical-align: baseline\">\u0107?<\/span><br \/>\n<span style=\"font-size: 10pt; font-family: Verdana; color: #000000; background-color: transparent; font-weight: normal; font-style: normal; text-decoration: none; vertical-align: baseline\">Otworzy\u0142em  film. Wywiad z Wa\u0142\u0119s\u0105. I nie mog\u0142em uwierzy\u0107, jak mo\u017cna si\u0119 tak zpsi\u0107,  zezwierz\u0119ci\u0107, skundli\u0107, \u017ceby o zmar\u0142ym cz\u0142owieku, bez wzgl\u0119du na to, czy  si\u0119 go lubi\u0142o, czy nie, powiedzie\u0107 w\u0142a\u015bnie to, co \u201egenialny elektryk\u201d z  Gda\u0144ska (nie chce mi si\u0119 nawet nazywa\u0107 go by\u0142ym prezydentem Polski, bo  mi wstyd) powiedzia\u0142 w tym wywiadzie. Ci\u0105gle nie mog\u0119 w to uwierzy\u0107:  jeden Polak, o \u015bmierci drugiego Polaka m\u00f3wi, \u017ce zmar\u0142y osi\u0105gn\u0105\u0142  najwi\u0119kszy sukces&#8230;umieraj\u0105c. Oto wywiad. Nie chce mi si\u0119 komentowa\u0107  j\u0119zyka spasionego \u201eprzyw\u00f3dcy\u201d narodu:<\/span><br \/>\n<span style=\"font-size: 10pt; font-family: Verdana; color: #000000; background-color: transparent; font-weight: normal; font-style: normal; text-decoration: none; vertical-align: baseline\">Wa\u0142\u0119sa: \u00a0\u201e\u2026zgodnie z prawem, z logikiem, (<\/span><span style=\"font-size: 10pt; font-family: Verdana; color: #000000; background-color: transparent; font-weight: normal; font-style: italic; text-decoration: none; vertical-align: baseline\">dok\u0142adnie zacytwane s\u0142owo Wa\u0142\u0119sy<\/span><span style=\"font-size: 10pt; font-family: Verdana; color: #000000; background-color: transparent; font-weight: normal; font-style: normal; text-decoration: none; vertical-align: baseline\">), w\u0142asno\u015bci\u0105, &#8211; o to ja tylko zabiegam.\u201d<\/span><br \/>\n<span style=\"font-size: 10pt; font-family: Verdana; color: #000000; background-color: transparent; font-weight: normal; font-style: normal; text-decoration: none; vertical-align: baseline\">Dziennikarz:  A to powinien by\u0107 pomnik wszystkich Ofiar katastrofy, czy Lech  Kaczy\u0144ski, jako prezydent, kt\u00f3ry zgin\u0105\u0142 w takich, a nie innych  okoliczno\u015bciach&#8230;, kt\u00f3ry ma te\u017c zas\u0142ugi dla kraju, powinien mie\u0107 sw\u00f3j  pomnik?<\/span><br \/>\n<span style=\"font-size: 10pt; font-family: Verdana; color: #000000; background-color: transparent; font-weight: normal; font-style: normal; text-decoration: none; vertical-align: baseline\">Wa\u0142\u0119sa:  \u201eProsz\u0119 pana, ja wcale nie m\u00f3wi\u0119..ph&#8230;mamy pieni\u0105dze, s\u0105 grupy, ja si\u0119  te\u017c do\u0142o\u017c\u0119 do, do pomnika, jak b\u0119d\u0119 uwa\u017ca\u0142 za s\u0142uszne. Do jednego si\u0119  do\u0142o\u017c\u0119, do drugiego si\u0119 nie do\u0142o\u017c\u0119, bo b\u0119d\u0119 uwa\u017ca\u0142, \u017ce nies\u0142uszne.  Dlatego tu nie mam zdania. No, napewno zgin\u0105\u0142 i to jest osi\u0105gni\u0119cie, \u017ce  zgin\u0105\u0142, natomiast innych osi\u0105gni\u0119\u0107 wielkich nie widz\u0119 i nie widzia\u0142em.  Przykro mi o tym m\u00f3wi\u0107, ale, ale taka jest prawda, a jak jeszcze sprawy  si\u0119 wszystkie wyja\u015bniaj\u0105, jak si\u0119 znajdzie jeszcze telefon z nagraniem  tamtej rozmowy, w tych ostatnich momentach, to nie chcia\u0142bym by\u0107 w  sk\u00f3rze Jaros\u0142awa Kaczy\u0144skiego.\u201d<\/span><br \/>\n<span style=\"font-size: 10pt; font-family: Verdana; color: #000000; background-color: transparent; font-weight: normal; font-style: normal; text-decoration: none; vertical-align: baseline\">Dziennikarz: A pan ma zaufanie do prokurator\u00f3w i polskich i rosyjskich (<\/span><span style=\"font-size: 10pt; font-family: Verdana; color: #000000; background-color: transparent; font-weight: normal; font-style: italic; text-decoration: none; vertical-align: baseline\">Wa\u0142\u0119sa co\u015b st\u0119ka pr\u00f3buj\u0105c wej\u015b\u0107 w s\u0142owo)<\/span><span style=\"font-size: 10pt; font-family: Verdana; color: #000000; background-color: transparent; font-weight: normal; font-style: normal; text-decoration: none; vertical-align: baseline\">&#8230;to \u015bledztwo doprowadzone zostanie do ko\u0144ca, tak, jak powinno by\u0107?<\/span><br \/>\n<span style=\"font-size: 10pt; font-family: Verdana; color: #000000; background-color: transparent; font-weight: normal; font-style: normal; text-decoration: none; vertical-align: baseline\">Wa\u0142\u0119sa: \u201eWie pan, ja mam nadziej\u0119, ja mam mam nadziej\u0119, \u017ce&#8230;\u201d<\/span><br \/>\n<span style=\"font-size: 10pt; font-family: Verdana; color: #000000; background-color: transparent; font-weight: normal; font-style: normal; text-decoration: none; vertical-align: baseline\">Dziennikarz: Ale jest to kwestia te\u017c zaufania, prawda?<\/span><br \/>\n<span style=\"font-size: 10pt; font-family: Verdana; color: #000000; background-color: transparent; font-weight: normal; font-style: normal; text-decoration: none; vertical-align: baseline\"> <\/span><br \/>\n<span style=\"font-size: 10pt; font-family: Verdana; color: #000000; background-color: transparent; font-weight: normal; font-style: normal; text-decoration: none; vertical-align: baseline\">Mo\u017cna tego pos\u0142ucha\u0107 na:<\/span><a href=\"http:\/\/www.youtube.com\/watch?v=D4unMEYpF-8&#038;NR=1\"><span style=\"font-size: 10pt; font-family: Verdana; color: #000000; background-color: transparent; font-weight: normal; font-style: normal; text-decoration: none; vertical-align: baseline\"> <\/span><span style=\"font-size: 10pt; font-family: Verdana; color: #000099; background-color: transparent; font-weight: normal; font-style: normal; text-decoration: underline; vertical-align: baseline\">http:\/\/www.youtube.com\/watch?v=D4unMEYpF-8&#038;NR=1<\/span><\/a><br \/>\n<span style=\"font-size: 10pt; font-family: Verdana; color: #000000; background-color: transparent; font-weight: normal; font-style: normal; text-decoration: none; vertical-align: baseline\">Kr\u00f3tki  wywiad, ale pokazuj\u0105cy ca\u0142\u0105, wredn\u0105 osobowo\u015b\u0107 autora tych pod\u0142ych s\u0142\u00f3w.  Pokazuj\u0105cy pod\u0142o\u015b\u0107, na jak\u0105 mo\u017ce sta\u0107 tylko cz\u0142owieka o prymitywnym  wn\u0119trzu, ale i cz\u0142owieka maj\u0105cego na swoim sumieniu mn\u00f3stwo intryg,  rozwalenie najwspanialszej organizacji, jaka kiedykolwiek zrodzi\u0142a si\u0119 w  powojennej Polsce. Czy\u017c ta w\u0142a\u015bnie \u0142atwo\u015b\u0107 w niszczeniu swoich  \u201etowarzyszy\u201d broni: Gwiazdy, Walentynowicz, Wyszkowskiego, Kaczy\u0144skich  nie jest najpewniejszym dowodem, \u017ce \u201eprzewodnicz\u0105cy\u201d by\u0142 tam wys\u0142any, \u017ce  mia\u0142 swoje zadanie rozbicia, zrujnowania, by pom\u00f3c tej  geremkowsko-kuro\u0144sko-michnikowskiej wersji transformacji z komunizmu  na&#8230; postkomunizm?<\/span><br \/>\n<span style=\"font-size: 10pt; font-family: Verdana; color: #000000; background-color: transparent; font-weight: normal; font-style: normal; text-decoration: none; vertical-align: baseline\">Przypomn\u0119, co napisa\u0142em bezpo\u015brednio po Katastrofie: <\/span><span style=\"font-size: 10pt; font-family: Verdana; color: #000000; background-color: transparent; font-weight: bold; font-style: italic; text-decoration: none; vertical-align: baseline\">Lech Kaczy\u0144ski najwi\u0119ksze swoje zwyci\u0119stwo odni\u00f3s\u0142 po \u015bmierci.<\/span><span style=\"font-size: 10pt; font-family: Verdana; color: #000000; background-color: transparent; font-weight: normal; font-style: normal; text-decoration: none; vertical-align: baseline\">  I Wa\u0142\u0119sa te\u017c jeszcze si\u0119 o tym dowie, bo spo\u0142ecze\u0144stwo tylko do pewnego  momentu daje si\u0119 wodzi\u0107 za nos. Prawda ma to do siebie, \u017ce wyp\u0142ywa na  wierzch. Idioci z rz\u0105du wychwalaj\u0105 Rosj\u0119 za \u201epodkre\u015blaj\u0105c\u0105 nasze dobre  \u201errrelacje\u201d decyzj\u0119 o przygotowaniu aktu rehabilitacji \u017co\u0142nierzy i  wszystkich, kt\u00f3rzy zgin\u0119li w Katyniu\u201d.<\/span><br \/>\n<span style=\"font-size: 10pt; font-family: Verdana; color: #000000; background-color: transparent; font-weight: normal; font-style: normal; text-decoration: none; vertical-align: baseline\">Chryste  Przenaj\u015bwi\u0119tszy, a z czego ONI maj\u0105 by\u0107 zrehabilitowani?!! Ale, czy  Nar\u00f3d wysegreguje szlachetne ziarna z tych plew? Wszystko dla PO jest  sukcesem: rehabilitacja \u201eKaty\u0144czyk\u00f3w\u201d, mokn\u0105cy Sarkozy, prezydent Polski,  mijaj\u0105cy polsk\u0105 flag\u0119 bez sk\u0142onienia si\u0119 w jej stron\u0119, sadzaj\u0105cy swoj\u0105  wielkopa\u0144sko-hrabiowsk\u0105 dup\u0119 na stylowy fotel, bez proszenia go\u015bci, aby  usiedli; prezydent opowiadaj\u0105cy g\u0142upstwa w Bia\u0142ym Domu, nawet fatalny  stan finans\u00f3w jest sukcesem; siedemset miliard\u00f3w d\u0142ugu te\u017c jest  sukcesem. Sukcesem by\u0142o zaproszenie do Rady Bezpiecze\u0144stwa cz\u0142owieka,  kt\u00f3ry ma na r\u0119kach krew polskich patriot\u00f3w i Nobel z Or\u0142em Bia\u0142ym dla stalinowskiej poetki. Sukces goni sukces, a  spo\u0142ecze\u0144stwo boi si\u0119&#8230;PiSu<\/span><br \/>\n<span style=\"font-size: 10pt; font-family: Verdana; color: #000000; background-color: transparent; font-weight: normal; font-style: normal; text-decoration: none; vertical-align: baseline\">Barack,  Mubarak,&#8230; burak, tyle, \u017ce uszlachetniony&#8230;herbem. Genera\u0142, elektryk,  gajowy i facet z pezetpeeru. &#8211; fenomenalny zestaw prezydent\u00f3w m\u0105drego,  ali\u015bci sko\u0142owanego pi-arem spo\u0142ecze\u0144stwa, kt\u00f3remu na razie podobno dobrze. To  dobrze mu tak.<\/span><\/p>\n","protected":false},"excerpt":{"rendered":"<p>generic viagra reviews forum Generic Viagra generic viagra soft tabs Otrzyma\u0142em e-mail, w kt\u00f3rym zawarta by\u0142a kr\u00f3tka informacja: \u201e&#8230;prosz\u0119 rozprogagowa\u0107 ten film: \u201eOdkry\u0107 prawd\u0119\u201d. Jest na www.youtube.com Pozdrawiam. Podpis\u201d<\/p>\n","protected":false},"author":2,"featured_media":0,"comment_status":"open","ping_status":"open","sticky":false,"template":"","format":"standard","meta":[],"categories":[2,5,1,4,3],"tags":[],"_links":{"self":[{"href":"https:\/\/sporek.com\/blog\/index.php?rest_route=\/wp\/v2\/posts\/280"}],"collection":[{"href":"https:\/\/sporek.com\/blog\/index.php?rest_route=\/wp\/v2\/posts"}],"about":[{"href":"https:\/\/sporek.com\/blog\/index.php?rest_route=\/wp\/v2\/types\/post"}],"author":[{"embeddable":true,"href":"https:\/\/sporek.com\/blog\/index.php?rest_route=\/wp\/v2\/users\/2"}],"replies":[{"embeddable":true,"href":"https:\/\/sporek.com\/blog\/index.php?rest_route=%2Fwp%2Fv2%2Fcomments&post=280"}],"version-history":[{"count":0,"href":"https:\/\/sporek.com\/blog\/index.php?rest_route=\/wp\/v2\/posts\/280\/revisions"}],"wp:attachment":[{"href":"https:\/\/sporek.com\/blog\/index.php?rest_route=%2Fwp%2Fv2%2Fmedia&parent=280"}],"wp:term":[{"taxonomy":"category","embeddable":true,"href":"https:\/\/sporek.com\/blog\/index.php?rest_route=%2Fwp%2Fv2%2Fcategories&post=280"},{"taxonomy":"post_tag","embeddable":true,"href":"https:\/\/sporek.com\/blog\/index.php?rest_route=%2Fwp%2Fv2%2Ftags&post=280"}],"curies":[{"name":"wp","href":"https:\/\/api.w.org\/{rel}","templated":true}]}}