{"id":281,"date":"2011-02-24T22:34:27","date_gmt":"2011-02-25T02:34:27","guid":{"rendered":"http:\/\/sporek.com\/blog\/?p=281"},"modified":"2011-02-28T13:13:49","modified_gmt":"2011-02-28T17:13:49","slug":"to-juz-11-miesiecy","status":"publish","type":"post","link":"https:\/\/sporek.com\/blog\/?p=281","title":{"rendered":"To ju\u017c 11 miesi\u0119cy"},"content":{"rendered":"<p>Rocznica tu\u017c, tu\u017c. Jeden z moich znajomych, kt\u00f3rego spotka\u0142em przed sklepem jego \u017cony, na Greenpoincie trzy dni po katastrofie, zaraz po przywitaniu zada\u0142 zapyta\u0142 mnie dlaczego jestem w \u201ejakim\u015b, takim chyba przygn\u0119bionym nastroju\u201d. Pytanie zaskoczy\u0142o mnie o tyle, \u017ce us\u0142ysza\u0142em je ledwie trzy dni po tragedii smole\u0144skiej. Odpowiedzia\u0142em, zgodnie z prawd\u0105: nie mog\u0119 si\u0119 otrz\u0105sn\u0105\u0107 po tym, co si\u0119 sta\u0142o.<!--more--><br \/>\n-A co si\u0119 sta\u0142o? &#8211; teraz ju\u017c jego pytanie mnie rozdra\u017cni\u0142o.<br \/>\n-Przecie\u017c wiesz dobrze. Nie rozumiem po co pytasz.<br \/>\n-Smole\u0144sk?<br \/>\n-Tak, Smole\u0144sk &#8211; odpar\u0142em nieco zdenerwowany.<br \/>\n-No i dobrze si\u0119 sta\u0142o, nareszcie b\u0119dzie spok\u00f3j i porz\u0105dek.More&#8230;Rzadko mam odruchy \u201ebitewne\u201d, w\u0142a\u015bciwie w og\u00f3le ich nie mam. Og\u00f3lnie nienawidz\u0119 przemocy. Tym razem czu\u0142em, \u017ce by\u0142em bardzo blisko i tylko wiek tego cz\u0142owieka, &#8211; jest jednak kilka lat starszy od mnie &#8211; i awersja do u\u017cywania si\u0142y fizycznej powstrzyma\u0142y mnie od tego, \u017ceby chocia\u017c pchn\u0105\u0107 go na \u015bcian\u0119, lub odepchn\u0105\u0107 i odej\u015b\u0107. Zamiast tego powiedzia\u0142em:<br \/>\n-Chyba nie mamy za bardzo o czym rozmawia\u0107.<br \/>\nWiedzia\u0142em, \u017ce jest lewicowcem i zawsze dziwi\u0142em si\u0119 po jak\u0105 choler\u0119 przyjecha\u0142 do Stan\u00f3w. Ale nie robi\u0142em z tego problemu. Po prostu stara\u0142em si\u0119 szanowa\u0107 jego pogl\u0105dy. Przyznam, \u017ce dyskusje by\u0142y czasem bardzo gor\u0105ce. Nigdy jednak nie przekraczali\u015bmy granicy, kt\u00f3ra &#8211; je\u015bli nie przekroczona &#8211; pozwala\u0142a utrzyma\u0107 status znajomych. Dzi\u015b nie chc\u0119 jednak mie\u0107 go w gronie znajomych. Przekroczy\u0142 granic\u0119. Wtedy wielu ludzi przekracza\u0142o granice; kultury, ludzkich uczu\u0107, cz\u0142owiecze\u0144stwa. Szyderczy u\u015bmiech Komorowskiego podczas przyjmowania trumien na Ok\u0119ciu, bezczelne zignorowanie Jaros\u0142awa i Marty Kaczy\u0144skich przez Tuska, Komorowskiego, Sikorskiego, Klicha i przyjmowanie bez nich kondolencji. Potem kolejni prominenci przekraczali granice przyzwoito\u015bci, Niesio\u0142owski, Palikot, wy\u017cej wymienieni, a wreszcie komisja MAK. Dzi\u015b padaj\u0105 apele o wsp\u00f3lne obchody rocznicy. Fa\u0142sz PO jest niewiarygodnie adekwatny do wszystkiego, co ta partia wyczynia\u0142a przed tragedi\u0105 z Prezydentem Kaczy\u0144skim, Gosiewskim, Kurtyk\u0105 i innymi spo\u015br\u00f3d tych, kt\u00f3rzy zgin\u0119li. I dzi\u015b zn\u00f3w s\u0142yszymy, \u017ce partia mi\u0142o\u015bci chce, ale z\u0142y PiS nie chce i znowu gra trumnami, tragedi\u0105. Jestem ciekaw, gdzie p\u00f3jdzie Nar\u00f3d. Jakie\u017c to badania opinii spo\u0142ecznej wykazuj\u0105, \u017ce spo\u0142ecze\u0144stwo chce wsp\u00f3lnych obchod\u00f3w? Jacy to przedstawiciele spo\u0142ecze\u0144stwa uwa\u017caj\u0105, \u017ce rodziny nie maj\u0105 prawa do swoich decyzji, \u017ce trzeba pos\u0142ucha\u0107 rz\u0105dz\u0105cych, z kt\u00f3rych zarz\u0105dzaj\u0105cy \u201e\u017cyrandolem\u201d wpad\u0142 na jeszcze lepszy pomys\u0142, rzucaj\u0105c has\u0142o, aby zaprosi\u0107 do obchod\u00f3w przedstawicieli Moskwy. Co\u015b niebywa\u0142ego. Czy wdowa po generale B\u0142asiku mia\u0142aby si\u0119 u\u015bciska\u0107 z Putinem, albo szefow\u0105 MAK-u? Czy wdowa po po\u015ble Gosiewskim te\u017c, czy Marta Kaczy\u0144ska i Jaros\u0142aw Kaczy\u0144ski mieliby \u015bciska\u0107 d\u0142onie Tuska, Putina i innych, po tym, jak sponiewierano ich cz\u0142owiecz\u0105 gdno\u015b\u0107 op\u00f3\u017aniaj\u0105c dojazd do miejsca tragedii? Czy cz\u0142onkowie rodzin mieliby \u015bciska\u0107 d\u0142o\u0144 i s\u0142ucha\u0107 kolejnych k\u0142amstw o szczerym wsp\u00f3\u0142czuciu pani Kopacz, kt\u00f3ra k\u0142ami\u0105c wmawia\u0142a sejmowi, rodzinom i ca\u0142emu polskiemu spo\u0142ecze\u0144stwu, \u017ce ziemi\u0119 przesiano metr, po metrze do g\u0142\u0119boko\u015bci jednego metra; \u017ce polscy lekarze asystowali przy sekcjach zw\u0142ok, gdy tymczasem pracownicy kancelarii Prezydenta Lecha Kaczy\u0144skiego ju\u017c na drugi dzie\u0144 po katastrofie widzieli czarne, foliowe worki z cia\u0142ami swoich koleg\u00f3w w podziemiach\u00a0 ambasady w Moskwie? To nawet nie by\u0142o lod\u00f3wek? W kraju, kt\u00f3rego oligarchowie instaluj\u0105 poz\u0142acane klamki, krany i inne ozd\u00f3bki? No tak, brezentu na przykrycie wraka te\u017c nie by\u0142o przez ponad p\u00f3\u0142 roku. Bezczelno\u015b\u0107 PO wydaje si\u0119 nie mie\u0107 granic, ale my musimy o tym pami\u0119ta\u0107 tej jesieni. Musimy pami\u0119ta\u0107 o Smole\u0144sku, ale te\u017c pami\u0119tajmy o kompromituj\u0105cym komiksie o Chopinie wydanym za 30 tysi\u0119cy euro pe\u0142nego wulgaryzm\u00f3w na ch&#8230;, p&#8230;, c&#8230;, k&#8230;, itp., kt\u00f3ry\u00a0 w ca\u0142o\u015bci p\u00f3jdzie na \u015bmietnik. Musimy pami\u0119ta\u0107 o zapomnianych powodzianach, o komisji d\/s kosmosu (s\u0105 na to pieni\u0105dze\u2026(?), o wycenie park\u00f3w narodowych (komu Giewont i za ile?). o Komorowskim, kt\u00f3ry w czasie kampanii wyborczej na pytanie \u201esk\u0105d jest?\u201d o\u015bwiadcza\u0142: \u201eJestem z Polski\u201d, ale podczas niedawnej wizyty na Litwie stwierdzi\u0142, \u017ce jest z Litwy i doda\u0142: \u201eTutaj ka\u017cdy dom do mnie szepce i krzyczy\u201d. Pami\u0119tajmy, \u017ce to on zaprosi\u0142 szefa WRON-y do Pa\u0142acu Prezydenckiego, 29 lat po tym, jak wypowiedzia\u0142 on wojn\u0119 Narodowi. Pami\u0119tajmy Piter\u0119 i s\u0142ynnego \u015bledzia za osiem z\u0142otych odkrytego, jako przest\u0119pstwo pos\u0142a i kasjerk\u0119, kt\u00f3ra zosta\u0142a \u201eprzest\u0119pc\u0105\u201d, bo nie zaksi\u0119gowa\u0142a 5 groszy, ale i t\u0119 Piter\u0119, kt\u00f3ra milcza\u0142a, jak gr\u00f3b w sprawie afery hazardowej, milcza\u0142a, gdy Pawlak umorzy\u0142 p\u00f3\u0142 miliona firmie energetycznej, pami\u0119tajmy o najd\u0142u\u017cej dzia\u0142aj\u0105cej i najdro\u017cszej komisji \u015bledczej w sprawie samob\u00f3jstwa pos\u0142anki Blidy i najkr\u00f3cej dzia\u0142aj\u0105c\u0105, skompromitowan\u0105 komisj\u0119 hazardow\u0105. Dosy\u0107 ju\u017c k\u0142amstw, wyg\u0142up\u00f3w, politycznego chamstwa i lekcewa\u017cenia Narodu za ci\u0119\u017ckie pieni\u0105dze temu Narodowi zabierane z wynagrodze\u0144 za jego codzienn\u0105 har\u00f3w\u0119. Straty powodzian oblicznone zosta\u0142y do rekompensat po 6 tysi\u0119cy z\u0142otych; &#8211; pensja pos\u0142a jest dwa razy wi\u0119ksza, a ile zarabiaj\u0105 spece od kosmosu? Ile zarobi\u0105 specjali\u015bci od wyceny Giewontu, Morskiego Oka i innych G\u00f3r Sto\u0142owych, na ten przyk\u0142ad? To jest w\u0142a\u015bnie to koryto: by\u0142y konsul generalny RP w NY nazwa\u0142 mnie chamem, bo o\u015bmieli\u0142em si\u0119 napisa\u0107, \u017ce \u201ekoryto rz\u0105dowe zdolne jest przyj\u0105\u0107 jeszcze sporo g\u0105b \u017c\u0105dnych pieni\u0119dzy i w\u0142adzy\u201d Potem prosi\u0142em go o uwagi na tematy, kt\u00f3re wali\u0142y po oczach nieuczciwo\u015bci\u0105 rz\u0105dz\u0105cych, ale jako\u015b si\u0119 nie ustosunkowa\u0142. Zareagowa\u0142, jak te no\u017cyce po uderzeniu w st\u00f3\u0142. Jak to jest, \u017ce komunistyczne rz\u0105dy odbudowa\u0142y Polsk\u0119 po zniszczeniach wojennych, nawet us\u0142u\u017cnie &#8211; bo zawsze byli us\u0142u\u017cni Rosji &#8211; oddaj\u0105c pieni\u0105dze z Planu Marshalla Stalinowi, a rz\u0105dy \u201ewolnej\u201d Polski dokona\u0142y tylu zniszcze\u0144? Czym si\u0119 chwalimy? Dop\u0142atami? To co tam jest z polskich pieni\u0119dzy, z polskiej gospodarno\u015bci? Niszczony jest patriotyzm, religia, heroizm, historia i wolne s\u0142owo. Zniszczono stocznie, sprzedano huty, i planuje si\u0119 wypo\u017cyczenie wagon\u00f3w od Niemc\u00f3w i Czech\u00f3w na Euro 2012, a polskie wagony stoj\u0105 i czekaj\u0105 na ich u\u017cycie. Brawo! I to jest ta Polska, o kt\u00f3r\u0105 walczyli\u015bmy? Pe\u0142na k\u0142amstwa, ob\u0142udy, korupcji? To o to chodzi\u0142o? Na szcz\u0119\u015bcie m\u0142odzie\u017c otwiera oczy. Rzeczpospolita, 9 lutego opublikowa\u0142a artyku\u0142 pt: \u201cMisja Uniwersytetu -aspekt dziesiejszy\u201d. Rzeczpospolita u\u017cy\u0142a znamiennego tytu\u0142u: \u201cW obronie prawdy\u201d. Odezwa cz\u0142onk\u00f3w Akademickiego Klubu Obywatelskiego im Prezydenta Lecha Kaczy\u0144skiego w Poznaniu obiega ju\u017c ca\u0142\u0105 Polsk\u0119. Podpisy pod ni\u0105 z\u0142o\u017cy\u0142o ju\u017c dziesi\u0105tki, a mo\u017ce teraz setki pracownik\u00f3w naukowych. Roi si\u0119 tam od tytu\u0142\u00f3w \u201cProf. dr. hab.\u201d, a zatem inteligencja wreszcie ruszy\u0142a. I to jest niezwykle cenne. Polsk\u0105 inteligencj\u0119 wyci\u0105\u0142 Stalin w lasach katy\u0144skich i w Charkowie, dzi\u015b wspania\u0142omy\u015blni przyw\u00f3dcy Rosji postuluj\u0105, aby mo\u017ce zrehabilitowa\u0107 zamordowanych. Pytam po raz drugi: zrehabilitowa\u0107 z czego? Kto tu powinien blaga\u0107 o oczyszczenie? Mo\u017ce wreszcie obudzi si\u0119 polskie spo\u0142ecze\u0144stwo i poka\u017ce rz\u0105dz\u0105cym kierunek na \u015bmietnik historii. Polityka jest brudna, ale brudn\u0105 czyni\u0105 j\u0105 ludzie, kt\u00f3rzy do niej wchodz\u0105. PiS chcia\u0142 czy\u015bci\u0107 i nadziwi\u0107 si\u0119 nie mog\u0119, \u017ce spo\u0142ecze\u0144stwo chcia\u0142o bezkarnej korupcji, nepotyzmu, z\u0142odziejstwa i indywidualnego bogacenia si\u0119 ludzi przy rz\u0105dowym korycie. Polsko &#8211; obud\u017a si\u0119. Pytanie tylko kto i jak d\u017awignie j\u0105 z gospodarczych kl\u0119czek, kto d\u017awignie j\u0105 z otch\u0142ani zad\u0142u\u017cenia? PO i PSL maj\u0105 teraz \u015bwietn\u0105 okazj\u0119, \u017ceby odej\u015b\u0107, bo jak pokazuje historia ostatniego dwudziestolecia nikt nie wyci\u0105ga\u0142 konsekwencji od polityk\u00f3w za to, co zrobili dal siebie, nie dla kraju. A mo\u017ce trzeba by to wreszcie zmieni\u0107 i pokaza\u0107 politykom, \u017ce rz\u0105dzi\u0107 nie znaczy bra\u0107, ale przede wszystkim dawa\u0107.<br \/>\n<span style=\"font-size: 10pt; font-family: Verdana; color: #000000; background-color: transparent; font-weight: normal; font-style: normal; text-decoration: none; vertical-align: baseline\"><\/span><span style=\"font-size: 11pt; font-family: Verdana; color: #000000; background-color: transparent; font-weight: normal; font-style: normal; text-decoration: none; vertical-align: baseline\"><\/span><span style=\"font-size: 11pt; font-family: Verdana; color: #000000; background-color: transparent; font-weight: normal; font-style: normal; text-decoration: none; vertical-align: baseline\"><\/span><\/p>\n","protected":false},"excerpt":{"rendered":"<p>Rocznica tu\u017c, tu\u017c. Jeden z moich znajomych, kt\u00f3rego spotka\u0142em przed sklepem jego \u017cony, na Greenpoincie trzy dni po katastrofie, zaraz po przywitaniu zada\u0142 zapyta\u0142 mnie dlaczego jestem w \u201ejakim\u015b, takim chyba przygn\u0119bionym nastroju\u201d. Pytanie zaskoczy\u0142o mnie o tyle, \u017ce us\u0142ysza\u0142em je ledwie trzy dni po tragedii smole\u0144skiej. Odpowiedzia\u0142em, zgodnie z prawd\u0105: nie mog\u0119 si\u0119 otrz\u0105sn\u0105\u0107 [&hellip;]<\/p>\n","protected":false},"author":2,"featured_media":0,"comment_status":"open","ping_status":"open","sticky":false,"template":"","format":"standard","meta":[],"categories":[4],"tags":[],"_links":{"self":[{"href":"https:\/\/sporek.com\/blog\/index.php?rest_route=\/wp\/v2\/posts\/281"}],"collection":[{"href":"https:\/\/sporek.com\/blog\/index.php?rest_route=\/wp\/v2\/posts"}],"about":[{"href":"https:\/\/sporek.com\/blog\/index.php?rest_route=\/wp\/v2\/types\/post"}],"author":[{"embeddable":true,"href":"https:\/\/sporek.com\/blog\/index.php?rest_route=\/wp\/v2\/users\/2"}],"replies":[{"embeddable":true,"href":"https:\/\/sporek.com\/blog\/index.php?rest_route=%2Fwp%2Fv2%2Fcomments&post=281"}],"version-history":[{"count":0,"href":"https:\/\/sporek.com\/blog\/index.php?rest_route=\/wp\/v2\/posts\/281\/revisions"}],"wp:attachment":[{"href":"https:\/\/sporek.com\/blog\/index.php?rest_route=%2Fwp%2Fv2%2Fmedia&parent=281"}],"wp:term":[{"taxonomy":"category","embeddable":true,"href":"https:\/\/sporek.com\/blog\/index.php?rest_route=%2Fwp%2Fv2%2Fcategories&post=281"},{"taxonomy":"post_tag","embeddable":true,"href":"https:\/\/sporek.com\/blog\/index.php?rest_route=%2Fwp%2Fv2%2Ftags&post=281"}],"curies":[{"name":"wp","href":"https:\/\/api.w.org\/{rel}","templated":true}]}}