{"id":282,"date":"2011-03-11T23:20:56","date_gmt":"2011-03-12T03:20:56","guid":{"rendered":"http:\/\/sporek.com\/blog\/?p=282"},"modified":"2011-03-17T11:16:08","modified_gmt":"2011-03-17T15:16:08","slug":"czy-koniec-platformy","status":"publish","type":"post","link":"https:\/\/sporek.com\/blog\/?p=282","title":{"rendered":"Czy koniec Platformy?"},"content":{"rendered":"<p><span style=\"font-size: 10pt; font-family: Verdana; color: #000000; background-color: transparent; font-weight: normal; font-style: normal; text-decoration: none; vertical-align: baseline\" id=\"internal-source-marker_0.5046074836278363\"><\/span><span style=\"font-size: 10pt; font-family: Verdana; color: #000000; background-color: transparent; font-weight: normal; font-style: normal; text-decoration: none; vertical-align: baseline\">Nie  spieszy\u0142bym si\u0119 z takim wnioskiem, cho\u0107 zaczynaj\u0105 si\u0119 wyra\u017ane  \u201codej\u015bcia\u201d od sympatii do tej formacji, a co najistotniejsze, \u017ce robi\u0105  to ludzie sztuki. Nie wiem, czy spo\u0142ecze\u0144stwo pami\u0119ta, \u017ce wi\u0119kszo\u015b\u0107  ruch\u00f3w spo\u0142ecznych (przeciwko rz\u0105dz\u0105cym) zaczyna si\u0119 od ludzi sztuki  w\u0142a\u015bnie. <\/span><!--more--><span style=\"font-size: 10pt; font-family: Verdana; color: #000000; background-color: transparent; font-weight: normal; font-style: normal; text-decoration: none; vertical-align: baseline\">Kpina, jak\u0105 obrzuci\u0142 premiera i innych oficjeli podczas  otwarcia Narodowego Centrum Nauki w Krakowie aktor Krzysztof Globisz,  by\u0142a ostatnio najbardziej jaskrawym symptomem utraty autorytetu  \u201ccudotw\u00f3rcy\u201d.<\/span><br \/>\n<span style=\"font-size: 10pt; font-family: Verdana; color: #000000; background-color: transparent; font-weight: normal; font-style: normal; text-decoration: none; vertical-align: baseline\">Tuska zatka\u0142o, &#8211; z wra\u017cenia nazwa\u0142 aktora \u201cprofesorem\u201d i kompletnie nie potrafi\u0142 odpowiedzie\u0107 na prowokacj\u0119. <\/span><br \/>\n<span style=\"font-size: 10pt; font-family: Verdana; color: #000000; background-color: transparent; font-weight: normal; font-style: normal; text-decoration: none; vertical-align: baseline\">Renata Zar\u0119bska z kabaretu Jana Pietrzaka \u015bpiewa niesamowit\u0105 piosenk\u0119, w kt\u00f3rej refrenie s\u0142yszymy:<\/span><br \/>\n<span style=\"font-size: 10pt; font-family: Verdana; color: #000000; background-color: transparent; font-weight: normal; font-style: normal; text-decoration: none; vertical-align: baseline\">\u201c&#8230;heroiczne <em>za co gin\u0105\u0107<\/em>, <\/span><br \/>\n<span style=\"font-size: 10pt; font-family: Verdana; color: #000000; background-color: transparent; font-weight: normal; font-style: normal; text-decoration: none; vertical-align: baseline\">zmienili\u015bmy si\u0119 w <em>za co \u017cy\u0107<\/em>.&#8221;<\/span><br \/>\n<span style=\"font-size: 10pt; font-family: Verdana; color: #000000; background-color: transparent; font-weight: normal; font-style: normal; text-decoration: none; vertical-align: baseline\">Kabarety  w og\u00f3le \u201cprzepowiada\u0142y\u201d zmiany. Teraz kabarety plot\u0105 o byle czym, byle  tylko widownia si\u0119 \u015bmia\u0142a. Najch\u0119tniej u\u017cywaj\u0105 sobie na zmar\u0142ym  Prezydencie, lub jego bracie, ale to takie \u0142ab\u0119dzie \u015bpiewy i a\u017c nie mog\u0119  si\u0119 doczeka\u0107 o czym b\u0119d\u0105 m\u00f3wi\u0107, gdy zmieni\u0105 si\u0119 opcje polityczne.<\/span><br \/>\n<span style=\"font-size: 10pt; font-family: Verdana; color: #000000; background-color: transparent; font-weight: normal; font-style: normal; text-decoration: none; vertical-align: baseline\">A czy si\u0119 zmieni\u0105?<\/span><br \/>\n<span style=\"font-size: 10pt; font-family: Verdana; color: #000000; background-color: transparent; font-weight: normal; font-style: normal; text-decoration: none; vertical-align: baseline\">Tak,  zmieni\u0105 si\u0119, za\u015b autork\u0105 najwi\u0119kszych zmian b\u0119dzie PO. Nie b\u0119d\u0105 to  zmiany dla spo\u0142ecze\u0144stwa lepsze, to b\u0119dzie puder na starej twarzy, kt\u00f3ry  b\u0119dzie mia\u0142 przykry\u0107 jej brzydot\u0119. Brzydota jednak pozostanie pod  spodem, tak jak pozostanie niemoc w\u0142a\u015bcicielki tej twarzy, czyli PO.  Przewiduj\u0119, \u017ce partia ta w rozpaczliwej obronie swojego istnienia  po\u015bwi\u0119ci Donalda Tuska, kt\u00f3remu n\u00f3\u017c w plecy wbije nie kto inny, a  Schetyna. Wszystko pod has\u0142ami: <\/span><span style=\"font-size: 10pt; font-family: Verdana; color: #000000; background-color: transparent; font-weight: normal; font-style: italic; text-decoration: none; vertical-align: baseline\">zmieniamy si\u0119 dla dobra narodu<\/span><span style=\"font-size: 10pt; font-family: Verdana; color: #000000; background-color: transparent; font-weight: normal; font-style: normal; text-decoration: none; vertical-align: baseline\">. I ten nar\u00f3d w swojej nienawi\u015bci do PiS uwierzy, p\u00f3jdzie do urn i&#8230;nic si\u0119 nie zmieni. <\/span><br \/>\n<span style=\"font-size: 10pt; font-family: Verdana; color: #000000; background-color: transparent; font-weight: normal; font-style: normal; text-decoration: none; vertical-align: baseline\">Kiedy  do rz\u0105d\u00f3w dochodzi\u0142a Platforma Polacy, jeden przez drugiego m\u00f3wili :  mo\u017ce nie b\u0119dzie lepiej, ale na pewno b\u0119dzie spokojniej.<\/span><br \/>\n<span style=\"font-size: 10pt; font-family: Verdana; color: #000000; background-color: transparent; font-weight: normal; font-style: normal; text-decoration: none; vertical-align: baseline\">Czekam,  kiedy wreszcie to spo\u0142ecze\u0144stwo powie: niech nie b\u0119dzie lepiej, ale  niech b\u0119dzie uczciwiej, niech b\u0119dzie patriotycznie, niech b\u0119dzie z  poszanowaniem polsko\u015bci, tradycji, niech b\u0119dzie w obronie Polski na  arenie mi\u0119dzynarodowej.<\/span><br \/>\n<span style=\"font-size: 10pt; font-family: Verdana; color: #000000; background-color: transparent; font-weight: normal; font-style: normal; text-decoration: none; vertical-align: baseline\">Media  siedz\u0105, jak mysz pod miot\u0142\u0105 na temat \u201cdokona\u0144\u201d Bronis\u0142awa Komorowskiego  w Bia\u0142ym Domu. O g\u0142upkowatym \u201cwyst\u0119pie\u201d dla student\u00f3w ameryka\u0144skich,  milcz\u0105 o przygodzie z parasolem w strugach deszczu, lekcewa\u017ceniem Merkel  i Sarkozy\u2019ego na salonach prezydenckich, zlekcewa\u017ceniem flagi i wielu  innych gafach hrabiego. Ale to milczenie pe\u0142ne wstydu, no bo jak\u017ce tu  wypomina\u0107 pupilowi brak kultury, kindersztuby i og\u0142ady w og\u00f3le? To\u017c to  pisanie i m\u00f3wienie przeciwko sobie. <\/span><br \/>\n<span style=\"font-size: 10pt; font-family: Verdana; color: #000000; background-color: transparent; font-weight: normal; font-style: normal; text-decoration: none; vertical-align: baseline\">Platforma  po\u015bwi\u0119ci Tuska, bo to b\u0119dzie jedyna mo\u017cliwo\u015b\u0107 zachowania \u201ctwarzy\u201d.  Przepraszam &#8211; jakiej twarzy? Tej pe\u0142nej ob\u0142udy, fa\u0142szu? Po co komu ta  twarz?<\/span><br \/>\n<span style=\"font-size: 10pt; font-family: Verdana; color: #000000; background-color: transparent; font-weight: normal; font-style: normal; text-decoration: none; vertical-align: baseline\">A jednak mam tak\u0105 nadziej\u0119, \u017ce spo\u0142ecze\u0144stwo si\u0119 obudzi. Budz\u0105 si\u0119 m\u0142odzi. PO nawet nie wie ilu m\u0142odych przejrza\u0142o ju\u017c na oczy.<\/span><br \/>\n<span style=\"font-size: 10pt; font-family: Verdana; color: #000000; background-color: transparent; font-weight: normal; font-style: normal; text-decoration: none; vertical-align: baseline\">Koalicja  PO-PSL chce wprowadzi\u0107 zmiany w prawie emerytalnym i to ju\u017c od 1 maja.  Czy ZUS b\u0119dzie na to gotowy, oka\u017ce si\u0119 w\u0142a\u015bnie w dzie\u0144 beatyfikacji Jana  Paw\u0142a II. Argumentacja rz\u0105du jest nast\u0119puj\u0105ca: <\/span><span style=\"font-size: 10pt; font-family: Verdana; color: #000000; background-color: transparent; font-weight: normal; font-style: italic; text-decoration: none; vertical-align: baseline\">\u201csk\u0142adka  przekazywana z ZUS do OFE zostanie zmniejszona z 7,3 proc. do 2,3  proc., a potem b\u0119dzie stopniowo wzrasta\u0107, by w 2017 r. osi\u0105gn\u0105\u0107 3,5  proc. Pieni\u0105dze, kt\u00f3re zamiast trafi\u0107 do OFE, pozostan\u0105 w ZUS, p\u00f3jd\u0105 na  specjalne indywidualne subkonta. Zasady dziedziczenia pieni\u0119dzy na  subkontach w ZUS b\u0119d\u0105 takie same, jak w OFE. \u015arodki te b\u0119d\u0105 te\u017c  waloryzowane o wska\u017anik wzrostu gospodarczego z ostatnich 5 lat i  inflacji.\u201d<\/span><br \/>\n<span style=\"font-size: 10pt; font-family: Verdana; color: #000000; background-color: transparent; font-weight: normal; font-style: normal; text-decoration: none; vertical-align: baseline\">Tymczasem min. Rostowski w li\u015bcie do Leszka Balcerowicza pisze: <\/span><span style=\"font-size: 10pt; font-family: Verdana; color: #000000; background-color: transparent; font-weight: normal; font-style: italic; text-decoration: none; vertical-align: baseline\">\u201edop\u00f3ki  na Polsk\u0119 na\u0142o\u017cona jest procedura nadmiernego deficytu, planowane przez  rz\u0105d ci\u0119cie sk\u0142adki do OFE i zaoszcz\u0119dzone w ten spos\u00f3b \u015brodki w  ca\u0142o\u015bci b\u0119d\u0105 przekazane na obni\u017cenie d\u0142ugu publicznego i deficytu  sektora finans\u00f3w publicznych\u201d.<\/span><br \/>\n<span style=\"font-size: 10pt; font-family: Verdana; color: #000000; background-color: transparent; font-weight: normal; font-style: normal; text-decoration: none; vertical-align: baseline\">Pomijam  \u00a0fakt, \u017ce reforma ta podzieli spo\u0142ecze\u0144stwo na: m\u0142odych, bogatych w OFE  i biednych starych w ZUS, ale to, co mnie najbardziej bulwersuje, to  owa sprzecznoi\u015b\u0107 pomi\u0119dzy tym, jak t\u0142umaczy si\u0119 reform\u0119 w mediach  szerokiemu spo\u0142ecze\u0144stwu, a jak pisze si\u0119 o niej w listach na szczeblu  ministerialnym. Bo chyba nikt logicznie my\u015bl\u0105cy nie zaprzeczy, \u017ce  sprzeczno\u015b\u0107 jest. Powstaje te\u017c pytanie &#8211; sk\u0105d maj\u0105 si\u0119 wzi\u0105\u0107 pieni\u0105dze  na \u201cspecjalne indywidualne subkonta\u201d, skoro <em>\u201coszcz\u0119dno\u015bci, w ca\u0142o\u015bci\u201d<\/em> p\u00f3jd\u0105 na obni\u017cenie  d\u0142ugu publicznego. \u00a0Albo Rostowski jest idiot\u0105, albo ja jestem debilem  sko\u0144czonym, albo Barcerowicz tego listu nie czyta\u0142, skoro o to nie pyta.<\/span><br \/>\n<span style=\"font-size: 10pt; font-family: Verdana; color: #000000; background-color: transparent; font-weight: normal; font-style: normal; text-decoration: none; vertical-align: baseline\">Przepraszam, to si\u0119 chyba uda, &#8211; zapomnia\u0142em, \u017ce to rz\u0105d Cudotw\u00f3rcy.<\/span><\/p>\n","protected":false},"excerpt":{"rendered":"<p>Nie spieszy\u0142bym si\u0119 z takim wnioskiem, cho\u0107 zaczynaj\u0105 si\u0119 wyra\u017ane \u201codej\u015bcia\u201d od sympatii do tej formacji, a co najistotniejsze, \u017ce robi\u0105 to ludzie sztuki. Nie wiem, czy spo\u0142ecze\u0144stwo pami\u0119ta, \u017ce wi\u0119kszo\u015b\u0107 ruch\u00f3w spo\u0142ecznych (przeciwko rz\u0105dz\u0105cym) zaczyna si\u0119 od ludzi sztuki w\u0142a\u015bnie.<\/p>\n","protected":false},"author":2,"featured_media":0,"comment_status":"open","ping_status":"open","sticky":false,"template":"","format":"standard","meta":[],"categories":[4],"tags":[],"_links":{"self":[{"href":"https:\/\/sporek.com\/blog\/index.php?rest_route=\/wp\/v2\/posts\/282"}],"collection":[{"href":"https:\/\/sporek.com\/blog\/index.php?rest_route=\/wp\/v2\/posts"}],"about":[{"href":"https:\/\/sporek.com\/blog\/index.php?rest_route=\/wp\/v2\/types\/post"}],"author":[{"embeddable":true,"href":"https:\/\/sporek.com\/blog\/index.php?rest_route=\/wp\/v2\/users\/2"}],"replies":[{"embeddable":true,"href":"https:\/\/sporek.com\/blog\/index.php?rest_route=%2Fwp%2Fv2%2Fcomments&post=282"}],"version-history":[{"count":0,"href":"https:\/\/sporek.com\/blog\/index.php?rest_route=\/wp\/v2\/posts\/282\/revisions"}],"wp:attachment":[{"href":"https:\/\/sporek.com\/blog\/index.php?rest_route=%2Fwp%2Fv2%2Fmedia&parent=282"}],"wp:term":[{"taxonomy":"category","embeddable":true,"href":"https:\/\/sporek.com\/blog\/index.php?rest_route=%2Fwp%2Fv2%2Fcategories&post=282"},{"taxonomy":"post_tag","embeddable":true,"href":"https:\/\/sporek.com\/blog\/index.php?rest_route=%2Fwp%2Fv2%2Ftags&post=282"}],"curies":[{"name":"wp","href":"https:\/\/api.w.org\/{rel}","templated":true}]}}