{"id":283,"date":"2011-03-19T03:40:17","date_gmt":"2011-03-19T07:40:17","guid":{"rendered":"http:\/\/sporek.com\/blog\/?p=283"},"modified":"2011-03-19T14:27:32","modified_gmt":"2011-03-19T18:27:32","slug":"kilka-%e2%80%9ctematuf%e2%80%9d","status":"publish","type":"post","link":"https:\/\/sporek.com\/blog\/?p=283","title":{"rendered":"Kilka \u201ctematuf\u201d"},"content":{"rendered":"<p><span style=\"font-size: 10pt; font-family: Verdana; color: #000000; background-color: transparent; font-weight: normal; font-style: normal; text-decoration: none; vertical-align: baseline\" id=\"internal-source-marker_0.9422810710441276\"><\/span><span style=\"font-size: 10pt; font-family: Verdana; color: #000000; background-color: transparent; font-weight: normal; font-style: normal; text-decoration: none; vertical-align: baseline\" id=\"internal-source-marker_0.13747934126238925\">Kilka \u201ctematuf\u201d<\/span><br \/>\n<span style=\"font-size: 10pt; font-family: Verdana; color: #000000; background-color: transparent; font-weight: normal; font-style: normal; text-decoration: none; vertical-align: baseline\">Dzieje  si\u0119, oj dzieje. Zaczn\u0119, ze wzgl\u0119du na wa\u017cno\u015b\u0107 funkcji od Prezydenta  Polski. Zrobi\u0142 on nie dwa, a siedem b\u0142\u0119d\u00f3w w s\u0142ynnym ju\u017c wpisie do  ksi\u0119gi kondolencyjnej, jakiego dokona\u0142 w ambasadzie japo\u0144skiej. Oto one:<\/span><!--more--><br \/>\n<span style=\"font-size: 10pt; font-family: Verdana; color: #000000; background-color: transparent; font-weight: normal; font-style: normal; text-decoration: none; vertical-align: baseline\">1. narodem (powinno by\u0107 &#8222;Narodem&#8221;, z du\u017cej litery, w ko\u0144cu zwraca si\u0119 do obywateli konkretnego kraju)<\/span><br \/>\n<span style=\"font-size: 10pt; font-family: Verdana; color: #000000; background-color: transparent; font-weight: normal; font-style: normal; text-decoration: none; vertical-align: baseline\">2. Japoni (powinno by\u0107 &#8222;Japonii&#8221; albo &#8222;Japo\u0144skim&#8221;)<\/span><br \/>\n<span style=\"font-size: 10pt; font-family: Verdana; color: #000000; background-color: transparent; font-weight: normal; font-style: normal; text-decoration: none; vertical-align: baseline\">3. bulu (powinno by\u0107 &#8222;b\u00f3lu&#8221;)<\/span><br \/>\n<span style=\"font-size: 10pt; font-family: Verdana; color: #000000; background-color: transparent; font-weight: normal; font-style: normal; text-decoration: none; vertical-align: baseline\">4. nadzieji (powinno by\u0107 &#8222;nadziei&#8221;)<\/span><br \/>\n<span style=\"font-size: 10pt; font-family: Verdana; color: #000000; background-color: transparent; font-weight: normal; font-style: normal; text-decoration: none; vertical-align: baseline\">5. &#8222;i&#8221;, jako sp\u00f3jnik powininno by\u0107 na pocz\u0105tku nowego wiersza, a nie na ko\u0144cu linijki<\/span><br \/>\n<span style=\"font-size: 10pt; font-family: Verdana; color: #000000; background-color: transparent; font-weight: normal; font-style: normal; text-decoration: none; vertical-align: baseline\">6. brak przecinka przed &#8222;kt\u00f3ra&#8221;<\/span><br \/>\n<span style=\"font-size: 10pt; font-family: Verdana; color: #000000; background-color: transparent; font-weight: normal; font-style: normal; text-decoration: none; vertical-align: baseline\">7. 17.03.2001. &#8211; zb\u0119dna ko\u0144cowa kropka w formacie daty<\/span><br \/>\n<span style=\"font-size: 10pt; font-family: Verdana; color: #000000; background-color: transparent; font-weight: normal; font-style: normal; text-decoration: none; vertical-align: baseline\">Tak  mo\u017ce pisa\u0107 \u201cniedoksztaucony\u201d so\u0142tys ze wsi zabitej \u201cdehami\u201d (na  szcz\u0119\u015bcie nie ma ju\u017c ani takiej wsi, ani takich so\u0142tys\u00f3w), a nie g\u0142owa  pa\u0144stwa. Kto\u015b powie, \u017ce si\u0119 czepiam. Nie, tak pisze si\u0119 po polsku, a pan  Komorowski jest prezydentem Polski. B\u0142\u0105d mo\u017ce zdarzy\u0107 si\u0119 ka\u017cdemu, ale  nie siedem w jednym, nawet najd\u0142u\u017cszym zdaniu. Komorowski nie wpisywa\u0142  si\u0119 w ksi\u0105\u017cke go\u015bci, czy skarg i za\u017cale\u0144 jakiej\u015b restauracji. Jego wpis  poszed\u0142 w \u015bwiat. <\/span><br \/>\n<span style=\"font-size: 10pt; font-family: Verdana; color: #000000; background-color: transparent; font-weight: normal; font-style: normal; text-decoration: none; vertical-align: baseline\">Przypomnijmy  sobie jakie kpiny sypa\u0142y si\u0119, gdy \u015bp. Prezydent Kaczy\u0144ski, lub jego  brat zrobili cho\u0107by najdrobniejsze przej\u0119zyczenie. <\/span><br \/>\n<span style=\"font-size: 10pt; font-family: Verdana; color: #000000; background-color: transparent; font-weight: normal; font-style: normal; text-decoration: none; vertical-align: baseline\">Teraz,  jak Bronek wyzywaj\u0105cy si\u0119 z Grzesiem w przedszkolu wywleczono, co kilka  lat temu opublikowa\u0142 \u201cSuper Express\u201d, \u017ce niby Jaros\u0142aw Kaczy\u0144ski, w  ksi\u0119dze go\u015bci jakiej\u015b restauracji napisa\u0142 \u201cobiat\u201d. Ten \u201ckompromituj\u0105cy\u201d  wpis jest na Internecie i to, co mnie najbardziej zaintrygowa\u0142o to fakt,  \u017ce Jaros\u0142aw Kaczy\u0144ski napisa\u0142 s\u0142owa \u201cznakomity\u201d i \u201cpobyt\u201d z literk\u0105 \u201ct\u201d  maj\u0105c\u0105 t\u0119 poprzeczn\u0105 kreseczk\u0119, prawie w po\u0142owie pod\u0142u\u017cnej laseczki,  podczas gdy w wyrazie \u201cobiat\u201d, ta kreska odchodzi od pod\u0142u\u017cnej laseczki w  prawo, od samej \u201cgury\u201d i to \u201cpot\u201d \u201cd\u00f3\u017cym kontem\u201d.<\/span><br \/>\n<span style=\"font-size: 10pt; font-family: Verdana; color: #000000; background-color: transparent; font-weight: normal; font-style: normal; text-decoration: none; vertical-align: baseline\">Po  mojemu, b\u0142yskotliwi dziennikarze SE spaprali podr\u00f3b\u0119, bo, \u017ceby nie  potrawi\u0107 skopiowa\u0107 literki w dobie \u201cadobi fotoszap\u201d, to -delikatnie  \u201cmuwi\u0105dz\u201d &#8211; \u201cwstyt\u201d. Parafrazuj\u0105c pana Komorowskiego mo\u017cna powiedzie\u0107,  jacy \u201cdziennika\u017ce\u201d, tak \u201cpodruba\u201d. Przed nami jeszcze czery i p\u00f3\u0142 roku  tej prezydencji; mo\u017ce by\u0107 ca\u0142kiem weso\u0142o, wszak to dopiero pocz\u0105tek, a  wpadek ju\u017c na kilka kadencji. Jacy wyborcy, taki \u201cprezyd\u0119t fszyskich  Polak\u00f3f\u201d<\/span><br \/>\n<span style=\"font-size: 10pt; font-family: Verdana; color: #000000; background-color: transparent; font-weight: normal; font-style: normal; text-decoration: none; vertical-align: baseline\">Skoro  jeste\u015bmy przy \u201cSE\u201d, to tym razem przenios\u0119 si\u0119 na teren Nowego Jorku.  Wczoraj rano (pi\u0105tek, 18 marca) zadzwoni\u0142 z \u201cSE\u201d m\u00f3j kolega, dziennikarz  i przeprowadzi\u0142 kr\u00f3tk\u0105 rozmow\u0119 o obchodach I-ej rocznicy tragedii  smole\u0144skiej. Po tym zasadniczym temacie zapyta\u0142 (w imieniu swojego  redakcyjnego kolegi), co my\u015bl\u0119 o opublikowanym kilka dni temu \u201cNowym  Statucie\u201d Centrum Polsko-S\u0142owia\u0144skiego. Pomijam fakt, \u017ce jestem  przeciwny tworzeniu statut\u00f3w przez \u201ckomitety samozwa\u0144cze\u201d, bo jest to  rodzaj anarchii. Powiedzia\u0142em szczerze, \u017ce \u00a0najbardziej obawiam si\u0119  punktu, kt\u00f3ry okre\u015bla liczb\u0119 cz\u0142onk\u00f3w, jako tzw. <\/span><span style=\"font-size: 10pt; font-family: Verdana; color: #000000; background-color: transparent; font-weight: bold; font-style: normal; text-decoration: none; vertical-align: baseline\">quorum<\/span><span style=\"font-size: 10pt; font-family: Verdana; color: #000000; background-color: transparent; font-weight: normal; font-style: normal; text-decoration: none; vertical-align: baseline\">,  bo gdy dobrze si\u0119 nad nim zastanowi\u0107, to mo\u017ce doj\u015b\u0107 do sytuacji, w  kt\u00f3rej kilku cz\u0142onk\u00f3w og\u0142osi si\u0119 takim w\u0142a\u015bnie quorum i przejmie,  kompletnie niedemokratycznie organizacj\u0119 nale\u017c\u0105c\u0105 do 70 tysi\u0119cy polskich  emigrant\u00f3w. Przypomn\u0119 za encyklopedi\u0105: <\/span><span style=\"font-size: 10pt; font-family: Verdana; color: #000000; background-color: transparent; font-weight: bold; font-style: italic; text-decoration: none; vertical-align: baseline\">\u201cquorum<\/span><span style=\"font-size: 10pt; font-family: Verdana; color: #000000; background-color: transparent; font-weight: normal; font-style: italic; text-decoration: none; vertical-align: baseline\"> [wym. kw<\/span><span style=\"font-size: 10pt; font-family: Verdana; color: #0000ff; background-color: transparent; font-weight: normal; font-style: italic; text-decoration: none; vertical-align: baseline\">o<\/span><span style=\"font-size: 10pt; font-family: Verdana; color: #000000; background-color: transparent; font-weight: normal; font-style: italic; text-decoration: none; vertical-align: baseline\">rum],  liczba cz\u0142onk\u00f3w jakiego\u015b zgromadzenia (zwi\u0105zku, organizacji,  stowarzyszenia, parlamentu) niezb\u0119dna do prowadzenia obrad lub dla  prawomocno\u015bci wybor\u00f3w, albo powzi\u0119tych uchwa\u0142\u201d. <\/span><span style=\"font-size: 10pt; font-family: Verdana; color: #000000; background-color: transparent; font-weight: normal; font-style: normal; text-decoration: none; vertical-align: baseline\">Powiedzia\u0142em  te\u017c, \u017ce o ile obecna rada mia\u0142a mo\u017ce niezbyt m\u0105dry pomys\u0142 wprowadzenia  zmian w statucie, o tyle jednak da\u0142a to pod g\u0142osowanie cz\u0142onkom Centrum  i, kiedy okaza\u0142o si\u0119, \u017ce cz\u0142onkowie w demokratycznym g\u0142osowaniu nie  zgodzili si\u0119 na to, to te\u017c i \u017cadnych zmian do statutu nie wprowadzono.  Czyli &#8211; pe\u0142na demokracja i poszanowanie woli Cz\u0142onk\u00f3w.<\/span><br \/>\n<span style=\"font-size: 10pt; font-family: Verdana; color: #000000; background-color: transparent; font-weight: normal; font-style: normal; text-decoration: none; vertical-align: baseline\">M\u00f3j  kolega, dziennikarz przyj\u0105\u0142 moj\u0105 wypowied\u017a, kt\u00f3rej&#8230;nie doczyta\u0142em  si\u0119, niestety w weekendowym wydaniu. By\u0142y natomiast wzmianki o osobach  obecnie pe\u0142ni\u0105cych funkcje w zarz\u0105dzie Centrum, kt\u00f3re zdecydowa\u0142y si\u0119  nie wypowiada\u0107 na temat owego statutu no i, oczywi\u015bcie same superlatywne  wypowiedzi przedstawicieli \u201csamozwa\u0144czego\u201d komitetu o tym, jak to  b\u0119dzie dobrze, kiedy ten\u017ce komitet obejmie w\u0142adz\u0119 w Centrum  Polsko-S\u0142owia\u0144skim &#8211; podobno za dwa miesi\u0105ce. <\/span><br \/>\n<span style=\"font-size: 10pt; font-family: Verdana; color: #000000; background-color: transparent; font-weight: normal; font-style: normal; text-decoration: none; vertical-align: baseline\">Czy  kto\u015b nam b\u0119dzie pisa\u0142 w miar\u0119 obiektywnie? Jaki jest sens dzwonienia,  stawiania pyta\u0144 i nie publikowania odpowiedzi? Przecie\u017c to ra\u017c\u0105ca  manipulacja opini\u0105 publiczn\u0105. A gdzie jest dziennikarska etyka? Ju\u017c  nied\u0142ugo b\u0119dziemy obserwowa\u0107, jak dziennikarze w Polsce b\u0119d\u0105 zmienia\u0107  \u201ckaboty\u201d. Ju\u017c dzi\u015b, co niekt\u00f3rzy nagle pocz\u0119li dopatrywa\u0107 si\u0119 s\u0142abo\u015bci  premiera, a bezprzyk\u0142adne eksponowanie b\u0142\u0119d\u00f3w ortograficznych prezydenta  przez media dotychczas strzepuj\u0105ce z jego but\u00f3w ka\u017cdy py\u0142ek, to te\u017c nic  innego, jak symptom zmian, kt\u00f3re niebawem zaskocz\u0105 nas wszystkich.  Skundlenie w drug\u0105 stron\u0119; a gdzie honor, gdzie uczciow\u015b\u0107, gdzie  lojalno\u015b\u0107 dla swoich czytelnik\u00f3w? Gdzie obiektywna relacja  rzeczywisto\u015bci? Komu tutaj, w Polonii zale\u017cy na zniszczeniu Centrum, na  zniszczeniu telewizji, na manipulowaniu opini\u0105 publiczn\u0105, praniu m\u00f3zg\u00f3w,  wyrzucaniu cz\u0142onk\u00f3w rady dyrektor\u00f3w Unii Kredytowej, wybranych  demokratycznie? Pomijam ca\u0142kowit\u0105 nielegalno\u015b\u0107 tych poczyna\u0144, to s\u0105 to  wyg\u0142upy, kt\u00f3re wystawiaj\u0105 nas na po\u015bmiewisko i mog\u0105 przynie\u015b\u0107  niewyobra\u017calne straty. A na pewno spowoduj\u0105, \u017ce w\u0142adze tego miasta, jak i  stanu mog\u0105 straci\u0107 cierpliwo\u015b\u0107 i totalnie ograniczy\u0107 pomoc finansow\u0105,  bo niby po choler\u0119 dawa\u0107 pieni\u0105dze tam, gdzie s\u0105 k\u00f3tnie, donosy i sprawy  s\u0105dowe. Czy przyjdzie dzie\u0144, w kt\u00f3rym si\u0119 opami\u0119tamy?<\/span><span style=\"font-size: 10pt; font-family: Verdana; color: #000000; background-color: transparent; font-weight: normal; font-style: normal; text-decoration: none; vertical-align: baseline\"><\/span><span style=\"font-size: 10pt; font-family: Verdana; color: #000000; background-color: transparent; font-weight: normal; font-style: normal; text-decoration: none; vertical-align: baseline\"><\/span><\/p>\n","protected":false},"excerpt":{"rendered":"<p>Kilka \u201ctematuf\u201d Dzieje si\u0119, oj dzieje. Zaczn\u0119, ze wzgl\u0119du na wa\u017cno\u015b\u0107 funkcji od Prezydenta Polski. Zrobi\u0142 on nie dwa, a siedem b\u0142\u0119d\u00f3w w s\u0142ynnym ju\u017c wpisie do ksi\u0119gi kondolencyjnej, jakiego dokona\u0142 w ambasadzie japo\u0144skiej. Oto one:<\/p>\n","protected":false},"author":2,"featured_media":0,"comment_status":"open","ping_status":"open","sticky":false,"template":"","format":"standard","meta":[],"categories":[1,3],"tags":[],"_links":{"self":[{"href":"https:\/\/sporek.com\/blog\/index.php?rest_route=\/wp\/v2\/posts\/283"}],"collection":[{"href":"https:\/\/sporek.com\/blog\/index.php?rest_route=\/wp\/v2\/posts"}],"about":[{"href":"https:\/\/sporek.com\/blog\/index.php?rest_route=\/wp\/v2\/types\/post"}],"author":[{"embeddable":true,"href":"https:\/\/sporek.com\/blog\/index.php?rest_route=\/wp\/v2\/users\/2"}],"replies":[{"embeddable":true,"href":"https:\/\/sporek.com\/blog\/index.php?rest_route=%2Fwp%2Fv2%2Fcomments&post=283"}],"version-history":[{"count":0,"href":"https:\/\/sporek.com\/blog\/index.php?rest_route=\/wp\/v2\/posts\/283\/revisions"}],"wp:attachment":[{"href":"https:\/\/sporek.com\/blog\/index.php?rest_route=%2Fwp%2Fv2%2Fmedia&parent=283"}],"wp:term":[{"taxonomy":"category","embeddable":true,"href":"https:\/\/sporek.com\/blog\/index.php?rest_route=%2Fwp%2Fv2%2Fcategories&post=283"},{"taxonomy":"post_tag","embeddable":true,"href":"https:\/\/sporek.com\/blog\/index.php?rest_route=%2Fwp%2Fv2%2Ftags&post=283"}],"curies":[{"name":"wp","href":"https:\/\/api.w.org\/{rel}","templated":true}]}}