{"id":284,"date":"2011-03-27T03:32:31","date_gmt":"2011-03-27T07:32:31","guid":{"rendered":"http:\/\/sporek.com\/blog\/?p=284"},"modified":"2011-03-27T03:53:36","modified_gmt":"2011-03-27T07:53:36","slug":"krotka-pamiec","status":"publish","type":"post","link":"https:\/\/sporek.com\/blog\/?p=284","title":{"rendered":"Kr\u00f3tka pami\u0119\u0107."},"content":{"rendered":"<p><span style=\"font-size: 10pt; font-family: Verdana; color: #000000; background-color: transparent; font-weight: normal; font-style: normal; text-decoration: none; vertical-align: baseline\" id=\"internal-source-marker_0.3791167682680434\"><\/span><span style=\"font-size: 10pt; font-family: Verdana; color: #000000; background-color: transparent; font-weight: normal; font-style: normal; text-decoration: none; vertical-align: baseline\" id=\"internal-source-marker_0.3791167682680434\">Zjawisko  w rodzaju Adama Ma\u0142ysza zdarza si\u0119 r\u00f3wnie rzadko, jak wyb\u00f3r polskiego  kap\u0142ana na biskupa Rzymu. Karol Wojty\u0142a kr\u00f3lowa\u0142 na Piotrowym tronie  prawie trzy dekady; &#8211; Ma\u0142ysz, na \u015bwiatowych skoczniach kr\u00f3lowa\u0142 r\u00f3wno  pi\u0119tna\u015bcie lat. <\/span><!--more--><span style=\"font-size: 10pt; font-family: Verdana; color: #000000; background-color: transparent; font-weight: normal; font-style: normal; text-decoration: none; vertical-align: baseline\">I  wybrali parti\u0119 sko\u0144czonych leni, parti\u0119 usuwaj\u0105c\u0105 krzy\u017c, ok\u0142amuj\u0105c\u0105  spo\u0142ecze\u0144stwo, sprzedaj\u0105c\u0105 maj\u0105tek pa\u0144stwowy, parti\u0119 korupcji, kolesi\u00f3w i  nierob\u00f3w. Parti\u0119 drwi\u0105c\u0105 z wybranego przez Nar\u00f3d Prezydenta,  pozbawiaj\u0105c\u0105 Go konstytucyjnych praw.<\/span><br \/>\n<span style=\"font-size: 10pt; font-family: Verdana; color: #000000; background-color: transparent; font-weight: normal; font-style: normal; text-decoration: none; vertical-align: baseline\">Z \u201cniech \u017cyje Papie\u017c\u201d zrobi\u0142o si\u0119 \u201cniech \u017cyje premier\u201d, &#8211; te\u017c na \u201cp\u201d, ale to \u00a0nie jest tamto \u201c<\/span><span style=\"font-size: 10pt; font-family: Verdana; color: #000000; background-color: transparent; font-weight: bold; font-style: normal; text-decoration: none; vertical-align: baseline\">P<\/span><span style=\"font-size: 10pt; font-family: Verdana; color: #000000; background-color: transparent; font-weight: normal; font-style: normal; text-decoration: none; vertical-align: baseline\">\u201d.  \u00a0\u00a0\u00a0\u00a0Oni nie zap\u0142ac\u0105 za swoj\u0105 kadencj\u0119. Nawet, gdyby jutro wygra\u0142a inna  partia i stworzy\u0142a koalicj\u0119 z jak\u0105kolwiek parti\u0105. \u017badna partia, \u017cadna  koalicja nie jest w stanie d\u017awign\u0105\u0107 Polski z zapa\u015bci, w jak\u0105 wpadnie po  rz\u0105dach najgorszego premiera w \u201cwolnej\u201d Polsce, po rz\u0105dach nic  nierobi\u0105cej partii i ca\u0142ej koalicji. Zap\u0142aci znowu Nar\u00f3d, kt\u00f3ry teraz  stoi blisko tego, co \u015bpiewa\u0142a w kabarecie Jana Pietrzaka Renata  Zarembska:<\/span><br \/>\n<span style=\"font-size: 10pt; font-family: Verdana; color: #000000; background-color: transparent; font-weight: normal; font-style: normal; text-decoration: none; vertical-align: baseline\">\u201cHeroiczne <\/span><span style=\"font-size: 10pt; font-family: Verdana; color: #000000; background-color: transparent; font-weight: bold; font-style: italic; text-decoration: none; vertical-align: baseline\">za co gin\u0105\u0107<\/span><span style=\"font-size: 10pt; font-family: Verdana; color: #000000; background-color: transparent; font-weight: normal; font-style: normal; text-decoration: none; vertical-align: baseline\"> zmienili\u015bmy w <\/span><span style=\"font-size: 10pt; font-family: Verdana; color: #000000; background-color: transparent; font-weight: bold; font-style: italic; text-decoration: none; vertical-align: baseline\">za co \u017cy<\/span><span style=\"font-size: 10pt; font-family: Verdana; color: #000000; background-color: transparent; font-weight: bold; font-style: normal; text-decoration: none; vertical-align: baseline\">\u0107\u201d.<\/span><br \/>\n<span style=\"font-size: 10pt; font-family: Verdana; color: #000000; background-color: transparent; font-weight: normal; font-style: normal; text-decoration: none; vertical-align: baseline\">Ale  ten Nar\u00f3d zap\u0142aci te\u017c i za to, \u017ce chcia\u0142 \u201c\u015bwi\u0119tego spokoju\u201d, \u017ce nie  zgodzi\u0142 si\u0119 na dekomunizacj\u0119, na zlustrowanie przesz\u0142o\u015bci i rozliczenia  si\u0119 z ni\u0105. Samouzdrowienie czasem zdarza si\u0119 ludzkiemu organizmowi; kto\u015b  si\u0142\u0105 woli wygrywa z rakiem, parali\u017cem.<\/span><br \/>\n<span style=\"font-size: 10pt; font-family: Verdana; color: #000000; background-color: transparent; font-weight: normal; font-style: normal; text-decoration: none; vertical-align: baseline\">Rak  tocz\u0105cy obecne elity polityczne nie mo\u017ce si\u0119 samouzdrowi\u0107. Jego skutki,  jak przerzuty tocz\u0105 ju\u017c spo\u0142ecze\u0144stwo. T\u0119 jego cz\u0119\u015b\u0107, kt\u00f3ra nazywa  opozycj\u0119 byd\u0142em, watachami, kt\u00f3ra m\u00f3wi o wojnie domowej, t\u0119, kt\u00f3ra  wy\u015bmiewa m\u0142odego piosenkarza, bo za\u015bpiewa\u0142 piosenk\u0119 z patriotycznym  tekstem innego uwielbianego piosenkarza, Andrzeja Rosiewicza.  Wy\u015bmiewaj\u0105c m\u0142odego cz\u0142owieka, pokazano, \u017ce Rosiewicz ju\u017c nie istnieje.  Chamstwo, brak kultury i pogarda dla wszelkich objaw\u00f3w patriotyzmu  usun\u0119\u0142o m\u0142odego cz\u0142owieka z konkursu. Zaprzepa\u015bci\u0142o jego nadzieje,  prac\u0119, talent. Bo takie s\u0105 gusta i trendy, a &#8222;inteligentne\u201d, jurorskie  \u201ccz\u0142onki\u201d to przecie wyrocznie decyduj\u0105ce kto i co mo\u017ce \u015bpiewa\u0107 w  konkursach. To w\u0142a\u015bnie ta cz\u0119\u015b\u0107 spo\u0142ecze\u0144stwa, chora na politycznego  raka. Papieskie wo\u0142anie o bratersk\u0105 mi\u0142o\u015b\u0107 przesta\u0142o by\u0107 s\u0142yszane,  zosta\u0142o wyrzucone z kr\u00f3tkiej pami\u0119ci spo\u0142ecze\u0144stwa. Ta chora cz\u0119\u015b\u0107  musia\u0142a wymy\u015ble\u0107 \u00a0drwin\u0119, kpin\u0119, epitety, musia\u0142a poni\u017cy\u0107, bo kochaj\u0105cy  zmar\u0142ego tragicznie Prezydenta pokazali t\u0119 mi\u0142o\u015b\u0107, pokazuj\u0105c przy tym  przywi\u0105zanie do tradycji chrze\u015bcija\u0144skich, \u015bpiewaj\u0105c pie\u015bni, kt\u00f3re mieli  na ustach ci, kt\u00f3rzy za Polsk\u0119 gin\u0119li. Ten rak zaatakowa\u0142 innego,  by\u0142ego prezydenta, kt\u00f3ry sam nigdy nie chcia\u0142 si\u0119 pogodzi\u0107 z tym, \u017ce  kto\u015b m\u00f3g\u0142by mu uchybi\u0107, gdy pe\u0142ni\u0142 funkcj\u0119 \u201cnaczelnego wodza\u201d  Solidarno\u015bci i kiedy sam by\u0142 prezydentem. Ten rak pcha\u0142 go do tego, \u00a0by  l\u017cy\u0107 swojego kolejnego nast\u0119pc\u0119 w prezydenckim pa\u0142acu, by ubli\u017ca\u0107 mu  przy ka\u017cdej okazji, by wreszcie o\u015bwiadczy\u0107, \u017ce sukcesem tragicznie  zmar\u0142ego Lecha Kaczy\u0144skiego by\u0142o to, \u017ce zgin\u0105\u0142.<\/span><br \/>\n<span style=\"font-size: 10pt; font-family: Verdana; color: #000000; background-color: transparent; font-weight: normal; font-style: normal; text-decoration: none; vertical-align: baseline\">Ten  rak nie jest uleczalny. On toczy m\u00f3zgi tych ludzi; Dorwali si\u0119 do  w\u0142adzy, blu\u017ani\u0105 przeciwko Bogu, propaguj\u0105 prymitywny j\u0119zyk i buduj\u0105  swoje imperium.<\/span><br \/>\n<span style=\"font-size: 10pt; font-family: Verdana; color: #000000; background-color: transparent; font-weight: normal; font-style: normal; text-decoration: none; vertical-align: baseline\">Historia  pokazuje, jak ko\u0144czy\u0142y si\u0119 imperia, jak ko\u0144czyli imperiali\u015bci, &#8211; chciwi  z\u0142odzieje spo\u0142ecznej w\u0142asno\u015bci, \u201cwielcy\u201d kr\u00f3lowie, \u201cwielcy\u201d przyw\u00f3dcy,  cesarze; by\u0142 wi\u0119c Neron, by\u0142 Kaligula, Borgia, Napoleon, Hitler, Stalin,  Hussein. Lecia\u0142y pomniki na bruk, prochy syna Borgie rozsypano na  miejskim placu, a potem po\u0142o\u017cno na nim bruk, by ludzie mogli depta\u0107 po  prochach z\u0142odzieja, intryganta, aferzysty i zbrodniarza.<\/span><br \/>\n<span style=\"font-size: 10pt; font-family: Verdana; color: #000000; background-color: transparent; font-weight: normal; font-style: normal; text-decoration: none; vertical-align: baseline\">A  jakich przyw\u00f3dc\u00f3w pami\u0119tamy pami\u0119ci\u0105 dobr\u0105, t\u0119skn\u0105, pe\u0142n\u0105 czci?  Mieszko, Jagie\u0142\u0142o, Kazimierz Wielki, \u0141okietek, Pi\u0142sudski&#8230; Kaczy\u0144ski.<\/span><br \/>\n<span style=\"font-size: 10pt; font-family: Verdana; color: #000000; background-color: transparent; font-weight: normal; font-style: normal; text-decoration: none; vertical-align: baseline\">A no w\u0142a\u015bnie. Ci ludzie pokazywali mi\u0142o\u015b\u0107 do Ojczyzny, do spo\u0142ecze\u0144stwa, dbali o interes Polski.<\/span><br \/>\n<span style=\"font-size: 10pt; font-family: Verdana; color: #000000; background-color: transparent; font-weight: normal; font-style: normal; text-decoration: none; vertical-align: baseline\">Kiedy  w Polsce wydarzy\u0142 si\u0119 taki pogrzeb? W powojennej historii? &#8211; tylko  Papie\u017c i ksi\u0105dz Popie\u0142uszko. Taki pogrzeb mia\u0142 Pi\u0142sudski i Paderewski.  Kto\u015b chcia\u0142by por\u00f3wnywa\u0107 tych intelektualist\u00f3w z obecnymi wt\u00f3rnymi  analfabetami?<\/span><br \/>\n<span style=\"font-size: 10pt; font-family: Verdana; color: #000000; background-color: transparent; font-weight: normal; font-style: normal; text-decoration: none; vertical-align: baseline\">Kiedy tak wielkie rzesze spo\u0142ecze\u0144stwa p\u0142aka\u0142y po przyw\u00f3dcy politycznym?<\/span><br \/>\n<span style=\"font-size: 10pt; font-family: Verdana; color: #000000; background-color: transparent; font-weight: normal; font-style: normal; text-decoration: none; vertical-align: baseline\">A  kiedy takie rzesze spo\u0142ecze\u0144stwa zosta\u0142y zgnojone, jak zgnojono tych,  kt\u00f3rzy teraz p\u0142akali i modlili si\u0119 pod krzy\u017cem? Nawet komuni\u015bci nie  nazywali mot\u0142ochem modl\u0105cych si\u0119 i p\u0142acz\u0105cych po Ksi\u0119dzu Jerzym, ich  najwi\u0119kszym wrogu. Nawet oni nie alarmowali w\u00f3wczas, jak stetrycza\u0142y  re\u017cyser, czy zdzicza\u0142y &#8222;profesor&#8221;, \u017ce to &#8222;wojna domowa&#8221;. \u00a0\u00a0Strasznie nie  chcia\u0142bym si\u0119 tak zestarze\u0107, jak ci faceci. <\/span><br \/>\n<span style=\"font-size: 10pt; font-family: Verdana; color: #000000; background-color: transparent; font-weight: normal; font-style: normal; text-decoration: none; vertical-align: baseline\">Patrzy\u0142em na benefis Adama Ma\u0142ysza &#8211; wielkiego, jak \u017caden polski sportowiec. Najwi\u0119kszego.<\/span><br \/>\n<span style=\"font-size: 10pt; font-family: Verdana; color: #000000; background-color: transparent; font-weight: normal; font-style: normal; text-decoration: none; vertical-align: baseline\">I  zastanawia\u0142em si\u0119, &#8211; kiedy przestanie by\u0107 kim\u015b w oczach tych, kt\u00f3rzy  tak go dzi\u015b uwielbiaj\u0105, kiedy zaprzepa\u015bci sw\u00f3j autorytet, kiedy ludzie  przestan\u0105 traktowa\u0107 go, jak symbol, \u017cyw\u0105 legend\u0119, absolutnego geniusza?  Kiedy stanie si\u0119 to, co z Grzegorzem Lato &#8211; pi\u0142karskim idolem lat  sidemdziesi\u0105tych?<\/span><br \/>\n<span style=\"font-size: 10pt; font-family: Verdana; color: #000000; background-color: transparent; font-weight: normal; font-style: normal; text-decoration: none; vertical-align: baseline\">S\u0105  tylko dwie mo\u017cliwo\u015bci: s\u0142awa odbierze Adamowi zdrowy rozs\u0105dek, zacznie  robi\u0107 b\u0142\u0119dy &#8211; to pierwsza, a druga: kr\u00f3tka pami\u0119\u0107 spo\u0142ecze\u0144stwa, kt\u00f3re  szybko zapomnia\u0142o o komuni\u017amie, o ruskim bucie, bezpiece, z\u0142odziejach,  kt\u00f3rym zawsze by\u0142o, jest i b\u0119dzie dobrze, bo okradali kraj. Kr\u00f3tka  pami\u0119\u0107 spo\u0142ecze\u0144stwa zapomnia\u0142a te\u017c i o &#8230;polskim Papie\u017cu. Adamie  pozosta\u0144 sob\u0105, tego \u017cycz\u0119 Ci, Drogi Mistrzu najbardziej.<\/span><span style=\"font-size: 10pt; font-family: Verdana; color: #000000; background-color: transparent; font-weight: normal; font-style: normal; text-decoration: none; vertical-align: baseline\"><\/span><\/p>\n","protected":false},"excerpt":{"rendered":"<p>Zjawisko w rodzaju Adama Ma\u0142ysza zdarza si\u0119 r\u00f3wnie rzadko, jak wyb\u00f3r polskiego kap\u0142ana na biskupa Rzymu. Karol Wojty\u0142a kr\u00f3lowa\u0142 na Piotrowym tronie prawie trzy dekady; &#8211; Ma\u0142ysz, na \u015bwiatowych skoczniach kr\u00f3lowa\u0142 r\u00f3wno pi\u0119tna\u015bcie lat.<\/p>\n","protected":false},"author":2,"featured_media":0,"comment_status":"open","ping_status":"open","sticky":false,"template":"","format":"standard","meta":[],"categories":[1],"tags":[],"_links":{"self":[{"href":"https:\/\/sporek.com\/blog\/index.php?rest_route=\/wp\/v2\/posts\/284"}],"collection":[{"href":"https:\/\/sporek.com\/blog\/index.php?rest_route=\/wp\/v2\/posts"}],"about":[{"href":"https:\/\/sporek.com\/blog\/index.php?rest_route=\/wp\/v2\/types\/post"}],"author":[{"embeddable":true,"href":"https:\/\/sporek.com\/blog\/index.php?rest_route=\/wp\/v2\/users\/2"}],"replies":[{"embeddable":true,"href":"https:\/\/sporek.com\/blog\/index.php?rest_route=%2Fwp%2Fv2%2Fcomments&post=284"}],"version-history":[{"count":0,"href":"https:\/\/sporek.com\/blog\/index.php?rest_route=\/wp\/v2\/posts\/284\/revisions"}],"wp:attachment":[{"href":"https:\/\/sporek.com\/blog\/index.php?rest_route=%2Fwp%2Fv2%2Fmedia&parent=284"}],"wp:term":[{"taxonomy":"category","embeddable":true,"href":"https:\/\/sporek.com\/blog\/index.php?rest_route=%2Fwp%2Fv2%2Fcategories&post=284"},{"taxonomy":"post_tag","embeddable":true,"href":"https:\/\/sporek.com\/blog\/index.php?rest_route=%2Fwp%2Fv2%2Ftags&post=284"}],"curies":[{"name":"wp","href":"https:\/\/api.w.org\/{rel}","templated":true}]}}