{"id":287,"date":"2011-05-18T11:49:00","date_gmt":"2011-05-18T15:49:00","guid":{"rendered":"http:\/\/sporek.com\/blog\/?p=287"},"modified":"2011-05-19T21:49:43","modified_gmt":"2011-05-20T01:49:43","slug":"adrenalina","status":"publish","type":"post","link":"https:\/\/sporek.com\/blog\/?p=287","title":{"rendered":"Adrenalina"},"content":{"rendered":"<p><span style=\"font-size: 10pt; font-family: Verdana; color: #000000; background-color: transparent; font-weight: normal; font-style: normal; text-decoration: none; vertical-align: baseline\" id=\"internal-source-marker_0.9535350884108472\"><\/span><span style=\"font-size: 10pt; font-family: Verdana; color: #000000; background-color: transparent; font-weight: normal; font-style: normal; text-decoration: none; vertical-align: baseline\">Unia Kredytowa i Centrum Polsko-S\u0142owia\u0144\u0144skie zn\u00f3w podnosz\u0105 adrenalin\u0119 Polonii.<\/span><br \/>\n<span style=\"font-size: 10pt; font-family: Verdana; color: #000000; background-color: transparent; font-weight: normal; font-style: normal; text-decoration: none; vertical-align: baseline\">Prezes  Rady Dyrektor\u00f3w, dr. Tomasz Bortnik, na niedzielnym zebraniu (15 maja, 2011) poinformowa\u0142,  jak pisz\u0105 gazety, \u017ce by\u0142em nieobecny ze wzgl\u0119du na  rekonwalescencj\u0119 po ci\u0119\u017ckiej chorobie. <\/span><!--more--><span style=\"font-size: 10pt; font-family: Verdana; color: #000000; background-color: transparent; font-weight: normal; font-style: normal; text-decoration: none; vertical-align: baseline\">Mia\u0142 racj\u0119 tylko cz\u0119\u015bciowo. Ot\u00f3\u017c  ja jestem ju\u017c ca\u0142kowicie \u201cwyci\u0105gni\u0119ty\u201d z tego, co przytrafi\u0142o mi si\u0119 w  Polsce, a najwi\u0119cej zawdzi\u0119czam Sebastianowi, \u00a0mojemu m\u0142odszemu synowi,  kt\u00f3ry b\u0142yskawiczn\u0105 decyzj\u0105 o wezwaniu karetki uratowa\u0142 mi \u017cycie. Potem  On jego Rodzina oraz moi przyjaciele otoczyli mnie serdeczn\u0105 i niezwykle  szerok\u0105 opiek\u0105, pomagaj\u0105c wyj\u015b\u0107 z tej potwornej \u201cprzygody\u201d.<\/span><br \/>\n<span style=\"font-size: 10pt; font-family: Verdana; color: #000000; background-color: transparent; font-weight: normal; font-style: normal; text-decoration: none; vertical-align: baseline\">Specjalny  artyku\u0142 o mojej wdzi\u0119czno\u015bci wszystkim, kt\u00f3rzy byli wtedy przy mnie  napisz\u0119 niebawem, bo mam tu uczucie ci\u0105gle w moim sercu.<\/span><br \/>\n<span style=\"font-size: 10pt; font-family: Verdana; color: #000000; background-color: transparent; font-weight: normal; font-style: normal; text-decoration: none; vertical-align: baseline\">Lekarze  stan\u0119\u0142i na wysoko\u015bci zadania i przywr\u00f3cili mi wszystkie mo\u017cliwo\u015bci  normalnego funkcjonowania, ale ostrzegli &#8211; i to zar\u00f3wno ci w Polsce, jak i ci  w USA: \u017cadnych stres\u00f3w, ZERO! &#8211; zrozumia\u0142e\u015b?!<\/span><br \/>\n<span style=\"font-size: 10pt; font-family: Verdana; color: #000000; background-color: transparent; font-weight: normal; font-style: normal; text-decoration: none; vertical-align: baseline\">I  tu kryje si\u0119 przyczyna mojej nieobecno\u015bci na niedzielnym zebraniu.  Wybra\u0142em wyjazd do Filadelfii, gdzie poprowadzi\u0142em pr\u00f3b\u0119 z polonijnym  ch\u00f3rem, przygotowuj\u0105c go do dorocznego zjazdu Zwi\u0105zku \u015apiewak\u00f3w Polskich  w Ameryce. Poza wszystkim ch\u00f3r jest \u017ce\u0144ski, wol\u0119 wi\u0119c, jak mi ci\u015bnienie  idzie w g\u00f3r\u0119 na widok kobiet, a nie na widok ujadaj\u0105cych na siebie  Polonus\u00f3w.<\/span><br \/>\n<span style=\"font-size: 10pt; font-family: Verdana; color: #000000; background-color: transparent; font-weight: normal; font-style: normal; text-decoration: none; vertical-align: baseline\">I  okazuje si\u0119, \u017ce dokona\u0142em \u201cjedynie s\u0142usznego\u201d wyboru. Oto czytam w  gazecie reporta\u017c z tego zebrania i czeg\u00f3\u017c si\u0119 doczytuj\u0119? A no, \u017ce jedna z  cz\u0142onki\u0144 Rady Dyrektor\u00f3w znowu powr\u00f3ci\u0142a do tematu sk\u0142adek  przekazywanych do Centrum Polsko-S\u0142owia\u0144skiego. \u017be niby nies\u0142usznie, bo  CPS nie przedstawi\u0142o rozliczenia. Jestem te\u017c, jak wiadomo w tej samej  Radzie Dyrektor\u00f3w, ale zastanawiam si\u0119, czy nie zmieni\u0107 banku, bo je\u017celi  dyrektor nie wie, co to jest rozliczenie, to co on wie o bankowo\u015bci. Na  stronie CPS s\u0105 corocznie przedstawiane rozliczenia z fiskusem. Je\u015bli  pani Marzena Wierzbowska ma jakie\u015b w\u0105tpliwo\u015bci, to najlepszym wyj\u015bciem  jest zg\u0142osi\u0107 do prokuratury doniesienie o podejrzeniu pope\u0142nienia  przest\u0119pstwa. Je\u015bli nie umie ich czyta\u0107, to niech nie zabiera g\u0142osu, bo  to co robi, to jest jedynie demagogia i populistyczne granie na  uczuciach Cz\u0142onk\u00f3w, kt\u00f3rzy ju\u017c i tak s\u0105 wystarczj\u0105co sko\u0142owani tym, co  si\u0119 dzieje na lini Unia &#8211; Centrum.<\/span><br \/>\n<span style=\"font-size: 10pt; font-family: Verdana; color: #000000; background-color: transparent; font-weight: normal; font-style: normal; text-decoration: none; vertical-align: baseline\">A  dzieje si\u0119 tak, \u017ce \u201cc\u00f3rka\u201d (Unia) wyst\u0119puje przeciw \u201cmatce\u201d (Centrum) i  za wszelk\u0105 cen\u0119 chce matk\u0119 unicestwi\u0107. Wyobra\u017amy sobie tak\u0105 sytuacj\u0119 w  \u017cyciu i na sekund\u0119 zastan\u00f3wmy si\u0119, jakby\u015bmy ocenili tak\u0105 c\u00f3rk\u0119.<\/span><br \/>\n<span style=\"font-size: 10pt; font-family: Verdana; color: #000000; background-color: transparent; font-weight: normal; font-style: normal; text-decoration: none; vertical-align: baseline\">Jeszcze  raz przypomn\u0119, \u017ce jednym z moich pierwszych wniosk\u00f3w, ju\u017c w 2009 roku,  po przy\u0142\u0105czeniu nowych \u201cSponsor\u00f3w\u201d by\u0142o \u017c\u0105danie rozliczania si\u0119  sponsor\u00f3w ze sk\u0142adek do marca ka\u017cdego roku. <\/span><span style=\"font-size: 10pt; font-family: Verdana; color: #000000; background-color: transparent; font-weight: bold; font-style: normal; text-decoration: none; vertical-align: baseline\">Wszystkich sponsor\u00f3w<\/span><span style=\"font-size: 10pt; font-family: Verdana; color: #000000; background-color: transparent; font-weight: normal; font-style: normal; text-decoration: none; vertical-align: baseline\">,  nie tylko Centrum. \u017b\u0105danie rozliczenia wy\u0142\u0105cznie od CPS i u\u017cywanie  tego, jako argumentu za wstrzymaniem sk\u0142adek jest delikatnie m\u00f3wi\u0105c  dyskryminacj\u0105 tej organizacji i zmierza w prostej linii do zniszczenia tej organizacji. Czy w takim razie wszyscy inni sponsorzy  mog\u0105 wydawa\u0107 otrzymane z Unii pieni\u0105dze, jak im si\u0119 \u017cywnie podoba, a  jedynie CPS ma si\u0119 rozlicza\u0107? Wi\u0119kszej niesprawiedliwo\u015bci nie mog\u0119 sobie  wyobrazi\u0107. A trzeba pami\u0119ta\u0107, \u017ce CPS ma budynki, pr\u0105d, ogrzewanie,  remonty itp. Za\u015b niekt\u00f3rzy sponsorzy nie maj\u0105 nawet biur do utrzymania,  bo za biuro robi prywatny dom. <\/span><br \/>\n<span style=\"font-size: 10pt; font-family: Verdana; color: #000000; background-color: transparent; font-weight: normal; font-style: normal; text-decoration: none; vertical-align: baseline\">Niestety  moje \u017c\u0105danie, aby sponsorzy si\u0119 rozliczali nie jest realizowane, bo  podobno trudno jest rozliczy\u0107 np. Komitet Parady Pu\u0142askiego, czy Central\u0119  Szk\u00f3\u0142 Dokszta\u0142caj\u0105cych, bo w\u0142a\u015bnie nie maj\u0105 siedzib, ale maj\u0105 wydatki na  sprawy biurowe, sponsorstwa, imprezy, to jak to rozlicza\u0107? Halo! Czy  kto\u015b to rozumie?<\/span><br \/>\n<span style=\"font-size: 10pt; font-family: Verdana; color: #000000; background-color: transparent; font-weight: normal; font-style: normal; text-decoration: none; vertical-align: baseline\">A  jak si\u0119 maj\u0105 sprawy reklam Unii w polonijnych mediach? Kt\u00f3re gazety je  dostaj\u0105, kt\u00f3re nie i dlaczego? A dlaczego dostaje je telewizja w  Chicago, ale nie ta w Nowym Jorku? Du\u017co si\u0119 m\u00f3wi w naszej Unii o  demokracji, ale niekt\u00f3re decyzje i zachowania obok demokracji nawet nie  sta\u0142y. Je\u015bli pani Wierzbowska zarzuca, \u017ce wydali\u015bmy pieni\u0105dze na  prawnik\u00f3w, to my\u015bl\u0119, \u017ce najpierw powinna si\u0119 zastanowi\u0107, kto op\u0142aca t\u0119  drug\u0105, pozywaj\u0105c\u0105 Uni\u0119 stron\u0119. Kto pisze i za ile pi\u0119kne angielskie  pisma s\u0105dowe dla faceta, kt\u00f3ry po polsku pisze z b\u0142\u0119dami  ortograficznymi, a sk\u0142adni\u0119 ma, jak przedszkolak. Poza wszystkim, czy  dyrektorzy nie powinni stan\u0105\u0107 po jednej stronie i wsp\u00f3lnie odpiera\u0107  ataki takich ludzi? Oczywi\u015bcie, \u017ce nie, bo cz\u0119\u015b\u0107 dyrektor\u00f3w jest ci\u0105gle  w\u015bciek\u0142a, \u017ce do rady nie wesz\u0142o \u201cczterech wspania\u0142ych\u201d, reklamowanych za  pieni\u0105dze Cz\u0142onk\u00f3w. Bo cz\u0119\u015b\u0107 rady jest ci\u0105gle w\u015bciek\u0142a, poniewa\u017c  usuni\u0119ty zosta\u0142 dyrektor wykonawczy, kt\u00f3ry wzi\u0105\u0142 si\u0119 za polityk\u0119, zamiast  koncentrowa\u0107 si\u0119 na sprawach bankowych. Czy pani Marzeny nie martwi to,  \u017ce mamy najni\u017csze oprocentowanie? A co mi odpowiedziano, gdy zwr\u00f3ci\u0142em  na to uwag\u0119, daj\u0105c przyk\u0142ad unii kredytowej z Astorii? Pani Marzeno,  prosz\u0119 sobie przypomnie\u0107.<\/span> <span style=\"font-size: 10pt; font-family: Verdana; color: #000000; background-color: transparent; font-weight: normal; font-style: normal; text-decoration: none; vertical-align: baseline\">Chc\u0119  by\u0107 grzeczny, mi\u0142y, sympatyczny i kulturalny. Nie wszczynam awantur na  zebraniach; dyskutujemy, u\u015bmiecham si\u0119, s\u0142ucham wszystkich wypowiedzi,  niestety, jest tak, \u017ce ponosimy bolesne konsekwencje bardzo b\u0142\u0119dnych  decyzji sprzed dw\u00f3ch lat. Decyzji, kt\u00f3re rozbi\u0142y spo\u0142eczno\u015b\u0107 polonijn\u0105.  Decyzji demagogicznych, przypominaj\u0105cych najlepsze lata gomu\u0142kowskiego  re\u017cimu. Decyzji przykrywaj\u0105cych w\u0142asne niedoci\u0105gni\u0119cia, b\u0142\u0119dy i  wypaczenia.<\/span><br \/>\n<span style=\"font-size: 10pt; font-family: Verdana; color: #000000; background-color: transparent; font-weight: normal; font-style: normal; text-decoration: none; vertical-align: baseline\">Ale nic nie spada z powietrza i nic nie dzieje si\u0119 bez przyczyny. Za wszystkim, co robi\u0105 ludzie, stoj\u0105 ludzie&#8230;<\/span><span style=\"font-size: 11pt; font-family: Arial; color: #000000; background-color: transparent; font-weight: normal; font-style: normal; text-decoration: none; vertical-align: baseline\"><\/span><br \/>\n<span style=\"font-size: 10pt; font-family: Verdana; color: #000000; background-color: transparent; font-weight: normal; font-style: normal; text-decoration: none; vertical-align: baseline\"><\/span><\/p>\n","protected":false},"excerpt":{"rendered":"<p>Unia Kredytowa i Centrum Polsko-S\u0142owia\u0144\u0144skie zn\u00f3w podnosz\u0105 adrenalin\u0119 Polonii. Prezes Rady Dyrektor\u00f3w, dr. Tomasz Bortnik, na niedzielnym zebraniu (15 maja, 2011) poinformowa\u0142, jak pisz\u0105 gazety, \u017ce by\u0142em nieobecny ze wzgl\u0119du na rekonwalescencj\u0119 po ci\u0119\u017ckiej chorobie.<\/p>\n","protected":false},"author":2,"featured_media":0,"comment_status":"open","ping_status":"open","sticky":false,"template":"","format":"standard","meta":[],"categories":[1],"tags":[],"_links":{"self":[{"href":"https:\/\/sporek.com\/blog\/index.php?rest_route=\/wp\/v2\/posts\/287"}],"collection":[{"href":"https:\/\/sporek.com\/blog\/index.php?rest_route=\/wp\/v2\/posts"}],"about":[{"href":"https:\/\/sporek.com\/blog\/index.php?rest_route=\/wp\/v2\/types\/post"}],"author":[{"embeddable":true,"href":"https:\/\/sporek.com\/blog\/index.php?rest_route=\/wp\/v2\/users\/2"}],"replies":[{"embeddable":true,"href":"https:\/\/sporek.com\/blog\/index.php?rest_route=%2Fwp%2Fv2%2Fcomments&post=287"}],"version-history":[{"count":0,"href":"https:\/\/sporek.com\/blog\/index.php?rest_route=\/wp\/v2\/posts\/287\/revisions"}],"wp:attachment":[{"href":"https:\/\/sporek.com\/blog\/index.php?rest_route=%2Fwp%2Fv2%2Fmedia&parent=287"}],"wp:term":[{"taxonomy":"category","embeddable":true,"href":"https:\/\/sporek.com\/blog\/index.php?rest_route=%2Fwp%2Fv2%2Fcategories&post=287"},{"taxonomy":"post_tag","embeddable":true,"href":"https:\/\/sporek.com\/blog\/index.php?rest_route=%2Fwp%2Fv2%2Ftags&post=287"}],"curies":[{"name":"wp","href":"https:\/\/api.w.org\/{rel}","templated":true}]}}