{"id":288,"date":"2011-05-21T01:58:37","date_gmt":"2011-05-21T05:58:37","guid":{"rendered":"http:\/\/sporek.com\/blog\/?p=288"},"modified":"2011-06-03T00:50:26","modified_gmt":"2011-06-03T04:50:26","slug":"autorytet","status":"publish","type":"post","link":"https:\/\/sporek.com\/blog\/?p=288","title":{"rendered":"Autorytet"},"content":{"rendered":"<p><span style=\"font-size: 10pt; font-family: Verdana; color: #000000; background-color: transparent; font-weight: normal; font-style: normal; text-decoration: none; vertical-align: baseline\" id=\"internal-source-marker_0.6089033339663396\"><\/span><span style=\"font-size: 10pt; font-family: Verdana; color: #000000; background-color: transparent; font-weight: normal; font-style: normal; text-decoration: none; vertical-align: baseline\">Za  czas\u00f3w PO spotka\u0142o nasz kraj kilka \u201czaszczyt\u00f3w\u201d, kt\u00f3rymi rz\u0105dz\u0105cy  up-ijali si\u0119, jak winem. Dotyczy\u0142y one g\u0142\u00f3wnie Unii Europejskiej.  Najwi\u0119kszym, od kt\u00f3rego &#8211; wed\u0142ug rz\u0105dz\u0105cych &#8211; autorytet Polski mia\u0142  wzr\u00f3\u015b\u0107 niepomiernie i odbi\u0107 si\u0119 szerokim echem od Australii, przez  Przyl\u0105dek Horn po krain\u0119 Sarah Palin, czyli \u015bnie\u017cn\u0105 Alask\u0119 by\u0142 wyb\u00f3r  Jerzego Buzka na szefa Parlamentu Europejskiego. <\/span><!--more--><span style=\"font-size: 10pt; font-family: Verdana; color: #000000; background-color: transparent; font-weight: normal; font-style: normal; text-decoration: none; vertical-align: baseline\">Autorytet tak wzr\u00f3s\u0142,  \u017ce Obama nie przyjecha\u0142 na pogrzeb tragicznie zmar\u0142ego Prezydenta, Lecha  Kaczy\u0144skiego i jego Ma\u0142\u017conki, a Bruksela wys\u0142a\u0142a&#8230;Jerzego Buzka. W  zgodzie ze wzrostem autorytetu Polski Putin oznajmi\u0142, \u017ce on b\u0119dzie  \u015bledzi\u0142 przyczyny katastrofy i na pocz\u0105tek poci\u0105\u0142 wrak, a potem  oznajmi\u0142, \u017ce ani wraku, ani czarnych skrzyneczek nie odda i b\u0119dzie  kr\u0119ci\u0142 ile si\u0119 tylko da, \u017ceby Lechitom mydli\u0107 oczki, a\u017c \u0142zy p\u00f3jd\u0105.  Autorytet r\u00f3s\u0142 dalej do tego stopnia, \u017ce niejaka Angela przespacerowa\u0142a  si\u0119 po ulicach Gda\u0144ska, a Vladimir nawet o molo zahaczy\u0142. Szczyt  autorytetu przypad\u0142 na smole\u0144sk\u0105 katastrof\u0119, gdy premier VP u\u015bciska\u0142  premiera DT na znak, \u017ce autorytet jest niewiarygodnie wielki.<\/span><br \/>\n<span style=\"font-size: 10pt; font-family: Verdana; color: #000000; background-color: transparent; font-weight: normal; font-style: normal; text-decoration: none; vertical-align: baseline\">Teraz  nast\u0105pi absolutny szczyt autorytetu Polski na ca\u0142ym globie, bo  obejmiemy prezydencj\u0119 Unii Europejskiej. Podczas pobytu w Polsce  s\u0142ysza\u0142em o tym nawet, gdy w\u0142\u0105czy\u0142em \u017celazko. Wiedziony ciekawo\u015bci\u0105  zapyta\u0142em kilku rodak\u00f3w, czy wiedz\u0105, kto w chwili obecnej sprawuje t\u0119  przepe\u0142nion\u0105 autorytetem funkcj\u0119. Zapyta\u0142em pi\u0119ciu, w tym dwoje  znajomych i troje przypadkowych. \u017badne nie wiedzia\u0142o. Zapyta\u0142em wi\u0119c,  czy wiedz\u0105 od kiedy Polska b\u0119dzie \u201cprezydentem\u201d Europy. Wynik ten sam.  Rz\u0105d wyasygnowa\u0142 miliony z\u0142ot\u00f3wek (40) na koncerty promocyjne, teczki  (urz\u0119d\u00f3wki) w ilo\u015bci kilkaset, a nawet b\u0105czki, co to dzieci kr\u0119c\u0105 w  przedszkolu. Po co? Nie wiem, chyba, \u017ceby europos\u0142om \u0142atwiej by\u0142o b\u0105ki  zbija\u0107. I tak si\u0119 mydli oczy w\u0142asnemu spo\u0142ecze\u0144stwu. Ale autorytet idzie  w g\u00f3r\u0119. Oto Mocarz nad mocarze, z najbardziej zad\u0142u\u017conego kraju na  \u015bwiecie przyleci do naszej Ojczyzny i b\u0119dzie m\u00f3wi\u0142 o wizach, a w\u0142a\u015bciwie  o bez-wizach, ale bez specjalnych zapewnie\u0144, a tym bardziej  stuprocentowych.<\/span><br \/>\n<span style=\"font-size: 10pt; font-family: Verdana; color: #000000; background-color: transparent; font-weight: normal; font-style: normal; text-decoration: none; vertical-align: baseline\">Przypadkowo  wpad\u0142 mi do r\u0119ki (przez Internet, &#8211; Panie \u015bwie\u0107 nad jego -Internetu &#8211;  rozwojem) skr\u00f3t telekonferencji z Bia\u0142ym Domem.<\/span><br \/>\n<span style=\"font-size: 10pt; font-family: Verdana; color: #000000; background-color: transparent; font-weight: normal; font-style: normal; text-decoration: none; vertical-align: baseline\">Telekonferencja by\u0142a dla irlandzko-ameryka\u0144skich (Mocarz odwiedzi Irlandi\u0119 ty\u017c) i polsko-ameryka\u0144skich medi\u00f3w.<\/span><br \/>\n<span style=\"font-size: 10pt; font-family: Verdana; color: #000000; background-color: transparent; font-weight: normal; font-style: normal; text-decoration: none; vertical-align: baseline\">Irlandczycy  (z mniejszym autorytetem) mogli zada\u0107 tylko dwa pytania &#8211; co za  niesprawiedliwo\u015b\u0107 &#8211; to chyba w imi\u0119 najlepiej poj\u0119tej demokracji, Polacy, ze wzgl\u0119du na rosn\u0105cy nieustannie  autorytet dostali szans\u0119 na 4, s\u0142ownie CZTERY pytania.<\/span><br \/>\n<span style=\"font-size: 10pt; font-family: Verdana; color: #000000; background-color: transparent; font-weight: normal; font-style: normal; text-decoration: none; vertical-align: baseline\">Skr\u00f3t tego telefonicznego konferowania streszcza si\u0119 do nast\u0119puj\u0105cych konkluzji:<\/span><br \/>\n<span style=\"font-size: 10pt; font-family: Verdana; color: #000000; background-color: transparent; font-weight: normal; font-style: normal; text-decoration: none; vertical-align: baseline\">1. President Obama will discuss in Poland Visa Waiver Program (No promises);<\/span><br \/>\n<span style=\"font-size: 10pt; font-family: Verdana; color: #000000; background-color: transparent; font-weight: normal; font-style: italic; text-decoration: none; vertical-align: baseline\">Prezydent Obama b\u0119dzie dyskutowa\u0142 o mozliwo\u015bciach zniesienia wiz dla Polak\u00f3w (bez obietnic)<\/span><br \/>\n<span style=\"font-size: 10pt; font-family: Verdana; color: #000000; background-color: transparent; font-weight: normal; font-style: normal; text-decoration: none; vertical-align: baseline\">2. He will announce in Warsaw very important decision toward Poland&#8217;s security;<\/span><br \/>\n<span style=\"font-size: 10pt; font-family: Verdana; color: #000000; background-color: transparent; font-weight: normal; font-style: italic; text-decoration: none; vertical-align: baseline\">Og\u0142osi w Warszawie bardzo wa\u017cn\u0105 decyzj\u0119 w sprawie bezpiecze\u0144stwa Polski<\/span><br \/>\n<span style=\"font-size: 10pt; font-family: Verdana; color: #000000; background-color: transparent; font-weight: normal; font-style: italic; text-decoration: none; vertical-align: baseline\">(czy\u017cby\u015bmy znowu mieli kupi\u0107 jakie\u015b F z numerem&#8230;?)<\/span><br \/>\n<span style=\"font-size: 10pt; font-family: Verdana; color: #000000; background-color: transparent; font-weight: normal; font-style: normal; text-decoration: none; vertical-align: baseline\">3. He will discuss with Polish side a problem of retribution&#8230;.;<\/span><br \/>\n<span style=\"font-size: 10pt; font-family: Verdana; color: #000000; background-color: transparent; font-weight: normal; font-style: italic; text-decoration: none; vertical-align: baseline\">B\u0119dzie dyskutowa\u0142 ze stron\u0105 polsk\u0105 problem skarg, odp\u0142at, odwetu.<\/span><br \/>\n<span style=\"font-size: 10pt; font-family: Verdana; color: #000000; background-color: transparent; font-weight: normal; font-style: italic; text-decoration: none; vertical-align: baseline\">(Takie  trzy znaczenia ma s\u0142owo \u201cretribution\u201d. Kto\u015b (?) si\u0119 na nas poskar\u017cy\u0142 i  trzeba b\u0119dzie zap\u0142aci\u0107 jak\u0105\u015b kar\u0119. Wujek Sam wczoraj przesun\u0105\u0142 granice i  to od razu w dw\u00f3ch pa\u0144stwach, to mo\u017ce teraz powie, \u017ce ten gaz \u0142upkowy,  skoro go tyle mamy trzeba b\u0119dzie odda\u0107, jako retribution&#8230;?)<\/span><span style=\"font-size: 10pt; font-family: Verdana; color: #000000; background-color: transparent; font-weight: normal; font-style: normal; text-decoration: none; vertical-align: baseline\"><\/span><br \/>\n<span style=\"font-size: 10pt; font-family: Verdana; color: #000000; background-color: transparent; font-weight: normal; font-style: normal; text-decoration: none; vertical-align: baseline\">4. None of the representatives of Polonia is traveling with him;<\/span><br \/>\n<span style=\"font-size: 10pt; font-family: Verdana; color: #000000; background-color: transparent; font-weight: normal; font-style: italic; text-decoration: none; vertical-align: baseline\">\u017baden przedstawiciel Polonii z nim (prezydentem) nie poleci.<\/span><br \/>\n<span style=\"font-size: 10pt; font-family: Verdana; color: #000000; background-color: transparent; font-weight: normal; font-style: italic; text-decoration: none; vertical-align: baseline\">G\u00f3r\u0105 Kongres Polonii Ameryka\u0144skiej i wszystkie inne organizacje polonijne w USA.<\/span><br \/>\n<span style=\"font-size: 10pt; font-family: Verdana; color: #000000; background-color: transparent; font-weight: normal; font-style: normal; text-decoration: none; vertical-align: baseline\">5. There are not any plans to meet in Poland with the opposition. <\/span><br \/>\n<span style=\"font-size: 10pt; font-family: Verdana; color: #000000; background-color: transparent; font-weight: normal; font-style: italic; text-decoration: none; vertical-align: baseline\">Nie ma \u017cadnych plan\u00f3w na spotkania w Polsce z opozycj\u0105. <\/span><br \/>\n<span style=\"font-size: 10pt; font-family: Verdana; color: #000000; background-color: transparent; font-weight: normal; font-style: italic; text-decoration: none; vertical-align: baseline\">No c\u00f3\u017c, nie ka\u017cdy mo\u017ce by<\/span><span style=\"font-size: 10pt; font-family: Verdana; color: #000000; background-color: transparent; font-weight: normal; font-style: normal; text-decoration: none; vertical-align: baseline\">\u0107 <\/span><span style=\"font-size: 10pt; font-family: Verdana; color: #000000; background-color: transparent; font-weight: normal; font-style: italic; text-decoration: none; vertical-align: baseline\">Bolkiem, ale ten ju\u017c nie jest w opozycji, wr\u0119cz odwrotnie.<\/span><br \/>\n<span style=\"font-size: 10pt; font-family: Verdana; color: #000000; background-color: transparent; font-weight: normal; font-style: normal; text-decoration: none; vertical-align: baseline\"><\/span><br \/>\n<span style=\"font-size: 10pt; font-family: Verdana; color: #000000; background-color: transparent; font-weight: normal; font-style: normal; text-decoration: none; vertical-align: baseline\">A  my tu akcje robimy, dzwonimy do kongresmen\u00f3w, senator\u00f3w, \u017cadamy,  wymagamy, \u201cbo w przeciwnym razie nie p\u00f3jdziemy na ciebie g\u0142osowa\u0107\u201d. A on  m\u00f3wi \u201ctak, tak, nale\u017cy wam si\u0119 bezwizowy wjazd do nas, oczywi\u015bcie\u201d &#8230;Z  tym, \u017ce nie na pewno.<\/span><br \/>\n<span style=\"font-size: 10pt; font-family: Verdana; color: #000000; background-color: transparent; font-weight: normal; font-style: normal; text-decoration: none; vertical-align: baseline\">Coraz  wi\u0119kszy autorytet i jeszcze ro\u015bnie. W\u0142a\u015bnie wczoraj, zgodnie z rosn\u0105cym  nieustannie autorytetem polskie media odtr\u0105bi\u0142y sukces naszych  prokurator\u00f3w w Moskwie; po roku i trzech miesi\u0105cach uzyskali oni w  stolicy Rosji <\/span><span style=\"font-size: 10pt; font-family: Verdana; color: #000000; background-color: transparent; font-weight: bold; font-style: normal; text-decoration: none; vertical-align: baseline\">obietnic\u0119<\/span><span style=\"font-size: 10pt; font-family: Verdana; color: #000000; background-color: transparent; font-weight: normal; font-style: normal; text-decoration: none; vertical-align: baseline\">  zwrotu wraku&#8230;we wrze\u015bniu, p\u00f3\u0142tora roku po katastrofie, oraz  przekazania czarnych skrzynek. Jeste\u015bmy krajem absolutnych sukces\u00f3w.  \u017beby jednak nawet ten w\u0105tpliwy sukces nie by\u0142 do ko\u0144ca sukcesem Rosjanie  wypu\u015bcili informacj\u0119, \u017ce cia\u0142a trzech ofiar zosta\u0142y b\u0142\u0119dnie  zidentyfikowane i jak powiedzia\u0142 rzecznik Komitetu \u015aledczego Fed.  Rosyjskiej <\/span><span style=\"font-size: 10pt; font-family: Verdana; color: #000000; background-color: transparent; font-weight: bold; font-style: normal; text-decoration: none; vertical-align: baseline\">&#8211; \u201eoznacza to, i\u017c zmarli zostali pochowani pod obcymi nazwiskami\u201d.<\/span><br \/>\n<span style=\"font-size: 10pt; font-family: Verdana; color: #000000; background-color: transparent; font-weight: normal; font-style: normal; text-decoration: none; vertical-align: baseline\">Pani  minister Kopacz, ktora chwali\u0142a si\u0119 rzetelno\u015bci\u0105 wykonywanych prac i  by\u0142a obecna przy identyfikacji nie raczy\u0142a si\u0119 na ten temat  wypowiedzie\u0107. Nikt nie wie po co Rosjanie wypu\u015bcili t\u0119 wiadomo\u015b\u0107 akurat  teraz, kiedy nasi prokuratorzy osi\u0105gn\u0119li tak \u201espektakularny sukces\u201d. Ale  chyba \u0142atwo si\u0119 domy\u015ble\u0107 &#8211; autorytet! Co z tym zrobi\u0105 \u00a0rodziny ofiar,  tego te\u017c jeszcze nikt nie wie. Czy trzeba si\u0119 dziwi\u0107, \u017ce w sprawie tej  potwornej katastrofy jest taka masa pyta\u0144, w\u0105tpliwo\u015bci i domys\u0142\u00f3w?  Przecie\u017c jest to ci\u0105gle prowokowane, jak nie przez Rosjan, to przez  naszych genialnych \u015bledczych, kt\u00f3rzy nic jeno \u015bl\u0119cz\u0105 i kl\u0119cz\u0105.<\/span><span style=\"font-size: 18pt; font-family: Arial; color: #000000; background-color: transparent; font-weight: normal; font-style: normal; text-decoration: none; vertical-align: baseline\"><\/span><br \/>\n<span style=\"font-size: 10pt; font-family: Verdana; color: #000000; background-color: transparent; font-weight: normal; font-style: normal; text-decoration: none; vertical-align: baseline\">W o\u015bplepiaj\u0105cym\u00a0 \u015bwietle autorytetu rozp\u0119tano walk\u0119 z kibolami. Rz\u0105d  zastosowa\u0142 odpowiedzialno\u015b\u0107 zbiorow\u0105, a ja tymczasem dotar\u0142em do dziwnej  statystyki, Ot\u00f3\u017c ilo\u015b\u0107 stadionowych incydent\u00f3w z roku, na rok spada:  2008 &#8211; 277; 2009 &#8211; 237; 2010 &#8211; 163.<\/span><br \/>\n<span style=\"font-size: 10pt; font-family: Verdana; color: #000000; background-color: transparent; font-weight: normal; font-style: normal; text-decoration: none; vertical-align: baseline\">Po  wydarzeniach w Bydgoszczy zamkni\u0119te zosta\u0142y dwa najbezpieczniejsze  stadiony spe\u0142niaj\u0105ce wymogi jednej z najsurowszych ustaw w Europie. Ca\u0142a  akcja przeciwko kibolom zosta\u0142a og\u0142oszona dok\u0142adnie wtedy, gdy rz\u0105d  og\u0142asza\u0142 bud\u017cet na 2012 rok, w\/g kt\u00f3rego podwy\u017cszona zostanie akcyza na  papierosy o 4%, a na ubranka i buty dzieci\u0119ce VAT podskoczy a\u017c o 23%. O  tym si\u0119 nie m\u00f3wi. Najwi\u0119kszym problemem s\u0105 kibole, kt\u00f3rych jest  kilkudziesi\u0119ciu, a tysi\u0105ce porz\u0105dnych kibic\u00f3w ogl\u0105da mecze poza  stadionem, oczywi\u015bcie nie widz\u0105c nic. Jest to typowa zas\u0142ona dymna, bo:<\/span><br \/>\n<span style=\"font-size: 10pt; font-family: Verdana; color: #000000; background-color: transparent; font-weight: normal; font-style: normal; text-decoration: none; vertical-align: baseline\">nak\u0142ada si\u0119 r\u00f3wnie\u017c na propozycj\u0119 dwudniowych wybor\u00f3w, co jest sprzeczne z konstytucj\u0105, kt\u00f3ra m\u00f3wi o <\/span><span style=\"font-size: 10pt; font-family: Verdana; color: #000000; background-color: transparent; font-weight: bold; font-style: normal; text-decoration: underline; vertical-align: baseline\">dniu<\/span><span style=\"font-size: 10pt; font-family: Verdana; color: #000000; background-color: transparent; font-weight: normal; font-style: normal; text-decoration: none; vertical-align: baseline\"> wybor\u00f3w, a nie o <\/span><span style=\"font-size: 10pt; font-family: Verdana; color: #000000; background-color: transparent; font-weight: bold; font-style: normal; text-decoration: underline; vertical-align: baseline\">dniach<\/span><span style=\"font-size: 10pt; font-family: Verdana; color: #000000; background-color: transparent; font-weight: normal; font-style: normal; text-decoration: none; vertical-align: baseline\">  wybor\u00f3w, ale przede wszystkim nak\u0142ada si\u0119 na decyzj\u0119 rz\u0105du o sprzeda\u017cy  ostatnich ju\u017c w\u0142asno\u015bci Polski jak\u0105 jest Grupa LOTOS, SA. Przypomn\u0119, \u017ce  rafineria w Gda\u0144sku, wchodz\u0105ca w grup\u0119 LOTOS zdolna przerobi\u0107 10 mln ton  ropy naftowej rocznie jest najnowocze\u015bniejsz\u0105 rafineri\u0105 na \u015bwiecie &#8211; to  jest prawdziwy autorytet. Rz\u0105d jest w\u0142a\u015bcicielem wi\u0119kszo\u015bciowym LOTOSU i  posiada 53,19 % udzia\u0142\u00f3w. Troch\u0119 wezm\u0105 kolesie (i zn\u00f3w b\u0119dzie na jaki\u015b zameczek wlas-kuTas-manii, albo innym Wilanowie), reszt\u0119 wrzuci si\u0119 do dziury bud\u017cetowej &#8211; najwi\u0119kszej w historii Wolnej (?) Polski. Sprzedanie tych udzia\u0142\u00f3w Rosji jest  ostatecznym uzale\u017cnieniem Polski od naszego ukochanego s\u0105siada.<\/span><br \/>\n<span style=\"font-size: 10pt; font-family: Verdana; color: #000000; background-color: transparent; font-weight: normal; font-style: normal; text-decoration: none; vertical-align: baseline\">Nie  m\u00f3wi si\u0119 te\u017c o tym, \u017ce powsta\u0142 spo\u0142eczny projekt ustawy blokuj\u0105cej t\u0119  wyprzeda\u017c. Aby jednak ta ustawa mog\u0142a wej\u015b\u0107 pod obrady sejmu potrzebne  jest 100 tysi\u0119cy podpis\u00f3w. Nie wiem, jak\u0105 wa\u017cno\u015b\u0107 b\u0119d\u0105 mia\u0142y podpisy  Polak\u00f3w na emigracji, bo potrzebny jest pesel, ale, jak b\u0119d\u0119 wiedzia\u0142,  to pa\u0144stwa poinformuj\u0119, albo na moim blogu, albo jakim\u015b og\u0142oszeniem w  gazetach. Ten kurek nie mo\u017ce by\u0107 w obcych r\u0119kach. Pami\u0119tajmy o naszych  rodzinach w kraju i nie pozw\u00f3lmy uzale\u017cni\u0107 go od obcego dyspozytora  wszelkich produkt\u00f3w ropopochodnych &#8211; paliw, olej\u00f3w, asfaltu, smar\u00f3w,  itp.<\/span><br \/>\n<span style=\"font-size: 10pt; font-family: Verdana; color: #000000; background-color: transparent; font-weight: normal; font-style: normal; text-decoration: none; vertical-align: baseline\">Niech \u017cyje autorytet i pozycja na \u015bwiecie! Na jakim \u015bwiecie my \u017cyjemy&#8230;?<\/span><\/p>\n","protected":false},"excerpt":{"rendered":"<p>Za czas\u00f3w PO spotka\u0142o nasz kraj kilka \u201czaszczyt\u00f3w\u201d, kt\u00f3rymi rz\u0105dz\u0105cy up-ijali si\u0119, jak winem. Dotyczy\u0142y one g\u0142\u00f3wnie Unii Europejskiej. Najwi\u0119kszym, od kt\u00f3rego &#8211; wed\u0142ug rz\u0105dz\u0105cych &#8211; autorytet Polski mia\u0142 wzr\u00f3\u015b\u0107 niepomiernie i odbi\u0107 si\u0119 szerokim echem od Australii, przez Przyl\u0105dek Horn po krain\u0119 Sarah Palin, czyli \u015bnie\u017cn\u0105 Alask\u0119 by\u0142 wyb\u00f3r Jerzego Buzka na szefa Parlamentu [&hellip;]<\/p>\n","protected":false},"author":2,"featured_media":0,"comment_status":"open","ping_status":"open","sticky":false,"template":"","format":"standard","meta":[],"categories":[4],"tags":[],"_links":{"self":[{"href":"https:\/\/sporek.com\/blog\/index.php?rest_route=\/wp\/v2\/posts\/288"}],"collection":[{"href":"https:\/\/sporek.com\/blog\/index.php?rest_route=\/wp\/v2\/posts"}],"about":[{"href":"https:\/\/sporek.com\/blog\/index.php?rest_route=\/wp\/v2\/types\/post"}],"author":[{"embeddable":true,"href":"https:\/\/sporek.com\/blog\/index.php?rest_route=\/wp\/v2\/users\/2"}],"replies":[{"embeddable":true,"href":"https:\/\/sporek.com\/blog\/index.php?rest_route=%2Fwp%2Fv2%2Fcomments&post=288"}],"version-history":[{"count":0,"href":"https:\/\/sporek.com\/blog\/index.php?rest_route=\/wp\/v2\/posts\/288\/revisions"}],"wp:attachment":[{"href":"https:\/\/sporek.com\/blog\/index.php?rest_route=%2Fwp%2Fv2%2Fmedia&parent=288"}],"wp:term":[{"taxonomy":"category","embeddable":true,"href":"https:\/\/sporek.com\/blog\/index.php?rest_route=%2Fwp%2Fv2%2Fcategories&post=288"},{"taxonomy":"post_tag","embeddable":true,"href":"https:\/\/sporek.com\/blog\/index.php?rest_route=%2Fwp%2Fv2%2Ftags&post=288"}],"curies":[{"name":"wp","href":"https:\/\/api.w.org\/{rel}","templated":true}]}}