{"id":289,"date":"2011-06-01T03:26:18","date_gmt":"2011-06-01T07:26:18","guid":{"rendered":"http:\/\/sporek.com\/blog\/?p=289"},"modified":"2011-06-01T03:35:14","modified_gmt":"2011-06-01T07:35:14","slug":"z-wiza-czy-bez-wizy","status":"publish","type":"post","link":"https:\/\/sporek.com\/blog\/?p=289","title":{"rendered":"Z wiz\u0105, czy bez wizy?"},"content":{"rendered":"<p><span style=\"font-size: 10pt; font-family: Verdana; color: #000000; background-color: transparent; font-weight: normal; font-style: normal; text-decoration: none; vertical-align: baseline\" id=\"internal-source-marker_0.4593566272732873\"><\/span><span style=\"font-size: 10pt; font-family: Verdana; color: #000000; background-color: transparent; font-weight: normal; font-style: normal; text-decoration: none; vertical-align: baseline\"><\/span><span style=\"font-size: 10pt; font-family: Verdana; color: #000000; background-color: transparent; font-weight: normal; font-style: normal; text-decoration: none; vertical-align: baseline\" id=\"internal-source-marker_0.5257195635433229\"><\/span><span style=\"font-size: 10pt; font-family: Verdana; color: #000000; background-color: transparent; font-weight: normal; font-style: normal; text-decoration: none; vertical-align: baseline\">Konkret\u00f3w  nie by\u0142o. Obama by\u0142 i odlecia\u0142. Pono\u0107 ze wszystkich prezydent\u00f3w USA  bajdurz\u0105cych o bezwizowym ruchu mi\u0119dzy Polsk\u0105, a Stanami, on bajdurzy\u0142  \u201cnajkonkretniej\u2019\u201d. <\/span><!--more--><span style=\"font-size: 10pt; font-family: Verdana; color: #000000; background-color: transparent; font-weight: normal; font-style: normal; text-decoration: none; vertical-align: baseline\">To zacznijmy odlicza\u0107 czas. Korespondent telewizji  przyjecha\u0142 na Pi\u0105t\u0105 Alej\u0119 i zrobi\u0142 wywiad z polinijnym dziennikarzem,  menedzerk\u0105 salonu z Pi\u0105tej Alei, biznesmenem i aktorem. Skupi\u0142a si\u0119  nasza telewizja na tych bdzetach, zamydlaj\u0105cych oczy Polakom i ani  s\u0142owem o pozosta\u0142ych aspektach tej, wiekopomnej wizyty. Pytani \u201cdo  kamery\u201d martwili si\u0119, \u017ce 140 dolar\u00f3w za wiz\u0119, to niewygoda dla tych,  kt\u00f3rzy chcieliby robi\u0107 zakupy na Pi\u0105tej Alei. Dziwni to bogacze, kt\u00f3rym  przy parze but\u00f3w za 600, czy wi\u0119cej dolar\u00f3w i tysi\u0105cu na samolot  przeszkadza wydatek 140 na wiz\u0119. Ca\u0142y ten wrzask o rych\u0142ym \u201czwyci\u0119stwie\u201d  w sprawie wiz, to sp\u00f3\u017anione o wiele lat satysfakcje, okupione \u015bmierci\u0105  polskich \u017co\u0142nierzy we wschodniej wojnie, wykpieniem naszych instytucji w  kontraktach, zakupem F-16, mamieniem o tarczy, ale i wykorzystaniem  Polski do za\u0142o\u017cenia wi\u0119zienia dla terroryst\u00f3w. Co za cyznizm. Je\u015bli  b\u0119dzie bez wiz, to na pewno nie b\u0119d\u0105 tu przyje\u017cd\u017cali ludzie, co to \u201cza  chlebem\u201d, a jedynie ci, kt\u00f3rych naprawd\u0119 na to sta\u0107. Wi\u0119c dla kogo to  bezwizie? B\u0119d\u0105 przyje\u017cd\u017ca\u0107 turystycznie i chwa\u0142a w tej sprawie.  Amerykanie wiedzieli jednak, co robi\u0105 odci\u0105gaj\u0105c t\u0119 kwesti\u0119. I tak  zdziwienie b\u0119dzie du\u017ce, bo cz\u0119totliwo\u015b\u0107 przyjazd\u00f3w b\u0119dzie niewielka, a i  liczba ch\u0119tnych nie b\u0119dzie imponuj\u0105ca. Przecie tu dro\u017cyzna z dnia, na  dzie\u0144 wi\u0119ksza, a prawda jest taka, \u017ce nie ma tu ju\u017c produkt\u00f3w, kt\u00f3rymi  mo\u017cna by zaskoczy\u0107 Polki i Polak\u00f3w. Przekona\u0142em si\u0119 o tym b\u0119d\u0105c w  Polsce; eleganckie kreacje, \u015bwietny sprz\u0119t. Czy sensem b\u0119dzie wydawanie  tysi\u0105ca dolar\u00f3w na samolot, zamiast kupi\u0107 sobie dany produkt w rodzimym  kraju? Poza wszystkim, Polacy powinni p\u00f3j\u015b\u0107 po rozum do g\u0142owy i robi\u0107  zakupy u siebie i jak najwi\u0119cej wyrob\u00f3w ojczy\u017anianych. Bo rych\u0142o mo\u017ce  si\u0119 okaza\u0107, \u017ce b\u0119dzie, jak w Stanach z chi\u0144szczyzn\u0105. Pewna dziennikarka  obliczy\u0142a niedawno, \u017ce gdyby Amerykanie kupowali wy\u0142\u0105c\u017cnie produkty  ameryka\u0144skie, to Stany wzbogaca\u0142yby si\u0119 miesi\u0119cznie o 200 milion\u00f3w  dolar\u00f3w. A polski rz\u0105d namawia, swoich \u201cpodw\u0142adnych\u201d, aby wydawali swoje  pieni\u0105dze poza krajem. C\u00f3\u017c za g\u0142upota, co za kr\u00f3tkowzroczno\u015b\u0107. Ale, jak  wida\u0107 ten rz\u0105d zrobi wszystko dla p\u0142ytkiego Pi-Aru, a jeszcze g\u0142upsze  media dostaj\u0105 orgazmu wciskaj\u0105c te plewy w m\u00f3zgi ogl\u0105daczy telewizyjnych  i czytaczy gazet. No, to zatykajmy Amerykanom dziur\u0119 bud\u017cetow\u0105 i  pog\u0142\u0119biajmy swoj\u0105. Na zdrowie. Czy rzeczywi\u015bcie wizy, to najwi\u0119kszy  poroblem w stosunkach polsko-ameryka\u0144skich? Czy wiemy co\u015b o gazie  \u0142upkowym, czy wiemy co\u015b o odszkodowaniach za holocaust (zapomnieli\u015bmy  list obecnej sekretarz stanu, domagaj\u0105cej si\u0119 jak  najszybszego rozpocz\u0119cia przez Polsk\u0119 sp\u0142acania nale\u017cno\u015bci tym, co przez  wieki najlepiej mieli si\u0119 w Polsce?). Jako\u015b \u015brodki masowego przekazu w  Polsce nie informuj\u0105 o tych sprawach. A czy wiemy co\u015b o \u015bledztwie  smole\u0144skim, o zdj\u0119ciach, jakie na pewno zrobi\u0142a agencja NASA? <\/span><span style=\"font-size: 10pt; font-family: Verdana; color: #000000; background-color: transparent; font-weight: normal; font-style: normal; text-decoration: none; vertical-align: baseline\">Dowiedzia\u0142em  si\u0119 przy tej okazji, \u017ce obecny prezydent, to te\u017c Polak, bo \u2026 mieszka\u0142 w  Chicago i przez to naby\u0142 lechick\u0105 krew. Warto wi\u0119c przypomnie\u0107, \u017ce o  Polakach w Chicago przypomnia\u0142 sobie dopiero w kampanii wyborczej.  Banialuki i puste s\u0142owa, \u0142echc\u0105ce naiwnych polityk\u00f3w rz\u0105dz\u0105cych Polsk\u0105,  kt\u00f3rzy umiej\u0119tnie zrobi\u0105 z tego armatnie mi\u0119so na potrzeby zbli\u017caj\u0105cej  si\u0119 kampanii wyborczej, a spo\u0142ecze\u0144stwo to kupi, bo ju\u017c nie takie  b\u0142yskotki kupowa\u0142o. Oj, Narodzie, Narodzie, jaki\u015b ty naiwny. <\/span><span style=\"font-size: 10pt; font-family: Verdana; color: #000000; background-color: transparent; font-weight: normal; font-style: normal; text-decoration: none; vertical-align: baseline\">\u017be  niby szerokim \u0142ukiem omin\u0105\u0142 Angel\u0119? I co z tego? Wr\u00f3ci do niej i to  szybciej, ni\u017c nam si\u0119 wszystkim wydaje. Nie bra\u0142bym tego, jako argument,  \u017ce nagle jeste\u015bmy pot\u0119g\u0105 wi\u0119ksz\u0105, ni\u017c Niemcy. Mr. O. wie, co  robi. Zbli\u017caj\u0105 si\u0119 wybory. W\u0142a\u015bnie \u201cnadrobi\u0142\u201d gr\u0119 w golfa, podczas pogrzebu zamordowanego  Prezydenta Polski, Lecha Kaczy\u0144skiego. Przynajmniej tak mu si\u0119 wydaje. On doskonale wie, jak podpad\u0142  Polakom tam i tu. I teraz po\u0142echta\u0142 wszystkich. Czy rzeczywi\u015bcie  wszystkich?<\/span><span style=\"font-size: 10pt; font-family: Verdana; color: #000000; background-color: transparent; font-weight: normal; font-style: normal; text-decoration: none; vertical-align: baseline\"> Obym  si\u0119 myli\u0142, ale na to, czy mam racj\u0119 musimy troch\u0119 poczeka\u0107. Przy okazji  dowiedzia\u0142em si\u0119, \u017ce prezydent USA, jest prorokiem, &#8211; zapowiedzia\u0142  wszak, \u017ce odwiedzi Polsk\u0119 za dwa lata. Jako turysta, czy jako prezydent?  Bo wybory za rok. To ju\u017c wie, \u017ce wygra, czy tak pokocha\u0142 nasz kraj, \u017ce  nawet, jak przegra, to przyleci po\u0142azi\u0107 po Tatrach? &#8230;To ju\u017c go lubi\u0119.<\/span><\/p>\n<p><span style=\"font-size: 10pt; font-family: Verdana; color: #000000; background-color: transparent; font-weight: normal; font-style: normal; text-decoration: none; vertical-align: baseline\">PS: Nast\u0119pny tekst dotyczy<\/span><span style=\"font-size: 10pt; font-family: Verdana; color: #000000; background-color: transparent; font-weight: normal; font-style: normal; text-decoration: none; vertical-align: baseline\">\u0107 b\u0119dzie dramatycznej sytuacji polonijnych medi\u00f3w w \u015bwietle ostatnich &#8222;dziwnych&#8221; sprzeda\u017cy.<\/span><\/p>\n","protected":false},"excerpt":{"rendered":"<p>Konkret\u00f3w nie by\u0142o. Obama by\u0142 i odlecia\u0142. Pono\u0107 ze wszystkich prezydent\u00f3w USA bajdurz\u0105cych o bezwizowym ruchu mi\u0119dzy Polsk\u0105, a Stanami, on bajdurzy\u0142 \u201cnajkonkretniej\u2019\u201d.<\/p>\n","protected":false},"author":2,"featured_media":0,"comment_status":"open","ping_status":"open","sticky":false,"template":"","format":"standard","meta":[],"categories":[4],"tags":[],"_links":{"self":[{"href":"https:\/\/sporek.com\/blog\/index.php?rest_route=\/wp\/v2\/posts\/289"}],"collection":[{"href":"https:\/\/sporek.com\/blog\/index.php?rest_route=\/wp\/v2\/posts"}],"about":[{"href":"https:\/\/sporek.com\/blog\/index.php?rest_route=\/wp\/v2\/types\/post"}],"author":[{"embeddable":true,"href":"https:\/\/sporek.com\/blog\/index.php?rest_route=\/wp\/v2\/users\/2"}],"replies":[{"embeddable":true,"href":"https:\/\/sporek.com\/blog\/index.php?rest_route=%2Fwp%2Fv2%2Fcomments&post=289"}],"version-history":[{"count":0,"href":"https:\/\/sporek.com\/blog\/index.php?rest_route=\/wp\/v2\/posts\/289\/revisions"}],"wp:attachment":[{"href":"https:\/\/sporek.com\/blog\/index.php?rest_route=%2Fwp%2Fv2%2Fmedia&parent=289"}],"wp:term":[{"taxonomy":"category","embeddable":true,"href":"https:\/\/sporek.com\/blog\/index.php?rest_route=%2Fwp%2Fv2%2Fcategories&post=289"},{"taxonomy":"post_tag","embeddable":true,"href":"https:\/\/sporek.com\/blog\/index.php?rest_route=%2Fwp%2Fv2%2Ftags&post=289"}],"curies":[{"name":"wp","href":"https:\/\/api.w.org\/{rel}","templated":true}]}}