{"id":290,"date":"2011-06-01T14:42:25","date_gmt":"2011-06-01T18:42:25","guid":{"rendered":"http:\/\/sporek.com\/blog\/?p=290"},"modified":"2011-06-03T00:52:23","modified_gmt":"2011-06-03T04:52:23","slug":"pogrzeb-polonijnych-mediow","status":"publish","type":"post","link":"https:\/\/sporek.com\/blog\/?p=290","title":{"rendered":"Pogrzeb polonijnych medi\u00f3w"},"content":{"rendered":"<p><span style=\"font-size: 10pt; font-family: Verdana; color: #000000; background-color: transparent; font-weight: normal; font-style: normal; text-decoration: none; vertical-align: baseline\" id=\"internal-source-marker_0.2608990068486492\"><\/span><span style=\"font-size: 10pt; font-family: Verdana; color: #000000; background-color: transparent; font-weight: normal; font-style: normal; text-decoration: none; vertical-align: baseline\" id=\"internal-source-marker_0.14357519102941252\"><\/span><span style=\"font-size: 10pt; font-family: Verdana; color: #000000; background-color: transparent; font-weight: normal; font-style: normal; text-decoration: none; vertical-align: baseline\">Nie  pierwszy raz alarmuj\u0119, \u017ce w nowojorskiej Polonii dzieje si\u0119 \u017ale. Ale to  jest g\u0142os wo\u0142aj\u0105cego na bezludziu, albo rzucanie grochem w \u015bcian\u0119. Czy  sprzeda\u017c Nowego Dziennika wyjdzie tej gazecie na dobre poka\u017ce czas. Czy  wyjdzie na dobre polonijnej spo\u0142eczno\u015bci&#8230;? <\/span><!--more--><span style=\"font-size: 10pt; font-family: Verdana; color: #000000; background-color: transparent; font-weight: normal; font-style: normal; text-decoration: none; vertical-align: baseline\">Gazeta prawdopodobnie  straci warto\u015bciowych dziennikarzy. Smutne jest, \u017ce, jak sama gazeta  poda\u0142a na stronie internetowej \u201cpracownicy otrzymali wypowiedzenia\u201d. Co z  nimi? Te\u017c pewnie poka\u017ce ten, co to p\u0142ynie bezlito\u015bnie, czyli czas. Nowy  Dziennik poda\u0142 informacj\u0119 o sprzedaniu si\u0119 w sobot\u0119, 21 maja, 2011 na  ok\u0142adce wydania weekendowego.<\/span><br \/>\n<span style=\"font-size: 10pt; font-family: Verdana; color: #000000; background-color: transparent; font-weight: normal; font-style: normal; text-decoration: none; vertical-align: baseline\">Min\u0119\u0142o  zaledwie trzy dni. Jest wtorek, 24 maja. Raniutko m\u00f3j telefon zadzwoni\u0142  i po podniesieniu s\u0142uchawki us\u0142ysza\u0142em: \u201cchc\u0119 ci\u0119 poinformowa\u0107 o  pogrzebie&#8230;Polskiego Radia 910 AM\u201d. Potem rozmowa;<\/span><br \/>\n<span style=\"font-size: 10pt; font-family: Verdana; color: #000000; background-color: transparent; font-weight: normal; font-style: normal; text-decoration: none; vertical-align: baseline\">Kto\u015b  przyjecha\u0142 z Chicago w nocy, wymieni\u0142 zamki i tyle. Pracownicy  dowiedzieli si\u0119 poczt\u0105 pantoflow\u0105, \u017ce ju\u017c nie pracuj\u0105. Nie ma radia.  Koniec.<\/span><br \/>\n<span style=\"font-size: 10pt; font-family: Verdana; color: #000000; background-color: transparent; font-weight: normal; font-style: normal; text-decoration: none; vertical-align: baseline\">Mo\u017cna  snu\u0107 rozwa\u017cania, \u017ce przecie\u017c w\u0142a\u015bciciel ma prawo sprzedawa\u0107, kupowa\u0107,  zarabia\u0107. Oczywi\u015bcie, \u017ce tak. Tylko biznesmanowi nie wolno zapomina\u0107, \u017ce  w tym jego handlu jakim\u015b tam towarem s\u0105 ludzie. Oni maj\u0105 rodziny,  plany, a przede wszystkim s\u0105 zaanga\u017cowani w swoj\u0105 prac\u0119 dla niego.  Takiej instytucji nie kupuje si\u0119 z dnia, na dzie\u0144. Jest maj. Bior\u0105c pod  uwag\u0119 czas oczekiwania na zatwierdzenie pasma, czasu antenowego, te  wszystkie licencje, zezwolenia, negocjacje warunk\u00f3w kupna\/sprzeda\u017cy,  itp., to sprawa musia\u0142a si\u0119 zacz\u0105\u0107 conajmniej w styczniu. Zatem  oszukiwanie pracownik\u00f3w i s\u0142uchaczy trwa\u0142o z pewno\u015bci\u0105 kilka miesi\u0119cy.  Cyniczne oszukiwanie polonijnej spo\u0142eczno\u015bci w Nowym Jorku i New Jersey  przez \u00a0r\u00f3wnie cyniczne &#8222;dow\u00f3dztwo&#8221; radia z Chicago, kt\u00f3re to &#8222;dow\u00f3dztwo  jest te\u017c i dow\u00f3dztwem <\/span><span style=\"font-size: 10pt; font-family: Verdana; color: #000000; background-color: transparent; font-weight: bold; font-style: normal; text-decoration: none; vertical-align: baseline\">Polameru i USMoney Order<\/span><span style=\"font-size: 10pt; font-family: Verdana; color: #000000; background-color: transparent; font-weight: normal; font-style: normal; text-decoration: none; vertical-align: baseline\">.  Tylko na takie co\u015b sta\u0107 \u201cszacownych\u201d milioner\u00f3w? Polonijnych  \u201cposiadaczy\u201d? Tak w\u0142a\u015bciciele tych dw\u00f3ch instytucji odwdzi\u0119czyli si\u0119  Polonii NY i NJ za wysy\u0142anie paczek, za przesy\u0142anie pieni\u0119dzy. Ciekaw  jestem, czy nowi, meksyka\u0144scy w\u0142a\u015bciciele b\u0119d\u0105 wysy\u0142ali paczki przez  Polamer, czy b\u0119d\u0105 przesy\u0142ali pieni\u0105dze przez USMoney Order?<\/span><br \/>\n<span style=\"font-size: 10pt; font-family: Verdana; color: #000000; background-color: transparent; font-weight: normal; font-style: normal; text-decoration: none; vertical-align: baseline\">Poprzednie  czasy w tym radio kojarz\u0105 mi si\u0119 z wykorzystywaniem ludzi, \u0142udzeniem  dobr\u0105 zap\u0142at\u0105, zwalnianiem przez fax, albo telefonicznie, itp. W\u0142a\u015bnie  dlatego przesta\u0142em pracowa\u0107 w tym radio, &#8211; na w\u0142asne \u017c\u0105danie, bo mia\u0142em  do\u015b\u0107 k\u0142amstw mened\u017cerki, \u017ce czeki ju\u017c tu\u017c, tu\u017c. I tak przez trzy  miesi\u0105ce. A\u017c wreszcie dowiedzia\u0142em si\u0119 przez telefon, \u017ce nie by\u0142o mnie w  og\u00f3le na li\u015bcie pracownik\u00f3w, \u00a0o czym ostrzega\u0142a mnie nieod\u017ca\u0142owana, \u015bp.  Mariolka Durzy\u0144ska &#8211; najwspanialszy cz\u0142owiek w tej redakcji. A  menad\u017cerka mami\u0142a, \u017ce b\u0119d\u0119 mia\u0142 za prac\u0119 przy mikrofonie, plus  przejazdy, (to w ko\u0144cu 40 mil w jedn\u0105 stron\u0119), mosty i dodatkow\u0105 godzin\u0119  za przygotowanie ka\u017cdej audycji. Przyrzeka\u0142a nawet, \u017ce po trzech  miesi\u0105cach b\u0119d\u0119 mia\u0142 etat z ubezpieczeniem i prac\u0119 na social \u00a0security. A  potem przez dwa miesi\u0105ce walczy\u0142em z Chicago, \u017ceby dosta\u0107 chocia\u017c tylko  za same godziny przy mikrofonie, a i tak mened\u017cerka zani\u017cy\u0142a ich ilo\u015b\u0107.  Gdy szefem stacji w Pomonie zosta\u0142 Wojtek Ma\u015blanka zmieni\u0142o si\u0119  znacz\u0105co: budynek przybra\u0142 inny wygl\u0105d wewn\u0105trz: odmalowane,  wyczyszczone, Ewa Jasi\u0144ski przywioz\u0142a pi\u0119kn\u0105, sk\u00f3rzan\u0105 kanap\u0119.  Zajecha\u0142em tam z grup\u0105 artyst\u00f3w z W-wy: Krzesimir D\u0119bski, jego \u017cona Ania  Jurksztowicz, wielkie gwiazdy polskiej muzyki rozrywkowej. Zachwycali  si\u0119 za\u0142og\u0105 radia, wyposa\u017ceniem, w\u0142a\u015bnie tymi warunkami w \u201cpoczekalni\u201d  urz\u0105dzonymi przez Ew\u0119 Jasi\u0144ski i innych. Przedtem by\u0142o tam ca\u0142e mn\u00f3stwo  artyst\u00f3w, kt\u00f3rych tu sprowadza\u0142em i go\u015bci\u0142a tam ca\u0142a plejada  znamienitych rodak\u00f3w z kraju, personalnie, b\u0105d\u017a przez telefon.  Dziennikarze Radia 910 AM urz\u0105dzali to studio swoimi sercami, duszami,  czuciem. Dostali teraz dwa dni na &#8222;posprz\u0105tanie&#8221; po sobie. Ewa Jaczy\u0144ski  jest w Polsce, opr\u00f3cz kanapy, foteli zostawi\u0142a tam ksi\u0105\u017cki, dokumenty.  Szlag trafi\u0142 wszystko. Polonijny biznesman zapomnia\u0142 uprzedzi\u0107, ludzi,  kt\u00f3rzy dla niego pracowali, \u017ceby szukali sobie roboty. Mam nadziej\u0119, \u017ce  wynagrodzi ich za dotychczasow\u0105 prac\u0119 i sprawa nie p\u00f3jdzie do  Departamentu Pracy, jak w przypadku Radia Rytm. A co z reklamodawcami?  Czy kontrakty si\u0119 sko\u0144czy\u0142y, czy powinni i\u015b\u0107 do s\u0105du? Kompletnie bez  klasy, jakby ci wszyscy ludzie: pracownicy, reklamodawcy i s\u0142uchacze  byli zaledwie kup\u0105 \u015bmieci, kt\u00f3r\u0105 mo\u017cna ruchem nogi przesun\u0105\u0107, usun\u0105\u0107 z  drogi. Ochyda. Najgorsze za\u015b, \u017ce Polonia nowojorska i Polonia z New  Jersey pozbawiona zosta\u0142a z dnia, na dzie\u0144 jedynej  dwudziestoczterogodzinnej stacji radiowej, nadaj\u0105cej w j\u0119zyku polskim. A  tyle si\u0119 krzyczy o swojej polsko\u015bci, o patrioty\u017amie. Dzwoni\u0142em do  Chicago, prosi\u0142em, aby w\u0142a\u015bciciel do mnie zadzwoni\u0142, bo oczywi\u015bcie panie  z biur nie s\u0105 upowa\u017cnione do podania numeru szefa. Nie zadzwoni\u0142.  Czeka\u0142em ca\u0142y dzie\u0144 . Chcia\u0142em si\u0119 dowiedzie\u0107 kto kupi\u0142 nasze, polskie  radio. Ulica m\u00f3wi, \u017ce &#8230;Latynosi. BRAWO!!! Brawo Polacy, wspierajmy  si\u0119.<\/span><br \/>\n<span style=\"font-size: 10pt; font-family: Verdana; color: #000000; background-color: transparent; font-weight: normal; font-style: normal; text-decoration: none; vertical-align: baseline\">Czy  w\u0142a\u015bciciel radia, pono\u0107 milioner, pono\u0107 wielki patriota nie m\u00f3g\u0142  uprzedzi\u0107 s\u0142uchaczy, o swoich zamiarach? A mo\u017ce znale\u017aliby si\u0119  \u00a0polonijni biznesmani, kt\u00f3rzy chcieliby za\u0142o\u017cy\u0107 korporacj\u0119 i kupi\u0107 to  radio za podobne pieni\u0105dze? Dwoma \u0142y\u017ckami nie da si\u0119 je\u015b\u0107. Czy musia\u0142o  i\u015b\u0107 do obcych? Czy jego wierni i oddani pracownicy musz\u0105 si\u0119 czu\u0107, jak  skopane kundle, pozostaj\u0105c z dnia, na dzie\u0144 bez \u015brodk\u00f3w do \u017cycia? Czy  jego wierni s\u0142uchacze musz\u0105 si\u0119 teraz czu\u0107, jak sponiewierani, a  reklamodawcy oszukani?<\/span><br \/>\n<span style=\"font-size: 10pt; font-family: Verdana; color: #000000; background-color: transparent; font-weight: normal; font-style: normal; text-decoration: none; vertical-align: baseline\">W ci\u0105gu dw\u00f3ch lat dokona\u0142o si\u0119 kilka spraw, kt\u00f3re \u015bwiadcz\u0105 o powolnym umieraniu Polonii w Nowojorskiej metropolii:<\/span><br \/>\n<span style=\"font-size: 10pt; font-family: Verdana; color: #000000; background-color: transparent; font-weight: normal; font-style: normal; text-decoration: none; vertical-align: baseline\">-Upadek  Radia Rytm (pracownicy oskar\u017caj\u0105 menadzera, menadzer oskarza  pracownikow). nikt sie nie dowie prawdy. Byly jeszcze inne informacje w  prasie o jakiejs agenturze&#8230; wlasciciela.<\/span><br \/>\n<span style=\"font-size: 10pt; font-family: Verdana; color: #000000; background-color: transparent; font-weight: normal; font-style: normal; text-decoration: none; vertical-align: baseline\">-Sprzeda\u017c Nowego Dziennika &#8211; nikt nie wie, jak to b\u0119dzie dalej&#8230;Nie wnikam, kto straci\u0142, kto i ile zarobi\u0142.<\/span><br \/>\n<span style=\"font-size: 10pt; font-family: Verdana; color: #000000; background-color: transparent; font-weight: normal; font-style: normal; text-decoration: none; vertical-align: baseline\">-Zamkni\u0119cie Polskiego Centrum Kultury w Passaic, NJ -nikt nie wie, co dalej.<\/span><br \/>\n<span style=\"font-size: 10pt; font-family: Verdana; color: #000000; background-color: transparent; font-weight: normal; font-style: normal; text-decoration: none; vertical-align: baseline\">-Sprzeda\u017c Polskiego Radia 910&#8230;Latynosom.<\/span><br \/>\n<span style=\"font-size: 10pt; font-family: Verdana; color: #000000; background-color: transparent; font-weight: normal; font-style: normal; text-decoration: none; vertical-align: baseline\">Pogratulowa\u0107.  Ale czy tylko w\u0142a\u015bciciele s\u0105 winni? Nie. Winni jeste\u015bmy te\u017c i my  wszyscy. Przypomnijmy, jak to by\u0142o z za\u0142o\u017conym przez Jerzego Bekkera  \u201cNaszym Radiem\u201d?<\/span><br \/>\n<span style=\"font-size: 10pt; font-family: Verdana; color: #000000; background-color: transparent; font-weight: normal; font-style: normal; text-decoration: none; vertical-align: baseline\">Najpierw jako\u015b tam p\u0142acili\u015bmy po te 20 dolar\u00f3w miesi\u0119cznie. Potem zjawi\u0142 si\u0119 cwaniak na Long Island, kt\u00f3ry zacz\u0105\u0142 produkowa\u0107 <\/span><span style=\"font-size: 10pt; font-family: Verdana; color: #000000; background-color: transparent; font-weight: normal; font-style: italic; text-decoration: none; vertical-align: baseline\">cheapy <\/span><span style=\"font-size: 10pt; font-family: Verdana; color: #000000; background-color: transparent; font-weight: normal; font-style: normal; text-decoration: none; vertical-align: baseline\">do  s\u0142uchania w zwyk\u0142ych radioodbiornikach, wi\u0119c ju\u017c nie trzeba by\u0142o  kupowa\u0107 odbiornika, a s\u0142ucha\u0107 mo\u017cna by\u0142o oczywi\u015bcie za darmo, (ale on  bra\u0142 pieni\u0105dze za ten produkt, za\u015b wycwanieni, podli, mali ludzie za to  p\u0142acili). Z d\u0142ug\u00f3w wykupi\u0142 to radio W\u0142och, przesympatyczny i nikogo nie  wyrzuci\u0142; to nadal by\u0142o polskie radio, &#8211; \u201cNasze Radio\u201d, a\u017c na koniec  zjawi\u0142o si\u0119 w redakcji dw\u00f3ch cwaniak\u00f3w, kt\u00f3rzy intrygami, podchodami i  oczernianiem zacnych dziennikarzy przed w\u0142oskim szefem doprowadzili do  tego, \u017ce szanuj\u0105cy si\u0119 dziennikarze po prostu odeszli, maj\u0105c do\u015b\u0107  prymitywnych zagra\u0144 pseudodziennikarskiej pary intrygant\u00f3w, a do tego  dosz\u0142o jeszcze oszuka\u0144stwo s\u0142uchaczy, kt\u00f3rzy nie p\u0142acili op\u0142at  miesi\u0119cznych. Ci dwaj te\u017c zreszt\u0105 wylecieli, bo ug\u0142upia\u0142y W\u0142och nagle  dostrzeg\u0142, \u017ce nie ma kim tego radia prowadzi\u0107. Koniec radia&#8230;\u201dNaszego  Radia\u201d.<\/span><br \/>\n<span style=\"font-size: 10pt; font-family: Verdana; color: #000000; background-color: transparent; font-weight: normal; font-style: normal; text-decoration: none; vertical-align: baseline\">Kolejnym  powodem jest brak wsparcia ze strony biznes\u00f3w, kt\u00f3re nie chc\u0105 si\u0119 za  bardzo reklamowa\u0107. Biznesy polonijne, to swego rodzaju monopol. S\u0105 i  wychodz\u0105 z za\u0142o\u017cenia, \u017ce i tak jako\u015b im p\u00f3jdzie, bo ludzie b\u0119d\u0105 kupowa\u0107  te bu\u0142ki, te kie\u0142basy, te bilety do Polski itp. Tych, kt\u00f3rzy rozumiej\u0105  potrzeb\u0119 istnienia w reklamie jest zastraszaj\u0105co ma\u0142o. A media utrzymuj\u0105  si\u0119 g\u0142\u00f3wnie z reklam i na to nie ma rady.<\/span><br \/>\n<span style=\"font-size: 10pt; font-family: Verdana; color: #000000; background-color: transparent; font-weight: normal; font-style: normal; text-decoration: none; vertical-align: baseline\">To,  co jeszcze zosta\u0142o te\u017c jest, jakby na czarnej li\u015bcie. Ot, US Polsat,  kt\u00f3ry dzi\u0119ki staraniom Centrum Polsko-S\u0142owia\u0144skiego stworzy\u0142 nowoczesne  studio telewizyjne jest od ponad p\u00f3\u0142 roku bez reklam Polsko-S\u0142owia\u0144skiej  Federalnej Unii Kredytowej. Nasza Unia skierowa\u0142a oczy i uczucia w  stron\u0119 Chicago. Pojawi\u0142a si\u0119 jaka\u015b dziwna doktryna <\/span><span style=\"font-size: 10pt; font-family: Verdana; color: #000000; background-color: transparent; font-weight: normal; font-style: italic; text-decoration: none; vertical-align: baseline\">poprawno\u015bci i niepoprawno\u015bci politycznej,<\/span><span style=\"font-size: 10pt; font-family: Verdana; color: #000000; background-color: transparent; font-weight: normal; font-style: normal; text-decoration: none; vertical-align: baseline\">  feruj\u0105ca wyrok, \u017ce dawanie reklam w US Polsat jest \u201cpolitycznie  niepoprawne\u201d. Nikt nigdy nie zapyta\u0142, jak\u0105 poczytno\u015b\u0107 ma Nowy Dziennik,  Super Express, czy Kurier. Nie mam nic przeciwko tym mediom, \u00a0to s\u0105  polsko-j\u0119zyczne media i powinny istnie\u0107, a twierdzenie, \u017ce telewizji <\/span><span style=\"font-size: 10pt; font-family: Verdana; color: #000000; background-color: transparent; font-weight: bold; font-style: normal; text-decoration: none; vertical-align: baseline\">nikt nie ogl\u0105da<\/span><span style=\"font-size: 10pt; font-family: Verdana; color: #000000; background-color: transparent; font-weight: normal; font-style: normal; text-decoration: none; vertical-align: baseline\">,  bo nadaje o 23-iej wieczorem, to przegi\u0119cie informacyjne widoczne go\u0142ym  okiem. Tymczasem telewizja w Chicago, w kt\u00f3rej si\u0119 reklamujemy nadaje w  tzw. \u201clow power\u201d, czyli \u015bci\u015ble regionalnie. Mo\u017cna to zobrazowa\u0107 tak,  \u017ce, gdyby US Polsat nadawa\u0142 w low power, to byloby to np. wy\u0142\u0105cznie na  Greenpoint. A bud\u017cet tak, czy tak zawiera koszty reklamy telewizyjnej w  Nowym Jorku. To dlaczego si\u0119 tego bud\u017cetu nie realizuje? Przecie\u017c to nie  s\u0105 prywatne pieni\u0105dze. O ile pami\u0119tam naszym celem by\u0142o wspomaganie  polonijnych medi\u00f3w.<\/span><br \/>\n<span style=\"font-size: 10pt; font-family: Verdana; color: #000000; background-color: transparent; font-weight: normal; font-style: normal; text-decoration: none; vertical-align: baseline\">Wi\u0119c  o co chodzi? \u017beby i ta telewizja pad\u0142a? \u017beby i te p\u00f3\u0142 godziny dziennie  by\u0142o zabrane Polonii? Ju\u017c raz mieli\u015bmy sytuacj\u0119, w kt\u00f3rej zagro\u017cona  zosta\u0142a dzia\u0142alno\u015b\u0107 Centrum. Teraz rzuca si\u0119 k\u0142amliwe oskar\u017cenia, \u017ce  Centrum si\u0119 nie rozlicza. Ale nie pyta si\u0119 innych sponsor\u00f3w. A ja  stawiam spraw\u0119 inaczej. Powinno si\u0119 Centrum rozlicza\u0107 z aktywno\u015bci, z  ilo\u015bci wniosk\u00f3w o granty i sum uzyskanych w ten spos\u00f3b, bo sporo  pieni\u0119dzy le\u017cy \u201cna ulicy\u201d. Rozlicza\u0107 z ilo\u015bci program\u00f3w i ich  realizacji. A poza wszystkim formy rozliczeniowe CPS s\u0105 na Internecie,  je\u015bli kto\u015b znajdzie tam przekr\u0119ty, niech po prostu z\u0142o\u017cy doniesienie o  podejrzeniu pope\u0142nienia przest\u0119pstwa. I tyle.<\/span><br \/>\n<span style=\"font-size: 10pt; font-family: Verdana; color: #000000; background-color: transparent; font-weight: normal; font-style: normal; text-decoration: none; vertical-align: baseline\">Je\u015bli  skojarzymy informacje ze strony internetowej Nowego Dziennika (dzisiaj,  31 maja, 2011), to trudno oprze\u0107 si\u0119 wra\u017ceniu, \u017ce jest jaki\u015b plan.  Nag\u0142a sprzeda\u017c stacji w Pomonie, to policzek dla Polonii, a wystawianie  Gwiazdy Polarnej, Dziennika Zwi\u0105zkowego, czy wreszcie rozgo\u015bni WPNA  1490, to w\u0142a\u015bnie wygl\u0105da na jaki\u015b plan.<\/span><br \/>\n<span style=\"font-size: 10pt; font-family: Verdana; color: #000000; background-color: transparent; font-weight: normal; font-style: normal; text-decoration: none; vertical-align: baseline\">PNA,  czyli Polish National Alliance, po polsku Zwi\u0105zek Narodowy Polski,  w\u0142a\u015bciciel rozg\u0142o\u015bni WPNA 1490, to jedna z najbogatszych instytucji  polonijnych, taki polonijny MetLife, tylko, \u017ce je\u017celi szef tego zwi\u0105zku  jest jednocze\u015bnie szefem Kongresu Polonii Ameryka\u0144skiej, ma pod sob\u0105  radio, to nie dziwmy si\u0119, \u017ce co\u015b mu po drodze nie wychodzi. Za du\u017co tych  prezes\u00f3w z podw\u00f3jnymi i potr\u00f3jnymi funkcjami, a dzia\u0142alno\u015bci niewiele.  Upadek. Czy kto\u015b si\u0119 poczuje odpowiedzialny, albo wsp\u00f3\u0142odpowiedzialny?  Id\u0119 o zak\u0142ad, \u017ce taki si\u0119 nie zg\u0142osi. A najtragiczniejsze \u00a0jest to, \u017ce  zaczyna mi si\u0119 to jednak sk\u0142ada\u0107 w jaki\u015b dziwny plan unicestwienia tego,  co Polonia budowa\u0142a przez wiele, wiele lat.<\/span><br \/>\n<span style=\"font-size: 10pt; font-family: Verdana; color: #000000; background-color: transparent; font-weight: normal; font-style: normal; text-decoration: none; vertical-align: baseline\">Ale  mo\u017ce w tym uk\u0142adzie znalaz\u0142oby si\u0119 kilku polonijnych biznesmen\u00f3w  ch\u0119tnych do stworzenia korporacji medialnej? Radio to akurat wcale nie  taka zn\u00f3w droga inwestycja, a prowadzona przez ludzi z g\u0142ow\u0105 mo\u017ce sta\u0107  si\u0119 wielce znacz\u0105cym ogniwem \u0142\u0105cz\u0105cym Poloni\u0119, daj\u0105cej jej polsko\u015b\u0107;  kultur\u0119, nauk\u0119, obyczaje, obrz\u0119dy, tradycj\u0119, polityk\u0119, religi\u0119.<\/span><br \/>\n<span style=\"font-size: 10pt; font-family: Verdana; color: #000000; background-color: transparent; font-weight: normal; font-style: normal; text-decoration: none; vertical-align: baseline\">Zesp\u00f3\u0142 \u015bwietnych radiowc\u00f3w jest do dyspozycji. Sprz\u0119t wcale nie jest taki drogi, a mo\u017cliwo\u015bci negocjacji bardzo szerokie.<\/span><br \/>\n<span style=\"font-size: 10pt; font-family: Verdana; color: #000000; background-color: transparent; font-weight: normal; font-style: normal; text-decoration: none; vertical-align: baseline\">Czas najwy\u017cszy, aby Polonia nowojorska uwierzy\u0142a, \u017ce sta\u0107 j\u0105 na wspania\u0142e projekty, czego \u017cycz\u0119 jej z ca\u0142ego serca.<\/span><span style=\"font-size: 10pt; font-family: Verdana; color: #000000; background-color: transparent; font-weight: normal; font-style: normal; text-decoration: none; vertical-align: baseline\"><\/span><\/p>\n","protected":false},"excerpt":{"rendered":"<p>Nie pierwszy raz alarmuj\u0119, \u017ce w nowojorskiej Polonii dzieje si\u0119 \u017ale. Ale to jest g\u0142os wo\u0142aj\u0105cego na bezludziu, albo rzucanie grochem w \u015bcian\u0119. Czy sprzeda\u017c Nowego Dziennika wyjdzie tej gazecie na dobre poka\u017ce czas. Czy wyjdzie na dobre polonijnej spo\u0142eczno\u015bci&#8230;?<\/p>\n","protected":false},"author":2,"featured_media":0,"comment_status":"open","ping_status":"open","sticky":false,"template":"","format":"standard","meta":[],"categories":[3],"tags":[],"_links":{"self":[{"href":"https:\/\/sporek.com\/blog\/index.php?rest_route=\/wp\/v2\/posts\/290"}],"collection":[{"href":"https:\/\/sporek.com\/blog\/index.php?rest_route=\/wp\/v2\/posts"}],"about":[{"href":"https:\/\/sporek.com\/blog\/index.php?rest_route=\/wp\/v2\/types\/post"}],"author":[{"embeddable":true,"href":"https:\/\/sporek.com\/blog\/index.php?rest_route=\/wp\/v2\/users\/2"}],"replies":[{"embeddable":true,"href":"https:\/\/sporek.com\/blog\/index.php?rest_route=%2Fwp%2Fv2%2Fcomments&post=290"}],"version-history":[{"count":0,"href":"https:\/\/sporek.com\/blog\/index.php?rest_route=\/wp\/v2\/posts\/290\/revisions"}],"wp:attachment":[{"href":"https:\/\/sporek.com\/blog\/index.php?rest_route=%2Fwp%2Fv2%2Fmedia&parent=290"}],"wp:term":[{"taxonomy":"category","embeddable":true,"href":"https:\/\/sporek.com\/blog\/index.php?rest_route=%2Fwp%2Fv2%2Fcategories&post=290"},{"taxonomy":"post_tag","embeddable":true,"href":"https:\/\/sporek.com\/blog\/index.php?rest_route=%2Fwp%2Fv2%2Ftags&post=290"}],"curies":[{"name":"wp","href":"https:\/\/api.w.org\/{rel}","templated":true}]}}