{"id":291,"date":"2011-06-13T17:28:18","date_gmt":"2011-06-13T21:28:18","guid":{"rendered":"http:\/\/sporek.com\/blog\/?p=291"},"modified":"2011-06-13T22:27:36","modified_gmt":"2011-06-14T02:27:36","slug":"dumna-historia-polski","status":"publish","type":"post","link":"https:\/\/sporek.com\/blog\/?p=291","title":{"rendered":"Dumna historia Polski"},"content":{"rendered":"<p><span style=\"font-size: 11pt; font-family: Arial; color: #000000; background-color: transparent; font-weight: normal; font-style: normal; text-decoration: none; vertical-align: baseline\" id=\"internal-source-marker_0.27084875014498333\"><\/span><span style=\"font-size: 10pt; font-family: Verdana; color: #000000; background-color: transparent; font-weight: normal; font-style: normal; text-decoration: none; vertical-align: baseline\">\u201cCzy\u017c s\u0105 dzieje pi\u0119kniejsze, ni\u017c Twoje?\u201d &#8211; <\/span><span style=\"font-size: 10pt; font-family: Verdana; color: #000000; background-color: transparent; font-weight: bold; font-style: italic; text-decoration: none; vertical-align: baseline\">pisa\u0142 Jan Lecho\u0144<\/span><!--more--><span style=\"font-size: 10pt; font-family: Verdana; color: #000000; background-color: transparent; font-weight: normal; font-style: normal; text-decoration: none; vertical-align: baseline\">\u201cDwa  \u00a0narody\u00a0\u00a0\u00a0 spo\u015br\u00f3d wszystkich od czterech wiek\u00f3w odgrywa\u0142y  bezinteresown\u0105 rol\u0119 w kulturze Europy &#8211; te narody, to Francja i Polska.  Zapami\u0119tajcie to panowie! Francja rozpowszechnia\u0142a idee, a Polska sta\u0142a  na stra\u017cy obrony granic. Nar\u00f3d francuski by\u0142 misjonarzem kultury w  Europie, a nar\u00f3d polski by\u0142 jej rycerzem\u201d.<\/span><span style=\"font-size: 10pt; font-family: Verdana; color: #000000; background-color: transparent; font-weight: normal; font-style: italic; text-decoration: none; vertical-align: baseline\"> <strong>Oznajmi\u0142, w 1846 roku autor \u201cN\u0119dznik\u00f3w\u201d Victor Hugo.<\/strong><\/span><br \/>\n<span style=\"font-size: 10pt; font-family: Verdana; color: #000000; background-color: transparent; font-weight: normal; font-style: italic; text-decoration: none; vertical-align: baseline\"><\/span><br \/>\n<span style=\"font-size: 10pt; font-family: Verdana; color: #000000; background-color: transparent; font-weight: normal; font-style: normal; text-decoration: none; vertical-align: baseline\">\u201cPolska  usadowi\u0142a si\u0119 na przycz\u00f3\u0142ku Europy, uratowa\u0142a ludzko\u015b\u0107. Podczas, gdy  pr\u00f3\u017cniacza Europa gada\u0142a (&#8230;), zatraci\u0142a si\u0119 w drobiazgach, ci  bohaterscy stra\u017cnicy chronili j\u0105 swymi lancami. Aby kobiety Francji i  Niemiec mog\u0142y spokojnie prz\u0105\u015b\u0107 swe fata\u0142aszki.<\/span><br \/>\n<span style=\"font-size: 10pt; font-family: Verdana; color: #000000; background-color: transparent; font-weight: bold; font-style: italic; text-decoration: none; vertical-align: baseline\">XIX-wieczny historyk francuski Louis Michelet, w ksi\u0105\u017cce \u201cLa Pologne martyre\u201d &#8211; M\u0119cze\u0144ska Polska.<\/span><br \/>\n<span style=\"font-size: 10pt; font-family: Verdana; color: #000000; background-color: transparent; font-weight: normal; font-style: normal; text-decoration: none; vertical-align: baseline\"><\/span><br \/>\n<span style=\"font-size: 10pt; font-family: Verdana; color: #000000; background-color: transparent; font-weight: bold; font-style: italic; text-decoration: none; vertical-align: baseline\">Ten sam historyk w \u201cLa vie de Ko\u015bciuszko\u201d &#8211; (\u017bycie Ko\u015bciuszki):<\/span><br \/>\n<span style=\"font-size: 10pt; font-family: Verdana; color: #000000; background-color: transparent; font-weight: normal; font-style: normal; text-decoration: none; vertical-align: baseline\">\u201cLud  rycerzy, co przelewem krwi swojej tylekro\u0107 przeciw Tatarom, tylekro\u0107  przeciw Turkom broni\u0142 nas wszystkich&#8230; ten lud nie znalaz\u0142 nikogo, co by  mu stan\u0105\u0142 w obronie w ostatniej jego godzinie\u201d<\/span><br \/>\n<span style=\"font-size: 10pt; font-family: Verdana; color: #000000; background-color: transparent; font-weight: normal; font-style: normal; text-decoration: none; vertical-align: baseline\"><\/span><br \/>\n<span style=\"font-size: 10pt; font-family: Verdana; color: #000000; background-color: transparent; font-weight: bold; font-style: italic; text-decoration: none; vertical-align: baseline\">Ameryka\u0144ski pisarz Louis E. Van Norman w ksi\u0105\u017cce \u201cPolska, jako rycerz w\u015br\u00f3d narod\u00f3w\u201d, wydanej w 1907 roku:<\/span><br \/>\n<span style=\"font-size: 10pt; font-family: Verdana; color: #000000; background-color: transparent; font-weight: normal; font-style: normal; text-decoration: none; vertical-align: baseline\">\u201cPolska by\u0142a stra\u017cniczk\u0105 wschodnich wr\u00f3t Europy (&#8230;) Za obron\u0119 Europy przed zalewem poga\u0144skim i barbarzy\u0144c\u00f3w<\/span><span style=\"font-size: 11pt; font-family: Arial; color: #000000; background-color: transparent; font-weight: normal; font-style: normal; text-decoration: none; vertical-align: baseline\">  Wschodu Polska nie \u017c\u0105da\u0142a ani kontrybucji pod postaci\u0105 wojsk, ani  pieni\u0119dzy. Nie pragn\u0119\u0142a wdzi\u0119czno\u015bci. (&#8230;) Post\u0119powanie wzgl\u0119dem niej  Europy jest wobec tego jedn\u0105 ze zbrodni historycznych. (&#8230;) Wnios\u0142a  rycersko\u015b<\/span><span style=\"font-size: 10pt; font-family: Verdana; color: #000000; background-color: transparent; font-weight: normal; font-style: normal; text-decoration: none; vertical-align: baseline\">\u0107  i galanteri\u0119 w czasie wojny, nieznan\u0105 w \u015bwiecie ca\u0142ym; idealizm i  subtelne poj\u0119cie podstaw ludzkiego serca i z jego wszystkimi czynami i  pragnieniami (&#8230;) nie znaj\u0105ca granic go\u015bcinno\u015bci i uprzejmo\u015bci (&#8230;)  wszystko to Polacy zachowali do dzi\u015b dnia i w takich rozmiarach, jak za  czas\u00f3w bohater\u00f3w Sienkiewicza.\u201d<\/span><br \/>\n<span style=\"font-size: 10pt; font-family: Verdana; color: #000000; background-color: transparent; font-weight: normal; font-style: normal; text-decoration: none; vertical-align: baseline\"><\/span><br \/>\n<span style=\"font-size: 10pt; font-family: Verdana; color: #000000; background-color: transparent; font-weight: bold; font-style: italic; text-decoration: none; vertical-align: baseline\">Robert Howard Lord -ameryka\u0144ski badacz dziej\u00f3w Polski:<\/span><span style=\"font-size: 10pt; font-family: Verdana; color: #000000; background-color: transparent; font-weight: bold; font-style: normal; text-decoration: none; vertical-align: baseline\"><\/span><br \/>\n<span style=\"font-size: 11pt; font-family: Arial; color: #000000; background-color: transparent; font-weight: normal; font-style: normal; text-decoration: none; vertical-align: baseline\">\u201cW szesnastym i siedemnastym wieku republika ta by\u0142a najswobodniejszym pa\u0144stwem w Europie, pa\u0144stwem, w kt\u00f3rym przewa\u017ca\u0142a wolno\u015b<\/span><span style=\"font-size: 10pt; font-family: Verdana; color: #000000; background-color: transparent; font-weight: normal; font-style: normal; text-decoration: none; vertical-align: baseline\">\u0107 konstytucyjna, obywatelska i umys\u0142owa.\u201d<\/span><br \/>\n<span style=\"font-size: 10pt; font-family: Verdana; color: #000000; background-color: transparent; font-weight: normal; font-style: normal; text-decoration: none; vertical-align: baseline\">\u201cWielki  zapa\u0142 dla swob\u00f3d w ka\u017cdej ga\u0142\u0119zi \u017cycia; zasada w\u0142adztwa narodu,  przyzywaj\u0105ca wszystkich obywateli do uczestnictwa w odpowiedzialno\u015bci  rz\u0105du, poj\u0119cia pa\u0144stwa, nie rzeczy samej w sobie, ale jako narz\u0119dzia  s\u0142u\u017c\u0105cego dobru spo\u0142ecznemu; (&#8230;)<\/span><span style=\"font-size: 11pt; font-family: Arial; color: #000000; background-color: transparent; font-weight: normal; font-style: normal; text-decoration: none; vertical-align: baseline\"> Wstr\u0119t do monarchii absolutnej, sta\u0142ej armii i militaryzmu, niech\u0119<\/span><span style=\"font-size: 10pt; font-family: Verdana; color: #000000; background-color: transparent; font-weight: normal; font-style: normal; text-decoration: none; vertical-align: baseline\">\u0107  do wszczynania wojen napastniczych, natomiast wybitna d\u0105\u017cno\u015b\u0107 do  stwarzania dobrowolnych unii z ludami s\u0105siednimi -oto niekt\u00f3re z  uderzaj\u0105cych cech dawnego pa\u0144stwa polskiego, co je stawia, jako  jednostk\u0119 arcywyj\u0105tkow\u0105 mi\u0119dzy rabu\u015bniczymi i \u017co\u0142dackimi monarchiami  owych wiek\u00f3w\u201d. (&#8230;)<\/span><br \/>\n<span style=\"font-size: 10pt; font-family: Verdana; color: #000000; background-color: transparent; font-weight: normal; font-style: normal; text-decoration: none; vertical-align: baseline\"><\/span><br \/>\n<span style=\"font-size: 10pt; font-family: Verdana; color: #000000; background-color: transparent; font-weight: bold; font-style: normal; text-decoration: none; vertical-align: baseline\">James Michener, autor 800 stronicowego bestselleru o Polsce i Polakach:<\/span><br \/>\n<span style=\"font-size: 11pt; font-family: Arial; color: #000000; background-color: transparent; font-weight: normal; font-style: normal; text-decoration: none; vertical-align: baseline\">\u201cNieszcz\u0119\u015bciem  tego narodu by\u0142o utrzymywanie swych relatywnyczh swob\u00f3d dok\u0142adnie w tym  samym czasie, gdy trzej s\u0105siedzi Polski umacniali najpot\u0119\u017cniejsze rz\u0105dy  arystokratyczne, jakie Europa zazna\u0142a przez stulecia.\u201d<\/span><br \/>\n<span style=\"font-size: 11pt; font-family: Arial; color: #000000; background-color: transparent; font-weight: normal; font-style: normal; text-decoration: none; vertical-align: baseline\"><\/span><br \/>\n<span style=\"font-size: 11pt; font-family: Arial; color: #000000; background-color: transparent; font-weight: bold; font-style: normal; text-decoration: none; vertical-align: baseline\">Sante Graciotti &#8211; Dyrektor Instytutu Filologii S\u0142owia\u0144skiej na Uniwersytevie Rzymskim:<\/span><br \/>\n<span style=\"font-size: 11pt; font-family: Arial; color: #000000; background-color: transparent; font-weight: normal; font-style: normal; text-decoration: none; vertical-align: baseline\">Wraz z up\u0142ywem czasu rozumia\u0142em coraz lepiej (&#8230;), tak\u017ce to, co tkwi g\u0142\u0119boko w ludzkiej psychice, np. zdolno\u015b<\/span><span style=\"font-size: 10pt; font-family: Verdana; color: #000000; background-color: transparent; font-weight: normal; font-style: normal; text-decoration: none; vertical-align: baseline\">\u0107 Polak\u00f3w do po\u015bwi\u0119ce\u0144 &#8211; a\u017c do poniesienia najwy\u017cszej ofiary \u017cycia (&#8230;)<\/span><br \/>\n<span style=\"font-size: 10pt; font-family: Verdana; color: #000000; background-color: transparent; font-weight: normal; font-style: normal; text-decoration: none; vertical-align: baseline\">Tutaj  istnieje patriotyzm polski, w kt\u00f3rym \u017cyj\u0105 jednak pewne warto\u015bci  uniwersalne psychiki ludzkiej i kultury europejskiej. Ten patriotyzm  wolno\u015bciowy jest w rzeczywisto\u015bci uciele\u015bnieniem najpi\u0119kniejszych  aspekt\u00f3w kultury europejskiej.\u201d<\/span><br \/>\n<span style=\"font-size: 10pt; font-family: Verdana; color: #000000; background-color: transparent; font-weight: normal; font-style: normal; text-decoration: none; vertical-align: baseline\"><\/span><br \/>\n<span style=\"font-size: 10pt; font-family: Verdana; color: #000000; background-color: transparent; font-weight: bold; font-style: normal; text-decoration: none; vertical-align: baseline\">Georg Brandes -jeden z najs\u0142ynniejszych historyk\u00f3w literatury w XIX wieku:<\/span><span style=\"font-size: 11pt; font-family: Arial; color: #000000; background-color: transparent; font-weight: normal; font-style: normal; text-decoration: none; vertical-align: baseline\"><\/span><br \/>\n<span style=\"font-size: 11pt; font-family: Arial; color: #000000; background-color: transparent; font-weight: normal; font-style: normal; text-decoration: none; vertical-align: baseline\">&#8222;Nar\u00f3d polski ca\u0142y rozp\u0142yn\u0105\u0142 si\u0119 w swej sprawie narodowej, a ta sprawa to<\/span><span style=\"font-size: 10pt; font-family: Verdana; color: #000000; background-color: transparent; font-weight: normal; font-style: normal; text-decoration: none; vertical-align: baseline\">\u0107  przecie nic innego, jak sprawa og\u00f3lnoludzka &#8211; sprawa ludzko\u015bci. (..)  dlatego Polsk\u0119 mi\u0142uje si\u0119 nie tak, jak si\u0119 kocha Niemcy lub Francj\u0119, czy  Angli\u0119, lecz si\u0119 j\u0105 kocha tak, jak si\u0119 wolno\u015b\u0107 kocha. Bo kocha\u0107 Polsk\u0119  wszak znaczy kocha\u0107 wolno\u015b\u0107, mie\u0107 sympati\u0119 g\u0142\u0119bok\u0105 dla nieszcz\u0119\u015bcia,  podziwia\u0107 odwag\u0119 i zapa\u0142 wojenny. Polska jest symbolem, symbolem  wszystkiego, so najszlachetniejsi w ludzko\u015bci umi\u0142owali i za co  walczyli. Wsz\u0119dzie, kto w Europie o wolno\u015b\u0107 walczy, ten i za Polsk\u0119  walczy.\u201d<\/span><br \/>\n<span style=\"font-size: 10pt; font-family: Verdana; color: #000000; background-color: transparent; font-weight: normal; font-style: normal; text-decoration: none; vertical-align: baseline\"><\/span><br \/>\n<span style=\"font-size: 10pt; font-family: Verdana; color: #000000; background-color: transparent; font-weight: bold; font-style: normal; text-decoration: none; vertical-align: baseline\" id=\"internal-source-marker_0.27084875014498333\">\u201cGdziekolwiek nas wyrok cara zawlecze<\/span><br \/>\n<span style=\"font-size: 10pt; font-family: Verdana; color: #000000; background-color: transparent; font-weight: bold; font-style: normal; text-decoration: none; vertical-align: baseline\">Oszukamy jego dum\u0119,<\/span><br \/>\n<span style=\"font-size: 10pt; font-family: Verdana; color: #000000; background-color: transparent; font-weight: bold; font-style: normal; text-decoration: none; vertical-align: baseline\">Poniesiemy wsz\u0119dzie prawa cz\u0142owiecze,<\/span><br \/>\n<span style=\"font-size: 10pt; font-family: Verdana; color: #000000; background-color: transparent; font-weight: bold; font-style: normal; text-decoration: none; vertical-align: baseline\">Poniesiemy wolno\u015bci d\u017cum\u0119.\u201d<\/span><br \/>\n<span style=\"font-size: 10pt; font-family: Verdana; color: #000000; background-color: transparent; font-weight: normal; font-style: normal; text-decoration: none; vertical-align: baseline\"><\/span><br \/>\n<span style=\"font-size: 11pt; font-family: Arial; color: #000000; background-color: transparent; font-weight: bold; font-style: normal; text-decoration: none; vertical-align: baseline\">Aleksander \u015awi\u0119tochowski &#8211; czo\u0142owy publicysta pozytywistyczny:<\/span><br \/>\n<span style=\"font-size: 11pt; font-family: Arial; color: #000000; background-color: transparent; font-weight: normal; font-style: normal; text-decoration: none; vertical-align: baseline\">\u201cCzy wielu jest takich, kt\u00f3rzy by si\u0119 odwa\u017cyli stwierdzi<\/span><span style=\"font-size: 10pt; font-family: Verdana; color: #000000; background-color: transparent; font-weight: normal; font-style: normal; text-decoration: none; vertical-align: baseline\">\u0107,  \u017ce Polacy utraciwszy niepodleg\u0142o\u015b\u0107, zdobyliby sobie szcz\u0119\u015bliw\u0105 dol\u0119,  gdyby ulegle pozwolili, jak dr\u00f3b trzyma\u0107 si\u0119 w kojcach i zarzyna\u0107 (&#8230;)  By\u0107 mo\u017ce, i\u017c bez rewolucji roku 1830 i 1963 nar\u00f3d nasz doskonale by si\u0119  utuczy\u0142 i wa\u017cy\u0142by du\u017co, ale prwawdopodobnie by\u0142by dzi\u015b tylko spasionym  wieprzem. Sta\u0144czycy i ich krewniacy polityczni maj\u0105 zupe\u0142n\u0105 s\u0142uszno\u015b\u0107  zarzucaj\u0105c nam, \u017ce <strong>ci\u0105gle burzymy chlew, kt\u00f3ry nam buduj\u0105 rz\u0105dy; czy  jednak \u017cyj\u0105c spokojnie w tym chlewie mo\u017cemy zachowa\u0107 nasz\u0105 istot\u0119?<\/strong> Po  rozbiorach Polacy mieli do wyboru dwie drogi: albo wynaturzy\u0107 si\u0119,  znikczemnie\u0107, pos\u0142u\u017cy\u0107 za karm\u0119 dla swych zaborc\u00f3w, albo nie bacz\u0105c na  wszystkie straty, pora\u017cki, ruiny, ratowa\u0107 swoje \u017cycie ci\u0105g\u0142ym buntem  przeciwko gwa\u0142tom.\u201d<\/span><br \/>\n<span style=\"font-size: 10pt; font-family: Verdana; color: #000000; background-color: transparent; font-weight: normal; font-style: normal; text-decoration: none; vertical-align: baseline\"><\/span><br \/>\n<span style=\"font-size: 10pt; font-family: Verdana; color: #000000; background-color: transparent; font-weight: bold; font-style: normal; text-decoration: none; vertical-align: baseline\">Roman Dmowski:<\/span><br \/>\n<span style=\"font-size: 10pt; font-family: Verdana; color: #000000; background-color: transparent; font-weight: normal; font-style: normal; text-decoration: none; vertical-align: baseline\">\u201cJestem  Polakiem &#8211; wi\u0119c mam obowi\u0105zki polskie: s\u0105 one tym wi\u0119ksze i tym silniej  si\u0119 do nich poczuwam, im wy\u017cszy przedstawiam typ cz\u0142owieka\u201d.<\/span><br \/>\n<span style=\"font-size: 10pt; font-family: Verdana; color: #000000; background-color: transparent; font-weight: normal; font-style: normal; text-decoration: none; vertical-align: baseline\"><\/span><br \/>\n<span style=\"font-size: 10pt; font-family: Verdana; color: #000000; background-color: transparent; font-weight: bold; font-style: normal; text-decoration: none; vertical-align: baseline\">Louis Faury &#8211; francuski genera\u0142 napisa\u0142 w 1928 r:<\/span><br \/>\n<span style=\"font-size: 10pt; font-family: Verdana; color: #000000; background-color: transparent; font-weight: normal; font-style: normal; text-decoration: none; vertical-align: baseline\">\u201cPrzed  dwustu laty Polska pod murami Wiednia uratowa\u0142a \u015bwiat chrze\u015bcija\u0144ski od  niebezpiecze\u0144stwa tureckiego; nad Wis\u0142\u0105 i Niemnem szlachetny ten nar\u00f3d  odda\u0142 ponownie \u015bwiatu cywilizowanemu zas\u0142ug\u0119, kt\u00f3r\u0105 niedo\u015b\u0107 oceniono. <\/span><span style=\"font-size: 10pt; font-family: Verdana; color: #000000; background-color: transparent; font-weight: normal; font-style: normal; text-decoration: none; vertical-align: baseline\">Z przedmurza chrze\u015bcija\u0144stwa, do przedmurza antytotalitaryzmu.&#8221;<\/span><br \/>\n<span style=\"font-size: 10pt; font-family: Verdana; color: #000000; background-color: transparent; font-weight: normal; font-style: normal; text-decoration: none; vertical-align: baseline\"><\/span><br \/>\n<span style=\"font-size: 10pt; font-family: Verdana; color: #000000; background-color: transparent; font-weight: bold; font-style: normal; text-decoration: none; vertical-align: baseline\">Arthur Greenwood w wyst\u0105pieniu z 3 wrze\u015bnia 1939 roku powiedzia\u0142:<\/span><br \/>\n<span style=\"font-size: 10pt; font-family: Verdana; color: #000000; background-color: transparent; font-weight: normal; font-style: normal; text-decoration: none; vertical-align: baseline\">\u201cW  ci\u0105gu pi\u0119\u0107dziesi\u0119ciu czterech godzin Polska sta\u0142a na posterunku u wr\u00f3t  cywilizacji, broni\u0105c nas i wszystkich wolnych narod\u00f3w, broni\u0105c tego, o  co walczymy i co nam jest drogie. Sta\u0142a z niezr\u00f3wnan\u0105 odwag\u0105, z epickim  heroizmem, zanim jej wahaj\u0105cy si\u0119 przyjaciele postanowili przyj\u015b\u0107 jej z  pomoc\u0105.\u201d<\/span><br \/>\n<span style=\"font-size: 11pt; font-family: Arial; color: #000000; background-color: transparent; font-weight: normal; font-style: normal; text-decoration: none; vertical-align: baseline\"><\/span><br \/>\n<span style=\"font-size: 11pt; font-family: Arial; color: #000000; background-color: transparent; font-weight: normal; font-style: normal; text-decoration: none; vertical-align: baseline\"><\/span><br \/>\n<span style=\"font-size: 11pt; font-family: Arial; color: #000000; background-color: transparent; font-weight: bold; font-style: normal; text-decoration: none; vertical-align: baseline\">Polska nie uleg\u0142a i nie pad\u0142a na kolana.<\/span><br \/>\n<span style=\"font-size: 11pt; font-family: Arial; color: #000000; background-color: transparent; font-weight: bold; font-style: normal; text-decoration: none; vertical-align: baseline\"><\/span><br \/>\n<span style=\"font-size: 11pt; font-family: Arial; color: #000000; background-color: transparent; font-weight: bold; font-style: normal; text-decoration: none; vertical-align: baseline\">Po  dekadzie stalinizmu, niszcz\u0105cych epokach Gomu\u0142ki, Gierka i PZPR, to  Polacy doprowadzili do najwi\u0119kszego ruchu demokratycznego w historii  \u015bwiata.<\/span><br \/>\n<span style=\"font-size: 11pt; font-family: Arial; color: #000000; background-color: transparent; font-weight: bold; font-style: normal; text-decoration: none; vertical-align: baseline\"><\/span><br \/>\n<span style=\"font-size: 11pt; font-family: Arial; color: #000000; background-color: transparent; font-weight: bold; font-style: normal; text-decoration: none; vertical-align: baseline\">\u017baden kraj nie uczyni\u0142 wi\u0119cej dla sprawy wolno\u015bci w Europie i nie zap\u0142aci\u0142 za to wy\u017cszej, ni\u017c Polska ceny.<\/span><\/p>\n<p><span style=\"font-size: 10pt; font-family: Verdana; color: #000000; background-color: transparent; font-weight: normal; font-style: normal; text-decoration: none; vertical-align: baseline\" id=\"internal-source-marker_0.27084875014498333\">O pami\u0119\u0107 takiej historii Polski walczy\u0142 \u015bp. Prezydent Lech Kaczy\u0144ski.<\/span><\/p>\n<p><span style=\"font-size: 11pt; font-family: Arial; color: #000000; background-color: transparent; font-weight: normal; font-style: normal; text-decoration: none; vertical-align: baseline\" id=\"internal-source-marker_0.27084875014498333\">A o co walczy obecny rz\u0105d?<\/span><\/p>\n","protected":false},"excerpt":{"rendered":"<p>\u201cCzy\u017c s\u0105 dzieje pi\u0119kniejsze, ni\u017c Twoje?\u201d &#8211; pisa\u0142 Jan Lecho\u0144<\/p>\n","protected":false},"author":2,"featured_media":0,"comment_status":"open","ping_status":"open","sticky":false,"template":"","format":"standard","meta":[],"categories":[1],"tags":[],"_links":{"self":[{"href":"https:\/\/sporek.com\/blog\/index.php?rest_route=\/wp\/v2\/posts\/291"}],"collection":[{"href":"https:\/\/sporek.com\/blog\/index.php?rest_route=\/wp\/v2\/posts"}],"about":[{"href":"https:\/\/sporek.com\/blog\/index.php?rest_route=\/wp\/v2\/types\/post"}],"author":[{"embeddable":true,"href":"https:\/\/sporek.com\/blog\/index.php?rest_route=\/wp\/v2\/users\/2"}],"replies":[{"embeddable":true,"href":"https:\/\/sporek.com\/blog\/index.php?rest_route=%2Fwp%2Fv2%2Fcomments&post=291"}],"version-history":[{"count":0,"href":"https:\/\/sporek.com\/blog\/index.php?rest_route=\/wp\/v2\/posts\/291\/revisions"}],"wp:attachment":[{"href":"https:\/\/sporek.com\/blog\/index.php?rest_route=%2Fwp%2Fv2%2Fmedia&parent=291"}],"wp:term":[{"taxonomy":"category","embeddable":true,"href":"https:\/\/sporek.com\/blog\/index.php?rest_route=%2Fwp%2Fv2%2Fcategories&post=291"},{"taxonomy":"post_tag","embeddable":true,"href":"https:\/\/sporek.com\/blog\/index.php?rest_route=%2Fwp%2Fv2%2Ftags&post=291"}],"curies":[{"name":"wp","href":"https:\/\/api.w.org\/{rel}","templated":true}]}}