{"id":292,"date":"2011-06-25T12:54:12","date_gmt":"2011-06-25T16:54:12","guid":{"rendered":"http:\/\/sporek.com\/blog\/?p=292"},"modified":"2011-06-25T15:32:53","modified_gmt":"2011-06-25T19:32:53","slug":"komu-sluzy-super-express","status":"publish","type":"post","link":"https:\/\/sporek.com\/blog\/?p=292","title":{"rendered":"Komu s\u0142u\u017cy Super Express?"},"content":{"rendered":"<p><span style=\"font-size: 11pt; font-family: Arial; color: #000000; background-color: transparent; font-weight: normal; font-style: normal; text-decoration: none; vertical-align: baseline\" id=\"internal-source-marker_0.7302683526362257\"><\/span><span style=\"font-size: 11pt; font-family: Arial; color: #000000; background-color: transparent; font-weight: normal; font-style: normal; text-decoration: none; vertical-align: baseline\">Pewnego razu, wielki filozof staro\u017cytnej Grecji, Sokrates spotka\u0142 swojego znajomego. <\/span><br \/>\n<span style=\"font-size: 11pt; font-family: Arial; color: #000000; background-color: transparent; font-weight: normal; font-style: normal; text-decoration: none; vertical-align: baseline\">-Sokratesie -zapyta\u0142 znajmomy &#8211; czy ty wiesz, co w\u0142a\u015bnie us\u0142ysza\u0142em o jednym z <\/span><span style=\"font-size: 11pt; font-family: Arial; color: #000000; background-color: transparent; font-weight: normal; font-style: normal; text-decoration: none; vertical-align: baseline\">twoich student\u00f3w? <\/span><br \/>\n<span style=\"font-size: 11pt; font-family: Arial; color: #000000; background-color: transparent; font-weight: normal; font-style: normal; text-decoration: none; vertical-align: baseline\">-Zaczekaj  chwil\u0119 &#8211; przerwa\u0142 mu Sokrates &#8211; zanim mi to powiesz chcia\u0142bym, aby\u015b  przeszed\u0142 pewien test. Nazywa si\u0119 testem &#8222;potr\u00f3jnego filtru&#8221;. <\/span><br \/>\n<span style=\"font-size: 11pt; font-family: Arial; color: #000000; background-color: transparent; font-weight: normal; font-style: normal; text-decoration: none; vertical-align: baseline\">-Potr\u00f3jny filtr &#8211; zapyta\u0142 znajomy ? <\/span><br \/>\n<span style=\"font-size: 11pt; font-family: Arial; color: #000000; background-color: transparent; font-weight: normal; font-style: normal; text-decoration: none; vertical-align: baseline\">-Dok\u0142adnie  &#8211; kontynuowa\u0142 Sokrates. Zanim powiesz co\u015b o moim studencie, spr\u00f3bujmy  przefiltrowa\u0107 to, co chcesz mi powiedzie\u0107. Pierwszy filtr, to &#8222;filtr  prawdy&#8221; . Czy upewni\u0142e\u015b si\u0119, \u017ce to co s\u0142ysza\u0142e\u015b o moim studencie jest w  100% prawdziwe? <\/span><br \/>\n<span style=\"font-size: 11pt; font-family: Arial; color: #000000; background-color: transparent; font-weight: normal; font-style: normal; text-decoration: none; vertical-align: baseline\">-No nie, w\u0142a\u015bciwie to tylko to s\u0142ysza\u0142em&#8230; <\/span><br \/>\n<span style=\"font-size: 11pt; font-family: Arial; color: #000000; background-color: transparent; font-weight: normal; font-style: normal; text-decoration: none; vertical-align: baseline\">-Dobrze,  czyli nie wiesz, czy to jest prawda, czy fa\u0142sz&#8230; Przejd\u017amy zatem do  filtru drugiego, &#8222;filtru dobroci&#8221;. Czy to, co chcesz mi powiedzie\u0107 jest  czym\u015b dobrym? <\/span><br \/>\n<span style=\"font-size: 11pt; font-family: Arial; color: #000000; background-color: transparent; font-weight: normal; font-style: normal; text-decoration: none; vertical-align: baseline\">-Raczej nie, w\u0142a\u015bciwie to co\u015b przeciwnego.<\/span><br \/>\n<span style=\"font-size: 11pt; font-family: Arial; color: #000000; background-color: transparent; font-weight: normal; font-style: normal; text-decoration: none; vertical-align: baseline\">-Czyli chcesz mi powiedzie\u0107 o nim co\u015b z\u0142ego, nie wiedz\u0105c nawet, <\/span><span style=\"font-size: 11pt; font-family: Arial; color: #000000; background-color: transparent; font-weight: normal; font-style: normal; text-decoration: none; vertical-align: baseline\">czy to jest prawda ! <\/span><br \/>\n<span style=\"font-size: 11pt; font-family: Arial; color: #000000; background-color: transparent; font-weight: normal; font-style: normal; text-decoration: none; vertical-align: baseline\">M\u0119\u017cczyzna potrz\u0105sn\u0105\u0142 ramionami z zawstydzeniem a Sokrates kontynuowa\u0142:<\/span><br \/>\n<span style=\"font-size: 11pt; font-family: Arial; color: #000000; background-color: transparent; font-weight: normal; font-style: normal; text-decoration: none; vertical-align: baseline\">-Nadal  mo\u017cesz pomy\u015blnie zda\u0107 ten test, bo mamy trzeci filtr, &#8222;filtr  u\u017cyteczno\u015bci&#8221;. Czy to, co chcesz mi powiedzie\u0107 o moim studencie jest dla  mnie u\u017cyteczne? <\/span><br \/>\n<span style=\"font-size: 11pt; font-family: Arial; color: #000000; background-color: transparent; font-weight: normal; font-style: normal; text-decoration: none; vertical-align: baseline\">-Nie specjalnie, \u00a0zareplikowa\u0142 znajomy. <\/span><br \/>\n<span style=\"font-size: 11pt; font-family: Arial; color: #000000; background-color: transparent; font-weight: normal; font-style: normal; text-decoration: none; vertical-align: baseline\">-Zatem  &#8211; podsumowa\u0142 Sokrates &#8211; je\u017celi chcesz mi powiedzie\u0107 co\u015b, o czym nie  wiesz, czy jest prawdziwe, ani dobre, ani te\u017c u\u017cyteczne dla mnie, to po  co mi to w og\u00f3le chcesz powiedziec? <\/span><br \/>\n<span style=\"font-size: 11pt; font-family: Arial; color: #000000; background-color: transparent; font-weight: normal; font-style: normal; text-decoration: none; vertical-align: baseline\">M\u0119\u017cczyzna  poczu\u0142 pora\u017ck\u0119 i za\u017cenowanie. To jest pow\u00f3d, dla kt\u00f3rego Sokrates by\u0142  uwa\u017cany za najwybitniejszego filozofa i darzony by\u0142 i nadal jest, tak  wielkim szacunkiem. <\/span><!--more--><br \/>\n<span style=\"font-size: 11pt; font-family: Arial; color: #000000; background-color: transparent; font-weight: normal; font-style: normal; text-decoration: none; vertical-align: baseline\">Publikacja  w Super Expressie; numer 2236, z weekendu, 25-26 czerwca, pod tytu\u0142em  \u201eKomu s\u0142u\u017cy nowe Studio Centrum?\u201d, sprowokowa\u0142a mnie do zadania tego  samego pytania, ale na temat \u201ecodziennika\u201d, jakim Super Express jest. <\/span><span style=\"font-size: 11pt; font-family: Arial; color: #000000; background-color: transparent; font-weight: bold; font-style: italic; text-decoration: none; vertical-align: baseline\">Komu i czemu s\u0142u\u017c\u0105 tego rodzaju publikacje?<\/span><span style=\"font-size: 11pt; font-family: Arial; color: #000000; background-color: transparent; font-weight: normal; font-style: normal; text-decoration: none; vertical-align: baseline\">  Ani w nich konkret\u00f3w, ani w nich sensu. Sporo natomiast manipulacji i  wprowadzania opinii publicznej w b\u0142\u0105d. Poniewa\u017c publikacja podpiera si\u0119  moim zdj\u0119ciem z ekranu i sugeruje rodzaj jakiej\u015b \u201edziwno\u015bci\u201d w tym, \u017ce  mam felietony w US Polsat, b\u0119d\u0105c jednocze\u015bnie cz\u0142onkiem rady dyrektor\u00f3w  PSFUK, co w domy\u015ble chyba powinno si\u0119 czyta\u0107, \u017ce to pewnie jaki\u015b  konflikt, postanowi\u0142em zareagowa<\/span><span style=\"font-size: 10pt; font-family: Verdana; color: #000000; background-color: transparent; font-weight: normal; font-style: normal; text-decoration: none; vertical-align: baseline\">\u0107<\/span><span style=\"font-size: 11pt; font-family: Arial; color: #000000; background-color: transparent; font-weight: normal; font-style: normal; text-decoration: none; vertical-align: baseline\">,  bo czego\u015b tu czego\u015b nie rozumiem; marsza\u0142kiem Parady Pu\u0142askiego mo\u017ce by\u0107 nikomu  nieznany w\u0142a\u015bciciel firmy kontraktorskiej, marsza\u0142kiem Greenpointu na  tej\u017ce paradzie mo\u017ce by\u0107 w\u0142a\u015bcicielka salonu fryzjerskiego, ale  prezenterem w telewizji nie mo\u017ce by\u0107 cz\u0142onek rady dyrektor\u00f3w Unii  Kredytowej. Przypomn\u0119: pisa\u0142em dla Nowego Dziennika i napisa\u0142em jeden  felieton dla Super Expressu, ale w\u00f3wczas szefowie N. Dz. poprosili o  lojalno\u015b\u0107, wi\u0119c wsp\u00f3\u0142pracy z SE nie podj\u0105\u0142em, cho\u0107 do dzi\u015b nie pojmuj\u0119  poj\u0119cia \u201elojalno\u015b\u0107\u201d prezentowanego przez \u00f3wczesnego naczelnego NDz. W  telewizji natomiast wyst\u0119puj\u0119 dok\u0142adnie dwa lata i dwa miesi\u0105ce. W  radzie dyrektor\u00f3w Unii Kredytowej zasiadam od dwudziestu miesi\u0119cy. Jako\u015b  to SE nie przeszkadza\u0142o. Teraz AT przypomnia\u0142(a) sobie, \u017ce jestem w tej  radzie, a to, niestety m\u00f3j minus.(?) \u201eDajcie mi cz\u0142owieka, a ja znajd\u0119  paragraf\u201d &#8211; nie b\u0119d\u0119 przypomina\u0142, kt\u00f3ry Stalin to powiedzia\u0142.<\/span><br \/>\n<span style=\"font-size: 11pt; font-family: Arial; color: #000000; background-color: transparent; font-weight: normal; font-style: normal; text-decoration: none; vertical-align: baseline\">Takie  kryteria ma SE. Ale chyba jednak moim najwi\u0119kszym przest\u0119pstwem jest  to, \u017ce nie konsultuj\u0119 z SE nazwisk os\u00f3b, kt\u00f3re zapraszam do moich  program\u00f3w. Wygl\u0105da na to, \u017ce SE stawia si\u0119 w roli \u201edyktatora\u201d, kt\u00f3rego  winienem si\u0119 pyta\u0107, czy i kogo mog\u0119 zaprasza\u0107. Wykaz go\u015bci, opublikowany  w artykule nie jest niczym innym, jak manipulowaniem opini\u0105 publiczn\u0105.  Ot\u00f3\u017c od mojego powrotu z Polski, (1 maja), do mojego programu  zaprosi\u0142em: Pani\u0105 El\u017cbiet\u0119 Baumgartner i nawet nie wspomnia\u0142em, \u017ce jest  dyrektorem w \u00a0Unii Kredytowej, ale przedstawi\u0142em j\u0105, jako specjalist\u0119 od  wszelakich przepis\u00f3w, kt\u00f3rych zrozumienie u\u0142atwia \u017cycie wielu Polakom w  USA, czego SE ju\u017c nie zauwa\u017cy\u0142; czyli Pani El\u017cbieta te\u017c ma problem, bo  przy okazji rozeznawania si\u0119 w g\u0105szczu przepis\u00f3w jest cz\u0142onkiem rady  dyrektor\u00f3w PSFUK. Pani Elu, mamy k\u0142opot&#8230; Poza wszystkim dysponuj\u0119  mailami i listami zwyk\u0142ych zjadaczy chleba zainteresowanych problemem  emerytur \u0142\u0105czonych i o tym by\u0142 program, niejako na \u017cyczenie telewidz\u00f3w.  Przy okazji pad\u0142 mit o tym, \u017ce podobno \u201enikt\u201d tego programu nie ogl\u0105da,  bo ilo\u015b\u0107 telefon\u00f3w z podzi\u0119kowaniem za program by\u0142a zaskakuj\u0105co wysoka.<\/span><span style=\"font-size: 11pt; font-family: Arial; color: #000000; background-color: transparent; font-weight: normal; font-style: normal; text-decoration: none; vertical-align: baseline\"> Kolejnymi  go\u015b\u0107mi byli: Jadwiga Chudy, prezeska ch\u00f3r \u201eAria\u201d, w\u00f3wczas te\u017c  przewodnicz\u0105ca komitetu spo\u0142ecznego organizuj\u0105cego doroczny zjazd ch\u00f3r\u00f3w  polonijnych; SE nie zauwa\u017cy\u0142. Ewa Lewandowska &#8211; dwukrotnie, najpierw z  pani\u0105 J. Chudy, potem sama. Ta niewidoma \u015bpiewaczka koi serca  polonijnych mi\u0142o\u015bnik\u00f3w muzyki swoim \u015bpiewem, ale SE nie zauwa\u017cy\u0142 jej na  ekranie, cho\u0107 wyst\u0105pi\u0142a dwa razy. Moim go\u015bciem by\u0142 Jerzy Owsiak &#8211;  cz\u0142owiek chyba najbardziej znany w Polsce, a i w Polonii; SE nie  zauwa\u017cy\u0142. Byli moimi go\u015b\u0107mi minister Jacek Sasin i Adam Kwiatkowski,  obydwaj z kancelarii \u015bp. Prezydenta, Lecha Kaczy\u0144skiego. Ich te\u017c SE nie  zauwa\u017cy\u0142. I, przyznaj\u0119, moim go\u015bciem by\u0142a Bo\u017cena Kami\u0144ska z CPS. I co z  tego&#8230;? By\u0142 te\u017c Micha\u0142 Hochman, wykonawca legendarnego przeboju,  \u201eKonik, z drzewa ko\u0144 na biegunach\u201d, ale to akurat w dzie\u0144, kiedy ukaza\u0142  si\u0119 rzeczony numer SE. Janusz J\u00f3\u017awiak przeprowadzi\u0142 cenn\u0105, jak s\u0105dz\u0119  rozmow\u0119 z dyrektorami Bortnikiem i Matyszczykiem. Wed\u0142ug SE to \u017ale, bo  oni te\u017c, psiakrew s\u0105 w Unii Kredytowej. J. J\u00f3\u017awiak go\u015bci\u0142 europos\u0142a,  Tadeusza Zwiefk\u0119, a Ola Kapsa rozmawia\u0142a z przewodnicz\u0105cym Wsp\u00f3lnoty  Polskiej, Longinem Komo\u0142owskim. &#8211; SE nie zauwa\u017cy\u0142 ani jednego, ani  drugiego. By\u0142 wreszcie Wojciech Ma\u015blanka, mened\u017cer sprzedanego do Meksyku Polskiego Radia 910 i te\u017c SE tego nie zauwa\u017cy\u0142. Wreszcie SE nie dostrzeg\u0142 artysty-malarza, Krzysztofa Zacharowa, ani te\u017c Mariana \u017baka, tw\u00f3rcy Festiwalu &#8222;Chopin i przyjaciele&#8221;, ani te\u017c Janusza M\u0142ynka, tw\u00f3rcy wspania\u0142ych sukces\u00f3w polonijszych szermoerzy. Prosz\u0119 teraz dobrze policzy\u0107: od momentu powstania studia  rozmawiano z czternastoma lud\u017ami, w\u015br\u00f3d kt\u00f3rych by\u0142o dw\u00f3ch dyrektor\u00f3w  Unii Kredytowej i jedna dyrektorka CPS. A co pisze artyku\u0142 podpisany  przez AT? Tak dzia\u0142aj\u0105 brukowce, to ju\u017c nawet nie tabloid.<\/span><br \/>\n<span style=\"font-size: 11pt; font-family: Arial; color: #000000; background-color: transparent; font-weight: normal; font-style: normal; text-decoration: none; vertical-align: baseline\">11 do 3, to wynik meczu \u201ewybrani szefowie organizacji polonijnych\u201d kontra \u201ecywile\u201d  zapraszani do rozm\u00f3w na szklanym ekranie. SE tak w\u0142a\u015bnie sugeruje Czytelnikom, \u017ce &#8222;<em><strong>W nowym studio za to pokazuj\u0105 si\u0119 wybrani szefowie polonijnych instytucji&#8221;<\/strong><\/em>. To jest to rzetelne dziennikarstwo? Troch\u0119 wstyd, ale przede wszystkim manipulacja Czytelnikami. W tym kontek\u015bcie wiarygodno\u015b<\/span><span style=\"font-size: 11pt; font-family: Arial; color: #000000; background-color: transparent; font-weight: normal; font-style: normal; text-decoration: none; vertical-align: baseline\">\u0107<\/span><span style=\"font-size: 11pt; font-family: Arial; color: #000000; background-color: transparent; font-weight: normal; font-style: normal; text-decoration: none; vertical-align: baseline\"> Super Expressu mocno mi si\u0119 zachwa\u0142a. <\/span><span style=\"font-size: 11pt; font-family: Arial; color: #000000; background-color: transparent; font-weight: normal; font-style: normal; text-decoration: none; vertical-align: baseline\">Go\u015bci  niezwykle ciekawych jest\u00a0 jeszcze na mojej li\u015bcie sporo, w\u0142\u0105czaj\u0105c przedstawiciela SE, ale SE chce by\u0107 jedynym  medium czytanym w Polonii. Papier wytrzyma du\u017co. Pytanie komu i czemu  to s\u0142u\u017cy? Tych jedenastu \u201eobcych\u201d wychodzi\u0142o ze studia z zachwytem, \u017ce  Polonia ma profesjonalne studio. Ka\u017cdy z nich by\u0142 pe\u0142en podziwu. Mamy  wreszcie porz\u0105dn\u0105 wizyt\u00f3wk\u0119 Polonii. Nie, tego ju\u017c troch\u0119 za wiele.  Trzeba je zniszczy\u0107, trzeba n\u0119ka\u0107 sugestiami, \u017ce kto\u015b kradnie pieni\u0105dze.  Nikt nie pyta Kowalskiego, dlaczego prowadzi sklep, warsztat, firm\u0119  kontraktorsk\u0105 i dlaczego u niego tak drogo. Nikt nie pyta kontraktora  dlaczego mia\u0142o kosztowa\u0107 milion, a kosztowa\u0142o dwa. I nikt te\u017c nie pyta  do czyjej kieszeni id\u0105 dziesi\u0105tki tysi\u0119cy dolar\u00f3w przekazywane corocznie  Super Expressowi chocia\u017cby z Unii Kredytowej. A do czyjej id\u0105 pieni\u0105dze  z pozosta\u0142ych reklam?<\/span><span style=\"font-size: 11pt; font-family: Arial; color: #000000; background-color: transparent; font-weight: normal; font-style: normal; text-decoration: none; vertical-align: baseline\"> Zapytam natomiast, kto to jest AT, bo w stopce redakcyjnej nie widz\u0119 do kogo mo\u017cna by dopasowa<\/span><span style=\"font-size: 11pt; font-family: Arial; color: #000000; background-color: transparent; font-weight: normal; font-style: normal; text-decoration: none; vertical-align: baseline\">\u0107<\/span><span style=\"font-size: 11pt; font-family: Arial; color: #000000; background-color: transparent; font-weight: normal; font-style: normal; text-decoration: none; vertical-align: baseline\"> taki inicja\u0142? Cho\u0107by dlatego, \u017ce nienawidz\u0119 anonimowo\u015bci.<\/span><span style=\"font-size: 11pt; font-family: Arial; color: #000000; background-color: transparent; font-weight: normal; font-style: normal; text-decoration: none; vertical-align: baseline\"> Od lat nadstwiam sw\u00f3j \u0142eb, podpisuj\u0105c si\u0119 pod wszystkim, co pisz\u0119 pe\u0142nym imieniem i nazwiskiem, niech i AT odkryje przy\u0142bic\u0119.<\/span><span style=\"font-size: 11pt; font-family: Arial; color: #000000; background-color: transparent; font-weight: normal; font-style: normal; text-decoration: none; vertical-align: baseline\"><\/span><br \/>\n<span style=\"font-size: 11pt; font-family: Arial; color: #000000; background-color: transparent; font-weight: normal; font-style: normal; text-decoration: none; vertical-align: baseline\">PS:  \u017beby by\u0142o jasne: nie pobieram \u017cadnych pieni\u0119dzy za m\u00f3j pi\u0105tkowy program  i je\u015bli np. AT chcia\u0142by, lub chcia\u0142aby to kiedy\u015b zasugerowa\u0107, nie  zawaham si\u0119 wyci\u0105gn\u0105\u0107 z takiego pom\u00f3wienia wszelkich konsekwencji.  Dlaczego pracuj\u0119 za darmo? A cho\u0107by dlatego, \u017ce Janusz J\u00f3\u017awiak nigdy nie  za\u017c\u0105da\u0142 ode mnie pieni\u0119dzy za og\u0142oszenia o koncertach dla Polonii.  Nigdy. I nigdy te\u017c nie wymaga\u0142, aby logo US Polsat by\u0142o na afiszach. Jak  mnie by\u0142o sta\u0107 wypisywa\u0142em czek, je\u015bli nie, nigdy nie s\u0142ysza\u0142em, \u017ce  jestem telewizji co\u015b winien. I to jest ca\u0142a prawda o mojej lojalno\u015bci w  stosunku do J. J\u00f3\u017awiaka.<\/span><\/p>\n","protected":false},"excerpt":{"rendered":"<p>Pewnego razu, wielki filozof staro\u017cytnej Grecji, Sokrates spotka\u0142 swojego znajomego. -Sokratesie -zapyta\u0142 znajmomy &#8211; czy ty wiesz, co w\u0142a\u015bnie us\u0142ysza\u0142em o jednym z twoich student\u00f3w? -Zaczekaj chwil\u0119 &#8211; przerwa\u0142 mu Sokrates &#8211; zanim mi to powiesz chcia\u0142bym, aby\u015b przeszed\u0142 pewien test. Nazywa si\u0119 testem &#8222;potr\u00f3jnego filtru&#8221;. -Potr\u00f3jny filtr &#8211; zapyta\u0142 znajomy ? -Dok\u0142adnie &#8211; kontynuowa\u0142 [&hellip;]<\/p>\n","protected":false},"author":2,"featured_media":0,"comment_status":"open","ping_status":"open","sticky":false,"template":"","format":"standard","meta":[],"categories":[3],"tags":[],"_links":{"self":[{"href":"https:\/\/sporek.com\/blog\/index.php?rest_route=\/wp\/v2\/posts\/292"}],"collection":[{"href":"https:\/\/sporek.com\/blog\/index.php?rest_route=\/wp\/v2\/posts"}],"about":[{"href":"https:\/\/sporek.com\/blog\/index.php?rest_route=\/wp\/v2\/types\/post"}],"author":[{"embeddable":true,"href":"https:\/\/sporek.com\/blog\/index.php?rest_route=\/wp\/v2\/users\/2"}],"replies":[{"embeddable":true,"href":"https:\/\/sporek.com\/blog\/index.php?rest_route=%2Fwp%2Fv2%2Fcomments&post=292"}],"version-history":[{"count":0,"href":"https:\/\/sporek.com\/blog\/index.php?rest_route=\/wp\/v2\/posts\/292\/revisions"}],"wp:attachment":[{"href":"https:\/\/sporek.com\/blog\/index.php?rest_route=%2Fwp%2Fv2%2Fmedia&parent=292"}],"wp:term":[{"taxonomy":"category","embeddable":true,"href":"https:\/\/sporek.com\/blog\/index.php?rest_route=%2Fwp%2Fv2%2Fcategories&post=292"},{"taxonomy":"post_tag","embeddable":true,"href":"https:\/\/sporek.com\/blog\/index.php?rest_route=%2Fwp%2Fv2%2Ftags&post=292"}],"curies":[{"name":"wp","href":"https:\/\/api.w.org\/{rel}","templated":true}]}}