{"id":293,"date":"2011-06-27T00:07:38","date_gmt":"2011-06-27T04:07:38","guid":{"rendered":"http:\/\/sporek.com\/blog\/?p=293"},"modified":"2011-06-27T00:23:35","modified_gmt":"2011-06-27T04:23:35","slug":"obok-zebrania-w-cps","status":"publish","type":"post","link":"https:\/\/sporek.com\/blog\/?p=293","title":{"rendered":"Obok zebrania w CPS"},"content":{"rendered":"<p><span style=\"font-size: 11pt; font-family: Arial; color: #000000; background-color: transparent; font-weight: normal; font-style: normal; text-decoration: none; vertical-align: baseline\" id=\"internal-source-marker_0.5801512210680285\"><\/span><span style=\"font-size: 11pt; font-family: Arial; color: #000000; background-color: transparent; font-weight: normal; font-style: normal; text-decoration: none; vertical-align: baseline\">\u201cObok\u201d,  bo nie wzi\u0105\u0142em w nim udzia\u0142u. Ale po kolei. \u00a0Procesja Bo\u017cego Cia\u0142a, w  najwi\u0119kszej parafii, jak\u0105 jest parafia \u015aw. St. Kostki zako\u0144czy\u0142a si\u0119 o  13:30 i nawet ksi\u0105dz z tej\u017ce parafii zd\u0105\u017cy\u0142, aby odm\u00f3wi\u0107 modlitw\u0119 na  rozpocz\u0119cie zebrania. Przyszed\u0142em nieco sp\u00f3\u017aniony, bo wst\u0105piwszy po procesji do  mojej szko\u0142y odebra\u0142em telefon z Polski i do\u015b\u0107 d\u0142ugo rozmawia\u0142em o  mo\u017cliwo\u015bciach zaprezentowania w Nowym Jorku II-go Koncertu  Fortepianowego, Wojciecha Kilara.<\/span><!--more--><span style=\"font-size: 11pt; font-family: Arial; color: #000000; background-color: transparent; font-weight: normal; font-style: normal; text-decoration: none; vertical-align: baseline\"> Przy okazji, Pan Wojciech poprosi\u0142 o  pozdrowienie wszystkich mi\u0142o\u015bnik\u00f3w Jego muzyki. Zaraz potem zadzwoni\u0142em  do Beaty Bili\u0144skiej i wst\u0119pnie przedyskutowa\u0142em wyst\u0119p tej znamienitej  artystki z tym\u017ce koncertem. Gdy doszed\u0142em do drzwi Centrum  Polsko-S\u0142owia\u0144skiego sta\u0142a tam kilkunastoosobowa grupa ludzi, kt\u00f3rzy nie  zostali wpuszczeni. Zauwa\u017cy\u0142em cz\u0119\u015b\u0107 tych, kt\u00f3rzy p\u0142akali w mediach, \u017ce  CPS robi zebranie w dzie\u0144 Bo\u017cego Cia\u0142a. Pisali wtedy, \u017ce s\u0105 katolikami i  data zebrania im si\u0119 w\u0142a\u015bnie z tego powodu nie podoba. I oto ni st\u0105d,  ni zow\u0105d naskoczy\u0142 na mnie w stylu nieco psychopatycznym jeden z tych  \u201ckatolik\u00f3w\u201d ze s\u0142owami: \u201cty oszu\u015bcie p\u00f3jdziesz pod prokuratora, a ten  s\u0119dzia, co ci zatwierdzi\u0142 bankrupcj\u0119 p\u00f3jdzie siedzie\u0107, a ty razem z nim,  &#8211; ja to za\u0142atwi\u0119 przez prokuratur\u0119 generaln\u0105\u201d. <\/span><br \/>\n<span style=\"font-size: 11pt; font-family: Arial; color: #000000; background-color: transparent; font-weight: normal; font-style: normal; text-decoration: none; vertical-align: baseline\">Tak  zwyczajnie, po \u201ckatolicku\u201d. Prosi\u0142em, \u017ceby si\u0119 uspokoi\u0142, ale to tylko  rozdra\u017cnia\u0142o jego \u201ckatolick\u0105\u201d dusz\u0119 i wrzeszcza\u0142, jak naj\u0119ty. Nie wiem,  kto zacz, na \u201cty\u201dczki z nim nie chodzi\u0142em, wi\u0119c pomy\u015bla\u0142em &#8211; pomyleniec  jaki\u015b i odszed\u0142em. Jaki\u015b pan oskar\u017ca mnie, \u017ce opisa\u0142em go na moim blogu,  \u017ce gdzie\u015b tam wszed\u0142 z rozwichrzonym w\u0142osem, a by\u0142o to w 2004 roku. Po  pierwsze nie zajmuj\u0119 si\u0119 fryzurami, a tym bardziej m\u0119skimi (po facetach,  jak m\u00f3wi m\u00f3j kolega robi mi si\u0119 niedobrze), a po drugie m\u00f3j blog  powsta\u0142 w &#8230;2006. Na to psychol od \u201cbankrupcji\u201d wrzeszczy, \u017ce on ju\u017c z  prokuratorem za\u0142atwi, \u017ce mi si\u0119 \u201ct\u0119 stron\u0119 zamknie\u201d. Orgia nienawi\u015bci.  Tak zwyczajnie, \u201cpo katolicku\u201d. Zaraz potem dowiedzia\u0142em si\u0119, \u017ce prasa  \u00a0w osobach przedstawicieli Super Expressu i Nowego Dziennika nie zosta\u0142a  wpuszczona. I to mi si\u0119 w sumie nie spodoba\u0142o. Informacja, \u017ce gazety  otrzymaj\u0105 \u201cpress release\u201d ze zdj\u0119ciami, ale wej\u015b\u0107 nie mog\u0105 by\u0142a moim  zdaniem jedynie stwarzaniem dwuznacznych sytuacji. Tego nie popieram,  ale&#8230; Mog\u0119 si\u0119 dziwi\u0107, \u017ce nie zosta\u0142a wpuszczona dziennikarka z NDz.,  natomiast nie dziwi\u0119, si\u0119, \u017ce nie wpuszczono Super Expressu. Dlaczego?  Cho\u0107by dlatego, \u017ce p\u00f3\u0142 roku temu po nierzetelnym artykule, m\u0142oda  dziennikarka otrzyma\u0142a komplet interesuj\u0105cych j\u0105 dokument\u00f3w i w\u00f3wczas  ju\u017c nie napisa\u0142a nic. Cho\u0107by dlatego, \u017ce w\u0142a\u015bnie w ten weekend ukaza\u0142  si\u0119 artyku\u0142 o studio telewizyjnym, kompletnie m\u0105c\u0105cy w g\u0142owach cz\u0142onk\u00f3w.  Super Express straci\u0142 wiarygodno\u015b\u0107 w oczach szef\u00f3w CPS i ja si\u0119 nie  dziwi\u0119. Czy jest jaki\u015b przepis, kt\u00f3ry m\u00f3wi, \u017ce prasa ma zapewnione  wej\u015bcie? Nie ma. Czy pami\u0119tamy, jak Bia\u0142y Dom zamkn\u0105\u0142 drzwi przed  przedstawicielami Kongresu Polonii Ameryka\u0144skiej za czas\u00f3w E. Moskala?  Pami\u0119tamy. M\u00f3g\u0142 zamkn\u0105\u0107? M\u00f3g\u0142. Ale pami\u0119tamy te\u017c, \u017ce nikt si\u0119 za  \u00f3wczesnym przezesem nie uj\u0105\u0142, a dokopa\u0142 mu jeszcze rz\u0105d Kwa\u015bniewskiego.  Polonia te\u017c go wtedy za przyk\u0142adem komucha zgnoi\u0142a, chocia\u017c wyst\u0105pi\u0142 w  s\u0142usznej sprawie. Ale media przekaza\u0142y to inaczej, a bezmy\u015blne baranki  pos\u0142ucha\u0142y. Zawsze pr\u00f3buj\u0119 odnie\u015b\u0107 tego rodzaju konflikt do siebie i  musz\u0119 przyzna\u0107, \u017ce gdyby np. po koncercie uczni\u00f3w mojej szko\u0142y jaki\u015b  dziennikarz napisa\u0142 bzdury, to na pewno nie wpu\u015bci\u0142bym go ponownie na  uczniowski recital. A zdarzy\u0142o si\u0119 te\u017c raz, \u017ce dziennikarka, kt\u00f3ra po  koncercie pianisty, Jacka Zganiacza, akompaniuj\u0105cego skrzypaczce nie  dosta\u0142a ju\u017c nigdy zgody na akredytacj\u0119 do powa\u017cnych sal koncertowych,  poniewa\u017c po pierwsze przekr\u0119ci\u0142a nazwisko Jacka, a po drugie,  straszniejsze, napisa\u0142a, \u017ce \u201czagra\u0142 na skrzypcach w miar\u0119 poprawnie\u201d.  Rzetelno\u015b\u0107 za rzetelno\u015b\u0107.<\/span><br \/>\n<span style=\"font-size: 11pt; font-family: Arial; color: #000000; background-color: transparent; font-weight: normal; font-style: normal; text-decoration: none; vertical-align: baseline\">Chwil\u0119  p\u00f3\u017aniej zorientowa\u0142em si\u0119, \u017ce jestem nagrywany przez jak\u0105\u015b telewizj\u0119.  Nie otrzyma\u0142em odpowiedzi, co to za telewizja, ale widzia\u0142em, \u017ce oko  kamery \u201c\u0142azi\u0142o\u201d za mn\u0105, jak naj\u0119te i filmowa\u0142o wszystko, co m\u00f3wi\u0119,  niezale\u017cnie do kogo. S\u0105dz\u0119, \u017ce zrobi\u0105 z tego materia\u0142 na \u201cw\u0142asny  u\u017cytek\u201d. Nie dbam o to. W\u0142a\u015bnie ju\u017c w Polonii zd\u0105\u017cy\u0142em si\u0119 przyzwyczai\u0107  do manipulowania opini\u0105 publiczn\u0105. <\/span><br \/>\n<span style=\"font-size: 11pt; font-family: Arial; color: #000000; background-color: transparent; font-weight: normal; font-style: normal; text-decoration: none; vertical-align: baseline\">Kilku  ludzi by\u0142o totalnie oburzonych, bo ich nazwisk nie by\u0142o na li\u015bcie.  Wszed\u0142em do \u015brodka i zapyta\u0142em pa\u0144 sprawdzaj\u0105cych listy, dlaczego tak  si\u0119 sta\u0142o, bo ci ludzie twierdzili, \u017ce s\u0105 cz\u0142onkami. W odpowiedzi  us\u0142ysza\u0142em, \u017ce Unia Kredytowa przes\u0142a\u0142a w czwartek o godzinie 16:30  najbardziej zaktualizowan\u0105 list\u0119 cz\u0142onk\u00f3w i wed\u0142ug tej listy sprawdzano  wchodz\u0105cych. Pami\u0119tam zebrania Centrum, na kt\u00f3re wchodzi\u0142o si\u0119 po  okazaniu ksi\u0105\u017ceczki oszcz\u0119dno\u015bciowej, lub podaniu numeru konta, bo  wszyscy kt\u00f3rzy byli cz\u0142onkami Unii Kredytowej, byli automatycznie i  wy\u0142\u0105cznie cz\u0142onkami Centrum. Te czasy sko\u0144czy\u0142y si\u0119 definitywnie, gdy  \u201cgenialny\u201d prezes Unii Kredytowej tamtych czas\u00f3w wymy\u015bli\u0142, \u017ce trzeba  dodatkowych sponsor\u00f3w i zacz\u0119to gremialnie przyjmowa\u0107 w poczet  \u201csponsor\u00f3w\u201d Unii Kredytowej coraz to nowe organizacje. Do tego dosz\u0142y  dziwne dzia\u0142ania niekt\u00f3rych decydent\u00f3w z bankowej rady dyrektor\u00f3w  dotycz\u0105ce przepisywania cz\u0142onk\u00f3w Centrum do innych organizacji; a to do  Centrali Szk\u00f3\u0142 Dokszta\u0142caj\u0105cych, a to do Fundacji w Clark, a to do  Copiague, czy Parady Pu\u0142askiego. Zrobi\u0142 si\u0119 niez\u0142y ba\u0142agan i to ju\u017c,  niestety b\u0119dzie si\u0119 ci\u0105gn\u0119\u0142o w nast\u0119pnych latach te\u017c, bo woli \u017cadnej, a  tym bardziej dobrej nie widz\u0119 w kierunku naprawy tej sytuacji.<\/span><br \/>\n<span style=\"font-size: 11pt; font-family: Arial; color: #000000; background-color: transparent; font-weight: normal; font-style: normal; text-decoration: none; vertical-align: baseline\">Z tego kilkunastoosobowego t\u0142umku co i raz pada\u0142y w moj\u0105 stron\u0119 okrzyki \u201c<\/span><span style=\"font-size: 11pt; font-family: Arial; color: #000000; background-color: transparent; font-weight: normal; font-style: italic; text-decoration: none; vertical-align: baseline\">oszust\u201d, \u201cbankrut, kt\u00f3ry ukry\u0142 swoje bankructwo i cyga\u0144stwem dosta\u0142 si\u0119 do rady dyrektor\u00f3w Unii Kredytowej\u201d. <\/span><span style=\"font-size: 11pt; font-family: Arial; color: #000000; background-color: transparent; font-weight: normal; font-style: normal; text-decoration: none; vertical-align: baseline\">Psychol, kt\u00f3ry rozpocz\u0105\u0142 ten atak nawet wykrzykiwa\u0142 jaki\u015b przepis wed\u0142ug kt\u00f3rego \u201c<\/span><span style=\"font-size: 11pt; font-family: Arial; color: #000000; background-color: transparent; font-weight: normal; font-style: italic; text-decoration: none; vertical-align: baseline\">przez siedem lat nie mam prawa pe\u0142ni\u0107 funkcji spo\u0142ecznych\u201d<\/span><span style=\"font-size: 11pt; font-family: Arial; color: #000000; background-color: transparent; font-weight: normal; font-style: normal; text-decoration: none; vertical-align: baseline\">.  Pr\u00f3bowa\u0142em spokojnie przypomnie\u0107, \u017ce o tym problemie pisa\u0142em osobi\u015bcie  na moim blogu, \u017ce min\u0119\u0142y ju\u017c cztery lata, \u017ce pan Matyszczyk, by\u0142y prezes  Unii Kredytowej poleci\u0142 zamie\u015bci\u0107 t\u0119 informacj\u0119 w pismach wyborczych do  70 tysi\u0119cy cz\u0142onk\u00f3w. Nie pomog\u0142o; <\/span><span style=\"font-size: 11pt; font-family: Arial; color: #000000; background-color: transparent; font-weight: normal; font-style: italic; text-decoration: none; vertical-align: baseline\">ukry\u0142em, k\u0142ama\u0142em, cygani\u0142em<\/span><span style=\"font-size: 11pt; font-family: Arial; color: #000000; background-color: transparent; font-weight: normal; font-style: normal; text-decoration: none; vertical-align: baseline\">.  Taki poziom reprezentuj\u0105 \u201ckatolicy\u201d z opcji przeciwnej obecnym w\u0142adzom  Centrum; czemu przy okazji przeciwnym mnie? Ju\u017c odpowiadam: bo mam  pi\u0119ciominutowy program w telewizji. I to s\u0105 kryteria. Taki poziom,  powtarzam, reprezentuj\u0105 ludzie, kt\u00f3rzy chc\u0105 by\u0107 liderami Polonii.  \u017benada. I to, co najbardziej mnie zawstydza: <\/span><span style=\"font-size: 11pt; font-family: Arial; color: #000000; background-color: transparent; font-weight: normal; font-style: italic; text-decoration: none; vertical-align: baseline\">prokurator ju\u017c wie, ju\u017c tam byli\u015bmy, p\u00f3jdziecie wszyscy siedzie\u0107. <\/span><br \/>\n<span style=\"font-size: 11pt; font-family: Arial; color: #000000; background-color: transparent; font-weight: normal; font-style: normal; text-decoration: none; vertical-align: baseline\">Kole\u017canka  z Super Expressu na pytanie \u201cdlaczego ty si\u0119 z tym wszystkim \u0142\u0105czysz,  czy nie dostrzegasz, co si\u0119 tu dzieje?\u201d, odpowiedzia\u0142a: \u201cja tylko chc\u0119  odkry\u0107 prawd\u0119\u201d. Nie mieli\u015bmy za wiele mo\u017cliwo\u015bci rozmowy, ale chocia\u017c t\u0105  drog\u0105 chc\u0119 do Super Expressu zaapelowa\u0107: wesprzyjcie moj\u0105 inicjatyw\u0119 o  konfrontacji. Walcz\u0119 o to od roku i caly czas s\u0142ysz\u0119, \u017ce CPS jest  gotowe, ale ci, kt\u00f3rzy najbardziej wrzeszczeli rok temu, \u017ce s\u0105  przekr\u0119ty, \u017ce s\u0105 machloje, \u017ce si\u0119 kradnie, jako\u015b ani czasu, ani ochoty  do \u201cokr\u0105g\u0142ego sto\u0142u\u201d nie wykazuj\u0105. Drogi Super Expressie, mieliby\u015bcie  fantastyczny materia\u0142, udokumentowany nagraniem telewizyjnym,  uwiarygodniony Wasz\u0105 obecno\u015bci\u0105 i obecno\u015bci\u0105 Cz\u0142onk\u00f3w, ale to si\u0119 musi  odby\u0107 w cywilizowany spos\u00f3b. Co\u015b na kszta\u0142 przes\u0142ucha\u0144 w kongresie, czy  w komisjach sejmowych.<\/span><br \/>\n<span style=\"font-size: 11pt; font-family: Arial; color: #000000; background-color: transparent; font-weight: normal; font-style: normal; text-decoration: none; vertical-align: baseline\">Tak,  nie popieram usuwania Cz\u0142onk\u00f3w Centrum Polsko-S\u0142owia\u0144skiego przez  rad\u0119 dyrektor\u00f3w. Ale te\u017c, tak, jak \u00f3w krzykacz, kt\u00f3ry mnie \u201cwita\u0142\u201d nie  zosta\u0142by wpuszczony do mojej szko\u0142y, czy mieszkania, tak ci cz\u0142onkowie,  kt\u00f3rzy szkodz\u0105 CPS przez owe oskar\u017cenia o kradzie\u017cach, machlojach, nie  maj\u0105c w r\u0119ku \u017cadnych dowod\u00f3w, nie powinni si\u0119 dziwi\u0107, \u017ce zostali  usuni\u0119ci. Na moje zdrowie i szcz\u0119\u015bcie osobiste (nie b\u0119d\u0119 u\u017cywa\u0142 Imion  Boskich nadaremno), przecie\u017c s\u0105 w\u015br\u00f3d nich ludzie, kt\u00f3rzy byli w Centrum  prezesami, ksi\u0119gowymi, pracownikami, wi\u0119c dlaczego wtedy nie  s\u0142yszeli\u015bmy o przekr\u0119tach, malwersacjach, kradzie\u017cach? By\u0142o \u201cok\u201d, bo  mieli posadki, a \u017ale dopiero, gdy ich wywalili? Po mojemu s\u0105 w r\u00f3wniej  mierze winni, skoro tyle wiedzieli, ale wtedy milczeli. <\/span><br \/>\n<span style=\"font-size: 11pt; font-family: Arial; color: #000000; background-color: transparent; font-weight: normal; font-style: normal; text-decoration: none; vertical-align: baseline\">Czy ja m\u00f3wi\u0119, \u017ce wszystko jest cacy? Daleko mi do tego. Mam kilka pyta\u0144, kt\u00f3re powinny by\u0107 zadane. Na przyk\u0142ad. <\/span><br \/>\n<span style=\"font-size: 11pt; font-family: Arial; color: #000000; background-color: transparent; font-weight: normal; font-style: normal; text-decoration: none; vertical-align: baseline\">-Kto i jak korzysta z kart kredytowych?<\/span><br \/>\n<span style=\"font-size: 11pt; font-family: Arial; color: #000000; background-color: transparent; font-weight: normal; font-style: normal; text-decoration: none; vertical-align: baseline\">-Jakie by\u0142y cele wyjazd\u00f3w prezes\u00f3w do Polski, ile kosztowa\u0142y i co z nich wynika\u0142o dla cz\u0142onk\u00f3w Centrum?<\/span><br \/>\n<span style=\"font-size: 11pt; font-family: Arial; color: #000000; background-color: transparent; font-weight: normal; font-style: normal; text-decoration: none; vertical-align: baseline\">-Ile kosztowa\u0142y wizyty \u201cdelegacji\u201d z Polski i jak mia\u0142y si\u0119 do dzia\u0142alno\u015bci CPS?<\/span><br \/>\n<span style=\"font-size: 11pt; font-family: Arial; color: #000000; background-color: transparent; font-weight: normal; font-style: normal; text-decoration: none; vertical-align: baseline\">-Ile wystosowano wniosk\u00f3w do rz\u0105du federalnego i stanowego o dotacje?<\/span><br \/>\n<span style=\"font-size: 11pt; font-family: Arial; color: #000000; background-color: transparent; font-weight: normal; font-style: normal; text-decoration: none; vertical-align: baseline\">-Czy by\u0142 przetarg na ostatnio przeprowadzone malowanie?<\/span><br \/>\n<span style=\"font-size: 11pt; font-family: Arial; color: #000000; background-color: transparent; font-weight: normal; font-style: normal; text-decoration: none; vertical-align: baseline\">I jeszcze sporo innych&#8230;<\/span><br \/>\n<span style=\"font-size: 11pt; font-family: Arial; color: #000000; background-color: transparent; font-weight: normal; font-style: normal; text-decoration: none; vertical-align: baseline\">Ale te pytania mo\u017cna i powinno si\u0119 zadawa\u0107 w ludzki spos\u00f3b, bez tych wszystkich inwektyw, chamstwa i prymitywizmu.<\/span><br \/>\n<span style=\"font-size: 11pt; font-family: Arial; color: #000000; background-color: transparent; font-weight: normal; font-style: normal; text-decoration: none; vertical-align: baseline\">Super  Express \u201cposzed\u0142\u201d do Fundacji Carnegie, \u017ceby robi\u0107 \u201cdochodzenie\u201d w  sprawie os\u0142awionej ju\u017c dotacji na \u201cprogram medialny\u201d. Jaki efekt?  Carnegie zdecydowa\u0142o, \u017ce w tym roku nie przyzna Centrum \u017cadnej dotacji.  To o to chodzi\u0142o? Wi\u0119c chodzi o os\u0142abienie naszych instytucji? Jak mo\u017cna  tak dzia\u0142a\u0107? <\/span><br \/>\n<span style=\"font-size: 11pt; font-family: Arial; color: #000000; background-color: transparent; font-weight: normal; font-style: normal; text-decoration: none; vertical-align: baseline\">Pan  podpisany w Super Expressie pod artyku\u0142em \u201cCPS zebranie i co dalej\u201d,  mieni si\u0119 by\u0107 dzia\u0142aczem polonijnym. Wiem sk\u0105din\u0105d, \u017ce prezesowi  Wsp\u00f3lnoty Polskiej przedstawi\u0142 si\u0119, jako \u201clider\u201d Polonii w Nowym Jorku.  Czy kto\u015b zna tego pana z jakiej\u015b dzia\u0142alno\u015bci? Ilu jeszcze samozwa\u0144czych  \u201cdzia\u0142aczy\u201d mamy mie\u0107 w tej naszej, kochanej Polonii? Nie zdziwi\u0119 si\u0119, jak ten pan zostanie marsza\u0142kiem kolejnej parady Pu\u0142askiego&#8230; Trudno si\u0119  dziwi\u0107, \u017ce cz\u0142owiek, kt\u00f3ry by\u0142 v-ce premierem RP nie zdecydowa\u0142 si\u0119 z  tym panem spotka\u0107, przecie\u017c nikt tego pana nie zna, a ju\u017c na pewno nie z  dzia\u0142alno\u015bci i \u201cliderowania\u201d. S\u0142owo honoru, nie wiem kim jest i co dla  Polonii zrobi\u0142 pan Wysocki. By\u0142em przez 14 lat dyrygentem generalnym  SI\u00f3dmego Okr\u0119gu Zwi\u0105zku \u015apiewakow Polskich, trzy lata generalnym  dyrygentem na USA i Kanad\u0119, cztery lata prezesem fundacji chopinowskiej,  zorganizowa\u0142em ponad sto \u00a0dziesi\u0119\u0107 koncert\u00f3w muzyki polskiej teraz  prowadz\u0119 Klub Gazety Polskiej i nie odwa\u017cy\u0142bym si\u0119 nazwa\u0107 siebie  \u201cliiderem\u201d Polonii. Trzeba mie\u0107 troch\u0119 pokory.<\/span><br \/>\n<span style=\"font-size: 11pt; font-family: Arial; color: #000000; background-color: transparent; font-weight: normal; font-style: normal; text-decoration: none; vertical-align: baseline\">Kilkunastu  ludzi pisze \u201cnowy statut CPS\u201d, no to ja powo\u0142am sobie kilkunastoosobow\u0105  komisj\u0119 i rozpoczn\u0119 pisanie nowej konstytucji Stan\u00f3w Zjednoczonych, bo  ta, stworzona przez \u201cOjc\u00f3w Za\u0142o\u017cycieli\u201d mi si\u0119 nie podoba. A gdzie  jakie\u015b prawo, przepisy? Jak media mog\u0105 do tego stopnia nie zna\u0107 litery  prawa? Nie rozumiem. <\/span><br \/>\n<span style=\"font-size: 11pt; font-family: Arial; color: #000000; background-color: transparent; font-weight: normal; font-style: normal; text-decoration: none; vertical-align: baseline\">Nie  wiem, jak przebiega\u0142o i jak si\u0119 sko\u0144czy\u0142o to zebranie. Wszed\u0142em tam na  chwil\u0119 i us\u0142ysza\u0142em pani\u0105 straszliwie wrzeszcz\u0105c\u0105 do mikrofonu. Nikt jej  nie rozumia\u0142. Nie mog\u0142em tego zdzier\u017cy\u0107. Poszed\u0142em wi\u0119c za rad\u0105  lekarzy, kt\u00f3rzy nakazali mi unikanie stres\u00f3w i w zamian pojecha\u0142em na  koncert mojej ukochanej wnuczki. Pierwszy zreszt\u0105 w jej \u017cyciu.  \u015awiadomie, bo przecie\u017c mog\u0142em ten wyst\u0119p obejrze\u0107 na video. Ale w tej  sytuacji zdecydowanie wola\u0142em na \u017cywo. Polonia chce si\u0119 dor\u017cn\u0105\u0107.  Najbardziej niebezpieczni s\u0105 ci, kt\u00f3rzy nie potrafi\u0105 rozmawia\u0107 bez  wyzwisk, bez inwektyw. A wiemy dobrze, \u017ce ka\u017cda akcja rodzi re-akcj\u0119.<\/span><br \/>\n<span style=\"font-size: 11pt; font-family: Arial; color: #000000; background-color: transparent; font-weight: normal; font-style: normal; text-decoration: none; vertical-align: baseline\">Konflikty  polonijne zabrn\u0119\u0142y za daleko. Nie jeste\u015bmy w nich synami Matki-Polski.  Jeste\u015bmy wrogami. Tak odbieraj\u0105 nas s\u0119dziowie, prokuratorzy i szefowie  organizacji, ktore mog\u0142yby w zamian wspiera\u0107 nas dotacjami i tak odbiera  nas kana\u0142 25 telewizji publicznej, kt\u00f3ry przysy\u0142a listy pe\u0142ne  nienawi\u015bci, jakie otrzymuje od Polonus\u00f3w. To nie dziwmy si\u0119, \u017ce  \u201cwrzucili\u201d nas na jedenast\u0105 w nocy.<\/span><br \/>\n<span style=\"font-size: 11pt; font-family: Arial; color: #000000; background-color: transparent; font-weight: normal; font-style: normal; text-decoration: none; vertical-align: baseline\">Po  raz kolejny apeluj\u0119: USI\u0104D\u0179MY DO STO\u0141U, bo jeszcze troch\u0119 i b\u0119dzie za  p\u00f3\u017ano. Niech decydenci nie unosz\u0105 si\u0119 ambicjami, niech \u201copozycja\u201d  przestanie obra\u017ca\u0107 i wyzywa\u0107, media niech zaczn\u0105 by\u0107 obiektywne, niech  ka\u017cdy we\u017amie do r\u0119ki dokument, kt\u00f3rym chce doj\u015b\u0107 prawdy i niech wrz\u00f3d  zostanie przeci\u0119ty.<\/span><\/p>\n","protected":false},"excerpt":{"rendered":"<p>\u201cObok\u201d, bo nie wzi\u0105\u0142em w nim udzia\u0142u. Ale po kolei. \u00a0Procesja Bo\u017cego Cia\u0142a, w najwi\u0119kszej parafii, jak\u0105 jest parafia \u015aw. St. Kostki zako\u0144czy\u0142a si\u0119 o 13:30 i nawet ksi\u0105dz z tej\u017ce parafii zd\u0105\u017cy\u0142, aby odm\u00f3wi\u0107 modlitw\u0119 na rozpocz\u0119cie zebrania. Przyszed\u0142em nieco sp\u00f3\u017aniony, bo wst\u0105piwszy po procesji do mojej szko\u0142y odebra\u0142em telefon z Polski i do\u015b\u0107 [&hellip;]<\/p>\n","protected":false},"author":2,"featured_media":0,"comment_status":"open","ping_status":"open","sticky":false,"template":"","format":"standard","meta":[],"categories":[3],"tags":[],"_links":{"self":[{"href":"https:\/\/sporek.com\/blog\/index.php?rest_route=\/wp\/v2\/posts\/293"}],"collection":[{"href":"https:\/\/sporek.com\/blog\/index.php?rest_route=\/wp\/v2\/posts"}],"about":[{"href":"https:\/\/sporek.com\/blog\/index.php?rest_route=\/wp\/v2\/types\/post"}],"author":[{"embeddable":true,"href":"https:\/\/sporek.com\/blog\/index.php?rest_route=\/wp\/v2\/users\/2"}],"replies":[{"embeddable":true,"href":"https:\/\/sporek.com\/blog\/index.php?rest_route=%2Fwp%2Fv2%2Fcomments&post=293"}],"version-history":[{"count":0,"href":"https:\/\/sporek.com\/blog\/index.php?rest_route=\/wp\/v2\/posts\/293\/revisions"}],"wp:attachment":[{"href":"https:\/\/sporek.com\/blog\/index.php?rest_route=%2Fwp%2Fv2%2Fmedia&parent=293"}],"wp:term":[{"taxonomy":"category","embeddable":true,"href":"https:\/\/sporek.com\/blog\/index.php?rest_route=%2Fwp%2Fv2%2Fcategories&post=293"},{"taxonomy":"post_tag","embeddable":true,"href":"https:\/\/sporek.com\/blog\/index.php?rest_route=%2Fwp%2Fv2%2Ftags&post=293"}],"curies":[{"name":"wp","href":"https:\/\/api.w.org\/{rel}","templated":true}]}}