{"id":294,"date":"2011-07-05T01:44:57","date_gmt":"2011-07-05T05:44:57","guid":{"rendered":"http:\/\/sporek.com\/blog\/?p=294"},"modified":"2011-07-05T01:48:29","modified_gmt":"2011-07-05T05:48:29","slug":"e-d-czarny-aniol","status":"publish","type":"post","link":"https:\/\/sporek.com\/blog\/?p=294","title":{"rendered":"E. D. &#8211; Czarny Anio\u0142"},"content":{"rendered":"<p><span style=\"font-size: 10pt; font-family: Verdana; color: #000000; background-color: transparent; font-weight: normal; font-style: normal; font-variant: normal; text-decoration: none; vertical-align: baseline\" id=\"internal-source-marker_0.4960049620056576\"><\/span><span style=\"font-size: 10pt; font-family: Verdana; color: #000000; background-color: transparent; font-weight: normal; font-style: normal; font-variant: normal; text-decoration: none; vertical-align: baseline\">Za  chwil\u0119 minie miesi\u0105c, gdy opustosza\u0142a widownia i scena amfiteatru  opolskiego, wybrzmia\u0142y g\u0142osy artyst\u00f3w, ucich\u0142a orkiestra, zamilk\u0142y  mikrofony. Tegoroczny festiwal og\u00f3lnie by\u0142 nawet ciekawy. Ja jednak nie  mog\u0119 przesta\u0107 s\u0142ucha\u0107 wieczoru po\u015bwi\u0119conego Ewie Demarczyk. I, dzi\u0119ki  telewizji Internetowej, s\u0142ucham tego wieczoru&#8230; co wiecz\u00f3r. <\/span><!--more--><span style=\"font-size: 10pt; font-family: Verdana; color: #000000; background-color: transparent; font-weight: normal; font-style: normal; font-variant: normal; text-decoration: none; vertical-align: baseline\">Oczywi\u015bcie  g\u0142\u00f3wnie dla piosenek \u201eCzarnego Anio\u0142a Polskiej Piosenki\u201d, jak nazywa\u0142 j\u0105  nieod\u017ca\u0142owany Lucjan Kydry\u0144ski, muzyki Zygmunta Koniecznego, ale te\u017c  dla znakomitych kreacji polskich piosenkarek, fantastycznych  interpretacji wspania\u0142ych aktorek, \u017ce wymieni\u0119 Ann\u0119 Czartorysk\u0105, w  \u015bwietnym wykonaniu \u201e<\/span><span style=\"font-size: 10pt; font-family: Verdana; color: #000000; background-color: transparent; font-weight: normal; font-style: italic; font-variant: normal; text-decoration: none; vertical-align: baseline\">Walca Brillante\u201d, <\/span><span style=\"font-size: 10pt; font-family: Verdana; color: #000000; background-color: transparent; font-weight: normal; font-style: normal; font-variant: normal; text-decoration: none; vertical-align: baseline\">czy King\u0119 Preis w niezwykle ekspresyjnej interpretacji \u201e<\/span><span style=\"font-size: 10pt; font-family: Verdana; color: #000000; background-color: transparent; font-weight: normal; font-style: italic; font-variant: normal; text-decoration: none; vertical-align: baseline\">Tomaszowa\u201d. <\/span><span style=\"font-size: 10pt; font-family: Verdana; color: #000000; background-color: transparent; font-weight: normal; font-style: normal; font-variant: normal; text-decoration: none; vertical-align: baseline\">\u00a0I  musia\u0142em w ko\u0144cu usi\u0105\u015b\u0107 i zapisa\u0107 te moje wra\u017cenia po kilkunastokrotnym  s\u0142uchaniu, bo s\u0105 chwile, kt\u00f3rych nie chce si\u0119 zapomnie\u0107, kt\u00f3rym chce  si\u0119 postawi\u0107 pomnik w naszej pami\u0119ci. Tak\u0105 \u201echwil\u0105\u201d by\u0142 w\u0142a\u015bnie wiecz\u00f3r  po\u015bwi\u0119conych Ewie Demarczyk.<\/span><br \/>\n<span style=\"font-size: 10pt; font-family: Verdana; color: #000000; background-color: transparent; font-weight: normal; font-style: normal; font-variant: normal; text-decoration: none; vertical-align: baseline\">Jestem  niezmiernie wdzi\u0119czny organizatorom festiwalu, \u017ce wymy\u015blili ten  koncert, \u017ce wcze\u015bniej, na pewno du\u017co wcze\u015bniej poprosili Krzesimira  D\u0119bskiego o aran\u017cacje, \u017ce wreszcie konferansjerk\u0119 zlecili Marcinowi  Kydry\u0144skiemu.<\/span><br \/>\n<span style=\"font-size: 10pt; font-family: Verdana; color: #000000; background-color: transparent; font-weight: normal; font-style: normal; font-variant: normal; text-decoration: none; vertical-align: baseline\">I pojawi\u0142 si\u0119 tamten czas, czas dystyngowanych konferansjer\u00f3w, kt\u00f3rzy nie krzycz\u0105 nachalnie <\/span><span style=\"font-size: 10pt; font-family: Verdana; color: #000000; background-color: transparent; font-weight: normal; font-style: italic; font-variant: normal; text-decoration: none; vertical-align: baseline\">podoba si\u0119 wam? To<\/span><span style=\"font-size: 10pt; font-family: Verdana; color: #000000; background-color: transparent; font-weight: normal; font-style: normal; font-variant: normal; text-decoration: none; vertical-align: baseline\"> <\/span><span style=\"font-size: 10pt; font-family: Verdana; color: #000000; background-color: transparent; font-weight: normal; font-style: italic; font-variant: normal; text-decoration: none; vertical-align: baseline\">wielkie brawa! kochamy was! kochamy Opole!<\/span><br \/>\n<span style=\"font-size: 10pt; font-family: Verdana; color: #000000; background-color: transparent; font-weight: normal; font-style: normal; font-variant: normal; text-decoration: none; vertical-align: baseline\">Powr\u00f3ci\u0142  czas konferansjer\u00f3w, kt\u00f3rzy mieli co\u015b do powiedzenia. A mia\u0142 pan Marcin  do powiedzenia wiele, oj bardzo wiele. R\u00f3wnie wiele mia\u0142y do  powiedzenia aran\u017ce Krzesimira, do kt\u00f3rego mam pretensje, \u017ce nie  pochwali\u0142 mi si\u0119 t\u0105 swoj\u0105 wielk\u0105 prac\u0105, kiedy spotkali\u015bmy si\u0119 w Nowym  Jorku. Pojawi\u0142y si\u0119 &#8222;intelektualne cisze&#8221; mi\u0119dzy frazami i kompletna, wzruszaj\u0105ca cisza  podczas ka\u017cdej z dziesi\u0119ciu piosenek i owacja na stoj\u0105co \u017cegnaj\u0105ca  wspania\u0142e artystki.<\/span><br \/>\n<span style=\"font-size: 10pt; font-family: Verdana; color: #000000; background-color: transparent; font-weight: normal; font-style: normal; font-variant: normal; text-decoration: none; vertical-align: baseline\">Marcin  Kydry\u0144ski, kt\u00f3ry opr\u00f3cz subtelnego \u201er\u201d, sporo talentu prezenterskiego  odziedziczy\u0142 po swoim wielkim ojcu, \u201eprzemyci\u0142\u201d kilka, niezwykle wa\u017cnych  przes\u0142a\u0144, &#8211; nie obawiam si\u0119 tak w\u0142a\u015bnie nazwa\u0107 te kilka zda\u0144, kt\u00f3re,  oby trafi\u0142y do jak najszerszej rzeszy s\u0142uchaczy, ale przede wszystkim do  nowej generacji konferansjer\u00f3w, jako te\u017c i piosenkarzy.<\/span><br \/>\n<span style=\"font-size: 10pt; font-family: Verdana; color: #000000; background-color: transparent; font-weight: normal; font-style: normal; font-variant: normal; text-decoration: none; vertical-align: baseline\">Zapowiadaj\u0105c King\u0119 Pries w piosence <\/span><span style=\"font-size: 10pt; font-family: Verdana; color: #000000; background-color: transparent; font-weight: normal; font-style: italic; font-variant: normal; text-decoration: none; vertical-align: baseline\">Tomasz\u00f3w<\/span><span style=\"font-size: 10pt; font-family: Verdana; color: #000000; background-color: transparent; font-weight: normal; font-style: normal; font-variant: normal; text-decoration: none; vertical-align: baseline\"> powiedzia\u0142:<\/span><br \/>\n<span style=\"font-size: 10pt; font-family: Verdana; color: #000000; background-color: transparent; font-weight: normal; font-style: italic; font-variant: normal; text-decoration: none; vertical-align: baseline\">\u201e&#8230;Jak  dobrze jest si\u0119ga\u0107 do piosenek o takim uroku. By\u0107 mo\u017ce dawno ich nie  s\u0142yszeli\u015bmy, by\u0107 mo\u017ce dobrze wraca\u0107 do nich pami\u0119ci\u0105; powraca w\u0142a\u015bnie  w\u00f3wczas wiele zapach\u00f3w, smak\u00f3w, pi\u0119kne chwile. Ale dobrze, a mo\u017ce i  nawet jeszcze lepiej obcowa\u0107 codziennie z piosenkami najwy\u017cszej pr\u00f3by;  nie m\u00f3c si\u0119 od nich uwolni\u0107, nie m\u00f3c si\u0119 z nich otrz\u0105sn\u0105\u0107. My\u015bl\u0119, \u017ce  wtedy zapisuje nam si\u0119 w krwiobiegu w\u0142a\u015bciwa hierarchia warto\u015bci. Po  prostu dobry smak\u201d.<\/span><br \/>\n<span style=\"font-size: 10pt; font-family: Verdana; color: #000000; background-color: transparent; font-weight: normal; font-style: normal; font-variant: normal; text-decoration: none; vertical-align: baseline\">C\u00f3\u017c  uj\u0105\u0107, c\u00f3\u017c doda\u0107? Wystarczy pos\u0142ucha\u0107 i popatrze\u0107 na obecnych  \u201ebohater\u00f3w\u201d rozrabiaj\u0105cych na estradach. Ale ta zapa\u015b\u0107 dobrze wr\u00f3\u017cy.  Wierz\u0119, \u017ce pojawi\u0105 si\u0119 \u201ewielcy\u201d. Oni s\u0105 i teraz, ale nieco &#8222;przyduszeni&#8221; nachalno\u015bci\u0105 miernoty. Piosenki Ewy Demarczyk wchodz\u0105 w dusz\u0119  nawet, gdy \u015bpiewaj\u0105 je inne artystki, byle tylko nie podrygiwa\u0142y, byle  nie obna\u017ca\u0142y swoich cia\u0142 i nie wdziewa\u0142y wulgarnych stroj\u00f3w, ani nawet  niekoniecznie wulgarnych, ale tych upszczonych, udziwnionych. I nawet  rusza\u0107 si\u0119 nie musz\u0105<\/span><span style=\"font-size: 11pt; font-family: Arial; color: #000000; background-color: transparent; font-weight: normal; font-style: normal; font-variant: normal; text-decoration: none; vertical-align: baseline\">. <\/span><span style=\"font-size: 10pt; font-family: Verdana; color: #000000; background-color: transparent; font-weight: normal; font-style: normal; font-variant: normal; text-decoration: none; vertical-align: baseline\">Ta sztuka nie potrzebowa\u0142a i nadal nie potrzebuje niczego innego opr\u00f3cz s\u0142\u00f3w i muzyki.<\/span><br \/>\n<span style=\"font-size: 10pt; font-family: Verdana; color: #000000; background-color: transparent; font-weight: normal; font-style: normal; font-variant: normal; text-decoration: none; vertical-align: baseline\">A <\/span><span style=\"font-size: 10pt; font-family: Verdana; color: #000000; background-color: transparent; font-weight: normal; font-style: italic; font-variant: normal; text-decoration: none; vertical-align: baseline\">Tomasz\u00f3w<\/span><span style=\"font-size: 10pt; font-family: Verdana; color: #000000; background-color: transparent; font-weight: normal; font-style: normal; font-variant: normal; text-decoration: none; vertical-align: baseline\">  w \u015bpiewie Kingi Preis? Nie mam poj\u0119cia, jak ona to zrobi\u0142a, czy to  warsztat aktorski, czy autentyczne \u0142zy wzruszonej artystki? Nie wiem i  nie mam ochoty dochodzi\u0107, bo to, co ta aktorka daje do prze\u017cycia po  prostu powala, a tocz\u0105ce si\u0119 po jej policzkach \u0142zy, wbijaj\u0105 mnie w  fotel. My\u015bl\u0119, \u017ce Ewa Demarczyk mog\u0142a by\u0107 zadowolona i  usatysfakcjonowana, ze wszystkich wykona\u0144 tak, jak zadowolona i do g\u0142\u0119bi  wzruszona by\u0142a publiczno\u015b\u0107.<\/span><br \/>\n<span style=\"font-size: 10pt; font-family: Verdana; color: #000000; background-color: transparent; font-weight: normal; font-style: italic; font-variant: normal; text-decoration: none; vertical-align: baseline\">\u201e&#8230;Ale  Ewa Demarczyk unika\u0142a rozg\u0142osu, bardzo niech\u0119tnie udziela\u0142a wywiad\u00f3w, a  kiedy sztuk\u0119 zdominowa\u0142a komercja i pop-kultura, ona w\u0142a\u015bciwie usun\u0119\u0142a  si\u0119 w cie\u0144, wycofa\u0142a z \u017cycia publicznego. -Nie jestem na sprzeda\u017c-  m\u00f3wi\u0142a\u201d.<\/span><br \/>\n<span style=\"font-size: 10pt; font-family: Verdana; color: #000000; background-color: transparent; font-weight: normal; font-style: normal; font-variant: normal; text-decoration: none; vertical-align: baseline\">To  kolejny cytat ze znakomitej, pe\u0142nej wdzi\u0119ku i olbrzymiej kultury  konferansjerki Marcina Kydry\u0144skiego. Jak\u017ce to nie pasuje do tego, co  dzisiaj dzieje si\u0119 w tej dziedzinie. \u201ePowr\u00f3t\u201d Ewy Demarczyk na deski  opolskiej sceny by\u0142 ogromnym tryumfem. Czy kto\u015b za czterdzie\u015bci pi\u0119\u0107 lat  b\u0119dzie pami\u0119ta\u0142 jaki\u015b przeb\u00f3j artystki, znanej dzisiaj z czterech liter  zaczynaj\u0105cych si\u0119 na \u201eD\u201d? Podejrzewam&#8230;, \u017ce w\u0105tpi\u0119.<\/span><br \/>\n<span style=\"font-size: 10pt; font-family: Verdana; color: #000000; background-color: transparent; font-weight: normal; font-style: normal; font-variant: normal; text-decoration: none; vertical-align: baseline\">Ale mam jak\u0105\u015b dziwn\u0105 pewno\u015b\u0107, \u017ce ta na \u201eD\u201d, ale z dziewi\u0119cioma literami b\u0119dzie jeszcze \u015bpiewana i s\u0142uchana.<\/span><\/p>\n","protected":false},"excerpt":{"rendered":"<p>Za chwil\u0119 minie miesi\u0105c, gdy opustosza\u0142a widownia i scena amfiteatru opolskiego, wybrzmia\u0142y g\u0142osy artyst\u00f3w, ucich\u0142a orkiestra, zamilk\u0142y mikrofony. Tegoroczny festiwal og\u00f3lnie by\u0142 nawet ciekawy. Ja jednak nie mog\u0119 przesta\u0107 s\u0142ucha\u0107 wieczoru po\u015bwi\u0119conego Ewie Demarczyk. I, dzi\u0119ki telewizji Internetowej, s\u0142ucham tego wieczoru&#8230; co wiecz\u00f3r.<\/p>\n","protected":false},"author":2,"featured_media":0,"comment_status":"open","ping_status":"open","sticky":false,"template":"","format":"standard","meta":[],"categories":[5],"tags":[],"_links":{"self":[{"href":"https:\/\/sporek.com\/blog\/index.php?rest_route=\/wp\/v2\/posts\/294"}],"collection":[{"href":"https:\/\/sporek.com\/blog\/index.php?rest_route=\/wp\/v2\/posts"}],"about":[{"href":"https:\/\/sporek.com\/blog\/index.php?rest_route=\/wp\/v2\/types\/post"}],"author":[{"embeddable":true,"href":"https:\/\/sporek.com\/blog\/index.php?rest_route=\/wp\/v2\/users\/2"}],"replies":[{"embeddable":true,"href":"https:\/\/sporek.com\/blog\/index.php?rest_route=%2Fwp%2Fv2%2Fcomments&post=294"}],"version-history":[{"count":0,"href":"https:\/\/sporek.com\/blog\/index.php?rest_route=\/wp\/v2\/posts\/294\/revisions"}],"wp:attachment":[{"href":"https:\/\/sporek.com\/blog\/index.php?rest_route=%2Fwp%2Fv2%2Fmedia&parent=294"}],"wp:term":[{"taxonomy":"category","embeddable":true,"href":"https:\/\/sporek.com\/blog\/index.php?rest_route=%2Fwp%2Fv2%2Fcategories&post=294"},{"taxonomy":"post_tag","embeddable":true,"href":"https:\/\/sporek.com\/blog\/index.php?rest_route=%2Fwp%2Fv2%2Ftags&post=294"}],"curies":[{"name":"wp","href":"https:\/\/api.w.org\/{rel}","templated":true}]}}