{"id":295,"date":"2011-07-08T23:02:36","date_gmt":"2011-07-09T03:02:36","guid":{"rendered":"http:\/\/sporek.com\/blog\/?p=295"},"modified":"2011-07-08T23:04:23","modified_gmt":"2011-07-09T03:04:23","slug":"o-retykabarety-bzdety","status":"publish","type":"post","link":"https:\/\/sporek.com\/blog\/?p=295","title":{"rendered":"O rety&#8230;kabarety, bzdety!"},"content":{"rendered":"<p><span style=\"font-size: 10pt; font-family: Verdana; color: #000000; background-color: transparent; font-weight: normal; font-style: normal; font-variant: normal; text-decoration: none; vertical-align: baseline\" id=\"internal-source-marker_0.09134509085316489\"><\/span><span style=\"font-size: 10pt; font-family: Verdana; color: #000000; background-color: transparent; font-weight: normal; font-style: normal; font-variant: normal; text-decoration: none; vertical-align: baseline\" id=\"internal-source-marker_0.09134509085316489\"><\/span><br \/>\n<span style=\"font-size: 10pt; font-family: Verdana; color: #000000; background-color: transparent; font-weight: normal; font-style: normal; font-variant: normal; text-decoration: none; vertical-align: baseline\">Jesieni\u0105  planuj\u0119 zaprosi\u0107 do Nowego Jorku i o\u015bciennych stan\u00f3w legend\u0119 polskiej  piosenki, niezapomnian\u0105 i cudown\u0105 Halin\u0119 Kunick\u0105. Jeste\u015bmy ju\u017c \u201cpo  s\u0142owie\u201d i plany s\u0105 na pa\u017adziernik; albo koniec, albo prze\u0142om z  listopadem.<\/span><!--more--><\/p>\n<p><span style=\"font-size: 10pt; font-family: Verdana; color: #000000; background-color: transparent; font-weight: normal; font-style: normal; font-variant: normal; text-decoration: none; vertical-align: baseline\">W ka\u017cdym razie powoli zaprz\u0119gam si\u0119 do pracy i tak sobie  palanuj\u0119, planuj\u0119, zapisuj\u0119, ogl\u0105dam map\u0119, rozeznaj\u0119 te polskie sale  koncertowe (<\/span><span style=\"font-size: 10pt; font-family: Verdana; color: #000000; background-color: transparent; font-weight: normal; font-style: italic; font-variant: normal; text-decoration: none; vertical-align: baseline\">nie ma ani jednej z prawdziwego zdarzenia<\/span><span style=\"font-size: 10pt; font-family: Verdana; color: #000000; background-color: transparent; font-weight: normal; font-style: normal; font-variant: normal; text-decoration: none; vertical-align: baseline\">)<\/span><span style=\"font-size: 11pt; font-family: Arial; color: #000000; background-color: transparent; font-weight: normal; font-style: normal; font-variant: normal; text-decoration: none; vertical-align: baseline\">  i jako\u015b mi by\u0142o za cicho, za nudno. Pracuj\u0105c \u00a0na \u00a0monitorze na wprost  mnie, wrzuci\u0142em TV Polonia na ekranie po prawej i wybra\u0142em \u201ckabarety\u201d. Na  pierwszym miejscu listy programow kabaretowych \u201cPojedynek gigantow\u201d,  cz\u0119\u015b<\/span><span style=\"font-size: 10pt; font-family: Verdana; color: #000000; background-color: transparent; font-weight: normal; font-style: normal; font-variant: normal; text-decoration: none; vertical-align: baseline\">\u0107 I-a i II-ga. <\/span><br \/>\n<span style=\"font-size: 10pt; font-family: Verdana; color: #000000; background-color: transparent; font-weight: normal; font-style: normal; font-variant: normal; text-decoration: none; vertical-align: baseline\">-Fajnie &#8211; pomy\u015bla\u0142em &#8211; nie b\u0119dzie mi si\u0119 nudzi\u0142o i robota p\u00f3jdzie szybciej, \u0142atwiej i przyjemniej.<\/span><br \/>\n<span style=\"font-size: 10pt; font-family: Verdana; color: #000000; background-color: transparent; font-weight: normal; font-style: normal; font-variant: normal; text-decoration: none; vertical-align: baseline\">Po  kr\u00f3tkim jednak czasie zrezygnowa\u0142em z s\u0142uchania i ogl\u0105dania k\u0105tem oka  tego, co dzia\u0142o si\u0119 na scenie, oderwa\u0142em si\u0119 od mojej pracy i otworzy\u0142em  drug\u0105 cze\u015b\u0107 \u201cpojedynku\u201d. Gigantami byly kabarety \u201cAni Mru, Mru\u201d i  \u201cMoralnego niepokoju\u201d. Druga cz\u0119\u015b\u0107 okaza\u0142a si\u0119 by\u0107 tak\u0105 sam\u0105 tandet\u0105 i  miernot\u0105, jak pierwsza. Facet, kt\u00f3ry zapowiada\u0142 to wszystko \u015bci\u0105gni\u0119ty  zosta\u0142 prawdopodobnie z jakiej\u015b zabitej wiochy i chyba jeszcze musia\u0142  okaza\u0107 za\u015bwiadczenie, \u017ce nie chodzi\u0142 do normalnej szko\u0142y; powtarza\u0142  s\u0142owa po kilka razy, wo\u0142a\u0142 o \u201cwielkie brawa\u201d, a g\u0142os mia\u0142 tak okropny,  \u017ce robi\u0142o si\u0119 niedobrze.<\/span><br \/>\n<span style=\"font-size: 10pt; font-family: Verdana; color: #000000; background-color: transparent; font-weight: normal; font-style: normal; font-variant: normal; text-decoration: none; vertical-align: baseline\">Jakie\u017c  by\u0142o moje zaskoczenie, gdy krzycz\u0105cy \u201czapowiadacz\u201d oznajmi\u0142, \u017ce  pojedynek ten \u201cs\u0119dziuj\u0105\u201d dwaj sprawozdawcy sportowi &#8211; Dariusz Szpakowski  i Przemys\u0142aw Babiarz. I jeszcze wi\u0119ksze, gdy obydwaj zacz\u0119li si\u0119  wysila\u0107 na g\u00f3rnolotne komentarze: \u201cuj\u0119\u0142o mnie\u201d, zbudowa\u0142o mnie\u201d,  \u201cporwa\u0142o mnie\u201d i tego typu bla, bla, bla. \u017be-na-da.<\/span><br \/>\n<span style=\"font-size: 10pt; font-family: Verdana; color: #000000; background-color: transparent; font-weight: normal; font-style: normal; font-variant: normal; text-decoration: none; vertical-align: baseline\">I  tak sobie pomy\u015bla\u0142em: Rz\u0105d upad\u0142 ju\u017c poni\u017cej krytyki &#8211; moralnie,  intelektualnie, obyczajowo. A i kabarety posz\u0142y jego \u015bladem:  poprzebierane, wyko\u015blawione, z doprawianymi z\u0119bami, dziwn\u0105 artykulacj\u0105.  Bez tre\u015bci, &#8211; ma by\u0107 wyg\u0142up. Kiedy sala wybucha\u0142a \u015bmiechem i burz\u0105  oklask\u00f3w, zastanawia\u0142em si\u0119: albo wszyscy weszli za darmo, albo jeszcze  im dop\u0142acono?<\/span><br \/>\n<span style=\"font-size: 10pt; font-family: Verdana; color: #000000; background-color: transparent; font-weight: normal; font-style: normal; font-variant: normal; text-decoration: none; vertical-align: baseline\">I  wspomina\u0142em Kabaret Starszych Pan\u00f3w, wi\u0119c Wasowskiego i Przybor\u0119,  kabaret Dudek, a wi\u0119c Dziewo\u0144skiego, Kobuszewskiego, Kwiatkowsk\u0105,  Go\u0142asa, Michnikowskiego. Kabaret Olgi Lipi\u0144skiej i tego fantastycznego  Gajosa i Majewskiego,<\/span><span style=\"font-size: 11pt; font-family: Arial; color: #000000; background-color: transparent; font-weight: normal; font-style: normal; font-variant: normal; text-decoration: none; vertical-align: baseline\"> kt\u00f3ry cho<\/span><span style=\"font-size: 10pt; font-family: Verdana; color: #000000; background-color: transparent; font-weight: normal; font-style: normal; font-variant: normal; text-decoration: none; vertical-align: baseline\">\u0107  pianist\u0105 by\u0142 wm\u00f3wi\u0142 Polakom \u00f3w \u015bmieszny slogan: \u201cczy ja mam gra\u0107?\u201d;  Laskowik, Smole\u0144 i wreszcie najwybitniejszy z nich wszystkich, cho\u0107by  dlatego, \u017ce w przygniataj\u0105cej wi\u0119kszo\u015bci to, co \u015bpiewa\u0142 i \u201cmonologowa\u0142\u201d,  to by\u0142a jego wena tw\u00f3rcza. I cho\u0107by dlatego, \u017ce on jedyny najbardziej  by\u0142 przez ubecj\u0119 n\u0119kany, \u017ce stworzy\u0142 przeb\u00f3j, kt\u00f3ry z jednej strony sta\u0142  si\u0119 has\u0142em patriotycznym, z drugiej pie\u015b\u0144 ta, to nic innego, jak  znakomita lekcja historii.<\/span><br \/>\n<span style=\"font-size: 10pt; font-family: Verdana; color: #000000; background-color: transparent; font-weight: normal; font-style: normal; font-variant: normal; text-decoration: none; vertical-align: baseline\">\u201c\u017beby  Polska by\u0142a Polsk\u0105\u201d. Nie b\u0119dzie k\u0142amstwem, ani przesad\u0105, \u017ce \u015bpiewali  ten utw\u00f3r, albo tylko jego dwulinijkowy refren Polacy pod ka\u017cd\u0105  szeroko\u015bci\u0105 geograficzn\u0105.<\/span><br \/>\n<span style=\"font-size: 10pt; font-family: Verdana; color: #000000; background-color: transparent; font-weight: normal; font-style: normal; font-variant: normal; text-decoration: none; vertical-align: baseline\">Jak Pa\u0144stwo my\u015blicie &#8211; dlaczego Pietrzak zn\u00f3w w podziemiu, a na szklanym ekranie debilizm? <\/span><\/p>\n","protected":false},"excerpt":{"rendered":"<p>Jesieni\u0105 planuj\u0119 zaprosi\u0107 do Nowego Jorku i o\u015bciennych stan\u00f3w legend\u0119 polskiej piosenki, niezapomnian\u0105 i cudown\u0105 Halin\u0119 Kunick\u0105. Jeste\u015bmy ju\u017c \u201cpo s\u0142owie\u201d i plany s\u0105 na pa\u017adziernik; albo koniec, albo prze\u0142om z listopadem.<\/p>\n","protected":false},"author":2,"featured_media":0,"comment_status":"open","ping_status":"open","sticky":false,"template":"","format":"standard","meta":[],"categories":[1],"tags":[],"_links":{"self":[{"href":"https:\/\/sporek.com\/blog\/index.php?rest_route=\/wp\/v2\/posts\/295"}],"collection":[{"href":"https:\/\/sporek.com\/blog\/index.php?rest_route=\/wp\/v2\/posts"}],"about":[{"href":"https:\/\/sporek.com\/blog\/index.php?rest_route=\/wp\/v2\/types\/post"}],"author":[{"embeddable":true,"href":"https:\/\/sporek.com\/blog\/index.php?rest_route=\/wp\/v2\/users\/2"}],"replies":[{"embeddable":true,"href":"https:\/\/sporek.com\/blog\/index.php?rest_route=%2Fwp%2Fv2%2Fcomments&post=295"}],"version-history":[{"count":0,"href":"https:\/\/sporek.com\/blog\/index.php?rest_route=\/wp\/v2\/posts\/295\/revisions"}],"wp:attachment":[{"href":"https:\/\/sporek.com\/blog\/index.php?rest_route=%2Fwp%2Fv2%2Fmedia&parent=295"}],"wp:term":[{"taxonomy":"category","embeddable":true,"href":"https:\/\/sporek.com\/blog\/index.php?rest_route=%2Fwp%2Fv2%2Fcategories&post=295"},{"taxonomy":"post_tag","embeddable":true,"href":"https:\/\/sporek.com\/blog\/index.php?rest_route=%2Fwp%2Fv2%2Ftags&post=295"}],"curies":[{"name":"wp","href":"https:\/\/api.w.org\/{rel}","templated":true}]}}