{"id":296,"date":"2011-07-21T01:12:58","date_gmt":"2011-07-21T05:12:58","guid":{"rendered":"http:\/\/sporek.com\/blog\/?p=296"},"modified":"2011-07-21T01:22:30","modified_gmt":"2011-07-21T05:22:30","slug":"polska-w-glowach-glowy-w-polsce","status":"publish","type":"post","link":"https:\/\/sporek.com\/blog\/?p=296","title":{"rendered":"Polska w g\u0142owach &#8211; G\u0142owy w Polsce"},"content":{"rendered":"<p><span style=\"font-size: 10pt; font-family: Verdana; color: #000000; background-color: transparent; font-weight: normal; font-style: normal; font-variant: normal; text-decoration: none; vertical-align: baseline\" id=\"internal-source-marker_0.9970926324993994\"><\/span><span style=\"font-size: 10pt; font-family: Verdana; color: #000000; background-color: transparent; font-weight: normal; font-style: normal; font-variant: normal; text-decoration: none; vertical-align: baseline\" id=\"internal-source-marker_0.9970926324993994\">Min\u0119\u0142o  pi\u0119tna\u015bcie miesi\u0119cy. Katastrofa smole\u0144ska nie znalaz\u0142a wyja\u015bnienia.  Pono\u0107 jest \u201cRaport Millera\u201d. Sporz\u0105dzono go bez badania wraku, bez  badania wybitych szyb (po co je wybito?), bez zapis\u00f3w z czarnych  skrzynek. Fajny raport, nie powiem. Sporz\u0105dzi\u0142a go komisja \u015bledcza pod  wodz\u0105 szefa Ministerstwa Spraw Wewn\u0119trznych i Administracji pa\u0144stwa  mieni\u0105cego si\u0119 by\u0107 wzorcowym i jednym z pierwszych w Europie.<\/span><span style=\"font-size: 10pt; font-family: Verdana; color: #000000; background-color: transparent; font-weight: normal; font-style: normal; font-variant: normal; text-decoration: none; vertical-align: baseline\"> <\/span><!--more--><span style=\"font-size: 10pt; font-family: Verdana; color: #000000; background-color: transparent; font-weight: normal; font-style: normal; font-variant: normal; text-decoration: none; vertical-align: baseline\">Prace  najd\u0142u\u017cej dzia\u0142aj\u0105cej i najwi\u0119cej kosztuj\u0105cej polskich podatnik\u00f3w  komisji d\/s zbadania okoliczno\u015bci \u015bmierci Barbary Blidy zako\u0144czy\u0142y si\u0119  wnioskiem o skierowanie najwi\u0119kszego rywala mi\u0142o\u015bciwie nam panuj\u0105cego  Donalda Tuska, Jaros\u0142awa Kaczy\u0144skiego na badania psychiatryczne. Bez  komisji, za darmo proponowa\u0142 to ju\u017c by\u0142y nadworny \u201csta\u0144czyk\u201d PO,  specjalista od napoj\u00f3w wyskokowych z Lublina, o pseudonimie \u201cPal i Kot\u201d.  Nie kosztowa\u0142o to podatnik\u00f3w ani grosza. Ot, po prostu gada\u0142 sobie  ch\u0142op na miedzy.<\/span><br \/>\n<span style=\"font-size: 10pt; font-family: Verdana; color: #000000; background-color: transparent; font-weight: normal; font-style: normal; font-variant: normal; text-decoration: none; vertical-align: baseline\">Komisja  Millera sp\u0142odzi\u0142a raport i okaza\u0142o si\u0119, \u017ce nie mo\u017ce by\u0107 opublikowany,  bo musi najpierw by\u0107 przet\u0142umaczony. Na ruski i na angielski. To Polacy  ju\u017c po polsku nie poradz\u0105 czyta\u0107, czy te\u017c sejm znowu ustali\u0142 jak\u0105\u015b  g\u0142upot\u0119, kt\u00f3ra m\u00f3wi, \u017ce Polak nie mo\u017ce nic po polsku przeczyta\u0107 dop\u00f3ki  nie b\u0119dzie tego m\u00f3g\u0142 przeczyta\u0107 Anglik i Rusek.<\/span><br \/>\n<span style=\"font-size: 10pt; font-family: Verdana; color: #000000; background-color: transparent; font-weight: normal; font-style: normal; font-variant: normal; text-decoration: none; vertical-align: baseline\">Ot, niezale\u017cna suwerenno\u015b\u0107 niezale\u017cnego, suwerennego pa\u0144stwa przewodz\u0105cego Europie.<\/span><br \/>\n<span style=\"font-size: 10pt; font-family: Verdana; color: #000000; background-color: transparent; font-weight: normal; font-style: normal; font-variant: normal; text-decoration: none; vertical-align: baseline\">Teraz  przecieki z tego\u017c raportu. I nic. Sejm \u015bpi \u00a0w najlepsze, gdy na jego  oczach angielski parlament rozwala na funty szterlingi swojego premiera o  kontakty z korporacj\u0105 wydawnicz\u0105 pozwalaj\u0105c\u0105 sobie w\u0142a\u015bnie na  drukowanie przeciek\u00f3w. Ale to w Anglii, &#8211; nasza chata z kraja. U nas  przecieki mog\u0105 by\u0107.<\/span><br \/>\n<span style=\"font-size: 10pt; font-family: Verdana; color: #000000; background-color: transparent; font-weight: normal; font-style: normal; font-variant: normal; text-decoration: none; vertical-align: baseline\">Poczucie  suwerenno\u015bci i mi\u0142o\u015bci do w\u0142asnego kraju, ju\u017c niebawem ka\u017ce w\u0142adcom  Polski sprzeda\u0107 ostatni\u0105 z niezwykle wa\u017cnych ga\u0142\u0119zi przemys\u0142u &#8211; LOTOS.  Kupi\u0105 go Rosjanie i Polska ma z g\u0142owy. Pozostanie tylko si\u0119 modli\u0107, \u017ceby  Putnia obalili i nasta\u0142a jaka\u015b pierestrojka, bo kurek do ropy i  ropo-pochodnych b\u0119dzie wy\u0142\u0105cznie w Moskwie.<\/span><br \/>\n<span style=\"font-size: 10pt; font-family: Verdana; color: #000000; background-color: transparent; font-weight: normal; font-style: normal; font-variant: normal; text-decoration: none; vertical-align: baseline\">Pozosta\u0142y  ostatnie dwa tygodnie, aby spo\u0142ecze\u0144stwo z\u0142o\u017cy\u0142o sto tysi\u0119cy podpis\u00f3w  pod protestem w sprawie sprzeda\u017cy LOTOSU. Czy uzbiera si\u0119 sto tysi\u0119cy?<\/span><br \/>\n<span style=\"font-size: 10pt; font-family: Verdana; color: #000000; background-color: transparent; font-weight: normal; font-style: normal; font-variant: normal; text-decoration: none; vertical-align: baseline\">Nie  s\u0105dz\u0119. M\u00f3j wspania\u0142y przyjaciel, wielki my\u015bliciel, naukowiec, artysta  grafik, wynalazca nieistniej\u0105cej jeszcze do po\u0142owy lat osiemdziesi\u0105tych  minionego stulecia figury geometrycznej zwanej przez niego K-dron,  Janusz Kapusta zapyta\u0142 mi niedawno:<\/span><br \/>\n<span style=\"font-size: 10pt; font-family: Verdana; color: #000000; background-color: transparent; font-weight: normal; font-style: normal; font-variant: normal; text-decoration: none; vertical-align: baseline\">-Wiesz, jaka jest r\u00f3\u017cnica mi\u0119dzy nami, emigrantami, a Polakami mieszkaj\u0105cymi w Polsce?<\/span><br \/>\n<span style=\"font-size: 10pt; font-family: Verdana; color: #000000; background-color: transparent; font-weight: normal; font-style: normal; font-variant: normal; text-decoration: none; vertical-align: baseline\">Nie  pr\u00f3bowa\u0142em wymy\u015bla\u0107, bo cokolwiek bym powiedzia\u0142 by\u0142oby truizmem.  Janusz ma absolutnie oryginalne spojrzenie i nie ma co z nim konkurowa\u0107.<\/span><br \/>\n<span style=\"font-size: 10pt; font-family: Verdana; color: #000000; background-color: transparent; font-weight: normal; font-style: normal; font-variant: normal; text-decoration: none; vertical-align: baseline\">-Nie b\u0119d\u0119 wymy\u015bla\u0142, po prostu mi powiedz &#8211; podda\u0142em si\u0119.<\/span><br \/>\n<span style=\"font-size: 10pt; font-family: Verdana; color: #000000; background-color: transparent; font-weight: normal; font-style: normal; font-variant: normal; text-decoration: none; vertical-align: baseline\">-A no taka, \u017ce my mamy Polsk\u0119 w g\u0142owach, a oni maj\u0105 g\u0142owy w Polsce.<\/span><br \/>\n<span style=\"font-size: 10pt; font-family: Verdana; color: #000000; background-color: transparent; font-weight: normal; font-style: normal; font-variant: normal; text-decoration: none; vertical-align: baseline\">Czy trzeba co\u015b doda\u0107? Janusz w\u0142a\u015bnie odkry\u0142 co\u015b niezwyk\u0142ego i do b\u00f3lu prawdziwego.<\/span><br \/>\n<span style=\"font-size: 10pt; font-family: Verdana; color: #000000; background-color: transparent; font-weight: normal; font-style: normal; font-variant: normal; text-decoration: none; vertical-align: baseline\">Na  domiar z\u0142ego ponad sze\u015b\u0107set tysi\u0119cy rodak\u00f3w jest zad\u0142u\u017cona we frankach  szwajcarskich. Czy oni maj\u0105 g\u0142ow\u0119 do tego, \u017ceby mie\u0107 w niej Polsk\u0119? A ta  ogromna liczba ludzi \u017cyj\u0105cych poni\u017cej \u015bredniej? Emeryt\u00f3w z nagrod\u0105 za  dziesi\u0105tki lat pracy w wysoko\u015bci nie przekraczaj\u0105cej 600 z\u0142otych? Czy  oni maj\u0105 w g\u0142owach miejsce na Polsk\u0119? Nie, bo jako\u015b trzeba zwi\u0105za\u0107 1-szy  z 31-szym. I tak co miesi\u0105c.<\/span><br \/>\n<span style=\"font-size: 10pt; font-family: Verdana; color: #000000; background-color: transparent; font-weight: normal; font-style: normal; font-variant: normal; text-decoration: none; vertical-align: baseline\">A mi\u0142o\u015bciwie panuj\u0105cy DT powie za kilka tygodni: Polacy nie zebrrrrali podpis\u00f3w, widocznie chc\u0105, \u017ceby\u015bmy ten LOTUS sprzedali.<\/span><br \/>\n<span style=\"font-size: 10pt; font-family: Verdana; color: #000000; background-color: transparent; font-weight: normal; font-style: normal; font-variant: normal; text-decoration: none; vertical-align: baseline\">Ale  co z tym raportem? Polacy te\u017c go nie chc\u0105? A mo\u017ce chc\u0105, tylko po rusku?  Albo tylko po angielsku? \u015awiat\u0142y nar\u00f3d, nie powiem. Zawsze wiedzia\u0142em,  \u017ce \u201cPolak potrafi\u201d. No, opr\u00f3cz prezydenta, co konkluduj\u0119 z \u201cbulem\u201d.<\/span><br \/>\n<span style=\"font-size: 10pt; font-family: Verdana; color: #000000; background-color: transparent; font-weight: normal; font-style: normal; font-variant: normal; text-decoration: none; vertical-align: baseline\">Chwa\u0142a  Trybuna\u0142owi Stanu, \u017ce odrzuci\u0142 wielomiesi\u0119czn\u0105 prac\u0119 mato\u0142\u00f3w chc\u0105cych  majstrowa\u0107 przy dekrecie o wyborach. Jeszcze s\u0105 otwarte g\u0142owy. Ale jakie  bezczelne &#8211; sprzeciwi\u0142y si\u0119 woli mi\u0142o\u015bciwie panuj\u0105cych.<\/span><br \/>\n<span style=\"font-size: 10pt; font-family: Verdana; color: #000000; background-color: transparent; font-weight: normal; font-style: normal; font-variant: normal; text-decoration: none; vertical-align: baseline\">Teraz mo\u017ce kolej na te \u201cprzecieki\u201d z raportu Millera?<\/span><br \/>\n<span style=\"font-size: 10pt; font-family: Verdana; color: #000000; background-color: transparent; font-weight: normal; font-style: normal; font-variant: normal; text-decoration: none; vertical-align: baseline\">Po\u015bmiali  si\u0119 panowie z \u201cBia\u0142ej Ksi\u0119gi\u201d Macierewicza. A c\u00f3\u017c innego mogli zrobi\u0107?  Wzorcowy na ten temat by\u0142 dialog mi\u0119dzy MO i SN, czyli Monisi\u0105 Olejnik i  Stefciem Niesio\u0142owskim. Burczymucha, specjalista od owad\u00f3w okazuje si\u0119  te\u017c by\u0107 specjalist\u0105 od samolot\u00f3w. Czemu nie? R\u00f3\u017cnica mi\u0119dzy owadem,  zw\u0142aszcza lataj\u0105cym, a samolotem jest taka, \u017ce&#8230;owad ma skrzyd\u0142a i  samolot ma skrzyd\u0142a. Ha, ha. Ale radocha. Jak si\u0119 upajali.<\/span><br \/>\n<span style=\"font-size: 10pt; font-family: Verdana; color: #000000; background-color: transparent; font-weight: normal; font-style: normal; font-variant: normal; text-decoration: none; vertical-align: baseline\">I  tylko jedno mnie dziwi &#8211; jak OBOS wyliczy\u0142, \u017ce poparcie dla mi\u0142o\u015bciwie  panuj\u0105cego dworu wzros\u0142o? Chyba tylko dlatego, \u017ce nie ma w tych g\u0142owach  miejsca na Polsk\u0119?<\/span><span style=\"font-size: 10pt; font-family: Verdana; color: #000000; background-color: transparent; font-weight: normal; font-style: normal; font-variant: normal; text-decoration: none; vertical-align: baseline\"><\/span><\/p>\n","protected":false},"excerpt":{"rendered":"<p>Min\u0119\u0142o pi\u0119tna\u015bcie miesi\u0119cy. Katastrofa smole\u0144ska nie znalaz\u0142a wyja\u015bnienia. Pono\u0107 jest \u201cRaport Millera\u201d. Sporz\u0105dzono go bez badania wraku, bez badania wybitych szyb (po co je wybito?), bez zapis\u00f3w z czarnych skrzynek. Fajny raport, nie powiem. Sporz\u0105dzi\u0142a go komisja \u015bledcza pod wodz\u0105 szefa Ministerstwa Spraw Wewn\u0119trznych i Administracji pa\u0144stwa mieni\u0105cego si\u0119 by\u0107 wzorcowym i jednym z pierwszych [&hellip;]<\/p>\n","protected":false},"author":2,"featured_media":0,"comment_status":"open","ping_status":"open","sticky":false,"template":"","format":"standard","meta":[],"categories":[4],"tags":[],"_links":{"self":[{"href":"https:\/\/sporek.com\/blog\/index.php?rest_route=\/wp\/v2\/posts\/296"}],"collection":[{"href":"https:\/\/sporek.com\/blog\/index.php?rest_route=\/wp\/v2\/posts"}],"about":[{"href":"https:\/\/sporek.com\/blog\/index.php?rest_route=\/wp\/v2\/types\/post"}],"author":[{"embeddable":true,"href":"https:\/\/sporek.com\/blog\/index.php?rest_route=\/wp\/v2\/users\/2"}],"replies":[{"embeddable":true,"href":"https:\/\/sporek.com\/blog\/index.php?rest_route=%2Fwp%2Fv2%2Fcomments&post=296"}],"version-history":[{"count":0,"href":"https:\/\/sporek.com\/blog\/index.php?rest_route=\/wp\/v2\/posts\/296\/revisions"}],"wp:attachment":[{"href":"https:\/\/sporek.com\/blog\/index.php?rest_route=%2Fwp%2Fv2%2Fmedia&parent=296"}],"wp:term":[{"taxonomy":"category","embeddable":true,"href":"https:\/\/sporek.com\/blog\/index.php?rest_route=%2Fwp%2Fv2%2Fcategories&post=296"},{"taxonomy":"post_tag","embeddable":true,"href":"https:\/\/sporek.com\/blog\/index.php?rest_route=%2Fwp%2Fv2%2Ftags&post=296"}],"curies":[{"name":"wp","href":"https:\/\/api.w.org\/{rel}","templated":true}]}}