{"id":297,"date":"2011-08-02T19:41:46","date_gmt":"2011-08-02T23:41:46","guid":{"rendered":"http:\/\/sporek.com\/blog\/?p=297"},"modified":"2011-08-03T15:20:14","modified_gmt":"2011-08-03T19:20:14","slug":"i-tylko-wstyd","status":"publish","type":"post","link":"https:\/\/sporek.com\/blog\/?p=297","title":{"rendered":"I tylko wstyd"},"content":{"rendered":"<p><span style=\"font-size: 10pt; font-family: Verdana; color: #000000; background-color: transparent; font-weight: normal; font-style: normal; font-variant: normal; text-decoration: none; vertical-align: baseline\" id=\"internal-source-marker_0.06489396945211157\"><\/span><span style=\"font-size: 10pt; font-family: Verdana; color: #000000; background-color: transparent; font-weight: normal; font-style: normal; font-variant: normal; text-decoration: none; vertical-align: baseline\">-Nie  ma sensu komentowa\u0107 tego, co dzieje si\u0119 w Polsce. Wdawanie si\u0119 w  dyskusj\u0119 z MAKiem, to kompletny bezsens, ale za to mo\u017cemy dzi\u0119kowa\u0107  wy\u0142\u0105cznie ja\u015bnie panuj\u0105cemu, nieomylnemu Donaldowi. <\/span><!--more--><span style=\"font-size: 10pt; font-family: Verdana; color: #000000; background-color: transparent; font-weight: normal; font-style: normal; font-variant: normal; text-decoration: none; vertical-align: baseline\">Je\u015bli jednak s\u0105dzi  on, \u017ce tragedia smole\u0144ska rozp\u0142ynie si\u0119 po salonach jego  ministerialnej siedziby, to jest w grubym b\u0142\u0119dzie. Pan jeszcze przeprosi  nar\u00f3d, panie Tusk, ale przed przeprosinami odpowie  pan za wszystko, co pan zaniedba\u0142 i za s\u0142u\u017cb\u0119 Rosji zamiast Polsce i  Polakom.<\/span><br \/>\n<span style=\"font-size: 10pt; font-family: Verdana; color: #000000; background-color: transparent; font-weight: normal; font-style: normal; font-variant: normal; text-decoration: none; vertical-align: baseline\">Po opublikowaniu raportu Millera, jedyne, co poczu\u0142em, to potworny <\/span><span style=\"font-size: 10pt; font-family: Verdana; color: #000000; background-color: transparent; font-weight: bold; font-style: normal; font-variant: normal; text-decoration: none; vertical-align: baseline\">wstyd<\/span><span style=\"font-size: 10pt; font-family: Verdana; color: #000000; background-color: transparent; font-weight: normal; font-style: normal; font-variant: normal; text-decoration: none; vertical-align: baseline\">.<\/span><br \/>\n<span style=\"font-size: 10pt; font-family: Verdana; color: #000000; background-color: transparent; font-weight: normal; font-style: normal; font-variant: normal; text-decoration: none; vertical-align: baseline\"><\/span><br \/>\n<span style=\"font-size: 10pt; font-family: Verdana; color: #000000; background-color: transparent; font-weight: normal; font-style: normal; font-variant: normal; text-decoration: none; vertical-align: baseline\">-Minister Sikorski opublikowa\u0142 (do wiadomo\u015bci ca\u0142ego \u015bwiata na twitterze) haniebn\u0105 ocen\u0119 bohaterskiego zrywu Warszawiak\u00f3w: <\/span><span style=\"font-size: 10pt; font-family: Verdana; color: #000000; background-color: transparent; font-weight: normal; font-style: italic; font-variant: normal; text-decoration: none; vertical-align: baseline\">\u201cwarto wyci\u0105gn\u0105\u0107 lekcj\u0119 tak\u017ce z tej narodowej katastrofy\u201d. <\/span><br \/>\n<span style=\"font-size: 11pt; font-family: Arial; color: #000000; background-color: transparent; font-weight: normal; font-style: normal; font-variant: normal; text-decoration: none; vertical-align: baseline\">Walka o wolno\u015b<\/span><span style=\"font-size: 10pt; font-family: Verdana; color: #000000; background-color: transparent; font-weight: normal; font-style: normal; font-variant: normal; text-decoration: none; vertical-align: baseline\">\u0107  nie jest podporz\u0105dkowana \u017cadnym regu\u0142om. Jest zrywem. I ma sens w  ka\u017cdej postaci. Sikorski by\u0142by prawdopodobnie sk\u0142onny poucza\u0107 nas  r\u00f3wnie\u017c o tym, \u017ce torturowani przez SB patrioci winni pa\u015b\u0107 przed  komuchami na kolana, jak pada on przed Rosj\u0105 i pa\u0144stwami europejskimi,  zamiast wznosi\u0107 okrzyk \u201cniech \u017cyje Polska\u201d.<\/span><br \/>\n<span style=\"font-size: 10pt; font-family: Verdana; color: #000000; background-color: transparent; font-weight: normal; font-style: normal; font-variant: normal; text-decoration: none; vertical-align: baseline\">Zachowanie  Sikorskiego jest, wypisz, wymaluj zachowaniem komunistycznego s\u0142ugusa,  kt\u00f3ry boi si\u0119 uruchomi\u0107 wyobra\u017ani\u0119 i zastanowi\u0107 nad tym, jaki potoczy\u0142yby si\u0119 losy Powstania, Warszawy i Polski, gdyby nasi  \u201csprawdzeni\u201d przyjaciele, stalinowcy zamiast zanieczyszcza\u0107 prawy brzeg  Wis\u0142y swoimi odchodami, przyszli z pomoc\u0105 krwawi\u0105cej Warszawie.<\/span><br \/>\n<span style=\"font-size: 10pt; font-family: Verdana; color: #000000; background-color: transparent; font-weight: normal; font-style: normal; font-variant: normal; text-decoration: none; vertical-align: baseline\">Dyplomat\u0105  Sikorski jest takim samym, jak z koziego ty\u0142ka tr\u0105bka; za grosz  wyczucia, za grosz taktu i kultury, ale przede wszystkim za grosz  szacunku dla tych, kt\u00f3rzy walczyli i Bogu dzi\u0119ki jeszcze \u017cyj\u0105. A  walczyli o to mi\u0119dzy innymi, \u017ceby \u201cksi\u0105\u017c\u0119\u201d Rados\u0142aw I-y  pisowsko-platformiany, czyli wyzuty z honoru m\u00f3g\u0142 si\u0119 kszta\u0142ci\u0107, m\u00f3g\u0142  \u017cy\u0107 w wolnej Polsce. Na pewno nie walczyli o to, \u017ceby, jako polski  minister wykrzykiwa\u0142, \u017ce \u201cdor\u017cnie watahy\u201d, maj\u0105c na my\u015bli polskich  polityk\u00f3w, tylko dlatego, \u017ce s\u0105 w obozie opozycyjnym.<\/span><br \/>\n<span style=\"font-size: 10pt; font-family: Verdana; color: #000000; background-color: transparent; font-weight: bold; font-style: normal; font-variant: normal; text-decoration: none; vertical-align: baseline\">Wstyd<\/span><span style=\"font-size: 10pt; font-family: Verdana; color: #000000; background-color: transparent; font-weight: normal; font-style: normal; font-variant: normal; text-decoration: none; vertical-align: baseline\">,  &#8211; to najkr\u00f3tszy komentarz tego wyst\u0119pku. A troch\u0119 d\u0142u\u017cszy&#8230;: w  normalnym kraju, za tak\u0105 obraz\u0119 bohater\u00f3w, kt\u00f3rzy oddali \u017cycie za jego, Sikorskiego wolno\u015b\u0107 te\u017c, on sam powinien poda\u0107 si\u0119 do dymisji, albo premier winien  go zdymisjonowa\u0107 z urz\u0119du. W normalnym, ale nie w Polsce.<\/span><br \/>\n<span style=\"font-size: 10pt; font-family: Verdana; color: #000000; background-color: transparent; font-weight: normal; font-style: normal; font-variant: normal; text-decoration: none; vertical-align: baseline\"><\/span><br \/>\n<span style=\"font-size: 10pt; font-family: Verdana; color: #000000; background-color: transparent; font-weight: normal; font-style: normal; font-variant: normal; text-decoration: none; vertical-align: baseline\">-W  Polsce minister obrony podaje si\u0119 do dymisji dopiero w szesna\u015bcie  miesi\u0119cy po katastrofie. Nagle u\u015bwiadomi\u0142 sobie, \u017ce co\u015b zawali\u0142. Ale,  \u017ceby nie by\u0142o mu przykro dostanie 45 tysi\u0119cy z\u0142otych odprawy, a  prezydent informuje, \u017ce jest przekonany, i\u017c pan Klich nie wiedzia\u0142 o  niedoci\u0105gni\u0119ciach, o jakich poinformowa\u0142 w raporcie inny minister. I  oto, bior\u0105cy ci\u0119\u017ckie pieni\u0105dze ministrowie nie wiedz\u0105, co si\u0119 dzieje w  ich resortach. Akurat obaj, Klich i Miller dowodz\u0105 resortami, kt\u00f3re  zwi\u0105zane s\u0105 z bezpiecze\u0144stwem kraju. Tak w\u0142a\u015bnie wygl\u0105da ekipa  cudotw\u00f3rcy Donka. Trzeba ich nagrodzi\u0107. Bardzo normalny kraj. <\/span><span style=\"font-size: 10pt; font-family: Verdana; color: #000000; background-color: transparent; font-weight: bold; font-style: normal; font-variant: normal; text-decoration: none; vertical-align: baseline\">Wstyd<\/span><span style=\"font-size: 10pt; font-family: Verdana; color: #000000; background-color: transparent; font-weight: normal; font-style: normal; font-variant: normal; text-decoration: none; vertical-align: baseline\">.<\/span><br \/>\n<span style=\"font-size: 10pt; font-family: Verdana; color: #000000; background-color: transparent; font-weight: normal; font-style: normal; font-variant: normal; text-decoration: none; vertical-align: baseline\"><\/span><br \/>\n<span style=\"font-size: 10pt; font-family: Verdana; color: #000000; background-color: transparent; font-weight: normal; font-style: normal; font-variant: normal; text-decoration: none; vertical-align: baseline\">-Nowojorski  Supers-duper-Express, jako jedyny na polonijnym rynku gazetowym, nie  opublikowa\u0142 ani jednego s\u0142owa o Powstaniu Warszawskim w wydaniu z 1  sierpnia. Gazeta, kt\u00f3ra \u015bciga co si\u0119 da i kogo si\u0119 da, zapomnia\u0142a w  ferworze \u015bcigania, \u017ce by\u0142a rocznica najwi\u0119kszego zrywu wolno\u015bciowego  wsp\u00f3\u0142czesnej Europy.<\/span><br \/>\n<span style=\"font-size: 10pt; font-family: Verdana; color: #000000; background-color: transparent; font-weight: bold; font-style: normal; font-variant: normal; text-decoration: none; vertical-align: baseline\">Wstyd<\/span><span style=\"font-size: 10pt; font-family: Verdana; color: #000000; background-color: transparent; font-weight: normal; font-style: normal; font-variant: normal; text-decoration: none; vertical-align: baseline\">.<\/span><br \/>\n<span style=\"font-size: 10pt; font-family: Verdana; color: #000000; background-color: transparent; font-weight: normal; font-style: normal; font-variant: normal; text-decoration: none; vertical-align: baseline\"><\/span><br \/>\n<span style=\"font-size: 10pt; font-family: Verdana; color: #000000; background-color: transparent; font-weight: normal; font-style: normal; font-variant: normal; text-decoration: none; vertical-align: baseline\">-No i troch\u0119 mi <\/span><span style=\"font-size: 10pt; font-family: Verdana; color: #000000; background-color: transparent; font-weight: bold; font-style: normal; font-variant: normal; text-decoration: none; vertical-align: baseline\">wstyd<\/span><span style=\"font-size: 10pt; font-family: Verdana; color: #000000; background-color: transparent; font-weight: normal; font-style: normal; font-variant: normal; text-decoration: none; vertical-align: baseline\">,  a zawstydzi\u0142y mnie s\u0142owa ksi\u0119dza Prymasa, Kowalczyka opublikowane na  pierwszej stronie Nowego Dziennika, w kt\u00f3rych Prymas \u201cPouczy\u0142 te\u017c, by  nie ulec pokusie krytykowania sytuacji w Polsce zza oceanu\u201d, bo \u201c&#8221;Na  odleg\u0142o\u015b\u0107, zza biurka to inaczej wygl\u0105da&#8221;. Czy to rada dla N. Dziennika,  czy dla nas wszystkich, bo my nie koniecznie zza biurek. Do kogokolwiek  to by\u0142o, &#8211; \u017ale powiedziane. Bo ja mam ochot\u0119 na przyk\u0142ad skrytykowa\u0107  fakt, \u017ce kiedy\u015b mo\u017cna by\u0142o pali\u0107, a zakazany by\u0142 homoseksualizm, a  dzi\u015b&#8230;? Mam ochot\u0119 zabra\u0107 g\u0142os w sprawie odchodzenia od wiary i pogardy  dla wierz\u0105cych. Nie mog\u0119. Dlaczego? &#8211; bo pisz\u0119 przy biurku, czy  dlatego, \u017ce \u201cna odleg\u0142o\u015b\u0107&#8221; i w dodatku \u201czza oceanu\u201d? Fajnie by by\u0142o,  jakby Nowy Jork by\u0142 w Warszawie. O, nie &#8211; Warszawa jest tylko jedna i  nawet, jak b\u0119d\u0119 na ksi\u0119\u017cycu, to nadal b\u0119dzie mnie bardzo obchodzi\u0142a. Ale  p\u00f3ki co Rodacy, g\u0119by w kube\u0142, bo my to \u017ale widzimy.<\/span><\/p>\n","protected":false},"excerpt":{"rendered":"<p>-Nie ma sensu komentowa\u0107 tego, co dzieje si\u0119 w Polsce. Wdawanie si\u0119 w dyskusj\u0119 z MAKiem, to kompletny bezsens, ale za to mo\u017cemy dzi\u0119kowa\u0107 wy\u0142\u0105cznie ja\u015bnie panuj\u0105cemu, nieomylnemu Donaldowi.<\/p>\n","protected":false},"author":2,"featured_media":0,"comment_status":"open","ping_status":"open","sticky":false,"template":"","format":"standard","meta":[],"categories":[1],"tags":[],"_links":{"self":[{"href":"https:\/\/sporek.com\/blog\/index.php?rest_route=\/wp\/v2\/posts\/297"}],"collection":[{"href":"https:\/\/sporek.com\/blog\/index.php?rest_route=\/wp\/v2\/posts"}],"about":[{"href":"https:\/\/sporek.com\/blog\/index.php?rest_route=\/wp\/v2\/types\/post"}],"author":[{"embeddable":true,"href":"https:\/\/sporek.com\/blog\/index.php?rest_route=\/wp\/v2\/users\/2"}],"replies":[{"embeddable":true,"href":"https:\/\/sporek.com\/blog\/index.php?rest_route=%2Fwp%2Fv2%2Fcomments&post=297"}],"version-history":[{"count":0,"href":"https:\/\/sporek.com\/blog\/index.php?rest_route=\/wp\/v2\/posts\/297\/revisions"}],"wp:attachment":[{"href":"https:\/\/sporek.com\/blog\/index.php?rest_route=%2Fwp%2Fv2%2Fmedia&parent=297"}],"wp:term":[{"taxonomy":"category","embeddable":true,"href":"https:\/\/sporek.com\/blog\/index.php?rest_route=%2Fwp%2Fv2%2Fcategories&post=297"},{"taxonomy":"post_tag","embeddable":true,"href":"https:\/\/sporek.com\/blog\/index.php?rest_route=%2Fwp%2Fv2%2Ftags&post=297"}],"curies":[{"name":"wp","href":"https:\/\/api.w.org\/{rel}","templated":true}]}}