{"id":298,"date":"2011-08-17T23:09:52","date_gmt":"2011-08-18T03:09:52","guid":{"rendered":"http:\/\/sporek.com\/blog\/?p=298"},"modified":"2011-08-18T07:39:25","modified_gmt":"2011-08-18T11:39:25","slug":"czy-powinnismy-sie-bac","status":"publish","type":"post","link":"https:\/\/sporek.com\/blog\/?p=298","title":{"rendered":"Czy powinni\u015bmy si\u0119 ba\u0107?"},"content":{"rendered":"<p><span style=\"font-size: 11pt; font-family: Verdana; color: #000000; background-color: transparent; font-weight: normal; font-style: normal; font-variant: normal; text-decoration: none; vertical-align: baseline\" id=\"internal-source-marker_0.14493255056971843\"><\/span><span style=\"font-size: 11pt; font-family: Arial; color: #000000; background-color: transparent; font-weight: normal; font-style: normal; font-variant: normal; text-decoration: none; vertical-align: baseline\">Czego?  Europy. Pos\u0142ucha\u0142em rozmowy z Janem Krzysztofem Bieleckim. Ale\u017c ten  facet plecie. Co\u015b niebywa\u0142ego. Najbardziej oburzy\u0142o mnie stwierdzenie,  \u017ce \u201cmy, Polacy popieramy ostatnie decyzje Merkel i Sarkozy\u2019ego&#8230;,  popieramy te zmiany, kt\u00f3re proponuj\u0105 szefowie Europy\u201d i takie tam  dyrdyma\u0142y. Doradca polskiego rz\u0105du m\u00f3wi \u201cw imieniu Polak\u00f3w\u201d, wi\u0119c  wszystkich Polak\u00f3w. A zapyta\u0142 ich?<\/span><!--more--><span style=\"font-size: 11pt; font-family: Arial; color: #000000; background-color: transparent; font-weight: normal; font-style: normal; font-variant: normal; text-decoration: none; vertical-align: baseline\"> <\/span><span style=\"font-size: 11pt; font-family: Arial; color: #000000; background-color: transparent; font-weight: normal; font-style: normal; font-variant: normal; text-decoration: none; vertical-align: baseline\">Zostawmy Bieleckiego, nie pierwszy to raz przedstawiciel polskiego rz\u0105du wchodzi Europie bez wazeliny.<\/span><br \/>\n<span style=\"font-size: 11pt; font-family: Arial; color: #000000; background-color: transparent; font-weight: normal; font-style: normal; font-variant: normal; text-decoration: none; vertical-align: baseline\">Zastanawia  mnie co innego. Dlaczego ani Merkel, ani Sarkozy nie pomy\u015bleli  wcze\u015bniej, gdy k\u0142opoty mieli inni o takich \u201c\u015brodkach zaradczych\u201d, jakie  wymy\u015blili dopiero teraz, kiedy ni st\u0105d, ni zow\u0105d co\u015b bardzo niedobrego  dzieje si\u0119 w gospodarkach ich kraj\u00f3w? Bielecki zaznacza, \u017ce my\u015bli o tym  \u201cpozytywnie\u201d. Niewiarygodne.<\/span><br \/>\n<span style=\"font-size: 11pt; font-family: Arial; color: #000000; background-color: transparent; font-weight: normal; font-style: normal; font-variant: normal; text-decoration: none; vertical-align: baseline\">Wszystko zmierza w kierunku Europy \u201cdw\u00f3ch pr\u0119dko\u015bci\u201d. Mocarstwa b\u0119d\u0105 decydowa<\/span><span style=\"font-size: 11pt; font-family: Verdana; color: #000000; background-color: transparent; font-weight: normal; font-style: normal; font-variant: normal; text-decoration: none; vertical-align: baseline\">\u0107  o losach i \u017cyciu s\u0142abszych kraj\u00f3w. Ju\u017c w tej chwili, nawet dziennikarze  tvn24, nie ukrywaj\u0105, \u017ce Polska nie ma \u017cadnej mocy decyzyjnej. Merkel &#8222;wpad\u0142a&#8221; do Polski na prywatn\u0105 kolacj\u0119 z prezydentem i prywatn\u0105 wizyt\u0105 u Tusk\u00f3w, ale zapomnia\u0142a o naszym premierze i prezydencie, gdy zgada\u0142a si\u0119 z Sarkozym. A to przecie\u017c Donald Tusk jest chyba teraz najbardziej &#8222;wyr\u00f3\u017cnion\u0105&#8221; osob\u0105 w Europie, &#8211; wszak przewodniczy rz\u0105dowi, kt\u00f3ry teraz &#8222;prezydentuje&#8221; Europie. Farsa. Farsa, kt\u00f3rej celem jest stworzenie &#8222;Eurolandu&#8221; opartego na euro i odbieram to, jako zmuszanie pa\u0144stw, kt\u00f3re nie s\u0105 zdolne do wej\u015bcia w stref\u0119 euro, aby jednak w to wesz\u0142y, bo inaczej nie b\u0119d\u0105 bra\u0142y udzia\u0142u w tego rodzaju &#8222;super-wa\u017cnych&#8221; decyzjach. Polski rz\u0105d, w dobie  kompletnego kryzysu wyda\u0142 40 milion\u00f3w z\u0142otych tylko na \u201ccz\u0119\u015bci  artystyczne\u201d z okazji prezydencji w Europie, nazywaj\u0105c to, co by\u0142o  zwyk\u0142\u0105 kolej\u0105 rzeczy, \u201c<em>wyr\u00f3\u017cnieniem, zaszczytem, wysok\u0105 pozycj\u0105 Polski w  Europie<\/em>\u201d. Prosz\u0119 mi pokaza\u0107 jednego Polaka, kt\u00f3ry z powodu polskiej  prezydencji poczu\u0142 cokolwiek pozytywnego w codziennym \u017cyciu. Rz\u0105dz\u0105cy  mami\u0105 spo\u0142ecze\u0144stwo piarowskimi sloganami i dziw bierze, \u017ce \u201coficjalne\u201d  s\u0142upki ci\u0105gle id\u0105 w g\u00f3r\u0119. Ale powodzianie dostaj\u0105 po sze\u015b\u0107 tysi\u0119cy. Czterdzie\u015bci  milion\u00f3w mog\u0142oby podwoi\u0107 t\u0119 ja\u0142mu\u017cn\u0119. Nie, nie mog\u0142oby, bo musia\u0142y by\u0107  fajerwerki z okazji obj\u0119cia prezydencji. Prezydencji, kt\u00f3ra kompletnie  nic nie znaczy; przed nami \u201cprezydentowa\u0142y\u201d inne kraje, po nas b\u0119d\u0105  innne. Ot, zwyk\u0142y porz\u0105dek dzia\u0142ania Unii Europejskiej.<\/span><br \/>\n<span style=\"font-size: 11pt; font-family: Verdana; color: #000000; background-color: transparent; font-weight: normal; font-style: normal; font-variant: normal; text-decoration: none; vertical-align: baseline\">A co b\u0119dzie, gdy Europa za\u017c\u0105da zwrotu przyznanych Polsce pieni\u0119dzy?<\/span><br \/>\n<span style=\"font-size: 11pt; font-family: Verdana; color: #000000; background-color: transparent; font-weight: normal; font-style: normal; font-variant: normal; text-decoration: none; vertical-align: baseline\">A  dlaczego nagle gospodarka Niemiec i Francji tak drastycznie zjecha\u0142a w  d\u00f3\u0142? Przecie\u017c jeszcze dwa tygodnie temu puszczono w \u015bwiat informacj\u0119, \u017ce  gospodarka niemiecka jest w doskona\u0142ej formie. Co si\u0119 sta\u0142o? Sta\u0142o si\u0119  to, co musia\u0142o si\u0119 sta\u0107. Jestem raczej pewny, \u017ce tak, jak Grecja  oszukiwa\u0142a w swoich sprawozdaniach, tak i pozosta\u0142e kraje oszukuj\u0105. W  tym oczywi\u015bcie polskie ministerstwo finans\u00f3w i niemieckie i francuskie.  Ale w ekonomii, jak w matematyce, nie da si\u0119 z \u201c2+2\u201d zrobi\u0107 5.<\/span><br \/>\n<span style=\"font-size: 11pt; font-family: Verdana; color: #000000; background-color: transparent; font-weight: normal; font-style: normal; font-variant: normal; text-decoration: none; vertical-align: baseline\">No wi\u0119c obserwujmy, jak daleko posun\u0105 si\u0119 w\u0142adcy Europy, kt\u00f3rzy teraz, ponad g\u0142owami pozosta\u0142ych \u00a0pa\u0144stw cz\u0142onk\u00f3w Unii<\/span><span style=\"font-size: 11pt; font-family: Arial; color: #000000; background-color: transparent; font-weight: normal; font-style: normal; font-variant: normal; text-decoration: none; vertical-align: baseline\"> podj\u0119li drastyczne decyzje.<\/span><br \/>\n<span style=\"font-size: 11pt; font-family: Arial; color: #000000; background-color: transparent; font-weight: normal; font-style: normal; font-variant: normal; text-decoration: none; vertical-align: baseline\">Pan  Bielecki m\u00f3wi, \u017ce w pe\u0142ni je popiera. Wi\u0119c nie mamy ju\u017c nic do  powiedzenia, opr\u00f3cz \u201cpopieramy\u201d. My, polscy Europejczycy &#8211; popieramy.<\/span><br \/>\n<span style=\"font-size: 11pt; font-family: Arial; color: #000000; background-color: transparent; font-weight: normal; font-style: normal; font-variant: normal; text-decoration: none; vertical-align: baseline\">No, to daj Bo\u017ce zdrowie.<\/span><\/p>\n","protected":false},"excerpt":{"rendered":"<p>Czego? Europy. Pos\u0142ucha\u0142em rozmowy z Janem Krzysztofem Bieleckim. Ale\u017c ten facet plecie. Co\u015b niebywa\u0142ego. Najbardziej oburzy\u0142o mnie stwierdzenie, \u017ce \u201cmy, Polacy popieramy ostatnie decyzje Merkel i Sarkozy\u2019ego&#8230;, popieramy te zmiany, kt\u00f3re proponuj\u0105 szefowie Europy\u201d i takie tam dyrdyma\u0142y. Doradca polskiego rz\u0105du m\u00f3wi \u201cw imieniu Polak\u00f3w\u201d, wi\u0119c wszystkich Polak\u00f3w. A zapyta\u0142 ich?<\/p>\n","protected":false},"author":2,"featured_media":0,"comment_status":"open","ping_status":"open","sticky":false,"template":"","format":"standard","meta":[],"categories":[4],"tags":[],"_links":{"self":[{"href":"https:\/\/sporek.com\/blog\/index.php?rest_route=\/wp\/v2\/posts\/298"}],"collection":[{"href":"https:\/\/sporek.com\/blog\/index.php?rest_route=\/wp\/v2\/posts"}],"about":[{"href":"https:\/\/sporek.com\/blog\/index.php?rest_route=\/wp\/v2\/types\/post"}],"author":[{"embeddable":true,"href":"https:\/\/sporek.com\/blog\/index.php?rest_route=\/wp\/v2\/users\/2"}],"replies":[{"embeddable":true,"href":"https:\/\/sporek.com\/blog\/index.php?rest_route=%2Fwp%2Fv2%2Fcomments&post=298"}],"version-history":[{"count":0,"href":"https:\/\/sporek.com\/blog\/index.php?rest_route=\/wp\/v2\/posts\/298\/revisions"}],"wp:attachment":[{"href":"https:\/\/sporek.com\/blog\/index.php?rest_route=%2Fwp%2Fv2%2Fmedia&parent=298"}],"wp:term":[{"taxonomy":"category","embeddable":true,"href":"https:\/\/sporek.com\/blog\/index.php?rest_route=%2Fwp%2Fv2%2Fcategories&post=298"},{"taxonomy":"post_tag","embeddable":true,"href":"https:\/\/sporek.com\/blog\/index.php?rest_route=%2Fwp%2Fv2%2Ftags&post=298"}],"curies":[{"name":"wp","href":"https:\/\/api.w.org\/{rel}","templated":true}]}}