{"id":299,"date":"2011-09-13T10:08:37","date_gmt":"2011-09-13T14:08:37","guid":{"rendered":"http:\/\/sporek.com\/blog\/?p=299"},"modified":"2011-09-13T10:16:39","modified_gmt":"2011-09-13T14:16:39","slug":"kwiatkowski-kontra-kozakiewicz","status":"publish","type":"post","link":"https:\/\/sporek.com\/blog\/?p=299","title":{"rendered":"Kwiatkowski kontra Kozakiewicz"},"content":{"rendered":"<p><span style=\"font-size: 10pt; font-family: Verdana; color: #000000; background-color: transparent; font-weight: normal; font-style: normal; font-variant: normal; text-decoration: none; vertical-align: baseline\" id=\"internal-source-marker_0.04690392038100688\"><\/span><span style=\"font-size: 10pt; font-family: Verdana; color: #000000; background-color: transparent; font-weight: normal; font-style: normal; font-variant: normal; text-decoration: none; vertical-align: baseline\">Adam  Kwiatkowski przyjecha\u0142 do Nowego Jorku na zaproszenie Klubu Gazety  Polskiej, W\u0142adys\u0142aw Kozakiewicz zaproszony by\u0142 przez Polish American  Sport Association. W odst\u0119pie dw\u00f3ch tygodni odby\u0142y si\u0119 dwa spotkania z  kandydatami na pos\u0142\u00f3w. Kwiatkowski wystawiony z listy PiS jest na tej  li\u015bcie ostatni, czyli czterdziesty, Kozakiewicz za\u015b startuje z listy PSL  i jest na tej li\u015bcie pierwszy.<\/span><!--more--><span style=\"font-size: 10pt; font-family: Verdana; color: #000000; background-color: transparent; font-weight: normal; font-style: normal; font-variant: normal; text-decoration: none; vertical-align: baseline\"> Oczywi\u015bcie obydwaj w okr\u0119gu warszawskim.  Dwa spotkania i dwa r\u00f3\u017cne ich przebiegi. Spotkanie z Adamem  Kwiatkowkim, kt\u00f3ry nosi w sobie bolesne prze\u017cycia z tragedii  smole\u0144skiej, jako jeden z najbli\u017cszych wsp\u00f3\u0142pracownik\u00f3w \u015bp. Lecha  Kaczy\u0144skiego przebieg\u0142o w atmosferze wyra\u017anie nacechowanej spokojem i  szacunkiem dla kandydata. Jego rzeczowe odpowiedzi nie prowokowa\u0142y do  ostrych ripost ze strony zebranych na sali cz\u0142onk\u00f3w polonijnej  spo\u0142eczno\u015bci Nowego Jorku i okolic. Przybyli wszelako\u017c ludzie z New  Jersey i nawet kilku pan\u00f3w z Connecticut. Sala by\u0142a pe\u0142na. Mistrz  olimpijski w skoku o tyczce wzbudzi\u0142 zainteresowanie du\u017co mniejszej  liczby ludzi, co mnie szalenie zdziwi\u0142o. Obydwaj kandydaci na pos\u0142\u00f3w  rzucili jedno has\u0142o wsp\u00f3lne: chcieliby w jaki\u015b spos\u00f3b dzia\u0142a\u0107 w  interesie Polonii. \u00a0I tu nast\u0105pi\u0142a rzecz niezwykle dziwna. Ot\u00f3\u017c wszyscy  obecni na spotkaniu z A. Kwiatkowskim odczytali t\u0119 zapowied\u017a bardzo  pozytywnie. Ali\u015bci na Kozakiewicza spad\u0142a za to samo has\u0142o ostra  krytyka, przy tym wyra\u017cona w spos\u00f3b niewybredny i a\u017c \u017cenuj\u0105cy, bo  przecie\u017c mamy do czynienia z cz\u0142owiekiem, kt\u00f3ry dla Polski zrobi\u0142 du\u017co,  du\u017co wi\u0119cej, ni\u017c niejeden polityk, czy specjalista od reklamowania  Polski na \u015bwiecie. Olimpijczyk wykaza\u0142 i\u015bcie olimpijski spok\u00f3j i wysok\u0105  kultur\u0119, co jawi\u0142o si\u0119 jeszcze dobitniej w zderzeniu z niekt\u00f3rymi  wypowiedziami, kt\u00f3re brzmia\u0142y bardziej, jakby kierowane do faceta spod  mostu, ni\u017c do wielbionego przez wszystkich sympatyk\u00f3w sportu mistrza  tyczki. W tym kontek\u015bcie zapewnienia o ogromnym szacunku zar\u00f3wno za \u00f3w  s\u0142awetny skok, jak i r\u00f3wnie s\u0142awetny \u201cGest Kozakiewicza\u201d brzmia\u0142y, jak  paplanina bez \u017cadnego pokrycia w nast\u0119pnych s\u0142owach. Kozakiewicza  zdyskryminowano doszcz\u0119tnie za to, \u017ce stratuje z listy PSL. I tu Polonia  (ci, kt\u00f3rzy reprezentowali ten dyskryminuj\u0105cy ton), wykaza\u0142a kompletny  brak szacunku nie tylko dla Mistrza, ale i dla osobistych jego wybor\u00f3w,  jako te\u017c i dla poj\u0119cia \u201cdemokracja\u201d. Dyskusja przerodzi\u0142a si\u0119 w  umoralniaj\u0105ce kazania ze strony zabieraj\u0105cych g\u0142os i w obron\u0119 swojego  wyboru prowadzon\u0105 przez tego wspania\u0142ego sportowca. Broni\u0142 si\u0119 dzielnie i  niezwykle logicznie tyle, \u017ce trafia\u0142 na kolejne ataki typu: <\/span><span style=\"font-size: 10pt; font-family: Verdana; color: #000000; background-color: transparent; font-weight: normal; font-style: italic; font-variant: normal; text-decoration: none; vertical-align: baseline\">pan nic nie wie, pan si\u0119 nie orientuje, <\/span><span style=\"font-size: 10pt; font-family: Verdana; color: #000000; background-color: transparent; font-weight: normal; font-style: normal; font-variant: normal; text-decoration: none; vertical-align: baseline\">albo: <\/span><span style=\"font-size: 10pt; font-family: Verdana; color: #000000; background-color: transparent; font-weight: normal; font-style: italic; font-variant: normal; text-decoration: none; vertical-align: baseline\">to\u00a0 bije pan pian\u0119, po co pan tu przyjecha\u0142&#8230;<\/span><span style=\"font-size: 10pt; font-family: Verdana; color: #000000; background-color: transparent; font-weight: normal; font-style: normal; font-variant: normal; text-decoration: none; vertical-align: baseline\">itp.  Zadziwiaj\u0105ce, jak szybko min\u0119\u0142a atmosfera euforii, poparta rz\u0119sistymi  oklaskami, po pokazaniu fragment\u00f3w moskiewskiego skoku na ekranie du\u017cej  plazmy i \u201czjecha\u0142a\u201d do poziomu dyskusji w barze. \u017bal mi by\u0142o  Kozakiewicza, bo w sumie zamiast odpowiada\u0107 na konkretne pytania musia\u0142  si\u0119 t\u0142umaczy\u0107 ze znajomo\u015bci z Wa\u0142\u0119s\u0105, czy z tego, \u017ce pono\u0107 w ub. roku  by\u0142 w komitecie wyborczym Jaros\u0142awa Kaczy\u0144skiego. Na ten zarzut  odpowiedzia\u0142, chyba zgodnie z prawd\u0105, \u017ce nie by\u0142 cz\u0142onkiem \u017cadnego  komitetu, ale to nikogo nie przekona\u0142o. Mnie tak, bo niby dlaczego mam  mu nie wierzy\u0107. A ju\u017c na pewno nie por\u00f3wnywa\u0142bym Kozakiewicza do  Kluzik-Rostkowskiej, czy innych zaprza\u0144c\u00f3w. Chcia\u0142em u\u015bwiadomi\u0107 panu  W\u0142adys\u0142awowi, \u017ce PSL u\u017cy\u0142o go do odebrania g\u0142os\u00f3w innym partiom i, \u017ce  nie ma to nic wsp\u00f3lnego z tym, \u017ce \u201cLudowcy\u201d tak bardzo chc\u0105 go widzie\u0107 w  poselskich \u0142awach. A potem zada\u0142em mu pytanie, czy zechce si\u0119 -je\u015bli  zostanie wybrany- przyjrze\u0107 tym niechlubnym emeryturom \u0142\u0105czonym:  polsko-ameryka\u0144skim i odwrotnie, z kt\u00f3rych albo USA, <\/span><span style=\"font-size: 10pt; font-family: Verdana; color: #000000; background-color: transparent; font-weight: normal; font-style: italic; font-variant: normal; text-decoration: none; vertical-align: baseline\">je\u015bli pobierane tutaj, <\/span><span style=\"font-size: 10pt; font-family: Verdana; color: #000000; background-color: transparent; font-weight: normal; font-style: normal; font-variant: normal; text-decoration: none; vertical-align: baseline\">albo Polska, <\/span><span style=\"font-size: 10pt; font-family: Verdana; color: #000000; background-color: transparent; font-weight: normal; font-style: italic; font-variant: normal; text-decoration: none; vertical-align: baseline\">\u00a0je\u015bli pobierane w Polsce, <\/span><span style=\"font-size: 10pt; font-family: Verdana; color: #000000; background-color: transparent; font-weight: normal; font-style: normal; font-variant: normal; text-decoration: none; vertical-align: baseline\">kradn\u0105  polsko-ameryka\u0144skim emerytom prawie po\u0142ow\u0119; w Polsce z emerytury  polskiej, w USA z emerytury ameryka\u0144skiej. Rozb\u00f3j w bia\u0142y dzie\u0144 i w  bia\u0142ych r\u0119kawiczkach. Odpowiedzia\u0142, \u017ce nawet bardzo chcia\u0142by to  rozezna\u0107. I to mi wystarczy\u0142o, &#8211; zasygnalizowa\u0142em mu problem, a on  w\u0142a\u015bnie prosi\u0142, aby\u015bmy mu wskazywali problemy. Niestety, im bli\u017cej by\u0142o  ko\u0144ca spotkania, tym wypowiedzi by\u0142y bardziej niegrzeczne, \u017ceby nie  powiedzie\u0107 chamskie. Rozmawia\u0142em z nim p\u00f3\u017aniej i przyzna\u0142, \u017ce jest  rozczarowany sposobem, w jaki prowadzono t\u0119 \u201cdyskusj\u0119\u201d. Ja widzia\u0142em, \u017ce  by\u0142o mu wr\u0119cz przykro. Zebrani, jakby w og\u00f3le nie zanotowali fakt\u00f3w, o  kt\u00f3rych m\u00f3wi\u0142 na pocz\u0105tku spotkania. O tym, \u017ce by\u0142 szykanowany za \u00f3w  spontaniczny, ale jak\u017ce wymowny i niewiarygodnie w\u00f3wczas odwa\u017cny gest,  \u017ce straci\u0142 paszport, prawo do reprezentowania Polski, mieszkanie, \u017ce nie  wydawano paszport\u00f3w cz\u0142onkom jego rodziny. O tym, \u017ce wzruszenie  wywo\u0142ane wspomnieniem tamtych czas\u00f3w nie pozwoli\u0142o mu m\u00f3wi\u0107 przez kilka  minut, bo po prostu wewn\u0119trznie p\u0142aka\u0142 i widzieli\u015bmy autentyczne \u0142zy w  oczach tego fenomenalnego sportowca. Atakowano. Bez sensu, byle si\u0119  wym\u0105drza\u0107. Nawet zarzucono mu, \u017ce nie przyjecha\u0142 do Stan\u00f3w na  lekkoatletyczn\u0105 olimpiad\u0119 stra\u017cak\u00f3w, policjant\u00f3w i s\u0142u\u017cb granicznych. I  to w spos\u00f3b niewybredny, niegrzeczny, prymitywny. Nie widzia\u0142em zwi\u0105zku,  ani potrzeby obecno\u015bci Kozakiewicza na tych zawodach, bo niby z jakiej  racji, po co? Czy kto\u015b mu to, poza wszystkim zaproponowa\u0142, poprosi\u0142 go o  przylot, zaoferowa\u0142 bilet, hotel? Te\u017c nie, ale zrobiono z tego afer\u0119  zarzucaj\u0105c lekkoatlecie ignorancj\u0119. Ludzie, przecie\u017c to jest totalne  przegi\u0119cie. A to jest cz\u0142owiek, kt\u00f3rego wynik jest sklasyfikowany, jako  sukces stulecia. Czy nie mo\u017cna chocia\u017c zachowa\u0107 umiaru i nie podnosi\u0107  g\u0142osu? Czy trzeba u\u017cywa\u0107 inwektyw, szyderstw, pom\u00f3wie\u0144? Nie potrafimy  rozmawia\u0107. Jest kilka os\u00f3b, kt\u00f3re robi\u0105 to na wszystkich prawie  spotkaniach. Mimo wszystko \u017cycz\u0119 W\u0142adys\u0142awowi Kozakiewiczowi, \u017ceby  wszed\u0142 do sejmu, cho\u0107by dlatego, \u017ce odpowiadaj\u0105c na bezczelne pytanie  \u201cpo co si\u0119 pan tam pcha\u201d odpowiedzia\u0142 niezwykle logicznie: bo chc\u0119 co\u015b w  tym kraju zmieni\u0107 i je\u015bli nie spr\u00f3buj\u0119, to nigdy si\u0119 nie dowiem, czy da  si\u0119 to zrobi\u0107. Zatem obu panom &#8211; Kozakiewiczowi i Kwiatkowskiemu \u017cycz\u0119  sukcesu w nadchodz\u0105cych wyborach. A tak, na marginesie, to nie  zdziwi\u0142bym si\u0119, gdyby po tym spotkaniu, &#8211; je\u015bli wygra w wyborach &#8211; pose\u0142  Kozakiewicz pokaza\u0142 Polonii sw\u00f3j moskiewski gest.<\/span><\/p>\n","protected":false},"excerpt":{"rendered":"<p>Adam Kwiatkowski przyjecha\u0142 do Nowego Jorku na zaproszenie Klubu Gazety Polskiej, W\u0142adys\u0142aw Kozakiewicz zaproszony by\u0142 przez Polish American Sport Association. W odst\u0119pie dw\u00f3ch tygodni odby\u0142y si\u0119 dwa spotkania z kandydatami na pos\u0142\u00f3w. Kwiatkowski wystawiony z listy PiS jest na tej li\u015bcie ostatni, czyli czterdziesty, Kozakiewicz za\u015b startuje z listy PSL i jest na tej li\u015bcie [&hellip;]<\/p>\n","protected":false},"author":2,"featured_media":0,"comment_status":"open","ping_status":"open","sticky":false,"template":"","format":"standard","meta":[],"categories":[4,3],"tags":[],"_links":{"self":[{"href":"https:\/\/sporek.com\/blog\/index.php?rest_route=\/wp\/v2\/posts\/299"}],"collection":[{"href":"https:\/\/sporek.com\/blog\/index.php?rest_route=\/wp\/v2\/posts"}],"about":[{"href":"https:\/\/sporek.com\/blog\/index.php?rest_route=\/wp\/v2\/types\/post"}],"author":[{"embeddable":true,"href":"https:\/\/sporek.com\/blog\/index.php?rest_route=\/wp\/v2\/users\/2"}],"replies":[{"embeddable":true,"href":"https:\/\/sporek.com\/blog\/index.php?rest_route=%2Fwp%2Fv2%2Fcomments&post=299"}],"version-history":[{"count":0,"href":"https:\/\/sporek.com\/blog\/index.php?rest_route=\/wp\/v2\/posts\/299\/revisions"}],"wp:attachment":[{"href":"https:\/\/sporek.com\/blog\/index.php?rest_route=%2Fwp%2Fv2%2Fmedia&parent=299"}],"wp:term":[{"taxonomy":"category","embeddable":true,"href":"https:\/\/sporek.com\/blog\/index.php?rest_route=%2Fwp%2Fv2%2Fcategories&post=299"},{"taxonomy":"post_tag","embeddable":true,"href":"https:\/\/sporek.com\/blog\/index.php?rest_route=%2Fwp%2Fv2%2Ftags&post=299"}],"curies":[{"name":"wp","href":"https:\/\/api.w.org\/{rel}","templated":true}]}}