{"id":3,"date":"2006-03-20T11:25:30","date_gmt":"2006-03-20T15:25:30","guid":{"rendered":"http:\/\/sporek.com\/blog\/?p=3"},"modified":"2007-09-21T19:19:37","modified_gmt":"2007-09-21T23:19:37","slug":"polonijne-brukowce","status":"publish","type":"post","link":"https:\/\/sporek.com\/blog\/?p=3","title":{"rendered":"Polonijne brukowce"},"content":{"rendered":"<p><span goog_ds_charIndex=\"37\" class=\"date\"><\/span><span goog_ds_charIndex=\"37\" class=\"date\"><\/span><span goog_ds_charIndex=\"37\" class=\"date\"><\/span><span goog_ds_charIndex=\"37\" class=\"date\"><\/span><span goog_ds_charIndex=\"37\" class=\"date\"><\/span><span goog_ds_charIndex=\"37\" class=\"date\"><\/p>\n<p goog_ds_charIndex=\"38\" align=\"left\" class=\"MsoNormal\">Uwa\u017cam za skandaliczne, prymitywne, nieetyczne\u00a0 i poni\u017caj\u0105ce nas, Polak\u00f3w szczeg\u00f3lnie mieszkaj\u0105cych tu, w USA, u\u017cywanie wszelkich, \u201epodniecaj\u0105cych\u201d tytu\u0142\u00f3w na pierwszych stronach naszych codziennych gazet.<\/p>\n<p goog_ds_charIndex=\"246\" align=\"left\" class=\"MsoNormal\">Czy ma nas podnosi\u0107 na duchu i przysparza\u0107 dumy tytu\u0142 informuj\u0105cy, \u017ce Polka, okradaj\u0105ca Roberta De Niro otrzyma\u0142a wyrok?<!--more--><\/p>\n<p goog_ds_charIndex=\"545\" align=\"left\" class=\"MsoNormal\">\u201eImigrant z Polski, 33-letni Jakub Fik, z powodu nieszcz\u0119\u015bliwej mi\u0142o\u015bci dosta\u0142 ataku sza\u0142u, odci\u0105\u0142 sobie przyrodzenie i&#8230;rzuci\u0142 penisem w policj\u0119.\u201d Wszystko to na tle zdj\u0119cia (prawdopodobnie policjantki), trzymaj\u0105cej w r\u0119ku (prawdopodobnie owego penisa)-p\u00f3\u0142 ok\u0142adki..<\/p>\n<p goog_ds_charIndex=\"816\" align=\"left\" class=\"MsoNormal\">Dla kontrastu, na tej\u017ce ok\u0142adce, du\u017co mniejsze, wi\u0119c i mniej wa\u017cne, obramowane reklamami zdj\u0119cie&#8230;Jana Paw\u0142a II i napis: \u201eCud Jana Paw\u0142a II\u201d.<\/p>\n<p goog_ds_charIndex=\"961\" align=\"left\" class=\"MsoNormal\">Ludzie, czy wy musicie kupowa\u0107 te gazety?! Co niedziel\u0119 do ko\u015bcio\u0142a, dzie\u0144, w dzie\u0144 ci\u0119\u017cka har\u00f3wka i za te pieni\u0105dze kupujecie brukowy tytu\u0142? Waszymi pieni\u0119dzmi kreujecie obraz\u0119 Ojca \u015aw., kt\u00f3rego tak kochali\u015bcie, za kt\u00f3rym tak chcieli\u015bcie i\u015b\u0107? Papie\u017ca, kt\u00f3ry o Was nigdy nie zapomnia\u0142, kt\u00f3ry u\u017cy\u0142 swojego autorytetu, by wyzwoli\u0107 Was z jarzma komunizmu. Wy te\u017c si\u0119 obud\u017acie, &#8211; czy tak chcecie Mu sk\u0142ada\u0107 ho\u0142d? Wi\u0119c jeste\u015bcie nic nie warci, przyjmijcie t\u0119 prawd\u0119.<\/p>\n<p goog_ds_charIndex=\"1425\" align=\"left\" class=\"MsoNormal\">Redaktorzy i w\u0142a\u015bciciele gazet, opanujcie si\u0119, nie r\u00f3bcie ze swoich Czytelnik\u00f3w prymitywnych ma\u0142p,-czy mo\u017ce jest ju\u017c za p\u00f3\u017ano, bo przecie\u017c to si\u0119 sprzedaje? Kim zaczynamy by\u0107? Komercja gazet idzie wy\u0142\u0105cznie w kierunku robienia pieni\u0119dzy. Bez wzgl\u0119du na spos\u00f3b.<\/p>\n<p goog_ds_charIndex=\"1688\" align=\"left\" class=\"MsoNormal\">O\u015bwiadczam, \u017ce s\u0142o\u017c\u0119 pozew o zniewa\u017cenie moich uczu\u0107 religijnych. To wstr\u0119tne i wywo\u0142uj\u0105ce odruchy wymiotne praktyki naszych dziennik\u00f3w, w kt\u00f3rych miejsce na kultur\u0119, na sukcesy Polak\u00f3w, na wzmacnianie naszej nacji, tu na obczy\u017anie jest zaledwie marginalne wewn\u0105trz gazet.<\/p>\n<p goog_ds_charIndex=\"1963\" align=\"left\" class=\"MsoNormal\">Pogo\u0144 za pieni\u0105dzem, wymy\u015blanie wszelkich tytu\u0142\u00f3w i \u201eatrakcji\u201d do szerokiego opisywania wyzbywa dziennikarzy tych pism z wszelkiej etyki, dobrego smaku i zwyk\u0142ej prawo\u015bci. Co si\u0119 z nami dzieje na tej emigracji? Ludzie, pami\u0119tajcie kim jeste\u015bcie, pami\u0119tajcie, \u017ce przybyli\u015bcie z kraju, kt\u00f3ry ma tysi\u0105cletni\u0105 kultur\u0119, tysi\u0105cletni\u0105 histori\u0119 kropion\u0105 krwi\u0105 patriot\u00f3w, dla kt\u00f3rych honor by\u0142 pierwszym s\u0142owem w ich ustach i sumieniach. Nie uczymy si\u0119 j\u0119zyka kraju, w kt\u00f3rym przysz\u0142o nam \u017cy\u0107, bo nam si\u0119 nie chce, ale szybko uczymy sie najgorszych tego kraju metod na robienie pieni\u0119dzy. Tylko dlaczego, zamiast je robi\u0107, wydajecie na popieranie obra\u017cania naszych, polskich, katolickich uczu\u0107?<\/p>\n<p goog_ds_charIndex=\"2651\" align=\"left\" class=\"MsoNormal\">Zr\u00f3bcie sobie chwil\u0119 refleksji, b\u0142agam.<\/p>\n<p goog_ds_charIndex=\"369\" align=\"left\" class=\"MsoNormal\">Szczytem wszystkiego jest jednak weekendowe wydanie Polskiej Gazety (dziennika, wydawanego w NY, &#8211; nie myli\u0107 z Gazet\u0105 Polsk\u0105,- tygodnikiem wydawanym w Warszawie.):<\/p>\n<p><\/span><\/p>\n","protected":false},"excerpt":{"rendered":"<p>Uwa\u017cam za skandaliczne, prymitywne, nieetyczne\u00a0 i poni\u017caj\u0105ce nas, Polak\u00f3w szczeg\u00f3lnie mieszkaj\u0105cych tu, w USA, u\u017cywanie wszelkich, \u201epodniecaj\u0105cych\u201d tytu\u0142\u00f3w na pierwszych stronach naszych codziennych gazet. Czy ma nas podnosi\u0107 na duchu i przysparza\u0107 dumy tytu\u0142 informuj\u0105cy, \u017ce Polka, okradaj\u0105ca Roberta De Niro otrzyma\u0142a wyrok?<\/p>\n","protected":false},"author":2,"featured_media":0,"comment_status":"open","ping_status":"open","sticky":false,"template":"","format":"standard","meta":[],"categories":[3],"tags":[],"_links":{"self":[{"href":"https:\/\/sporek.com\/blog\/index.php?rest_route=\/wp\/v2\/posts\/3"}],"collection":[{"href":"https:\/\/sporek.com\/blog\/index.php?rest_route=\/wp\/v2\/posts"}],"about":[{"href":"https:\/\/sporek.com\/blog\/index.php?rest_route=\/wp\/v2\/types\/post"}],"author":[{"embeddable":true,"href":"https:\/\/sporek.com\/blog\/index.php?rest_route=\/wp\/v2\/users\/2"}],"replies":[{"embeddable":true,"href":"https:\/\/sporek.com\/blog\/index.php?rest_route=%2Fwp%2Fv2%2Fcomments&post=3"}],"version-history":[{"count":0,"href":"https:\/\/sporek.com\/blog\/index.php?rest_route=\/wp\/v2\/posts\/3\/revisions"}],"wp:attachment":[{"href":"https:\/\/sporek.com\/blog\/index.php?rest_route=%2Fwp%2Fv2%2Fmedia&parent=3"}],"wp:term":[{"taxonomy":"category","embeddable":true,"href":"https:\/\/sporek.com\/blog\/index.php?rest_route=%2Fwp%2Fv2%2Fcategories&post=3"},{"taxonomy":"post_tag","embeddable":true,"href":"https:\/\/sporek.com\/blog\/index.php?rest_route=%2Fwp%2Fv2%2Ftags&post=3"}],"curies":[{"name":"wp","href":"https:\/\/api.w.org\/{rel}","templated":true}]}}