{"id":300,"date":"2011-09-14T11:39:38","date_gmt":"2011-09-14T15:39:38","guid":{"rendered":"http:\/\/sporek.com\/blog\/?p=300"},"modified":"2011-09-14T11:48:02","modified_gmt":"2011-09-14T15:48:02","slug":"wyszedl-rostowskiz-worka","status":"publish","type":"post","link":"https:\/\/sporek.com\/blog\/?p=300","title":{"rendered":"Wyszed\u0142 Rostowski&#8230;z worka"},"content":{"rendered":"<p><span style=\"font-size: 10pt; font-family: Verdana; color: #000000; background-color: transparent; font-weight: normal; font-style: normal; font-variant: normal; text-decoration: none; vertical-align: baseline\" id=\"internal-source-marker_0.556211642475002\"><\/span><span style=\"font-size: 10pt; font-family: Verdana; color: #000000; background-color: transparent; font-weight: normal; font-style: normal; font-variant: normal; text-decoration: none; vertical-align: baseline\">No,  i doczekali\u015bmy si\u0119 s\u0142\u00f3w prawdy. Z \u201czielonej wyspy\u201d zosta\u0142a&#8230;zielona  karta. Jak szyd\u0142o z worka, tak Rostowski dzisiaj wyszed\u0142 z ciemnej propagandy sukcesu. Ukwiecona orracja polskiego ministra finans\u00f3w w Strasburgu wyra\u017anie okre\u015bli\u0142a: <\/span><br \/>\n<span style=\"font-size: 10pt; font-family: Verdana; color: #000000; background-color: transparent; font-weight: normal; font-style: normal; font-variant: normal; text-decoration: none; vertical-align: baseline\">1- nie PiS, a w\u0142a\u015bnie J. Rostowski robi za straszaka <\/span><br \/>\n<span style=\"font-size: 10pt; font-family: Verdana; color: #000000; background-color: transparent; font-weight: normal; font-style: normal; font-variant: normal; text-decoration: none; vertical-align: baseline\">2- strefa euro, a co za tym idzie Unia Europejska s\u0105 w dramatycznym kryzysie<\/span><br \/>\n<span style=\"font-size: 10pt; font-family: Verdana; color: #000000; background-color: transparent; font-weight: normal; font-style: normal; font-variant: normal; text-decoration: none; vertical-align: baseline\">3-  polscy politycy z rz\u0105dz\u0105cej koalicji wiedz\u0105 to, czego nie u\u015bwiadamiali  spo\u0142ecze\u0144stwu, ok\u0142amuj\u0105c je systematycznie i z zimn\u0105 krwi\u0105.<\/span><!--more--><!--more--><br \/>\n<span style=\"font-size: 10pt; font-family: Verdana; color: #000000; background-color: transparent; font-weight: normal; font-style: normal; font-variant: normal; text-decoration: none; vertical-align: baseline\">Zacytowany  przez Rostowskiego \u201cznajomy\u201d, kt\u00f3ry zastanawia si\u0119 nad zielon\u0105 kart\u0105  USA dla swoich dzieci, to podobno prezes wielkiego banku w Polsce  (nazwisko nie pad\u0142o i nie wiemy, kto zacz). Rostowski pope\u0142ni\u0142 potworny  b\u0142\u0105d, bo gdyby powiedzia\u0142, \u017ce to znajomy z klatki schodowej, albo s\u0105siad  obok jego posiad\u0142o\u015bci no, to jako\u015b by to tam przesz\u0142o. Ale bankowiec?  To ju\u017c bardzo konkretna informacja o fatalnej sytuacji nie tylko Europy,  ale przede wszystkim Polski. A by\u0142o tak \u201c\u015bwietnie, bezpiecznie i po  europejsku\u201d.<\/span><br \/>\n<span style=\"font-size: 10pt; font-family: Verdana; color: #000000; background-color: transparent; font-weight: normal; font-style: normal; font-variant: normal; text-decoration: none; vertical-align: baseline\">Kiedy  ujawni\u0142em mojemu znajomemu, \u017ce g\u0142osowa\u0142em przeciwko wej\u015bciu Polski do  Unii Europejskiej, a potem wyra\u017anie apelowa\u0142em na moim blogu o  nieratyfikowanie Traktatu Lizbo\u0144skiego, nazwa\u0142 mnie zacofa\u0144cem, ale gdy  ja zapyta\u0142em go, co przekonuje go o g\u0142osowaniu \u201cza\u201d, odpowiedzia\u0142 bez wahania: <\/span><span style=\"font-size: 10pt; font-family: Verdana; color: #000000; background-color: transparent; font-weight: normal; font-style: italic; font-variant: normal; text-decoration: none; vertical-align: baseline\">b\u0119d\u0119 m\u00f3g\u0142 sobie je\u017adzi\u0107<\/span><span style=\"font-size: 10pt; font-family: Verdana; color: #000000; background-color: transparent; font-weight: normal; font-style: normal; font-variant: normal; text-decoration: none; vertical-align: baseline\"> <\/span><span style=\"font-size: 10pt; font-family: Verdana; color: #000000; background-color: transparent; font-weight: normal; font-style: italic; font-variant: normal; text-decoration: none; vertical-align: baseline\">po Europie bez paszportu.<\/span> <span style=\"font-size: 10pt; font-family: Verdana; color: #000000; background-color: transparent; font-weight: normal; font-style: normal; font-variant: normal; text-decoration: none; vertical-align: baseline\" id=\"internal-source-marker_0.556211642475002\">Znalaz\u0142 si\u0119 mi\u0142o\u015bnik turystyki&#8230;<\/span><br \/>\n<span style=\"font-size: 10pt; font-family: Verdana; color: #000000; background-color: transparent; font-weight: normal; font-style: normal; font-variant: normal; text-decoration: none; vertical-align: baseline\">Takie,  u wi\u0119kszo\u015bci indagowanych przeze mnie znajomych przewa\u017ca\u0142y argumenty. O  uzale\u017cnieniu pa\u0144stw i spo\u0142ecze\u0144stw od kilku szale\u0144c\u00f3w nie by\u0142o mowy.  \u201cEuropa\u201d, to by\u0142 standart, cel, do kt\u00f3rego pchali si\u0119 wszyscy, jak muchy  na lep.<\/span><br \/>\n<span style=\"font-size: 10pt; font-family: Verdana; color: #000000; background-color: transparent; font-weight: normal; font-style: normal; font-variant: normal; text-decoration: none; vertical-align: baseline\">Merkel  wbi\u0142a sobie w usta s\u0142owo \u201cnein\u201d i na wszelkie propozycje, na przyk\u0142ad  wypuszczenia obligacji europejskich u\u017cywa w\u0142a\u015bnie tego s\u0142owa. Zdaje  sobie spraw\u0119, \u017ce to w\u0142a\u015bnie Niemcy b\u0119d\u0105 p\u0142aci\u0107, a spo\u0142ecze\u0144stwo, jej  wyborcy m\u00f3wi\u0105 \u201cnein\u201d. I zdaje sobie spraw\u0119, \u017ce prowadzi to do Europy  \u201cdw\u00f3ch pr\u0119dko\u015bci\u201d. Unia Europejska stoi pod \u015bcian\u0105. Grecji nie ma ju\u017c  sensu wspiera\u0107 kolejnymi transzami, bo to stracone pieni\u0105dze. Nie ma  sensu si\u0119 rozpisywa\u0107. Podam tylko link do fragment\u00f3w wyst\u0105pie\u0144 agielskiego  euro-pos\u0142a Nigela Farage na forum europejskim. Link zawiera jego kolejne  wyst\u0105pienia w rodz\u0105cym si\u0119 kryzysie. Nikt go nie s\u0142ucha\u0142, a nawet, co  zauwa\u017cysz Czytelniku bardzo dobitnie, towarzyszy\u0142y jego wyst\u0105pieniom  kpi\u0105ce u\u015bmiechy. Pami\u0119ta\u0107 natomiast nale\u017cy, \u017ce byli przy tych  wyst\u0105pieniach polscy euro-parlamentarzy\u015bci. Czy kiedykolwiek powiedzieli  nam o sytuacji Europy w\/g Farage? Nigdy. Nie \u017cycz\u0119 mi\u0142ego s\u0142uchania, bo  nic w tym przyjemnego. Ale to do siebie ma prawda, \u017ce czasem bywa nie  do \u015bmiechu. Rostowski udowodni\u0142 r\u00f3wnie\u017c kolejn\u0105, bardzo wa\u017cn\u0105 kwesti\u0119:<\/span><br \/>\n<span style=\"font-size: 10pt; font-family: Verdana; color: #000000; background-color: transparent; font-weight: normal; font-style: normal; font-variant: normal; text-decoration: none; vertical-align: baseline\">KOALICJA PO-PSL JEST ABSOLUTNIE NIEKOMPETENTA DO SPRAWOWANIA RZ\u0104D\u00d3W W POLSCE. <\/span><br \/>\n<a href=\"http:\/\/pktube.onepakistan.com\/video\/zic0GIKfdB4\/Nigel-Farage-Zamkni%C4%99ci-w-gospodarczym-wi%C4%99zieniu-polskie-napisy.html\"><span style=\"font-size: 10pt; font-family: Verdana; color: #000099; background-color: transparent; font-weight: normal; font-style: normal; font-variant: normal; text-decoration: underline; vertical-align: baseline\">h<\/span><\/a><a href=\"http:\/\/pktube.onepakistan.com\/video\/zic0GIKfdB4\/Nigel-Farage-Zamkni%C4%99ci-w-gospodarczym-wi%C4%99zieniu-polskie-napisy.html\"><span style=\"font-size: 10pt; font-family: Verdana; color: #000099; background-color: transparent; font-weight: normal; font-style: normal; font-variant: normal; text-decoration: underline; vertical-align: baseline\">ttp:\/\/pktube.onepakistan.com\/video\/zic0GIKfdB4\/Nigel-Farage-Zamkni%C4%99ci-w-gospodarczym-wi%C4%99zieniu-polskie-napisy.html<\/span><\/a><span style=\"font-size: 10pt; font-family: Verdana; color: #000000; background-color: transparent; font-weight: normal; font-style: normal; font-variant: normal; text-decoration: none; vertical-align: baseline\"><\/span> <span style=\"font-size: 10pt; font-family: Verdana; color: #000000; background-color: transparent; font-weight: normal; font-style: normal; font-variant: normal; text-decoration: none; vertical-align: baseline\" id=\"internal-source-marker_0.556211642475002\"><\/span><\/p>\n<p><span style=\"font-size: 10pt; font-family: Verdana; color: #000000; background-color: transparent; font-weight: normal; font-style: normal; font-variant: normal; text-decoration: none; vertical-align: baseline\" id=\"internal-source-marker_0.556211642475002\">Pami\u0119tajmy o tym 9, a tu, w Stanach 8 pa\u017adziernika.<\/span><br \/>\n<span style=\"font-size: 10pt; font-family: Verdana; color: #000000; background-color: transparent; font-weight: normal; font-style: normal; font-variant: normal; text-decoration: none; vertical-align: baseline\">Drogi  Czytelniku, kimkolwiek jeste\u015b, wyci\u0105gnij w\u0142asne wnioski i przesta\u0144  wierzy\u0107 TEFAUENOM, bo one nigdy nie powiedz\u0105 prawdy. Film ma polskie  napisy, mo\u017cna zatrzymywa\u0107 i analizowa\u0107 ka\u017cde s\u0142owo Nigela Farage.  Lektura tyle ciekawa, co niestety wstrz\u0105saj\u0105ca. Boli fakt, \u017ce cokolwiek  my tutaj, na obczy\u017anie przeczytamy w ameryka\u0144skich, czy \u015bwiatowych  mediach i pr\u00f3bujemy jako\u015b przekona\u0107 o tych prawdach Rodak\u00f3w  mieszkaj\u0105cych w Polsce, to wi\u0119kszo\u015b\u0107 z nich uparcie powtarza: \u201cwy tam, za  granic\u0105 nic nie wiecie o \u017cyciu w Polsce, czy Europie\u201d.<\/span><br \/>\n<span style=\"font-size: 10pt; font-family: Verdana; color: #000000; background-color: transparent; font-weight: normal; font-style: normal; font-variant: normal; text-decoration: none; vertical-align: baseline\">Wi\u0119c  wyt\u0142umaczcie mi dzisiejsze s\u0142owa Rostowskiego, wyt\u0142umaczcie mi potworny  strach na twarzy Tuska podcza konwencji PO. Wyt\u0142umaczcie mi zmasowany  atak na PiS, wyt\u0142umaczcie mi k\u0142amstwa tego rz\u0105du.<\/span><\/p>\n","protected":false},"excerpt":{"rendered":"<p>No, i doczekali\u015bmy si\u0119 s\u0142\u00f3w prawdy. Z \u201czielonej wyspy\u201d zosta\u0142a&#8230;zielona karta. Jak szyd\u0142o z worka, tak Rostowski dzisiaj wyszed\u0142 z ciemnej propagandy sukcesu. Ukwiecona orracja polskiego ministra finans\u00f3w w Strasburgu wyra\u017anie okre\u015bli\u0142a: 1- nie PiS, a w\u0142a\u015bnie J. Rostowski robi za straszaka 2- strefa euro, a co za tym idzie Unia Europejska s\u0105 w dramatycznym [&hellip;]<\/p>\n","protected":false},"author":2,"featured_media":0,"comment_status":"open","ping_status":"open","sticky":false,"template":"","format":"standard","meta":[],"categories":[4],"tags":[],"_links":{"self":[{"href":"https:\/\/sporek.com\/blog\/index.php?rest_route=\/wp\/v2\/posts\/300"}],"collection":[{"href":"https:\/\/sporek.com\/blog\/index.php?rest_route=\/wp\/v2\/posts"}],"about":[{"href":"https:\/\/sporek.com\/blog\/index.php?rest_route=\/wp\/v2\/types\/post"}],"author":[{"embeddable":true,"href":"https:\/\/sporek.com\/blog\/index.php?rest_route=\/wp\/v2\/users\/2"}],"replies":[{"embeddable":true,"href":"https:\/\/sporek.com\/blog\/index.php?rest_route=%2Fwp%2Fv2%2Fcomments&post=300"}],"version-history":[{"count":0,"href":"https:\/\/sporek.com\/blog\/index.php?rest_route=\/wp\/v2\/posts\/300\/revisions"}],"wp:attachment":[{"href":"https:\/\/sporek.com\/blog\/index.php?rest_route=%2Fwp%2Fv2%2Fmedia&parent=300"}],"wp:term":[{"taxonomy":"category","embeddable":true,"href":"https:\/\/sporek.com\/blog\/index.php?rest_route=%2Fwp%2Fv2%2Fcategories&post=300"},{"taxonomy":"post_tag","embeddable":true,"href":"https:\/\/sporek.com\/blog\/index.php?rest_route=%2Fwp%2Fv2%2Ftags&post=300"}],"curies":[{"name":"wp","href":"https:\/\/api.w.org\/{rel}","templated":true}]}}