{"id":301,"date":"2011-09-20T17:01:00","date_gmt":"2011-09-20T21:01:00","guid":{"rendered":"http:\/\/sporek.com\/blog\/?p=301"},"modified":"2011-09-21T22:51:03","modified_gmt":"2011-09-22T02:51:03","slug":"wybory-wybory-wybory","status":"publish","type":"post","link":"https:\/\/sporek.com\/blog\/?p=301","title":{"rendered":"Wybory, wybory, wybory"},"content":{"rendered":"<p><span style=\"font-size: 10pt; font-family: Verdana; color: #000000; background-color: transparent; font-weight: normal; font-style: normal; font-variant: normal; text-decoration: none; vertical-align: baseline\" id=\"internal-source-marker_0.5852793048925041\"><\/span><span style=\"font-size: 10pt; font-family: Verdana; color: #000000; background-color: transparent; font-weight: normal; font-style: normal; font-variant: normal; text-decoration: none; vertical-align: baseline\">Dziwnym  zbiegiem okoliczno\u015bci kampania wyborcza w Polsce przebiega prawie tak,  jak zawsze, przy czym ta obecna ma nawet wi\u0119cej zabawno\u015bci, ni\u017c  poprzednie. Natomiast znowu tak si\u0119 zbieg\u0142o w czasie, \u017ce nied\u0142ugo po  wyborach w Polsce odbywa\u0107 si\u0119 b\u0119d\u0105 wybory do Polsko-S\u0142owia\u0144skiej  Federalnej Unii Kredytowej w Nowym Jorku. Polonia nie b\u0119dzie si\u0119 nudzi\u0107.  <\/span><!--more--><span style=\"font-size: 10pt; font-family: Verdana; color: #000000; background-color: transparent; font-weight: normal; font-style: normal; font-variant: normal; text-decoration: none; vertical-align: baseline\">A \u201crozrywk\u0119\u201d zapewniaj\u0105 tzw. \u201cobro\u0144cy\u201d Unii Kredytowej i, jak  zawsze, niekt\u00f3rzy cz\u0142onkowie rady dyrektor\u00f3w. Jedna z dyrektorek wali na o\u015blep na  swojej stronie na kogo g\u0142osowa\u0107 nale\u017cy, a na kogo nie. I oczywi\u015bcie w  paragrafie \u201cnie\u201d s\u0105 wy\u0142\u0105cznie kandydaci z Centrum Polsko-S\u0142owia\u0144skiego, a  w paragrafach \u201ctak\u201d wszyscy inni bez wzgl\u0119du na to, czy si\u0119 do tej  funkcji nadaj\u0105, czy nie, czy maj\u0105 za uszami zaniedbania, czy nie. Wa\u017cne,  \u017ce nie s\u0105 z CP-S.<\/span><br \/>\n<span style=\"font-size: 10pt; font-family: Verdana; color: #000000; background-color: transparent; font-weight: normal; font-style: normal; font-variant: normal; text-decoration: none; vertical-align: baseline\">Do  kampanii do\u0142\u0105czy\u0142 polarny periodyk, kt\u00f3ry te\u017c wali na o\u015blep. Ja  pami\u0119tam, \u017ce wali\u0142em w niekt\u00f3rych cz\u0142onk\u00f3w panuj\u0105cej rady z grubej rury  wiele razy. To, co mnie r\u00f3\u017cni\u0142o, to to, \u017ce nigdy nie oskar\u017cy\u0142em \u017cadnego z  dyrektor\u00f3w o to, \u017ce ukrad\u0142 pieni\u0105dze. Na takie oskar\u017cenie trzeba mie\u0107  dowody. Tymczasem dowiadujemy si\u0119 z polarnego pi\u015bmid\u0142a, \u017ce prezes rady  dyrektor\u00f3w zaiwani\u0142 400 milion\u00f3w dolar\u00f3w, za\u015b z zamieszczonego w  polonijnym tygodniku &#8211; zacnym Kurierze Plus, kt\u00f3ry uwielbiam czyta\u0107  -og\u0142oszenia wyborczego dw\u00f3ch kandydat\u00f3w na cz\u0142onk\u00f3w rady dowiaduj\u0119 si\u0119,  \u017ce obecna rada dyrektor\u00f3w, w tym oczywi\u015bcie ja, robi &#8222;ciemne interesy i  machloje pod sto\u0142em\u201d, okradaj\u0105c biednych cz\u0142onk\u00f3w z ich ci\u0119\u017cko  zarobionych pieni\u0119dzy. Dziw bierze, gdy u\u015bwiadomi\u0119 sobie, \u017ce jeden z  tych kandydat\u00f3w jeszcze niedawno szuka\u0142 we mnie sojusznika, bo go  zwolnili z pracy. Jako\u015b nie przyznaje si\u0119, \u017ce dwa razy proponowano mu,  by powr\u00f3ci\u0142, cho\u0107 na nieco innych warunkach. Drugiego z kandydat\u00f3w nie  znam i nie znam te\u017c jego \u201cwielkiej dzia\u0142alno\u015bci\u201d na rzecz Polonii. A  jeszcze wi\u0119kszy dziw bierze, kiedy skonstatuj\u0119, \u017ce oni strasznie chc\u0105  wej\u015b\u0107 tam, gdzie pod sto\u0142em mo\u017cna kra\u015b\u0107. Ot siurpryza, Mo\u015bci  Wo\u0142odyjowski,- jak zwyk\u0142 m\u00f3wi\u0107 im\u0107 pan Zag\u0142oba.<\/span><br \/>\n<span style=\"font-size: 10pt; font-family: Verdana; color: #000000; background-color: transparent; font-weight: normal; font-style: normal; font-variant: normal; text-decoration: none; vertical-align: baseline\">No c\u00f3\u017c, popularno\u015b\u0107 mo\u017cna zdobywa\u0107 przez go\u0142os\u0142owne oskar\u017canie i to jako\u015b dziwnie najlepiej dzia\u0142a. <\/span><br \/>\n<span style=\"font-size: 10pt; font-family: Verdana; color: #000000; background-color: transparent; font-weight: normal; font-style: normal; font-variant: normal; text-decoration: none; vertical-align: baseline\">A  ja pami\u0119tam czasy, gdy matka i c\u00f3rka, czyli CP-S i Unia Kredytowa sz\u0142y  r\u0119ka w r\u0119k\u0119 i obie instytucje rozkwita\u0142y \u00a0ku rado\u015bci nowojorskiej  Polonii. Dzi\u015b nie m\u00f3wimy o meritum, o problemach, kt\u00f3re, a jak\u017ce s\u0105&#8230;,  dzi\u015b najlepiej powiedzie\u0107 o drugim \u201cz\u0142odziej\u201d. Ukrad\u0142, czy nie, ale jest  w radzie dyrektor\u00f3w, &#8211; no, to z\u0142odziej i basta. <\/span><br \/>\n<span style=\"font-size: 10pt; font-family: Verdana; color: #000000; background-color: transparent; font-weight: normal; font-style: normal; font-variant: normal; text-decoration: none; vertical-align: baseline\">Mam  jeden powa\u017cny problem: gdyby kt\u00f3ry\u015b z tych dw\u00f3ch kandydat\u00f3w usiad\u0142 przy  tym samym okr\u0105g\u0142ym stole na comiesi\u0119cznym spotkaniu, to ja szuka\u0142bym  jakiego\u015b winkla, \u017ceby si\u0119 za nim schowa\u0107, bo na pewno nie mia\u0142bym ochot\u0119  poda\u0107 r\u0119ki, ani tym bardziej siedzie\u0107 obok kogo\u015b, kto tak zawzi\u0119cie  pcha si\u0119 do z\u0142odziejskiej kliki. <\/span><br \/>\n<span style=\"font-size: 10pt; font-family: Verdana; color: #000000; background-color: transparent; font-weight: normal; font-style: normal; font-variant: normal; text-decoration: none; vertical-align: baseline\">Cz\u0142onkowie,  oczywi\u015bcie wybior\u0105, kogo chc\u0105 i to jest domena demokracji. Ile z tego  b\u0119dzie korzy\u015bci, a ile szk\u00f3d oka\u017ce si\u0119 po wyborach. Widz\u0119 wyra\u017anie, \u017ce  cz\u0119\u015b\u0107 cz\u0142onk\u00f3w obecnej rady Unii Kredytowej nie zrezygnowa\u0142a z wojny z  matk\u0105, czy z Centrum Polsko-S\u0142owia\u0144skim. Oby nie okaza\u0142o si\u0119, jak m\u00f3wi  stare, polskie przys\u0142owie, \u017ce kto nie s\u0142ucha ojca, matki ten s\u0142ucha  psiej sk\u00f3ry.<\/span><\/p>\n","protected":false},"excerpt":{"rendered":"<p>Dziwnym zbiegiem okoliczno\u015bci kampania wyborcza w Polsce przebiega prawie tak, jak zawsze, przy czym ta obecna ma nawet wi\u0119cej zabawno\u015bci, ni\u017c poprzednie. Natomiast znowu tak si\u0119 zbieg\u0142o w czasie, \u017ce nied\u0142ugo po wyborach w Polsce odbywa\u0107 si\u0119 b\u0119d\u0105 wybory do Polsko-S\u0142owia\u0144skiej Federalnej Unii Kredytowej w Nowym Jorku. Polonia nie b\u0119dzie si\u0119 nudzi\u0107.<\/p>\n","protected":false},"author":2,"featured_media":0,"comment_status":"open","ping_status":"open","sticky":false,"template":"","format":"standard","meta":[],"categories":[3],"tags":[],"_links":{"self":[{"href":"https:\/\/sporek.com\/blog\/index.php?rest_route=\/wp\/v2\/posts\/301"}],"collection":[{"href":"https:\/\/sporek.com\/blog\/index.php?rest_route=\/wp\/v2\/posts"}],"about":[{"href":"https:\/\/sporek.com\/blog\/index.php?rest_route=\/wp\/v2\/types\/post"}],"author":[{"embeddable":true,"href":"https:\/\/sporek.com\/blog\/index.php?rest_route=\/wp\/v2\/users\/2"}],"replies":[{"embeddable":true,"href":"https:\/\/sporek.com\/blog\/index.php?rest_route=%2Fwp%2Fv2%2Fcomments&post=301"}],"version-history":[{"count":0,"href":"https:\/\/sporek.com\/blog\/index.php?rest_route=\/wp\/v2\/posts\/301\/revisions"}],"wp:attachment":[{"href":"https:\/\/sporek.com\/blog\/index.php?rest_route=%2Fwp%2Fv2%2Fmedia&parent=301"}],"wp:term":[{"taxonomy":"category","embeddable":true,"href":"https:\/\/sporek.com\/blog\/index.php?rest_route=%2Fwp%2Fv2%2Fcategories&post=301"},{"taxonomy":"post_tag","embeddable":true,"href":"https:\/\/sporek.com\/blog\/index.php?rest_route=%2Fwp%2Fv2%2Ftags&post=301"}],"curies":[{"name":"wp","href":"https:\/\/api.w.org\/{rel}","templated":true}]}}