{"id":302,"date":"2011-09-22T00:37:04","date_gmt":"2011-09-22T04:37:04","guid":{"rendered":"http:\/\/sporek.com\/blog\/?p=302"},"modified":"2011-09-22T00:46:23","modified_gmt":"2011-09-22T04:46:23","slug":"po-strach-w-oczach","status":"publish","type":"post","link":"https:\/\/sporek.com\/blog\/?p=302","title":{"rendered":"PO-strach w oczach"},"content":{"rendered":"<p><span style=\"font-size: 10pt; font-family: Verdana; color: #000000; background-color: transparent; font-weight: normal; font-style: normal; font-variant: normal; text-decoration: none; vertical-align: baseline\" id=\"internal-source-marker_0.9734778396552112\"><\/span><span style=\"font-size: 10pt; font-family: Verdana; color: #000000; background-color: transparent; font-weight: normal; font-style: normal; font-variant: normal; text-decoration: none; vertical-align: baseline\">Wydawa\u0142o  mi si\u0119, \u017ce kampania wyborcza w Polsce b\u0119dzie mia\u0142a nadal ucieszny  charakter, ale si\u0119 z lekka pomyli\u0142em. Wystarczy\u0142o, \u017ce Jaros\u0142aw  Kaczy\u0144ski skomentowa\u0142, i\u017c wys\u0142anie polskich prokurator\u00f3w i \u015bledczych do  \u201ebadania\u201d wraku tupolewa, kt\u00f3ry sta\u0142 si\u0119 lataj\u0105c\u0105 trumn\u0105 polskich elit,  by\u0142o wyborcz\u0105 zagrywk\u0105 sp\u00f3\u017anion\u0105 o p\u00f3\u0142tora roku i prys\u0142 zabawny nastr\u00f3j.  <\/span><!--more--><span style=\"font-size: 10pt; font-family: Verdana; color: #000000; background-color: transparent; font-weight: normal; font-style: normal; font-variant: normal; text-decoration: none; vertical-align: baseline\">Tusk twierdzi, \u017ce \u201ebierze go obrzydzenie\u201d, ale stwierdzi\u0142 te\u017c &#8211;  niepytany -, \u017ce \u201enie ma nic na sumieniu\u201d. Podobno, jak si\u0119 uderzy w  st\u00f3\u0142, to odzywaj\u0105 si\u0119 no\u017cyce. Nikt go o nic nie oskar\u017ca\u0142, a on m\u00f3wi, \u017ce ma czyste sumienie. Ot\u00f3\u017c panie premierze na pa\u0144skim sumieniu jest  conajmniej kilka zasadniczych zaniedba\u0144:<\/span><br \/>\n<span style=\"font-size: 10pt; font-family: Verdana; color: #000000; background-color: transparent; font-weight: normal; font-style: normal; font-variant: normal; text-decoration: none; vertical-align: baseline\">-oddanie \u015bledztwa Rosjanom<\/span><br \/>\n<span style=\"font-size: 10pt; font-family: Verdana; color: #000000; background-color: transparent; font-weight: normal; font-style: normal; font-variant: normal; text-decoration: none; vertical-align: baseline\">-rozdzielenie wizyt i nieprzygotowanie lotu delegacji prezydenckiej<\/span><br \/>\n<span style=\"font-size: 10pt; font-family: Verdana; color: #000000; background-color: transparent; font-weight: normal; font-style: normal; font-variant: normal; text-decoration: none; vertical-align: baseline\">-przyzwolenie  na to, aby wrak \u201ele\u017cakowa\u0142\u201d, gnij\u0105c na smole\u0144skim lotnisku, &#8211; dzi\u015b ju\u017c nawet  nie przykryty, bo plandek\u0119 diabli wzi\u0119li i pan na to nie reaguje, a  pa\u0144ski minister Sikorski odsy\u0142a \u017c\u0105dania o sprowadzenie wraku do  prokurator\u00f3w, m\u00f3wi\u0105c \u201eto nie od nas zale\u017cy\u201d. Ot, silny minister spraw  zagranicznych.<\/span><br \/>\n<span style=\"font-size: 10pt; font-family: Verdana; color: #000000; background-color: transparent; font-weight: normal; font-style: normal; font-variant: normal; text-decoration: none; vertical-align: baseline\">-k\u0142amstwa  pa\u0144skich ministr\u00f3w o przekopaniu -nomen omen pani Kopacz- i przesianiu ca\u0142ego terenu katastrofy,  a potem o udziale polskich \u015bledczych i lekarzy przy sekcjach zw\u0142ok.<\/span><br \/>\n<span style=\"font-size: 10pt; font-family: Verdana; color: #000000; background-color: transparent; font-weight: normal; font-style: normal; font-variant: normal; text-decoration: none; vertical-align: baseline\">-fatalny raport komisji Millera<\/span><br \/>\n<span style=\"font-size: 10pt; font-family: Verdana; color: #000000; background-color: transparent; font-weight: normal; font-style: normal; font-variant: normal; text-decoration: none; vertical-align: baseline\">To  tylko kilka. Nie dziwi\u0119 si\u0119, \u017ce dr\u0119czy pana sumienie. Ale to za ma\u0142o.  M\u0142yny sprawiedliwo\u015bci \u017cycia miel\u0105 wolno, ale skutecznie i odczuje to pan  na swojej karierze bardzo bole\u015bnie. Wr\u00f3\u0107my do \u201enieszcz\u0119snej\u201d wzmianki  J. Kaczy\u0144skiego o Smole\u0144sku. Szum si\u0119 zrobi\u0142 od Miecugowa, do Olejnik.  No i Jaros\u0142aw Kaczy\u0144ski stwierdzi\u0142, \u017ce je\u017celi kto\u015b oczekuje wyja\u015bnienia  tej najwi\u0119kszej i najtragiczniejszej katastrofy, to powinien g\u0142osowa\u0107 na  PiS. I sta\u0142o si\u0119: <\/span><span style=\"font-size: 10pt; font-family: Verdana; color: #000000; background-color: transparent; font-weight: normal; font-style: italic; font-variant: normal; text-decoration: none; vertical-align: baseline\">kupczy trumnami, u\u017cywa tragedii do wybor\u00f3w,<\/span><span style=\"font-size: 10pt; font-family: Verdana; color: #000000; background-color: transparent; font-weight: normal; font-style: normal; font-variant: normal; text-decoration: none; vertical-align: baseline\">  rozkrzycza\u0142y si\u0119 rz\u0105dowe media. Po co to wszystko? A no, dla zabicia  wewn\u0119trznego strachu. Tusk us\u0142ysza\u0142 dzisiaj tyle, \u017ce starczy mu na kilka  tygodni, cho\u0107 przy tej grubej sk\u00f3rze i w to w\u0105tpi\u0119. Dosta\u0142o mu si\u0119 i w  Koninie i w Poznaniu.<\/span><br \/>\n<span style=\"font-size: 10pt; font-family: Verdana; color: #000000; background-color: transparent; font-weight: normal; font-style: normal; font-variant: normal; text-decoration: none; vertical-align: baseline\">Platform\u0119  wspieraj\u0105, ku mojemu ogromnemu zdziwieniu, Jerzy Buzek i Janusz  Lewandowski. A ja my\u015bla\u0142em, \u017ce ci dwaj panowie reprezentuj\u0105 w  Parlamencie Europejskim Polsk\u0119 i Polak\u00f3w, a nie Platform\u0119. Tymczasem  bajdurz\u0105 w platformerskim spocie telewizyjnym, \u017ce b\u0119d\u0105 walczy\u0107 o  pieni\u0105dze dla Polski. Buzek i Lewandowski robi\u0105 Polsce wielk\u0105 \u0142ask\u0119. Ale  kilka dni temu pad\u0142o idiotyczne stwierdzenie jakiego\u015b platformersa, \u017ce  \u201etylko, je\u015bli wygra PO\u201d. No, to ju\u017c jaka\u015b parodia.<\/span><br \/>\n<span style=\"font-size: 10pt; font-family: Verdana; color: #000000; background-color: transparent; font-weight: normal; font-style: normal; font-variant: normal; text-decoration: none; vertical-align: baseline\">Czasem  chce mi si\u0119 ju\u017c rzyga\u0107 tymi dop\u0142atami z Europy, bo od sze\u015bciu lat nie  s\u0142yszeli\u015bmy ani raz, \u017ce jako Polska mo\u017cemy co\u015b sami wygospodarowa\u0107. Nie,  jeste\u015bmy zbyt nieudolni. Musz\u0105 by\u0107 dop\u0142aty i tylko Europa nas uratuje,  rozbuduje, rozwinie. My, Polacy jeste\u015bmy zbyt ciemni, leniwi, rozrzutni,  niegospodarni i nierozgarni\u0119ci, aby co\u015b wytworzy<\/span><span style=\"font-size: 10pt; font-family: Verdana; color: #000000; background-color: transparent; font-weight: normal; font-style: normal; font-variant: normal; text-decoration: none; vertical-align: baseline\">\u0107<\/span><span style=\"font-size: 10pt; font-family: Verdana; color: #000000; background-color: transparent; font-weight: normal; font-style: normal; font-variant: normal; text-decoration: none; vertical-align: baseline\"> i zadba<\/span><span style=\"font-size: 10pt; font-family: Verdana; color: #000000; background-color: transparent; font-weight: normal; font-style: normal; font-variant: normal; text-decoration: none; vertical-align: baseline\">\u0107 <\/span><span style=\"font-size: 10pt; font-family: Verdana; color: #000000; background-color: transparent; font-weight: normal; font-style: normal; font-variant: normal; text-decoration: none; vertical-align: baseline\">o swoje. Nam musi da\u0107 Europa.  To jest \u017cebractwo i kompletna niemoc. Ale mamy &#8222;siln\u0105 dru\u017cyn\u0119&#8221;, jak zapewnia silny minister Sikorski. Komuch Gierek zad\u0142u\u017cy\u0142 nas na 40  miliard\u00f3w zielonych; &#8211; niegdy\u015b walcz\u0105cy <\/span><span style=\"font-size: 10pt; font-family: Verdana; color: #000000; background-color: transparent; font-weight: normal; font-style: normal; font-variant: normal; text-decoration: none; vertical-align: baseline\">(?) <\/span><span style=\"font-size: 10pt; font-family: Verdana; color: #000000; background-color: transparent; font-weight: normal; font-style: normal; font-variant: normal; text-decoration: none; vertical-align: baseline\">z komun\u0105 Tusk przebi\u0142 go kilkakrotnie. Ot,  co.<\/span><br \/>\n<span style=\"font-size: 10pt; font-family: Verdana; color: #000000; background-color: transparent; font-weight: normal; font-style: normal; font-variant: normal; text-decoration: none; vertical-align: baseline\">Dzisiaj  wszyscy pos\u0142owie PiS g\u0142osowali w PE za wy\u017cszym bud\u017cetem, ale wy\u0142apano  dw\u00f3ch, kt\u00f3rzy, jak twierdz\u0105 pomylili si\u0119. I zrobiono z tego szum  medialny na ca\u0142\u0105 Polsk\u0119.<\/span><br \/>\n<span style=\"font-size: 10pt; font-family: Verdana; color: #000000; background-color: transparent; font-weight: normal; font-style: normal; font-variant: normal; text-decoration: none; vertical-align: baseline\">Nigdy  natomiast media nie poda\u0142y, \u017ce konserwatywna grupa EKR, do kt\u00f3rej  nale\u017cy Prawo i Sprawiedliwo\u015b\u0107 w ca\u0142o\u015bci g\u0142osowa\u0142a za uchwaleniem dop\u0142at  dla rolnik\u00f3w i, \u017ce przeciwko by\u0142a grupa IPP, do kt\u00f3rej nale\u017cy Platforma,  a w niej obecny szef komitetu wyborczego PO, Jacek Protasiewicz. Ten  sam, kt\u00f3ry tu, w Nowym Jorku, na spotkaniu z dyrektorami Unii Kredytowej  opowiada\u0142 bzdury, jaki to w Polsce dobrobyt i nie bardzo potrafi\u0142 odpowiedzie<\/span><span style=\"font-size: 10pt; font-family: Verdana; color: #000000; background-color: transparent; font-weight: normal; font-style: normal; font-variant: normal; text-decoration: none; vertical-align: baseline\">\u0107 na moje &#8222;dokuczliwe&#8221; pytania<\/span><span style=\"font-size: 10pt; font-family: Verdana; color: #000000; background-color: transparent; font-weight: normal; font-style: normal; font-variant: normal; text-decoration: none; vertical-align: baseline\">. No, to dzi\u015b Tusk us\u0142ysza\u0142  p\u0142acz ludu, nieumiej\u0105cego zwi\u0105za\u0107 ko\u0144ca z ko\u0144cem, w takim dobrobycie przysz\u0142o mu \u017cy<\/span><span style=\"font-size: 10pt; font-family: Verdana; color: #000000; background-color: transparent; font-weight: normal; font-style: normal; font-variant: normal; text-decoration: none; vertical-align: baseline\">\u0107<\/span><span style=\"font-size: 10pt; font-family: Verdana; color: #000000; background-color: transparent; font-weight: normal; font-style: normal; font-variant: normal; text-decoration: none; vertical-align: baseline\">.<\/span><br \/>\n<span style=\"font-size: 10pt; font-family: Verdana; color: #000000; background-color: transparent; font-weight: normal; font-style: normal; font-variant: normal; text-decoration: none; vertical-align: baseline\">Tymczasem  o dzia\u0142alno\u015bci i sile wspomnianego euro-klakiera, Radka Sikorskiego w  Parlamencie Europejskim \u015bwiadcz\u0105 nast\u0119puj\u0105ce fakty: na 136 dotychczas  obsadzonych stanowisk ambasador\u00f3w nasz minister spraw zagranicznych  wywalczy\u0142&#8230; dwa &#8211; ambasadora w Jordanii i w Seulu. Por\u00f3wnajmy do  podobnej wielko\u015bci\u0105 Hiszpanii &#8211; 11, malutkiej Belgii &#8211; 15, Holandii,  znacznie mniejszej od Polski &#8211; 7. Jest jeszcze prawda o wielko\u015bci  zatrudnienia Polak\u00f3w w dyplomacji unijnej (nie myli\u0107 z europos\u0142ami).  Ot\u00f3\u017c na 1480 os\u00f3b dotychczas zatrudnionych w Unii Europejskiej, a\u017c&#8230; 23-ech  !! Polak\u00f3w zajmuje stanowiska zarz\u0105dzaj\u0105ce najni\u017cszego szczebla, 19  zajmuje stanowiska sekretarskie i te\u017c najni\u017cszego szczebla. Tymczasem  Hiszpania &#8211; 52 stanowiska zarz\u0105dzaj\u0105ce, z czego 43 wysokiego szczebla i  \u00a029 stanowisk sekretarskich. Mamy by<\/span><span style=\"font-size: 10pt; font-family: Verdana; color: #000000; background-color: transparent; font-weight: normal; font-style: normal; font-variant: normal; text-decoration: none; vertical-align: baseline\">\u0107 dumni z dw\u00f3ch, kt\u00f3rzy s\u0105 na szpicy &#8211; Buzka i Lewandowskiego, ale przecie oni tylko pomog\u0105 Polsce, jak Platforma wygra. Trzeba mie<\/span><span style=\"font-size: 10pt; font-family: Verdana; color: #000000; background-color: transparent; font-weight: normal; font-style: normal; font-variant: normal; text-decoration: none; vertical-align: baseline\">\u0107 du\u017co tupetu, \u017ceby tak plu<\/span><span style=\"font-size: 10pt; font-family: Verdana; color: #000000; background-color: transparent; font-weight: normal; font-style: normal; font-variant: normal; text-decoration: none; vertical-align: baseline\">\u0107 narodowi w twarz panowie przewodnicz\u0105cy i g\u0142\u00f3wny ksi\u0119gowy.<\/span><br \/>\n<span style=\"font-size: 10pt; font-family: Verdana; color: #000000; background-color: transparent; font-weight: normal; font-style: normal; font-variant: normal; text-decoration: none; vertical-align: baseline\">Gdyby  nar\u00f3d polski cho\u0107 raz odwa\u017cy\u0142 si\u0119 da\u0107 w\u0142adz\u0119 PiSowi, ale bez  konieczno\u015bci budowania koalicji, jestem pewien, \u017ce Polska szybko  stan\u0119\u0142aby na nogi. C\u00f3\u017c, kiedy takich, jak Tusk, kt\u00f3rzy podobno \u201emaj\u0105  czyste sumienie\u201d pozosta\u0142o jeszcze strasznie du\u017co, od komunist\u00f3w, po  dzia\u0142aczy Solidarno\u015bci, niestety. I strach bije z ka\u017cdej twarzy.<\/span><br \/>\n<span style=\"font-size: 10pt; font-family: Verdana; color: #000000; background-color: transparent; font-weight: normal; font-style: normal; font-variant: normal; text-decoration: none; vertical-align: baseline\">Ale, mo\u017ce nadejdzie czas przebudzenia.<\/span><\/p>\n","protected":false},"excerpt":{"rendered":"<p>Wydawa\u0142o mi si\u0119, \u017ce kampania wyborcza w Polsce b\u0119dzie mia\u0142a nadal ucieszny charakter, ale si\u0119 z lekka pomyli\u0142em. Wystarczy\u0142o, \u017ce Jaros\u0142aw Kaczy\u0144ski skomentowa\u0142, i\u017c wys\u0142anie polskich prokurator\u00f3w i \u015bledczych do \u201ebadania\u201d wraku tupolewa, kt\u00f3ry sta\u0142 si\u0119 lataj\u0105c\u0105 trumn\u0105 polskich elit, by\u0142o wyborcz\u0105 zagrywk\u0105 sp\u00f3\u017anion\u0105 o p\u00f3\u0142tora roku i prys\u0142 zabawny nastr\u00f3j.<\/p>\n","protected":false},"author":2,"featured_media":0,"comment_status":"open","ping_status":"open","sticky":false,"template":"","format":"standard","meta":[],"categories":[4],"tags":[],"_links":{"self":[{"href":"https:\/\/sporek.com\/blog\/index.php?rest_route=\/wp\/v2\/posts\/302"}],"collection":[{"href":"https:\/\/sporek.com\/blog\/index.php?rest_route=\/wp\/v2\/posts"}],"about":[{"href":"https:\/\/sporek.com\/blog\/index.php?rest_route=\/wp\/v2\/types\/post"}],"author":[{"embeddable":true,"href":"https:\/\/sporek.com\/blog\/index.php?rest_route=\/wp\/v2\/users\/2"}],"replies":[{"embeddable":true,"href":"https:\/\/sporek.com\/blog\/index.php?rest_route=%2Fwp%2Fv2%2Fcomments&post=302"}],"version-history":[{"count":0,"href":"https:\/\/sporek.com\/blog\/index.php?rest_route=\/wp\/v2\/posts\/302\/revisions"}],"wp:attachment":[{"href":"https:\/\/sporek.com\/blog\/index.php?rest_route=%2Fwp%2Fv2%2Fmedia&parent=302"}],"wp:term":[{"taxonomy":"category","embeddable":true,"href":"https:\/\/sporek.com\/blog\/index.php?rest_route=%2Fwp%2Fv2%2Fcategories&post=302"},{"taxonomy":"post_tag","embeddable":true,"href":"https:\/\/sporek.com\/blog\/index.php?rest_route=%2Fwp%2Fv2%2Ftags&post=302"}],"curies":[{"name":"wp","href":"https:\/\/api.w.org\/{rel}","templated":true}]}}