{"id":303,"date":"2011-09-29T12:48:44","date_gmt":"2011-09-29T16:48:44","guid":{"rendered":"http:\/\/sporek.com\/blog\/?p=303"},"modified":"2011-10-04T01:15:35","modified_gmt":"2011-10-04T05:15:35","slug":"wybory-8-pazdziernika","status":"publish","type":"post","link":"https:\/\/sporek.com\/blog\/?p=303","title":{"rendered":"Wybory 8 pa\u017adziernika"},"content":{"rendered":"<p><span style=\"font-size: 10pt; font-family: Verdana; color: #000000; background-color: transparent; font-weight: normal; font-style: normal; font-variant: normal; text-decoration: none; vertical-align: baseline\" id=\"internal-source-marker_0.8558974943479373\"><\/span><span style=\"font-size: 10pt; font-family: Verdana; color: #000000; background-color: transparent; font-weight: normal; font-style: normal; font-variant: normal; text-decoration: none; vertical-align: baseline\">To  nie pomy\u0142ka. Artyku\u0142 jest dla Czytelnik\u00f3w w Nowym Jorku i okolicach, a  my g\u0142osujemy tu w\u0142a\u015bnie w sobot\u0119, 8-ego pa\u017adziernika. Mamy na naszym  terenie siedem komisji wyborczych:<\/span><!--more--><br \/>\n<span style=\"font-size: 10pt; font-family: Verdana; color: #000000; background-color: transparent; font-weight: bold; font-style: normal; font-variant: normal; text-decoration: none; vertical-align: baseline\">Nr. 171 &#8211; Konsulat Generalny<\/span><br \/>\n<span style=\"font-size: 10pt; font-family: Verdana; color: #000000; background-color: transparent; font-weight: normal; font-style: normal; font-variant: normal; text-decoration: none; vertical-align: baseline\">233 Madison Avenue,<\/span><br \/>\n<span style=\"font-size: 10pt; font-family: Verdana; color: #000000; background-color: transparent; font-weight: normal; font-style: normal; font-variant: normal; text-decoration: none; vertical-align: baseline\">New York, NY 10016 <\/span><span style=\"font-size: 10pt; font-family: Verdana; color: #000000; background-color: transparent; font-weight: bold; font-style: normal; font-variant: normal; text-decoration: none; vertical-align: baseline\"><\/span><br \/>\n<span style=\"font-size: 10pt; font-family: Verdana; color: #000000; background-color: transparent; font-weight: bold; font-style: normal; font-variant: normal; text-decoration: none; vertical-align: baseline\">Nr. 172 &#8211; Centrum Polsko-S\u0142owia\u0144skie <\/span><br \/>\n<span style=\"font-size: 10pt; font-family: Verdana; color: #000000; background-color: transparent; font-weight: normal; font-style: normal; font-variant: normal; text-decoration: none; vertical-align: baseline\">177 Kent Street,<\/span><br \/>\n<span style=\"font-size: 10pt; font-family: Verdana; color: #000000; background-color: transparent; font-weight: normal; font-style: normal; font-variant: normal; text-decoration: none; vertical-align: baseline\">Brooklyn, NY 11222 <\/span><br \/>\n<span style=\"font-size: 10pt; font-family: Verdana; color: #000000; background-color: transparent; font-weight: bold; font-style: normal; font-variant: normal; text-decoration: none; vertical-align: baseline\">Nr. 173 &#8211; Polski Dom Narodowy<\/span><br \/>\n<span style=\"font-size: 10pt; font-family: Verdana; color: #000000; background-color: transparent; font-weight: normal; font-style: normal; font-variant: normal; text-decoration: none; vertical-align: baseline\">216 Driggs Avenue,<\/span><br \/>\n<span style=\"font-size: 10pt; font-family: Verdana; color: #000000; background-color: transparent; font-weight: normal; font-style: normal; font-variant: normal; text-decoration: none; vertical-align: baseline\">Brooklyn, NY 11222 <\/span><br \/>\n<span style=\"font-size: 10pt; font-family: Verdana; color: #000000; background-color: transparent; font-weight: bold; font-style: normal; font-variant: normal; text-decoration: none; vertical-align: baseline\">Nr. 174 &#8211; Centrum Parafialne Parafii \u015aw. Alojzego<\/span><span style=\"font-size: 10pt; font-family: Verdana; color: #000000; background-color: transparent; font-weight: normal; font-style: normal; font-variant: normal; text-decoration: none; vertical-align: baseline\"><\/span><br \/>\n<span style=\"font-size: 10pt; font-family: Verdana; color: #000000; background-color: transparent; font-weight: normal; font-style: normal; font-variant: normal; text-decoration: none; vertical-align: baseline\">382 Onderdonk Avenue,<\/span><br \/>\n<span style=\"font-size: 10pt; font-family: Verdana; color: #000000; background-color: transparent; font-weight: normal; font-style: normal; font-variant: normal; text-decoration: none; vertical-align: baseline\">Ridgewood, NY, 11385 <\/span><br \/>\n<span style=\"font-size: 10pt; font-family: Verdana; color: #000000; background-color: transparent; font-weight: bold; font-style: normal; font-variant: normal; text-decoration: none; vertical-align: baseline\">Nr. 175 &#8211; Polsko-Ameryka\u0144skie Centrum Kulturalne<\/span><span style=\"font-size: 10pt; font-family: Verdana; color: #000000; background-color: transparent; font-weight: normal; font-style: normal; font-variant: normal; text-decoration: none; vertical-align: baseline\"><\/span><br \/>\n<span style=\"font-size: 10pt; font-family: Verdana; color: #000000; background-color: transparent; font-weight: normal; font-style: normal; font-variant: normal; text-decoration: none; vertical-align: baseline\">1-3 Monroe Street, Passaic, NJ, 07055<\/span><br \/>\n<span style=\"font-size: 10pt; font-family: Verdana; color: #000000; background-color: transparent; font-weight: bold; font-style: normal; font-variant: normal; text-decoration: none; vertical-align: baseline\">Nr. 176 &#8211; Polska Fundacja Kulturalna<\/span><span style=\"font-size: 10pt; font-family: Verdana; color: #000000; background-color: transparent; font-weight: normal; font-style: normal; font-variant: normal; text-decoration: none; vertical-align: baseline\"><\/span><br \/>\n<span style=\"font-size: 10pt; font-family: Verdana; color: #000000; background-color: transparent; font-weight: normal; font-style: normal; font-variant: normal; text-decoration: none; vertical-align: baseline\">177 Broadway, Clark, NJ, 07066<\/span><br \/>\n<span style=\"font-size: 10pt; font-family: Verdana; color: #000000; background-color: transparent; font-weight: bold; font-style: normal; font-variant: normal; text-decoration: none; vertical-align: baseline\">Nr. 177 &#8211; Haller Post<\/span><span style=\"font-size: 10pt; font-family: Verdana; color: #000000; background-color: transparent; font-weight: normal; font-style: normal; font-variant: normal; text-decoration: none; vertical-align: baseline\"><\/span><br \/>\n<span style=\"font-size: 10pt; font-family: Verdana; color: #000000; background-color: transparent; font-weight: normal; font-style: normal; font-variant: normal; text-decoration: none; vertical-align: baseline\">112 Grove Street,<\/span><br \/>\n<span style=\"font-size: 10pt; font-family: Verdana; color: #000000; background-color: transparent; font-weight: normal; font-style: normal; font-variant: normal; text-decoration: none; vertical-align: baseline\">New Britain, CT 06053 \u00a0<\/span><br \/>\n<span style=\"font-size: 10pt; font-family: Verdana; color: #000000; background-color: transparent; font-weight: normal; font-style: normal; font-variant: normal; text-decoration: none; vertical-align: baseline\"><\/span><br \/>\n<span style=\"font-size: 10pt; font-family: Verdana; color: #000000; background-color: transparent; font-weight: normal; font-style: normal; font-variant: normal; text-decoration: none; vertical-align: baseline\">Jako  wyborcy otrzymamy siedem bia\u0142ych kartek z nazwiskami kandydat\u00f3w na  pos\u0142\u00f3w do Sejmu RP poszczeg\u00f3lnych partii . Otrzymamy r\u00f3wnie\u017c jedn\u0105,  \u017c\u00f3\u0142t\u0105 kartk\u0119 z nazwiskami czterech kandydat\u00f3w do Senatu RP.<\/span><br \/>\n<span style=\"font-size: 10pt; font-family: Verdana; color: #000000; background-color: transparent; font-weight: normal; font-style: normal; font-variant: normal; text-decoration: none; vertical-align: baseline\">Przypomn\u0119, \u017ce g\u0142osujemy tutaj na listy warszawskie.<\/span><br \/>\n<span style=\"font-size: 10pt; font-family: Verdana; color: #000000; background-color: transparent; font-weight: normal; font-style: normal; font-variant: normal; text-decoration: none; vertical-align: baseline\">Prosz\u0119,  aby zwolennicy innych partii, czy przeciwnicy PiSu nie w\u015bciekali si\u0119  teraz, czytaj\u0105c, co poni\u017cej. Macie przecie\u017c Pa\u0144stwo prawo robi\u0107 kampani\u0119 na  w\u0142asny rachunek i ja nie mam z tym najmniejszego problemu.<\/span><br \/>\n<span style=\"font-size: 10pt; font-family: Verdana; color: #000000; background-color: transparent; font-weight: normal; font-style: normal; font-variant: normal; text-decoration: none; vertical-align: baseline\">Aby  g\u0142osowanie by\u0142o wa\u017cne wybieramy TYLKO jedno nazwisko z jakiejkolwiek  kartki. Jako przewodnicz\u0105cy Klubu Gazety Polskiej, a wi\u0119c zwolennik  prawicy, na kartce Nr. 1 (pierwszej z wierzchu) zrobi\u0119 <\/span><span style=\"font-size: 10pt; font-family: Verdana; color: #000000; background-color: transparent; font-weight: bold; font-style: normal; font-variant: normal; text-decoration: none; vertical-align: baseline\">X<\/span><span style=\"font-size: 10pt; font-family: Verdana; color: #000000; background-color: transparent; font-weight: normal; font-style: normal; font-variant: normal; text-decoration: none; vertical-align: baseline\"> (\u017cadne krzy\u017cyki, ani fajeczki,- wy\u0142\u0105cznie <\/span><span style=\"font-size: 10pt; font-family: Verdana; color: #000000; background-color: transparent; font-weight: bold; font-style: normal; font-variant: normal; text-decoration: none; vertical-align: baseline\">X) <\/span><span style=\"font-size: 10pt; font-family: Verdana; color: #000000; background-color: transparent; font-weight: normal; font-style: normal; font-variant: normal; text-decoration: none; vertical-align: baseline\">w kwadraciku przy nazwisku <\/span><span style=\"font-size: 10pt; font-family: Verdana; color: #000000; background-color: transparent; font-weight: bold; font-style: normal; font-variant: normal; text-decoration: none; vertical-align: baseline\">Kwiatkowski Adam<\/span><span style=\"font-size: 10pt; font-family: Verdana; color: #000000; background-color: transparent; font-weight: normal; font-style: normal; font-variant: normal; text-decoration: none; vertical-align: baseline\">.  Ma on numer 40 na li\u015bcie PiS. I to wszystko. Nie wolno ju\u017c zaznacza\u0107  \u017cadnego innego nazwiska, ani na li\u015bcie PiS, ani na \u017cadnej innej! To  bardzo wa\u017cne. Nie ma sensu robienie krzy\u017cyka przy nazwisku Jaros\u0142aw  Kaczy\u0144ski, bo Prezes PiS ma ogromne poparcie w kraju, a chodzi o to, aby  pos\u0142\u00f3w PiS by\u0142o jak najwi\u0119cej.<\/span><br \/>\n<span style=\"font-size: 10pt; font-family: Verdana; color: #000000; background-color: transparent; font-weight: normal; font-style: normal; font-variant: normal; text-decoration: none; vertical-align: baseline\">To  samo dotyczy os\u00f3b, kt\u00f3re chc\u0105 g\u0142osowa\u0107 na kandydat\u00f3w innych partii. Dla  przyk\u0142adu sympatycy W\u0142adys\u0142awa Kozakiewicza robi\u0105 X TYLKO w kwadraciku  przy jego nazwisku, na li\u015bcie PSL. <\/span><br \/>\n<span style=\"font-size: 10pt; font-family: Verdana; color: #000000; background-color: transparent; font-weight: normal; font-style: normal; font-variant: normal; text-decoration: none; vertical-align: baseline\">Natomiast na \u017c\u00f3\u0142tej kartce, spo\u015br\u00f3d czterech nazwisk zrobi\u0119 <\/span><span style=\"font-size: 10pt; font-family: Verdana; color: #000000; background-color: transparent; font-weight: bold; font-style: normal; font-variant: normal; text-decoration: none; vertical-align: baseline\">X<\/span><span style=\"font-size: 10pt; font-family: Verdana; color: #000000; background-color: transparent; font-weight: normal; font-style: normal; font-variant: normal; text-decoration: none; vertical-align: baseline\"> w kwadraciku przy nazwisku <\/span><span style=\"font-size: 10pt; font-family: Verdana; color: #000000; background-color: transparent; font-weight: bold; font-style: normal; font-variant: normal; text-decoration: none; vertical-align: baseline\">\u0141aniewska-B\u0142aszczak Katarzyna Janina<\/span><span style=\"font-size: 10pt; font-family: Verdana; color: #000000; background-color: transparent; font-weight: normal; font-style: normal; font-variant: normal; text-decoration: none; vertical-align: baseline\"><\/span><br \/>\n<span style=\"font-size: 10pt; font-family: Verdana; color: #000000; background-color: transparent; font-weight: normal; font-style: normal; font-variant: normal; text-decoration: none; vertical-align: baseline\">I to wszystko. <\/span><br \/>\n<span style=\"font-size: 10pt; font-family: Verdana; color: #000000; background-color: transparent; font-weight: normal; font-style: normal; font-variant: normal; text-decoration: none; vertical-align: baseline\">Przypomn\u0119, \u017ce do czwartku, 6 pa\u017adziernika w\u0142\u0105cznie pomagamy w rejestracji. Tym sposobem, opr\u00f3cz rejestrowania si\u0119 w <\/span><br \/>\n<span style=\"font-size: 10pt; font-family: Verdana; color: #000000; background-color: transparent; font-weight: bold; font-style: normal; font-variant: normal; text-decoration: none; vertical-align: baseline\">Konsulacie Generalnym RP pod numerami:<\/span><br \/>\n<span style=\"font-size: 10pt; font-family: Verdana; color: #000000; background-color: transparent; font-weight: bold; font-style: normal; font-variant: normal; text-decoration: none; vertical-align: baseline\">646-237-2112, lub 646-237-2149<\/span><br \/>\n<span style=\"font-size: 10pt; font-family: Verdana; color: #000000; background-color: transparent; font-weight: bold; font-style: normal; font-variant: normal; text-decoration: none; vertical-align: baseline\">mo\u017cna skorzysta\u0107 z pomocy Klubu Gazety Polskiej, pod numerami:<\/span><br \/>\n<span style=\"font-size: 10pt; font-family: Verdana; color: #000000; background-color: transparent; font-weight: bold; font-style: normal; font-variant: normal; text-decoration: none; vertical-align: baseline\">718-486-6780, lub 347-223-1170 &#8211; Janusz <\/span><br \/>\n<span style=\"font-size: 10pt; font-family: Verdana; color: #000000; background-color: transparent; font-weight: bold; font-style: normal; font-variant: normal; text-decoration: none; vertical-align: baseline\">347-419-4104 &#8211; Ma\u0142gorzata<\/span><br \/>\n<span style=\"font-size: 10pt; font-family: Verdana; color: #000000; background-color: transparent; font-weight: bold; font-style: normal; font-variant: normal; text-decoration: none; vertical-align: baseline\">347-236-5718 &#8211; Marian<\/span><br \/>\n<span style=\"font-size: 10pt; font-family: Verdana; color: #000000; background-color: transparent; font-weight: bold; font-style: normal; font-variant: normal; text-decoration: none; vertical-align: baseline\">Pomoc\u0105 s\u0142u\u017cy r\u00f3wnie\u017c Centrum Polsko-S\u0142owia\u0144skie pod numerem: 718-383-5290<\/span><br \/>\n<span style=\"font-size: 10pt; font-family: Verdana; color: #000000; background-color: transparent; font-weight: bold; font-style: normal; font-variant: normal; text-decoration: none; vertical-align: baseline\"><\/span><br \/>\n<span style=\"font-size: 10pt; font-family: Verdana; color: #000000; background-color: transparent; font-weight: normal; font-style: normal; font-variant: normal; text-decoration: none; vertical-align: baseline\">Prosz\u0119, aby osoby chc\u0105ce si\u0119 zarejestrowa\u0107 mia\u0142y przygotowany paszport i numer Pesel.<\/span><br \/>\n<span style=\"font-size: 10pt; font-family: Verdana; color: #000000; background-color: transparent; font-weight: normal; font-style: normal; font-variant: normal; text-decoration: none; vertical-align: baseline\">Nie  blokujmy telefon\u00f3w przez szukanie tych informacji. Ktokolwiek nie  posiada lub nie pami\u0119ta numeru Pesel mo\u017ce si\u0119 zarejestrowa\u0107 TYLKO w  Konsulacie i nie ma sensu do nas dzwoni\u0107. W przypadku, gdy kto\u015b z nas  nie podnosi telefonu, prosz\u0119 si\u0119 nie denerwowa\u0107, bo albo jeste\u015bmy zaj\u0119ci  swoj\u0105 prac\u0105 zawodow\u0105, albo rejestrujemy w tym momencie kogo\u015b innego,  albo jeste\u015bmy w og\u00f3le bez dost\u0119pu do komputera. To jest nasza praca  spo\u0142eczna i cho\u0107 jest niezwykle czasoch\u0142onna, chcemy Pa\u0144stwu pom\u00f3c  spe\u0142ni\u0107 ten obywatelski obowi\u0105zek. Prosimy w\u00f3wczas zostawi\u0107 wiadomo\u015b\u0107 z  bardzo wyra\u017anie podanym numerem telefonu. Oddzwonimy na pewno.<\/span><br \/>\n<span style=\"font-size: 10pt; font-family: Verdana; color: #000000; background-color: transparent; font-weight: normal; font-style: normal; font-variant: normal; text-decoration: none; vertical-align: baseline\">Chcia\u0142bym  mie\u0107 nadziej\u0119, \u017ce w obecnych wyborach we\u017amie udzia\u0142 jak najwi\u0119ksza  liczba Polak\u00f3w zamieszka\u0142ych na Wschodnim Wybrze\u017cu. Przypomn\u0119, \u017ce w  wyborach prezydenckich komisje podlegaj\u0105ce Konsulatowi Generalnemu w  Nowym Jorku ustanowi\u0142y rekord w g\u0142osowaniu zagranicznym: ponad 20  tysi\u0119cy g\u0142osuj\u0105cych. \u017baden inny konsulat na \u015bwiecie nie mia\u0142 tak du\u017cej  liczby g\u0142osuj\u0105cych. Ale to ci\u0105gle ma\u0142o, zwa\u017cywszy, \u017ce szacuje si\u0119 liczb\u0119  Polak\u00f3w (tylko w naszej okolicy) na grubo ponad milion. Zr\u00f3bmy wi\u0119c  wszystko, aby ten rekord poprawi\u0107.<\/span><br \/>\n<span style=\"font-size: 10pt; font-family: Verdana; color: #000000; background-color: transparent; font-weight: normal; font-style: normal; font-variant: normal; text-decoration: none; vertical-align: baseline\">Strona Adama Kwiatkowskiego:<\/span><br \/>\n<a href=\"http:\/\/www.adamkwiatkowski.pl\/index\/wizytowka\"><span style=\"font-size: 10pt; font-family: Verdana; color: #000099; background-color: transparent; font-weight: normal; font-style: normal; font-variant: normal; text-decoration: underline; vertical-align: baseline\">http:\/\/www.adamkwiatkowski.pl\/index\/wizytowka<\/span><\/a><span style=\"font-size: 10pt; font-family: Verdana; color: #000000; background-color: transparent; font-weight: normal; font-style: normal; font-variant: normal; text-decoration: none; vertical-align: baseline\"><\/span><br \/>\n<span style=\"font-size: 10pt; font-family: Verdana; color: #000000; background-color: transparent; font-weight: normal; font-style: normal; font-variant: normal; text-decoration: none; vertical-align: baseline\"><\/span><br \/>\n<span style=\"font-size: 10pt; font-family: Verdana; color: #000000; background-color: transparent; font-weight: normal; font-style: normal; font-variant: normal; text-decoration: none; vertical-align: baseline\">Reklam\u00f3wka Adama Kwiatkowskiego: Marta Kaczy\u0144ska:<\/span><br \/>\n<a href=\"http:\/\/www.youtube.com\/watch?v=sSDdRdxWzBg\"><span style=\"font-size: 10pt; font-family: Verdana; color: #000099; background-color: transparent; font-weight: normal; font-style: normal; font-variant: normal; text-decoration: underline; vertical-align: baseline\"><\/span><\/a><br \/>\n<a href=\"http:\/\/www.youtube.com\/watch?v=sSDdRdxWzBg\"><span style=\"font-size: 10pt; font-family: Verdana; color: #000099; background-color: transparent; font-weight: normal; font-style: normal; font-variant: normal; text-decoration: underline; vertical-align: baseline\">http:\/\/www.youtube.com\/watch?v=sSDdRdxWzBg<\/span><\/a><span style=\"font-size: 11pt; font-family: Arial; color: #000000; background-color: transparent; font-weight: normal; font-style: normal; font-variant: normal; text-decoration: none; vertical-align: baseline\"><\/span><\/p>\n","protected":false},"excerpt":{"rendered":"<p>To nie pomy\u0142ka. Artyku\u0142 jest dla Czytelnik\u00f3w w Nowym Jorku i okolicach, a my g\u0142osujemy tu w\u0142a\u015bnie w sobot\u0119, 8-ego pa\u017adziernika. Mamy na naszym terenie siedem komisji wyborczych:<\/p>\n","protected":false},"author":2,"featured_media":0,"comment_status":"open","ping_status":"open","sticky":false,"template":"","format":"standard","meta":[],"categories":[4,3],"tags":[],"_links":{"self":[{"href":"https:\/\/sporek.com\/blog\/index.php?rest_route=\/wp\/v2\/posts\/303"}],"collection":[{"href":"https:\/\/sporek.com\/blog\/index.php?rest_route=\/wp\/v2\/posts"}],"about":[{"href":"https:\/\/sporek.com\/blog\/index.php?rest_route=\/wp\/v2\/types\/post"}],"author":[{"embeddable":true,"href":"https:\/\/sporek.com\/blog\/index.php?rest_route=\/wp\/v2\/users\/2"}],"replies":[{"embeddable":true,"href":"https:\/\/sporek.com\/blog\/index.php?rest_route=%2Fwp%2Fv2%2Fcomments&post=303"}],"version-history":[{"count":0,"href":"https:\/\/sporek.com\/blog\/index.php?rest_route=\/wp\/v2\/posts\/303\/revisions"}],"wp:attachment":[{"href":"https:\/\/sporek.com\/blog\/index.php?rest_route=%2Fwp%2Fv2%2Fmedia&parent=303"}],"wp:term":[{"taxonomy":"category","embeddable":true,"href":"https:\/\/sporek.com\/blog\/index.php?rest_route=%2Fwp%2Fv2%2Fcategories&post=303"},{"taxonomy":"post_tag","embeddable":true,"href":"https:\/\/sporek.com\/blog\/index.php?rest_route=%2Fwp%2Fv2%2Ftags&post=303"}],"curies":[{"name":"wp","href":"https:\/\/api.w.org\/{rel}","templated":true}]}}