{"id":304,"date":"2011-09-30T18:40:18","date_gmt":"2011-09-30T22:40:18","guid":{"rendered":"http:\/\/sporek.com\/blog\/?p=304"},"modified":"2011-10-01T09:04:03","modified_gmt":"2011-10-01T13:04:03","slug":"wybory-raz-jeszcze","status":"publish","type":"post","link":"https:\/\/sporek.com\/blog\/?p=304","title":{"rendered":"Wybory raz jeszcze"},"content":{"rendered":"<p><span style=\"font-size: 10pt; font-family: Arial; color: #000000; background-color: transparent; font-weight: normal; font-style: normal; font-variant: normal; text-decoration: none; vertical-align: baseline\" id=\"internal-source-marker_0.7633874783608003\"><\/span><span style=\"font-size: 10pt; font-family: Arial; color: #000000; background-color: transparent; font-weight: normal; font-style: normal; font-variant: normal; text-decoration: none; vertical-align: baseline\">Nie  mog\u0119 si\u0119 oprze\u0107 wra\u017ceniu, \u017ce polskie ministerstwo spraw zagranicznych  do\u0142o\u017cy\u0142o wszelkich stara\u0144, aby utrudni\u0107 ameryka\u0144skiej Polonii udzia\u0142 w  wyborach. Rozmawiam ze znajomymi z Long Island. S\u0105 w wieku  po-emerytalnym, to starsi ludzie. Nie wezm\u0105 udzia\u0142u w wyborach.  Dlaczego? <\/span><!--more--><span style=\"font-size: 10pt; font-family: Arial; color: #000000; background-color: transparent; font-weight: normal; font-style: normal; font-variant: normal; text-decoration: none; vertical-align: baseline\">Informacja o mo\u017cliwo\u015bci g\u0142osowania korespondencyjnego dotar\u0142a  do nich zbyt p\u00f3\u017ano, a na Long Island nie ma ani jednego punktu  wyborczego. Do Nowego Jorku nie przyjad\u0105, bo mieszkaj\u0105 a\u017c w okolicach  Riverhead. \u201cGdyby komisja by\u0142a w Copiague, pojechaliby\u015bmy\u201d &#8211; m\u00f3wi\u0105.  Takich, jak oni jest mn\u00f3stwo. Skoro po raz pierwszy wymy\u015blono wybory  drog\u0105 korespondencyjn\u0105, to chyba szaleniec s\u0105dzi\u0142, \u017ce skorzysta z tej  mo\u017cliwo\u015bci jaka\u015b wielka liczba ludzi. Trudno si\u0119 dziwi\u0107, bo ta \u201cnowo\u015b\u0107\u201d  budzi te\u017c wiele niepokoju i wiele pyta\u0144. Pytania te zawarte s\u0105 w  prote\u015bcie Polonii londy\u0144skiej do Krajowej Komisji Wyborczej:<\/span><br \/>\n<span style=\"font-size: 10pt; font-family: Arial; color: #000000; background-color: transparent; font-weight: bold; font-style: normal; font-variant: normal; text-decoration: none; vertical-align: baseline\">&#8211; jak sprawdzi\u0107, \u017ce kto\u015b po mo\u017cliwo\u015b\u0107 oddania g\u0142osu w formie korespondencyjnej w og\u00f3le si\u0119 zg\u0142asza?<\/span><br \/>\n<span style=\"font-size: 10pt; font-family: Arial; color: #000000; background-color: transparent; font-weight: bold; font-style: normal; font-variant: normal; text-decoration: none; vertical-align: baseline\">&#8211; jak sprawdzi\u0107, \u017ce g\u0142os zosta\u0142 w og\u00f3le oddany i wys\u0142any w jedynym egzemplarzu (oryginale)?<\/span><br \/>\n<span style=\"font-size: 10pt; font-family: Arial; color: #000000; background-color: transparent; font-weight: bold; font-style: normal; font-variant: normal; text-decoration: none; vertical-align: baseline\">&#8211; jak sprawdzi\u0107, \u017ce g\u0142os dotar\u0142 do komisji wyborczej?<\/span><br \/>\n<span style=\"font-size: 10pt; font-family: Arial; color: #000000; background-color: transparent; font-weight: bold; font-style: normal; font-variant: normal; text-decoration: none; vertical-align: baseline\">&#8211; jak sprawdzi\u0107, \u017ce g\u0142os nie zosta\u0142 cho\u0107by przypadkowo podmieniony w czasie podr\u00f3\u017cy, lub na terenie konsulatu?<\/span><br \/>\n<span style=\"font-size: 10pt; font-family: Arial; color: #000000; background-color: transparent; font-weight: bold; font-style: normal; font-variant: normal; text-decoration: none; vertical-align: baseline\">&#8211;  jak sprawdzi\u0107, \u017ce do miejsca przeznaczenia dotar\u0142a dok\u0142adnie taka sama  liczba g\u0142os\u00f3w, jaka zosta\u0142a wys\u0142ana? Nie mniej, ani wi\u0119cej, jak to mia\u0142o  miejsce w OKW w Brukseli, w 2010 r.<\/span><br \/>\n<span style=\"font-size: 10pt; font-family: Arial; color: #000000; background-color: transparent; font-weight: bold; font-style: normal; font-variant: normal; text-decoration: none; vertical-align: baseline\">-jak sprawdzi\u0107, \u017ce na miejscu oddane g\u0142osy nie zosta\u0142y, powiedzmy \u201euniewa\u017cnione\u201d przed dorzuceniem do urny w dniu wybor\u00f3w?<\/span><br \/>\n<span style=\"font-size: 10pt; font-family: Arial; color: #000000; background-color: transparent; font-weight: bold; font-style: normal; font-variant: normal; text-decoration: none; vertical-align: baseline\">Wnioskujemy  o przedstawienie, a w razie ich braku wprowadzenie w\u0142a\u015bciwych  standard\u00f3w gwarantuj\u0105cych prawid\u0142owy przebieg g\u0142osowania  korespondencyjnego, (np. zabezpieczenie kart wyborczych przed  mo\u017cliwo\u015bci\u0105 kopiowania).<\/span><br \/>\n<span style=\"font-size: 10pt; font-family: Arial; color: #000000; background-color: transparent; font-weight: bold; font-style: normal; font-variant: normal; text-decoration: none; vertical-align: baseline\">Nasze zastrze\u017cenia pot\u0119guje fakt niekontrolowanej i wyd\u0142u\u017conej drogi karty pomi\u0119dzy wyborc\u0105 a urn\u0105.<\/span><br \/>\n<span style=\"font-size: 10pt; font-family: Arial; color: #000000; background-color: transparent; font-weight: bold; font-style: normal; font-variant: normal; text-decoration: none; vertical-align: baseline\">Wprowadzenie  tej formy g\u0142osowania dla og\u00f3\u0142u uprawnionych, poza granicami RP,  generuje drastyczne zwi\u0119kszenie koszt\u00f3w na ten cel, w zamian za  zorganizowanie dodatkowych komisji obwodowych.<\/span><br \/>\n<span style=\"font-size: 10pt; font-family: Arial; color: #000000; background-color: transparent; font-weight: normal; font-style: normal; font-variant: normal; text-decoration: none; vertical-align: baseline\">Tyle  tre\u015b\u0107 protestu. Nie wiem, czy te pytania dotar\u0142y ju\u017c do adresata, ale  jestem pewien, \u017ce us\u0142yszymy, i\u017c londy\u0144ska Polonia obwieszcza teori\u0119  spiskow\u0105 i jest nieodpowiedzialna. A w\u0142a\u015bnie odwrotnie; je\u015bli proponuje  si\u0119 rzecz nie do ko\u0144ca przemy\u015blan\u0105, to nale\u017cy si\u0119 spodziewa\u0107, \u017ce ci, dla  kt\u00f3rych zosta\u0142a wymy\u015blona b\u0119d\u0105 zadawa\u0107 pytania. Bo przecie\u017c to s\u0105  pytania, a nie oskar\u017cenia. I s\u0105 to pytania s\u0142uszne ze wszech miar. Tym  bardziej, \u017ce zupe\u0142nie niedawno zatrzymano jakiego\u015b policjanta pod  Warszaw\u0105, w kt\u00f3rego samochodzie znaleziono kilkaset kart wyborczych z  wybor\u00f3w prezydenckich. Czy\u017c trzeba si\u0119 dziwi\u0107, \u017ce ludzie pytaj\u0105? A  jeszcze tym bardziej, \u017ce reakcji ani rz\u0105du, ani KKW na to wydarzenie nie  by\u0142o.<\/span><br \/>\n<span style=\"font-size: 10pt; font-family: Arial; color: #000000; background-color: transparent; font-weight: normal; font-style: normal; font-variant: normal; text-decoration: none; vertical-align: baseline\">To  jedna sprawa. Dzisiaj otrzyma\u0142em telefon z Filadelfii. Dosz\u0142a tam  wiadomo\u015b\u0107, \u017ce pomagamy ludziom \u00a0w rejestracji. Ale pani nie pyta\u0142a o to,  czy mo\u017ce si\u0119 zarejestrowa\u0107, a o to, dlaczego to du\u017ce skupisko Polonii  nie ma ani jednej komisji wyborczej? Gdy Polacy z Filadelfii maj\u0105 co\u015b  za\u0142atwi\u0107 w konsulacie, to konsulat nie odmawia; przyjmuje ich, pobiera  od nich op\u0142aty, &#8211; nale\u017c\u0105 do polskiej spo\u0142eczno\u015bci w USA, w okr\u0119gu  Konsulatu Generalnego w Nowym Jorku. A gdy przysz\u0142o do wybor\u00f3w  parlamentarnych &#8211; Filadelfia nie \u201czas\u0142u\u017cy\u0142a\u201d sobie na komisj\u0119. Czyja to  wina? Sprawca niepr\u0119dko si\u0119 znajdzie, zreszt\u0105, to ju\u017c musztarda po  obiedzie.<\/span><br \/>\n<span style=\"font-size: 10pt; font-family: Arial; color: #000000; background-color: transparent; font-weight: normal; font-style: normal; font-variant: normal; text-decoration: none; vertical-align: baseline\">Mam  nieodparte wra\u017cenie, \u017ce komu\u015b bardzo zale\u017cy na ograniczeniu zdolno\u015bci  wyborczych Polonii w USA, a szczeg\u00f3lnie na Wschodnim Wybrze\u017cu.<\/span><br \/>\n<span style=\"font-size: 10pt; font-family: Arial; color: #000000; background-color: transparent; font-weight: normal; font-style: normal; font-variant: normal; text-decoration: none; vertical-align: baseline\">Teoria  spiskowa? A niech sobie Radek Sikorski my\u015bli co chce. I tak nic nie  zmieni faktu, \u017ce jest najgorszym ministrem spraw zagranicznych  Najja\u015bniejszej Rzeczypospolitej.<\/span><\/p>\n<p>Dlatego b\u0119d\u0119 g\u0142osowa\u0142 na Adama Kwiatkowskiego do Sejmu &#8211; Nr. 40, na li\u015bcie Nr. 1 -PiS<\/p>\n<p>oraz na Katarzyn\u0119, Janin\u0119 \u0141aniewsk\u0105-B\u0142aszczak, z \u017c\u00f3\u0142tej listy do Senatu.<\/p>\n<p>Strona Adama Kwiatkowskiego:<\/p>\n<p><a href=\"http:\/\/www.adamkwiatkowski.pl\/index\/wizytowka\"><span style=\"font-size: 10pt; font-family: Verdana; color: #000099; background-color: transparent; font-weight: normal; font-style: normal; font-variant: normal; text-decoration: underline; vertical-align: baseline\">http:\/\/www.adamkwiatkowski.pl\/index\/wizytowka<\/span><\/a><span style=\"font-size: 10pt; font-family: Verdana; color: #000000; background-color: transparent; font-weight: normal; font-style: normal; font-variant: normal; text-decoration: none; vertical-align: baseline\"><\/span><br \/>\n<span style=\"font-size: 10pt; font-family: Verdana; color: #000000; background-color: transparent; font-weight: normal; font-style: normal; font-variant: normal; text-decoration: none; vertical-align: baseline\"><\/span><br \/>\n<span style=\"font-size: 10pt; font-family: Verdana; color: #000000; background-color: transparent; font-weight: normal; font-style: normal; font-variant: normal; text-decoration: none; vertical-align: baseline\">Reklam\u00f3wka Adama Kwiatkowskiego: Marta Kaczy\u0144ska:<\/span><br \/>\n<a href=\"http:\/\/www.youtube.com\/watch?v=sSDdRdxWzBg\"><span style=\"font-size: 10pt; font-family: Verdana; color: #000099; background-color: transparent; font-weight: normal; font-style: normal; font-variant: normal; text-decoration: underline; vertical-align: baseline\"><\/span><\/a><br \/>\n<a href=\"http:\/\/www.youtube.com\/watch?v=sSDdRdxWzBg\"><span style=\"font-size: 10pt; font-family: Verdana; color: #000099; background-color: transparent; font-weight: normal; font-style: normal; font-variant: normal; text-decoration: underline; vertical-align: baseline\">http:\/\/www.youtube.com\/watch?v=sSDdRdxWzBg<\/span><\/a><\/p>\n","protected":false},"excerpt":{"rendered":"<p>Nie mog\u0119 si\u0119 oprze\u0107 wra\u017ceniu, \u017ce polskie ministerstwo spraw zagranicznych do\u0142o\u017cy\u0142o wszelkich stara\u0144, aby utrudni\u0107 ameryka\u0144skiej Polonii udzia\u0142 w wyborach. Rozmawiam ze znajomymi z Long Island. S\u0105 w wieku po-emerytalnym, to starsi ludzie. Nie wezm\u0105 udzia\u0142u w wyborach. Dlaczego?<\/p>\n","protected":false},"author":2,"featured_media":0,"comment_status":"open","ping_status":"open","sticky":false,"template":"","format":"standard","meta":[],"categories":[1,4],"tags":[],"_links":{"self":[{"href":"https:\/\/sporek.com\/blog\/index.php?rest_route=\/wp\/v2\/posts\/304"}],"collection":[{"href":"https:\/\/sporek.com\/blog\/index.php?rest_route=\/wp\/v2\/posts"}],"about":[{"href":"https:\/\/sporek.com\/blog\/index.php?rest_route=\/wp\/v2\/types\/post"}],"author":[{"embeddable":true,"href":"https:\/\/sporek.com\/blog\/index.php?rest_route=\/wp\/v2\/users\/2"}],"replies":[{"embeddable":true,"href":"https:\/\/sporek.com\/blog\/index.php?rest_route=%2Fwp%2Fv2%2Fcomments&post=304"}],"version-history":[{"count":0,"href":"https:\/\/sporek.com\/blog\/index.php?rest_route=\/wp\/v2\/posts\/304\/revisions"}],"wp:attachment":[{"href":"https:\/\/sporek.com\/blog\/index.php?rest_route=%2Fwp%2Fv2%2Fmedia&parent=304"}],"wp:term":[{"taxonomy":"category","embeddable":true,"href":"https:\/\/sporek.com\/blog\/index.php?rest_route=%2Fwp%2Fv2%2Fcategories&post=304"},{"taxonomy":"post_tag","embeddable":true,"href":"https:\/\/sporek.com\/blog\/index.php?rest_route=%2Fwp%2Fv2%2Ftags&post=304"}],"curies":[{"name":"wp","href":"https:\/\/api.w.org\/{rel}","templated":true}]}}