{"id":305,"date":"2011-10-06T22:40:19","date_gmt":"2011-10-07T02:40:19","guid":{"rendered":"http:\/\/sporek.com\/blog\/?p=305"},"modified":"2011-10-06T23:49:21","modified_gmt":"2011-10-07T03:49:21","slug":"wybory-po-raz-trzeci","status":"publish","type":"post","link":"https:\/\/sporek.com\/blog\/?p=305","title":{"rendered":"Wybory po raz trzeci"},"content":{"rendered":"<p><span style=\"font-size: 10pt; font-family: Verdana; color: #000000; background-color: transparent; font-weight: normal; font-style: normal; font-variant: normal; text-decoration: none; vertical-align: baseline\" id=\"internal-source-marker_0.04813243345364149\"><\/span><span style=\"font-size: 10pt; font-family: Verdana; color: #000000; background-color: transparent; font-weight: normal; font-style: normal; font-variant: normal; text-decoration: none; vertical-align: baseline\" id=\"internal-source-marker_0.04813243345364149\"><\/span><span style=\"font-size: 10pt; font-family: Verdana; color: #000000; background-color: transparent; font-weight: normal; font-style: normal; font-variant: normal; text-decoration: none; vertical-align: baseline\">Min\u0105\u0142  termin rejestracji. Czy jednak polskie ministerstwo spraw zagranicznych  nie doprowadzi\u0142o po raz kolejny do zdenerwowania Polonus\u00f3w?  Doprowadzi\u0142o. Nie ustrzeg\u0142o si\u0119 b\u0142\u0119d\u00f3w, kt\u00f3re sprawiaj\u0105, \u017ce Polonia,  chyba na ca\u0142ym \u015bwiecie zn\u00f3w musia\u0142a si\u0119 poczu\u0107 nie tylko zlekcewa\u017cona,  ale wr\u0119cz zniewa\u017cona. Oto w\u0105tpliwo\u015bci:<\/span><!--more--><br \/>\n<span style=\"font-size: 10pt; font-family: Verdana; color: #000000; background-color: transparent; font-weight: normal; font-style: normal; font-variant: normal; text-decoration: none; vertical-align: baseline\">&#8211;<\/span><span style=\"font-size: 10pt; font-family: Verdana; color: #000000; background-color: transparent; font-weight: bold; font-style: normal; font-variant: normal; text-decoration: none; vertical-align: baseline\">Wa\u017cny paszport; <\/span><span style=\"font-size: 10pt; font-family: Verdana; color: #000000; background-color: transparent; font-weight: normal; font-style: normal; font-variant: normal; text-decoration: none; vertical-align: baseline\">&#8211;  zapomnie\u0107 o dacie wa\u017cno\u015bci paszportu jest tak samo \u0142atwo, jak zapomnie\u0107  rejestracj\u0119, czy prawo jazdy i wybra\u0107 si\u0119 samochodem w drog\u0119. W razie  kontroli policjant mo\u017ce nam da\u0107 mandat, ale nie musi. Osobi\u015bcie  do\u015bwiadczy\u0142em takiej sytuacji. Policjant poprosi\u0142 o nazwisko, adres,  dat\u0119 urodzenia i w swoim komputerze znalaz\u0142 mnie i ca\u0142y rekord na m\u00f3j  temat, \u0142\u0105cznie z numerem prawa jazdy i szczeg\u00f3\u0142ami z karty  rejestracyjnej. Da\u0142 mi mandat za przekroczenie szybko\u015bci, ale nie da\u0142 za  brak dokumentu. Maj\u0105c moje dane znalaz\u0142 ca\u0142\u0105, potrzebn\u0105 mu informacj\u0119.  Uczestnicy wycieczki do Papie\u017ca, w 2011 roku pami\u0119taj\u0105, \u017ce ani na  lotnisku w Newark, ani w Rzymie urz\u0119dnicy nie dostrzegli, \u017ce m\u00f3j  paszport by\u0142 niewa\u017cny. Dostrzeg\u0142 to&#8230;recepcjonista w hotelu, niedaleko  Watykanu i o 11 w nocy chcia\u0142 mnie z hotelu eksmitowa\u0107. Ostatecznie da\u0142  spok\u00f3j, kiedy wyt\u0142umaczyli\u015bmy mu, \u017ce w ko\u0144cu celnicy mnie przepu\u015bcili,  to niech mi to jako\u015b daruje. I darowa\u0142. Dziwnym zbiegiem okoliczno\u015bci  dostrzegli to celnicy w\u0142oscy, gdy wracali\u015bmy do Stan\u00f3w, ale w\u00f3wczas,  nawet nie prosili\u015bmy specjalnie; &#8211; przywo\u0142any zwierzchnik oznajmi\u0142: <\/span><span style=\"font-size: 10pt; font-family: Verdana; color: #000000; background-color: transparent; font-weight: normal; font-style: italic; font-variant: normal; text-decoration: none; vertical-align: baseline\">skoro go wypu\u015bcili ze Stan\u00f3w, to niech w Stanach g\u0142\u00f3wkuj\u0105, czy go wpu\u015bci\u0107<\/span><span style=\"font-size: 10pt; font-family: Verdana; color: #000000; background-color: transparent; font-weight: normal; font-style: normal; font-variant: normal; text-decoration: none; vertical-align: baseline\">.  I pozwolili mi p\u00f3j\u015b\u0107 do samolotu? Nie chcecie wierzy\u0107, to zapytajcie  Ma\u0142gosi Majcherczyk. A dzia\u0142o si\u0119 to w listopadzie, 2001, czyli w dwa  miesi\u0105ce po ataku na WTC!!! Nikt z kontroluj\u0105cych moj dokument  to\u017csamo\u015bci nie zw\u0105tpi\u0142 jednak ani na sekund\u0119, czy jestem obywatelem  polskim, czy nie.<\/span><br \/>\n<span style=\"font-size: 10pt; font-family: Verdana; color: #000000; background-color: transparent; font-weight: normal; font-style: normal; font-variant: normal; text-decoration: none; vertical-align: baseline\">Mam  pytanie do polskich wladz: czy je\u015bli na ulicy nowojorskiej zostanie  potr\u0105cony polski obywatel, u kt\u00f3rego policja znajdzie niewa\u017cny polski  paszport, -czy konsulat RP odm\u00f3wi zaj\u0119cia si\u0119 tym cz\u0142owiekiem, czy te\u017c  uzna, \u017ce nie jest pe\u0142noprawnym obywatelem?<\/span><br \/>\n<span style=\"font-size: 10pt; font-family: Verdana; color: #000000; background-color: transparent; font-weight: normal; font-style: normal; font-variant: normal; text-decoration: none; vertical-align: baseline\">Ten przepis uwa\u017cam jest g\u0142upi od pocz\u0105tku, do ko\u0144ca.<\/span><br \/>\n<span style=\"font-size: 10pt; font-family: Verdana; color: #000000; background-color: transparent; font-weight: normal; font-style: normal; font-variant: normal; text-decoration: none; vertical-align: baseline\">&#8211;<\/span><span style=\"font-size: 10pt; font-family: Verdana; color: #000000; background-color: transparent; font-weight: bold; font-style: normal; font-variant: normal; text-decoration: none; vertical-align: baseline\">Konieczno\u015b\u0107 numeru Pesel; &#8211; <\/span><span style=\"font-size: 10pt; font-family: Verdana; color: #000000; background-color: transparent; font-weight: normal; font-style: normal; font-variant: normal; text-decoration: none; vertical-align: baseline\">Numer ten wprowadzono w 1979 roku, jako u\u015bci\u015blaj\u0105cy ewidencj\u0119 ludno\u015bci: <\/span><span style=\"font-size: 10pt; font-family: Verdana; color: #000000; background-color: transparent; font-weight: bold; font-style: normal; font-variant: normal; text-decoration: none; vertical-align: baseline\">P<\/span><span style=\"font-size: 10pt; font-family: Verdana; color: #000000; background-color: transparent; font-weight: normal; font-style: normal; font-variant: normal; text-decoration: none; vertical-align: baseline\">owszechny <\/span><span style=\"font-size: 10pt; font-family: Verdana; color: #000000; background-color: transparent; font-weight: bold; font-style: normal; font-variant: normal; text-decoration: none; vertical-align: baseline\">E<\/span><span style=\"font-size: 10pt; font-family: Verdana; color: #000000; background-color: transparent; font-weight: normal; font-style: normal; font-variant: normal; text-decoration: none; vertical-align: baseline\">lektroniczny <\/span><span style=\"font-size: 10pt; font-family: Verdana; color: #000000; background-color: transparent; font-weight: bold; font-style: normal; font-variant: normal; text-decoration: none; vertical-align: baseline\">S<\/span><span style=\"font-size: 10pt; font-family: Verdana; color: #000000; background-color: transparent; font-weight: normal; font-style: normal; font-variant: normal; text-decoration: none; vertical-align: baseline\">ystem Ewidencji <\/span><span style=\"font-size: 10pt; font-family: Verdana; color: #000000; background-color: transparent; font-weight: bold; font-style: normal; font-variant: normal; text-decoration: none; vertical-align: baseline\">L<\/span><span style=\"font-size: 10pt; font-family: Verdana; color: #000000; background-color: transparent; font-weight: normal; font-style: normal; font-variant: normal; text-decoration: none; vertical-align: baseline\">udno\u015bci,  czyli co\u015b, jak ameryka\u0144skie \u201csocial security\u201d. Zawiera dat\u0119 urodzenia,  numer serii, oznaczenie p\u0142ci (dziesi\u0105ta cyfra) i numer porz\u0105dkowy  (ostatnia cyfra). Jest to dodatek do dowodu osobistego i do paszportu. I  w dowodzie i w paszporcie jest data urodzenia, numer dokumentu, p\u0142e\u0107,  do tego data wystawienia i wa\u017cno\u015bci. Jedni maj\u0105 numer pesel w  paszporcie, inni nie, jeszcze inni wiedz\u0105, \u017ce go maj\u0105, ale tylko w  dowodzie, a dow\u00f3d zosta\u0142 w Polsce. A jeszcze inni go maj\u0105, ale w wersji z  liter\u0105 pomi\u0119dzy cyframi. Ja w\u0142a\u015bnie mam taki. I musia\u0142em dzwoni\u0107 do  Polski, aby postara\u0107 si\u0119 o ten, kt\u00f3ry dopuszcza\u0142a rejestracja  komputerowa. Wielu ludzi mia\u0142o w\u0142a\u015bnie taki numer; albo z literk\u0105 M,  albo F, albo inn\u0105. I my nie \u201cprzechodzili\u015bmy przez system w komputerze, a  bez tego numeru nie by\u0142o szans zarejestrowa\u0107 si\u0119 przez komputer. Mo\u017cna  \u00a0to by\u0142o zrobi\u0107 wy\u0142\u0105cznie dzwoni\u0105c do konsulatu. W ubieg\u0142ym roku, po raz  pierwszy bra\u0142em udzia\u0142 w g\u0142osowaniu do parlamentu USA. Pokaza\u0142em  paszport i nikt nie pyta\u0142 mnie o social security. Uwa\u017cam, \u017ce wym\u00f3g  wpisywania numeru Pesel jest jeszcze wi\u0119ksz\u0105 bzdur\u0105, ni\u017c wa\u017cno\u015b\u0107  paszportu.<\/span><br \/>\n<span style=\"font-size: 10pt; font-family: Verdana; color: #000000; background-color: transparent; font-weight: normal; font-style: normal; font-variant: normal; text-decoration: none; vertical-align: baseline\">&#8211;<\/span><span style=\"font-size: 10pt; font-family: Verdana; color: #000000; background-color: transparent; font-weight: bold; font-style: normal; font-variant: normal; text-decoration: none; vertical-align: baseline\">Telefony do konsulatu; <\/span><span style=\"font-size: 10pt; font-family: Verdana; color: #000000; background-color: transparent; font-weight: normal; font-style: normal; font-variant: normal; text-decoration: none; vertical-align: baseline\">&#8211;<\/span><span style=\"font-size: 10pt; font-family: Verdana; color: #000000; background-color: transparent; font-weight: bold; font-style: normal; font-variant: normal; text-decoration: none; vertical-align: baseline\"> <\/span><span style=\"font-size: 10pt; font-family: Verdana; color: #000000; background-color: transparent; font-weight: normal; font-style: normal; font-variant: normal; text-decoration: none; vertical-align: baseline\">wielu  ludzi nie p\u00f3jdzie do g\u0142osowania, bo zostali kompletnie zniech\u0119ceni  niemo\u017cliwo\u015bci\u0105 po\u0142\u0105czenia si\u0119 z numerami, kt\u00f3re prowadzi\u0142y rejestracj\u0119.  Ja sam pr\u00f3bowa\u0142em wiele razy, zanim trafi\u0142em na woln\u0105 lini\u0119. W ostatnim  dniu rejestracji, co jaki\u015b czas s\u0142ysza\u0142em, \u017ce \u201cnumer ten, z przyczyn  technicznych jest niedost\u0119pny\u201d, potem znowu si\u0119 \u201cuaktywnia\u0142\u201d i zn\u00f3w  \u201c&#8230;z przyczyn technicznych&#8230;\u201d i zn\u00f3w aktywny, ale czasu traci\u0142o si\u0119  mn\u00f3stwo, aby si\u0119 z nim po\u0142\u0105czy\u0107. M\u00f3wi\u0119 o telefonie z ko\u0144c\u00f3wk\u0105 49. Ten z  ko\u0144c\u00f3wk\u0105 12 by\u0142 praktycznie w og\u00f3le nieosi\u0105galny. Ile\u017c to by\u0142oby roboty  wyj\u015b\u0107 do Polonii z apelem: poszukujemy woluntariuszy do prowadzenia  rejestracji i na okres tych paru tygodni uruchomi\u0107 kilka linii, w  kt\u00f3rych cz\u0142onkowie Polonii zmienialiby si\u0119 co kilka godzin i przez 24  godziny prowadzili rejestracj\u0119? Nawet, gdyby to by\u0142y te dwa numery, ale  czynne 24\/7. Problem? Nie dla chc\u0105cego.<\/span><br \/>\n<span style=\"font-size: 10pt; font-family: Verdana; color: #000000; background-color: transparent; font-weight: normal; font-style: normal; font-variant: normal; text-decoration: none; vertical-align: baseline\">&#8211;<\/span><span style=\"font-size: 10pt; font-family: Verdana; color: #000000; background-color: transparent; font-weight: bold; font-style: normal; font-variant: normal; text-decoration: none; vertical-align: baseline\">System komputerowy: <\/span><span style=\"font-size: 10pt; font-family: Verdana; color: #000000; background-color: transparent; font-weight: normal; font-style: normal; font-variant: normal; text-decoration: none; vertical-align: baseline\">&#8211;  Definitywnie nie dzia\u0142a\u0142, jak powinien dzia\u0142a\u0107 przy tak wa\u017cnej sprawie,  jak rejestracja do wybor\u00f3w: WIelu ludzi, kt\u00f3rzy chcieli si\u0119  zarejestrowa\u0107 sami skar\u017cy\u0142o si\u0119, \u017ce \u00a0musieli czasem kilkana\u015bcie razy  wpisywa\u0107 tzw. \u201ckod z obrazka\u201d, mimo, i\u017c czekali zalecane 30 sekund.  Najwi\u0119kszym mankamentem by\u0142o to, \u017ce system, nie pokazuj\u0105c b\u0142\u0119du, nie  informowa\u0142 jednak, gdzie ten b\u0142\u0105d by\u0142 i bardzo cz\u0119sto (mnie si\u0119 to te\u017c  zdarza\u0142o) informowa\u0142 tylko w pasku u g\u00f3ry, \u017ce informacja jest  nieprawid\u0142owa i nale\u017cy si\u0119 skontaktowa\u0107 z konsulatem, a tam znowu  telefon, czekanie, bo zaj\u0119ty. Wielu zrezygnowa\u0142o i prosi\u0142o mnie o  pomoc.Tak zdarzy\u0142o si\u0119 w przypadku jednej z bardzo znanych polonijnych  intelektualistek, pracowniczki nowojorskiego, renomowanego uniwersytetu,  kt\u00f3rej nazwiska nie mog\u0119 poda\u0107, bo nie zd\u0105\u017cy\u0142em zapyta\u0107 o autoryzacj\u0119.  Oboje g\u0142owili\u015bmy przez 15 minut, gdzie le\u017cy b\u0142\u0105d. Ani jednej wskaz\u00f3wki,  ale komputer nie przepuszcza\u0142. Najgorsze by\u0142o to, \u017ce Konsulat ju\u017c w tym  momencie nie prowadzi\u0142 rejestracji, a by\u0142o dopiero dziesi\u0119\u0107 po pi\u0105tej.  Pani profesor nie p\u00f3jdzie do wybor\u00f3w. W \u015brod\u0119, pod wiecz\u00f3r system w  og\u00f3le odm\u00f3wi\u0142 \u201cwsp\u00f3\u0142pracy\u201d. Informowa\u0142, \u017ce chwilowy problem techniczny  nie pozwala na prowadzenie rejestracji i zawiera\u0142 kr\u00f3tk\u0105 notk\u0119: \u201cprosz\u0119  spr\u00f3bowa\u0107 za kilka minut\u201d. By\u0142a 20:20. Pr\u00f3bowa\u0142em do p\u00f3\u0142nocy. W tym  czasie dzwoni\u0142o kilkadziesi\u0105t os\u00f3b totalnie oburzonych t\u0105 sytuacj\u0105.  Prosili mnie o pomoc, a c\u00f3\u017c ja mog\u0142em pom\u00f3c? Kilku nawet mi naubli\u017ca\u0142o  wi\u0105\u017c\u0105c mnie z konsulatem. Nie wspomn\u0119 ile obelg pad\u0142o na mnie za  \u201cniewa\u017cny paszport\u201d, albo ten nieszcz\u0119sny Pesel. Poszed\u0142em spa\u0107 o  p\u00f3\u0142nocy, zostawiaj\u0105c ostatnio zanotowan\u0105 ankiet\u0119. Obudzi\u0142em si\u0119 o  trzeciej, &#8211; spr\u00f3bowa\u0142em. System nie puszcza\u0142. Pu\u015bci\u0142 dopiero rano, po  si\u00f3dmej rano.<\/span><br \/>\n<span style=\"font-size: 10pt; font-family: Verdana; color: #000000; background-color: transparent; font-weight: normal; font-style: normal; font-variant: normal; text-decoration: none; vertical-align: baseline\">&#8211;<\/span><span style=\"font-size: 10pt; font-family: Verdana; color: #000000; background-color: transparent; font-weight: bold; font-style: normal; font-variant: normal; text-decoration: none; vertical-align: baseline\">Termin rejestracji;<\/span><span style=\"font-size: 10pt; font-family: Verdana; color: #000000; background-color: transparent; font-weight: normal; font-style: normal; font-variant: normal; text-decoration: none; vertical-align: baseline\">  &#8211; Na stronie internetowej Konsulatu Generalnego RP stoi, jak byk, \u017ce  rejestracja ko\u0144czy si\u0119 o p\u00f3\u0142nocy w czwartek, 6 pa\u017adziernika, ale nie ma  s\u0142owa o tym, \u017ce b\u0119dzie to p\u00f3\u0142noc w Polsce. Dwuznaczno\u015b\u0107, kt\u00f3ra  kosztowa\u0142a wielu Polonus\u00f3w pozbawienie \u00a0mo\u017cliwo\u015bci zarejestrowania, a  tym samym udzia\u0142u w wyborach. To jest dziecinny b\u0142\u0105d, kt\u00f3ry nie powinien  zdarzy\u0107 si\u0119 dyplomatom z MSZ. B\u0142\u0105d b\u0142\u0119dem, gorzej, \u017ce sporo Polonus\u00f3w  nie p\u00f3jdzie do wybor\u00f3w.<\/span><br \/>\n<span style=\"font-size: 10pt; font-family: Verdana; color: #000000; background-color: transparent; font-weight: normal; font-style: normal; font-variant: normal; text-decoration: none; vertical-align: baseline\">Natomiast  kompletnie niewyt\u0142umaczalny jest fakt, \u017ce rejestracj\u0119 zako\u0144czono o  godznie 16, czyli o 22 czasu polskiego, a wi\u0119c ca\u0142kowicie nie dotrzymano  informacji zawartej w oficjalnej informacji na witrynie internetowej.  Nie wiedzia\u0142bym o tym, gdyby nie zadzwoni\u0142 do mnie polski obywatel,  kt\u00f3ry us\u0142ysza\u0142 t\u0119 informacj\u0105 chc\u0105c si\u0119 zarejestrowa\u0107 tu\u017c po godzinie  16-ej. Powiedziano mu r\u00f3wnie\u017c, \u017ce rejestracja ko\u0144czy si\u0119 o godzinie  18-ej. Gdzie zatem ten i inni polscy obywatele mieli si\u0119 rejestrowa\u0107  przez dwie pozosta\u0142e godziny? Oczywi\u015bcie u spo\u0142ecznych ochotnik\u00f3w, jak  pani Ma\u0142gosia, pan Marian i ja. Ewentualnie jeszcze pracownice CPS (cho\u0107  tu by\u0142o sporo pretencji). Jaki my mieli\u015bmy obowi\u0105zek, aby zakotwicza\u0107  si\u0119 przy komputerze do godziny 18-ej, skoro plac\u00f3wka dyplomatyczna  ko\u0144czy rejestracj\u0119, bo trzeba i\u015b\u0107 do domu? Nota bene, &#8211; tu\u017c po godznie  9-ej rano zostawi\u0142em na jednym z numer\u00f3w telefonicznych konsulatu  pytanie, do kt\u00f3rej dok\u0142adnie trwa\u0107 b\u0119dzie rejestracja? \u00a0Nie otrzyma\u0142em  odpowiedzi do ko\u0144ca dni\u00f3wki. Nie by\u0142o te\u017c specjalnego og\u0142oszenia, \u017ce  konsulat prowadzi rejestracj\u0119 tylko do godziny 16-ej, czyli dwie godziny  kr\u00f3cej, ni\u017c przewiduj\u0105 wytyczne PKW.<\/span><br \/>\n<span style=\"font-size: 10pt; font-family: Verdana; color: #000000; background-color: transparent; font-weight: normal; font-style: normal; font-variant: normal; text-decoration: none; vertical-align: baseline\">Nie m\u00f3wi\u0105c o tym, \u017ce nikt nie wystosowa\u0142 o\u015bwiadczenia, i\u017c liczy si\u0119 czas polski.<\/span><br \/>\n<span style=\"font-size: 10pt; font-family: Verdana; color: #000000; background-color: transparent; font-weight: normal; font-style: normal; font-variant: normal; text-decoration: none; vertical-align: baseline\">&#8211;<\/span><span style=\"font-size: 10pt; font-family: Verdana; color: #000000; background-color: transparent; font-weight: bold; font-style: normal; font-variant: normal; text-decoration: none; vertical-align: baseline\">Ilo\u015b\u0107 komisji wyborczych:<\/span><span style=\"font-size: 10pt; font-family: Verdana; color: #000000; background-color: transparent; font-weight: normal; font-style: normal; font-variant: normal; text-decoration: none; vertical-align: baseline\">  &#8211; to uwa\u017cam za najwi\u0119kszy skandal w wykonaniu ministra spraw  zagranicznych, bo chyba jego resort ustala gdzie i ile komisji  wyborczych zainstalowa\u0107, aby obs\u0142u\u017cy\u0107 Polak\u00f3w za granic\u0105. Pennsylwania,  kt\u00f3ra le\u017cy na terytorium podlegaj\u0105cym Konsulatowi Generalnemu RP w Nowym  Jorku nie ma ani jednej komisji wyborczej. Filadelfia, Allentown,  Reading, to wielkie skupiska Polonii. Komisja ustanowiona w jednym z  tych miast u\u0142atwi\u0142aby p\u00f3j\u015bcie do wybor\u00f3w mieszka\u0144com pozosta\u0142ych, plus  oddalonego od Nowego Jorku Trenton. Nigdy nie dowiemy si\u0119 ilu Polakom  \u201czakazano\u201d tym sposobem p\u00f3j\u015bcia do wybor\u00f3w. Ale mo\u017cemy m\u00f3wi\u0107 o bardzo  du\u017cej liczbie. Komisji nie ma r\u00f3wnie\u017c w \u017cadnym z du\u017cych skupisk  polonijnych na Long Island. Dzwonili do mnie starsi ludzie z Riverhead i  z Copiague, z pretensj\u0105, \u017ce nie dadz\u0105 rady pojecha\u0107 ani na Greenpoint,  ani na Ridgewood, ani tym bardziej na Manhattan. A jest jeszcze Heamsted  i Glen Cove. Nies\u0142ychane wr\u0119cz zaniedbanie zakrawaj\u0105ce na celowe  pozbawienie Polak\u00f3w z Long Island Pennsylwanii mo\u017cliwo\u015bci g\u0142osowania. I  niech mi nikt nie m\u00f3wi o szerzeniu teorii spiskowych. Kto stwarza tego  rodzaju sytuacje powinien si\u0119 liczy\u0107 z tym, \u017ce b\u0119dzie to ocenione. I ja  tak w\u0142a\u015bnie to oceniam.<\/span><br \/>\n<span style=\"font-size: 10pt; font-family: Verdana; color: #000000; background-color: transparent; font-weight: normal; font-style: normal; font-variant: normal; text-decoration: none; vertical-align: baseline\">Czasem  nie dziwi\u0119 si\u0119, \u017ce nie mamy mocniejszej pozycji w USA, ale dziwi\u0119 si\u0119 i  oburza mnie, \u017ce w\u0142adze naszego kraju lekcewa\u017c\u0105 Polak\u00f3w rozsianych poza  granicami Ojczyzny. B\u0119dzie to niew\u0105tpliwie moja interpelacja, jak\u0105  przeka\u017c\u0119 nowemu sejmowi. P\u00f3ki co pami\u0119tajmy, \u017ce ten rz\u0105d pozbawi\u0142 wielu z  nas mo\u017cliwo\u015bci p\u00f3j\u015bcia do urn.<\/span><br \/>\n<span style=\"font-size: 10pt; font-family: Verdana; color: #000000; background-color: transparent; font-weight: normal; font-style: normal; font-variant: normal; text-decoration: none; vertical-align: baseline\">Pragn\u0119  teraz podzi\u0119kowa\u0107 pani Ma\u0142gorzacie Ciuraszkiewicz i panu Marianowi  Witek za to, \u017ce \u00a0 wesp\u00f3\u0142 ze mn\u0105 u\u0142atwili naszym Rodakom wygodn\u0105  rejestracj\u0119 przez telefon. Te dwa tygodnie, to by\u0142a niezwykle  czasoch\u0142onna praca i co tu du\u017co m\u00f3wi\u0107, nieco kosztowna, bo u\u017cywali\u015bmy  te\u017c telefon\u00f3w kom\u00f3rkowych. Satysfakcja, \u017ce pomog\u0142o si\u0119 tak du\u017cej liczbie  Polonus\u00f3w jest jednak bezcenna i to jest dla nas najwa\u017cniejsze. Jak  powiedzia\u0142by \u017co\u0142nierz: \u201cku chwale Ojczyzny, Obywatelu&#8230;.\u201d No w\u0142a\u015bnie  jakiemu, kt\u00f3remu obywatelowi mam z\u0142o\u017cy\u0107 ten okrzyk&#8230;?<\/span><br \/>\n<span style=\"font-size: 10pt; font-family: Verdana; color: #000000; background-color: transparent; font-weight: normal; font-style: normal; font-variant: normal; text-decoration: none; vertical-align: baseline\"><\/span><span style=\"font-size: 11pt; font-family: Arial; color: #000000; background-color: transparent; font-weight: normal; font-style: normal; font-variant: normal; text-decoration: none; vertical-align: baseline\"><\/span><\/p>\n","protected":false},"excerpt":{"rendered":"<p>Min\u0105\u0142 termin rejestracji. Czy jednak polskie ministerstwo spraw zagranicznych nie doprowadzi\u0142o po raz kolejny do zdenerwowania Polonus\u00f3w? Doprowadzi\u0142o. Nie ustrzeg\u0142o si\u0119 b\u0142\u0119d\u00f3w, kt\u00f3re sprawiaj\u0105, \u017ce Polonia, chyba na ca\u0142ym \u015bwiecie zn\u00f3w musia\u0142a si\u0119 poczu\u0107 nie tylko zlekcewa\u017cona, ale wr\u0119cz zniewa\u017cona. Oto w\u0105tpliwo\u015bci:<\/p>\n","protected":false},"author":2,"featured_media":0,"comment_status":"open","ping_status":"open","sticky":false,"template":"","format":"standard","meta":[],"categories":[4],"tags":[],"_links":{"self":[{"href":"https:\/\/sporek.com\/blog\/index.php?rest_route=\/wp\/v2\/posts\/305"}],"collection":[{"href":"https:\/\/sporek.com\/blog\/index.php?rest_route=\/wp\/v2\/posts"}],"about":[{"href":"https:\/\/sporek.com\/blog\/index.php?rest_route=\/wp\/v2\/types\/post"}],"author":[{"embeddable":true,"href":"https:\/\/sporek.com\/blog\/index.php?rest_route=\/wp\/v2\/users\/2"}],"replies":[{"embeddable":true,"href":"https:\/\/sporek.com\/blog\/index.php?rest_route=%2Fwp%2Fv2%2Fcomments&post=305"}],"version-history":[{"count":0,"href":"https:\/\/sporek.com\/blog\/index.php?rest_route=\/wp\/v2\/posts\/305\/revisions"}],"wp:attachment":[{"href":"https:\/\/sporek.com\/blog\/index.php?rest_route=%2Fwp%2Fv2%2Fmedia&parent=305"}],"wp:term":[{"taxonomy":"category","embeddable":true,"href":"https:\/\/sporek.com\/blog\/index.php?rest_route=%2Fwp%2Fv2%2Fcategories&post=305"},{"taxonomy":"post_tag","embeddable":true,"href":"https:\/\/sporek.com\/blog\/index.php?rest_route=%2Fwp%2Fv2%2Ftags&post=305"}],"curies":[{"name":"wp","href":"https:\/\/api.w.org\/{rel}","templated":true}]}}