{"id":306,"date":"2011-10-21T16:40:06","date_gmt":"2011-10-21T20:40:06","guid":{"rendered":"http:\/\/sporek.com\/blog\/?p=306"},"modified":"2011-10-21T17:22:30","modified_gmt":"2011-10-21T21:22:30","slug":"mysli-przewrotne","status":"publish","type":"post","link":"https:\/\/sporek.com\/blog\/?p=306","title":{"rendered":"My\u015bli przewrotne"},"content":{"rendered":"<p><span style=\"font-size: 11pt; font-family: Arial; color: #000000; background-color: transparent; font-weight: normal; font-style: normal; font-variant: normal; text-decoration: none; vertical-align: baseline\" id=\"internal-source-marker_0.27761689828956826\">S\u0105  instytucje, na przyk\u0142ad finansowe, kt\u00f3re dbaj\u0105c o sw\u00f3j rozw\u00f3j, na fotel  prezesa swoich zarz\u0105d\u00f3w desygnuj\u0105 facet\u00f3w po wy\u017cszych studiach i  najlepiej o kierunku ekonomicznym.<\/span><span style=\"font-size: 11pt; font-family: Arial; color: #000000; background-color: transparent; font-weight: normal; font-style: normal; font-variant: normal; text-decoration: none; vertical-align: baseline\"> Ale s\u0105 i takie, kt\u00f3re preferuj\u0105 prawnik\u00f3w, albo licz\u0105cych podatki, albo zamiast doktora ekonomii wol\u0105&#8230;sprzedawczyni\u0119 perfum.<\/span><!--more--><br \/>\n<span style=\"font-size: 11pt; font-family: Arial; color: #000000; background-color: transparent; font-weight: normal; font-style: normal; font-variant: normal; text-decoration: none; vertical-align: baseline\"><\/span><br \/>\n<span style=\"font-size: 11pt; font-family: Arial; color: #000000; background-color: transparent; font-weight: normal; font-style: normal; font-variant: normal; text-decoration: none; vertical-align: baseline\">S\u0105  nacje, w kt\u00f3rych, \u017ceby by\u0107 wyr\u00f3\u017cnionym orderem zas\u0142ugi, albo funkcj\u0105  g\u0142\u00f3wnego wodzireja w jakim\u015b karnawale ulicznym trzeba si\u0119 mocno dla tej nacji  napracowa\u0107. Ale s\u0105 i takie, w kt\u00f3rych wystarczy du\u017ca kasa i ju\u017c mo\u017cna  zosta\u0107 wodzirejem.<\/span><br \/>\n<span style=\"font-size: 11pt; font-family: Arial; color: #000000; background-color: transparent; font-weight: normal; font-style: normal; font-variant: normal; text-decoration: none; vertical-align: baseline\"><\/span><br \/>\n<span style=\"font-size: 11pt; font-family: Arial; color: #000000; background-color: transparent; font-weight: normal; font-style: normal; font-variant: normal; text-decoration: none; vertical-align: baseline\">S\u0105  ludzie, kt\u00f3rzy nie chc\u0105 pami\u0119ta\u0107 historii i najpierw walcz\u0105 z jakim\u015b  zat\u0119ch\u0142ym systemem, na przyk\u0142ad komunistycznym, p\u00f3\u017aniej reprezentant\u00f3w  tego\u017c systemu powo\u0142uj\u0105 na powa\u017cne stanowiska, albo poddaj\u0105 si\u0119 ich  przewrotowej dzia\u0142alno\u015bci.<\/span><br \/>\n<span style=\"font-size: 11pt; font-family: Arial; color: #000000; background-color: transparent; font-weight: normal; font-style: normal; font-variant: normal; text-decoration: none; vertical-align: baseline\"><\/span><br \/>\n<span style=\"font-size: 11pt; font-family: Arial; color: #000000; background-color: transparent; font-weight: normal; font-style: normal; font-variant: normal; text-decoration: none; vertical-align: baseline\">S\u0105  spo\u0142ecze\u0144stwa, kt\u00f3re nie chc\u0105 uwierzy\u0107, \u017ce jakiego\u015b pracownika  przy\u0142apano na kradzie\u017cy, gdy ten pracownik nagle przeistacza si\u0119 w  dzia\u0142acza. Niewa\u017cne, czy ukrad\u0142 pieni\u0105dze ze sklepu, czy mi\u0119so ze  sto\u0142\u00f3wki,- sta\u0142 si\u0119 dzia\u0142aczem i od razu \u015bwi\u0119t\u0105 krow\u0105. I w nagrod\u0119  wybiera si\u0119 go do zarz\u0105du, na przyk\u0142ad instytucji zajmuj\u0105cej si\u0119  finansami, by ten kto\u015b rekomendowa\u0142 na prezesa&#8230;fryzjerk\u0119, albo  sprzedawczyni\u0119 perfum.<\/span><br \/>\n<span style=\"font-size: 11pt; font-family: Arial; color: #000000; background-color: transparent; font-weight: normal; font-style: normal; font-variant: normal; text-decoration: none; vertical-align: baseline\"><\/span><br \/>\n<span style=\"font-size: 11pt; font-family: Arial; color: #000000; background-color: transparent; font-weight: normal; font-style: normal; font-variant: normal; text-decoration: none; vertical-align: baseline\">S\u0105  grupy spo\u0142eczne, kt\u00f3re ch\u0119tnie \u017cywi\u0105 si\u0119 za dolara, w spo\u0142ecznej sto\u0142\u00f3wce i wbrew logice ostro wyst\u0119puj\u0105  przeciwko tym, kt\u00f3rzy im podaj\u0105 zupki podcinaj\u0105c tym samym ga\u0142\u0105\u017a, na  kt\u00f3rej siedz\u0105.<\/span><br \/>\n<span style=\"font-size: 11pt; font-family: Arial; color: #000000; background-color: transparent; font-weight: normal; font-style: normal; font-variant: normal; text-decoration: none; vertical-align: baseline\"><\/span><br \/>\n<span style=\"font-size: 11pt; font-family: Arial; color: #000000; background-color: transparent; font-weight: normal; font-style: normal; font-variant: normal; text-decoration: none; vertical-align: baseline\">S\u0105  spo\u0142ecze\u0144stwa, kt\u00f3re daj\u0105 \u015bwiatu na przyk\u0142ad najwi\u0119kszego papie\u017ca, a  potem \u201cdla jaj\u201d g\u0142osuj\u0105 na faceta, kt\u00f3ry chce walczy\u0107 z krzy\u017cem i  wyrzuca\u0107 religi\u0119 ze szk\u00f3\u0142 i tym samym robi\u0105 go trzeci\u0105 si\u0142\u0105 polityczn\u0105 w  pa\u0144stwie.<\/span><br \/>\n<span style=\"font-size: 11pt; font-family: Arial; color: #000000; background-color: transparent; font-weight: normal; font-style: normal; font-variant: normal; text-decoration: none; vertical-align: baseline\"><\/span><br \/>\n<span style=\"font-size: 11pt; font-family: Arial; color: #000000; background-color: transparent; font-weight: normal; font-style: normal; font-variant: normal; text-decoration: none; vertical-align: baseline\">Raz na wozie, raz&#8230;w nawozie.<\/span><\/p>\n<p><span style=\"font-size: 11pt; font-family: Arial; color: #000000; background-color: transparent; font-weight: normal; font-style: normal; font-variant: normal; text-decoration: none; vertical-align: baseline\">Co to za organizacje; co to za ludzie, co to za spo\u0142ecze\u0144stwo; co to za nacja?<\/span><br \/>\n<span style=\"font-size: 11pt; font-family: Arial; color: #000000; background-color: transparent; font-weight: normal; font-style: normal; font-variant: normal; text-decoration: none; vertical-align: baseline\">Ha, ha, &#8211; ja wiem, ale nie powiem.<\/span><\/p>\n","protected":false},"excerpt":{"rendered":"<p>S\u0105 instytucje, na przyk\u0142ad finansowe, kt\u00f3re dbaj\u0105c o sw\u00f3j rozw\u00f3j, na fotel prezesa swoich zarz\u0105d\u00f3w desygnuj\u0105 facet\u00f3w po wy\u017cszych studiach i najlepiej o kierunku ekonomicznym. Ale s\u0105 i takie, kt\u00f3re preferuj\u0105 prawnik\u00f3w, albo licz\u0105cych podatki, albo zamiast doktora ekonomii wol\u0105&#8230;sprzedawczyni\u0119 perfum.<\/p>\n","protected":false},"author":2,"featured_media":0,"comment_status":"open","ping_status":"open","sticky":false,"template":"","format":"standard","meta":[],"categories":[1],"tags":[],"_links":{"self":[{"href":"https:\/\/sporek.com\/blog\/index.php?rest_route=\/wp\/v2\/posts\/306"}],"collection":[{"href":"https:\/\/sporek.com\/blog\/index.php?rest_route=\/wp\/v2\/posts"}],"about":[{"href":"https:\/\/sporek.com\/blog\/index.php?rest_route=\/wp\/v2\/types\/post"}],"author":[{"embeddable":true,"href":"https:\/\/sporek.com\/blog\/index.php?rest_route=\/wp\/v2\/users\/2"}],"replies":[{"embeddable":true,"href":"https:\/\/sporek.com\/blog\/index.php?rest_route=%2Fwp%2Fv2%2Fcomments&post=306"}],"version-history":[{"count":0,"href":"https:\/\/sporek.com\/blog\/index.php?rest_route=\/wp\/v2\/posts\/306\/revisions"}],"wp:attachment":[{"href":"https:\/\/sporek.com\/blog\/index.php?rest_route=%2Fwp%2Fv2%2Fmedia&parent=306"}],"wp:term":[{"taxonomy":"category","embeddable":true,"href":"https:\/\/sporek.com\/blog\/index.php?rest_route=%2Fwp%2Fv2%2Fcategories&post=306"},{"taxonomy":"post_tag","embeddable":true,"href":"https:\/\/sporek.com\/blog\/index.php?rest_route=%2Fwp%2Fv2%2Ftags&post=306"}],"curies":[{"name":"wp","href":"https:\/\/api.w.org\/{rel}","templated":true}]}}