{"id":307,"date":"2011-10-30T16:14:09","date_gmt":"2011-10-30T20:14:09","guid":{"rendered":"http:\/\/sporek.com\/blog\/?p=307"},"modified":"2011-10-30T16:15:39","modified_gmt":"2011-10-30T20:15:39","slug":"zycie-jest-okrutne","status":"publish","type":"post","link":"https:\/\/sporek.com\/blog\/?p=307","title":{"rendered":"\u017bycie jest okrutne"},"content":{"rendered":"<p><span style=\"font-size: 10pt; font-family: Verdana; color: #000000; background-color: transparent; font-weight: normal; font-style: normal; font-variant: normal; text-decoration: none; vertical-align: baseline\" id=\"internal-source-marker_0.26043472500717557\"><\/span><span style=\"font-size: 10pt; font-family: Verdana; color: #000000; background-color: transparent; font-weight: normal; font-style: normal; font-variant: normal; text-decoration: none; vertical-align: baseline\">-Cze\u015b\u0107 Ewa, dawno ci\u0119 nie widzia\u0142am. Chyba z rok. Czemu nie zadzwonisz?<\/span><br \/>\n<span style=\"font-size: 10pt; font-family: Verdana; color: #000000; background-color: transparent; font-weight: normal; font-style: normal; font-variant: normal; text-decoration: none; vertical-align: baseline\">-Cze\u015b\u0107, Kasiu. A ty czemu nie zadzwoni\u0142a\u015b?<\/span><br \/>\n<span style=\"font-size: 10pt; font-family: Verdana; color: #000000; background-color: transparent; font-weight: normal; font-style: normal; font-variant: normal; text-decoration: none; vertical-align: baseline\">-S\u0142uchaj, mia\u0142am tyle problem\u00f3w. W pale si\u0119 nie mie\u015bci.<\/span><br \/>\n<span style=\"font-size: 10pt; font-family: Verdana; color: #000000; background-color: transparent; font-weight: normal; font-style: normal; font-variant: normal; text-decoration: none; vertical-align: baseline\">-Co si\u0119 dzieje?<\/span><!--more--><br \/>\n<span style=\"font-size: 10pt; font-family: Verdana; color: #000000; background-color: transparent; font-weight: normal; font-style: normal; font-variant: normal; text-decoration: none; vertical-align: baseline\">-No  wiesz, kilka miesi\u0119cy temu zanosi\u0142o si\u0119, \u017ce Edward odejdzie. Kto\u015b mi  doni\u00f3s\u0142, \u017ce widzia\u0142 go w jakim\u015b nocnym klubie z m\u0142odziutk\u0105 siks\u0105.  My\u015bla\u0142am, \u017ce zwariuj\u0119. W dodatku on si\u0119 jako\u015b tak dziwnie zachowywa\u0142.  Zrobiam mu karczemn\u0105 awantur\u0119. Okaza\u0142o si\u0119, \u017ce by\u0142 z Ma\u0107kiem i t\u0105 jego  now\u0105, m\u0142odziutk\u0105 \u201enarzeczon\u0105\u201d. Ale i tak, ni st\u0105d, ni zow\u0105d zrobi\u0142 si\u0119  dziwnie tajemniczy; nagle zacz\u0119\u0142o mu brakowa\u0107 pieni\u0119dzy nawet na g\u0142upi\u0105  kaw\u0119 z lampk\u0105 wina, o kinie w og\u00f3le nie by\u0142o mowy. Nawet fim\u00f3w nie  wypo\u017cycza\u0142. Pyta\u0142am, czy ma problemy w pracy, ale zaprzecza\u0142.<\/span><br \/>\n<span style=\"font-size: 10pt; font-family: Verdana; color: #000000; background-color: transparent; font-weight: normal; font-style: normal; font-variant: normal; text-decoration: none; vertical-align: baseline\">-Mo\u017ce mia\u0142 problemy, ale nie chcia\u0142 m\u00f3wi\u0107?<\/span><br \/>\n<span style=\"font-size: 10pt; font-family: Verdana; color: #000000; background-color: transparent; font-weight: normal; font-style: normal; font-variant: normal; text-decoration: none; vertical-align: baseline\">-Co\u015b  ty, on po prostu zdecydowa\u0142 si\u0119 strasznie oszcz\u0119dza\u0107 pieni\u0105dze, no  m\u00f3wi\u0119 ci zrobi\u0142 si\u0119 sknerus, a mnie ma\u0142o szlag trafi\u0142. A\u017c tu nagle m\u00f3wi:<\/span><br \/>\n<span style=\"font-size: 10pt; font-family: Verdana; color: #000000; background-color: transparent; font-weight: normal; font-style: normal; font-variant: normal; text-decoration: none; vertical-align: baseline\">-Kasiu zabieram ci\u0119 na Hawaje. Dasz wiar\u0119?<\/span><br \/>\n<span style=\"font-size: 10pt; font-family: Verdana; color: #000000; background-color: transparent; font-weight: normal; font-style: normal; font-variant: normal; text-decoration: none; vertical-align: baseline\">-No widzisz, to facet mia\u0142 konkretny plan. I polecieli\u015bcie?<\/span><br \/>\n<span style=\"font-size: 10pt; font-family: Verdana; color: #000000; background-color: transparent; font-weight: normal; font-style: normal; font-variant: normal; text-decoration: none; vertical-align: baseline\">-Oczywi\u015bcie,  ale m\u00f3wi\u0119 ci, jakie problemy! Wyobra\u017a sobie, \u017ce zagin\u0119\u0142y nasze baga\u017ce.  Zosta\u0142am z tym, co mia\u0142am w podr\u0119cznym baga\u017cu; jakie\u015b szorty do  przebrania po wyj\u015bciu z samolotu i troch\u0119 rzeczy osobistych. Baga\u017ce  dotar\u0142y dopiero po dw\u00f3ch dniach, a ja czu\u0142am, \u017ce siwiej\u0119 z godziny, na  godzin\u0119. Telefony do linii lotniczych, no m\u00f3wi\u0119 ci, masakra.<\/span><br \/>\n<span style=\"font-size: 10pt; font-family: Verdana; color: #000000; background-color: transparent; font-weight: normal; font-style: normal; font-variant: normal; text-decoration: none; vertical-align: baseline\">-Sko\u0144czy\u0142o si\u0119 dobrze, co nie? &#8211; skonkludowa\u0142a Ewa nieco smutnym g\u0142osem.<\/span><br \/>\n<span style=\"font-size: 10pt; font-family: Verdana; color: #000000; background-color: transparent; font-weight: normal; font-style: normal; font-variant: normal; text-decoration: none; vertical-align: baseline\">-No tak, bo w ko\u0144cu walizki si\u0119 znalaz\u0142y, ale \u00a0s\u0142uchaj, przekopane, zwini\u0119te, jak siano w stodole.<\/span><br \/>\n<span style=\"font-size: 10pt; font-family: Verdana; color: #000000; background-color: transparent; font-weight: normal; font-style: normal; font-variant: normal; text-decoration: none; vertical-align: baseline\">-I co\u015b wam zgin\u0119\u0142o?<\/span><br \/>\n<span style=\"font-size: 10pt; font-family: Verdana; color: #000000; background-color: transparent; font-weight: normal; font-style: normal; font-variant: normal; text-decoration: none; vertical-align: baseline\">-Na szcz\u0119\u015bcie nic, ale co si\u0119 nadenerwowa\u0142am, to moje. Straci\u0142am kilka lat \u017cycia.<\/span><br \/>\n<span style=\"font-size: 10pt; font-family: Verdana; color: #000000; background-color: transparent; font-weight: normal; font-style: normal; font-variant: normal; text-decoration: none; vertical-align: baseline\">-Ale potem ju\u017c by\u0142o ok? Wypocz\u0119li\u015bcie?<\/span><br \/>\n<span style=\"font-size: 10pt; font-family: Verdana; color: #000000; background-color: transparent; font-weight: normal; font-style: normal; font-variant: normal; text-decoration: none; vertical-align: baseline\">-No,  prosz\u0119 ci\u0119, &#8211; straszna z ciebie optymistka. Co to za wypoczynek? Wiesz,  jaki jest Edward, &#8211; on by si\u0119 kocha\u0142 ca\u0142\u0105 dob\u0119. \u0141azi\u0142am niewyspana, bo  jak mu odm\u00f3wi\u0107. To le\u017ca\u0142am w dzie\u0144 padni\u0119ta na pla\u017cy. A on taki  niewy\u017cyty, to jeszcze zabiera\u0142 mnie na \u0142\u00f3dk\u0119 i p\u0142yn\u0119li\u015bmy w jakie\u015b  szczeliny mi\u0119dzy ska\u0142ami i znowu chcia\u0142 si\u0119 kocha\u0107. Ale s\u0142uchaj, to  jeszcze nic. Kiedy\u015b nakryli nas tubylcy. Byli\u015bmy jakie\u015b sto metr\u00f3w od  brzegu, a tu patrz\u0119 na naszym kocu rozsiedli si\u0119 w najlepsze i pij\u0105 t\u0119  swoj\u0105 w\u00f3d\u0119 i \u015bmiej\u0105 si\u0119 z nas. Zanim dop\u0142yn\u0119li\u015bmy do brzegu porwali moj\u0105  torebk\u0119, Edka d\u017cinsy i tyle\u015bmy ich widzieli. Kaza\u0142am Edwardowi zg\u0142osi\u0107  to w recepcji. Wezwali policj\u0119, &#8211; zeznania, jakie\u015b \u015bledztwo. No,  koszmar. Ale ci powiem, \u017ce to jedzenie by\u0142o takie do dupy, \u017ce mi si\u0119  odechciewa\u0142o w og\u00f3le schodzi\u0107 do tej restauracji. To je\u017cdzili\u015bmy gdzie\u015b  do miasta, bo Edward wynaj\u0105\u0142 samoch\u00f3w, ale to znowu dodatkowe pieni\u0105dze i  k\u0142opot. Edziu by\u0142 jednak cholernie cierpliwy. A\u017c tu nagle wracamy  kiedy\u015b z nocnej balangi, a w recepcji wiadomo\u015b\u0107, \u017ce Edward musi  natychmiast wraca\u0107, bo potrzebuje go firma i to bardzo. Do ko\u0144ca wakacji  jeszcze pe\u0142ne dwa dni. Edek zadzwoni\u0142 do firmy i prosi\u0142, \u017ceby mu  podarowali te dwa dni. Ale nie by\u0142o mowy, &#8211; chcieli go widzie\u0107 ju\u017c na  drugi dzie\u0144. No i musieli\u015bmy skr\u00f3ci\u0107 i zamiast dziesi\u0119\u0107 dni byli\u015bmy  tylko osiem, psiakrew. By\u0142am bliska apopleksji. Nienawidz\u0119 tej jego  firmy.<\/span><br \/>\n<span style=\"font-size: 10pt; font-family: Verdana; color: #000000; background-color: transparent; font-weight: normal; font-style: normal; font-variant: normal; text-decoration: none; vertical-align: baseline\">-No, ale w ko\u0144cu byli\u015bcie osiem dni, to niema\u0142o.<\/span><br \/>\n<span style=\"font-size: 10pt; font-family: Verdana; color: #000000; background-color: transparent; font-weight: normal; font-style: normal; font-variant: normal; text-decoration: none; vertical-align: baseline\">-Niema\u0142o,  niema\u0142o. Jak masz op\u0142acone dziesi\u0119\u0107, to ma by\u0107 dziesi\u0119\u0107. Firma pootem  Edkowi wyp\u0142aci\u0142a jaki\u015b niespodziewany bonus za skr\u00f3cenie wakacji, ale ja  i tak by\u0142am w\u015bciek\u0142a. \u017bycie jest okropne, wiesz. Problem goni problem.  Czasem mo\u017cna si\u0119 za\u0142ama\u0107.<\/span><br \/>\n<span style=\"font-size: 10pt; font-family: Verdana; color: #000000; background-color: transparent; font-weight: normal; font-style: normal; font-variant: normal; text-decoration: none; vertical-align: baseline\">-No, jest okrutne, to prawda &#8211; skonkludowa\u0142a Anna g\u0142osem jeszcze smutniejszym, ni\u017c poprzednio.<\/span><br \/>\n<span style=\"font-size: 10pt; font-family: Verdana; color: #000000; background-color: transparent; font-weight: normal; font-style: normal; font-variant: normal; text-decoration: none; vertical-align: baseline\">-A co u ciebie? Co\u015b si\u0119 dzieje, co\u015b si\u0119 wydarzy\u0142o? Fajnie ci w tym czarnym golfie.<\/span><br \/>\n<span style=\"font-size: 10pt; font-family: Verdana; color: #000000; background-color: transparent; font-weight: normal; font-style: normal; font-variant: normal; text-decoration: none; vertical-align: baseline\">-U mnie?- zn\u00f3w \u00a0tym smutnym g\u0142osem zapyta\u0142a Ewa.<\/span><br \/>\n<span style=\"font-size: 10pt; font-family: Verdana; color: #000000; background-color: transparent; font-weight: normal; font-style: normal; font-variant: normal; text-decoration: none; vertical-align: baseline\">-Zmar\u0142a mi matka&#8230;<\/span><span style=\"font-size: 11pt; font-family: Arial; color: #000000; background-color: transparent; font-weight: normal; font-style: normal; font-variant: normal; text-decoration: none; vertical-align: baseline\"><\/span><\/p>\n","protected":false},"excerpt":{"rendered":"<p>-Cze\u015b\u0107 Ewa, dawno ci\u0119 nie widzia\u0142am. Chyba z rok. Czemu nie zadzwonisz? -Cze\u015b\u0107, Kasiu. A ty czemu nie zadzwoni\u0142a\u015b? -S\u0142uchaj, mia\u0142am tyle problem\u00f3w. W pale si\u0119 nie mie\u015bci. -Co si\u0119 dzieje?<\/p>\n","protected":false},"author":2,"featured_media":0,"comment_status":"open","ping_status":"open","sticky":false,"template":"","format":"standard","meta":[],"categories":[1],"tags":[],"_links":{"self":[{"href":"https:\/\/sporek.com\/blog\/index.php?rest_route=\/wp\/v2\/posts\/307"}],"collection":[{"href":"https:\/\/sporek.com\/blog\/index.php?rest_route=\/wp\/v2\/posts"}],"about":[{"href":"https:\/\/sporek.com\/blog\/index.php?rest_route=\/wp\/v2\/types\/post"}],"author":[{"embeddable":true,"href":"https:\/\/sporek.com\/blog\/index.php?rest_route=\/wp\/v2\/users\/2"}],"replies":[{"embeddable":true,"href":"https:\/\/sporek.com\/blog\/index.php?rest_route=%2Fwp%2Fv2%2Fcomments&post=307"}],"version-history":[{"count":0,"href":"https:\/\/sporek.com\/blog\/index.php?rest_route=\/wp\/v2\/posts\/307\/revisions"}],"wp:attachment":[{"href":"https:\/\/sporek.com\/blog\/index.php?rest_route=%2Fwp%2Fv2%2Fmedia&parent=307"}],"wp:term":[{"taxonomy":"category","embeddable":true,"href":"https:\/\/sporek.com\/blog\/index.php?rest_route=%2Fwp%2Fv2%2Fcategories&post=307"},{"taxonomy":"post_tag","embeddable":true,"href":"https:\/\/sporek.com\/blog\/index.php?rest_route=%2Fwp%2Fv2%2Ftags&post=307"}],"curies":[{"name":"wp","href":"https:\/\/api.w.org\/{rel}","templated":true}]}}