{"id":31,"date":"2007-10-16T09:56:02","date_gmt":"2007-10-16T13:56:02","guid":{"rendered":"http:\/\/sporek.com\/blog\/?p=31"},"modified":"2007-10-22T17:35:19","modified_gmt":"2007-10-22T21:35:19","slug":"jak-to-z-nami-jest","status":"publish","type":"post","link":"https:\/\/sporek.com\/blog\/?p=31","title":{"rendered":"Jak to z nami jest&#8230;przed wyborami?"},"content":{"rendered":"<p style=\"margin: 0in 0in 0pt\" class=\"MsoNormal\"><span style=\"font-family: Arial\">Pisz\u0119 to po kilkunastu e-mailach otrzymanych od moich przyjaci\u00f3\u0142 z Polski, a pisz\u0119 dlatego, \u017ce przera\u017ca mnie ich okre\u015blanie si\u0119 po stronie przeciwnik\u00f3w PiS-u. Naiwno\u015b\u0107 cz\u0119\u015bci polskiego spo\u0142ecze\u0144stwa graniczy z g\u0142upot\u0105, a w ka\u017cdym razie na pewno z amnezj\u0105, \u017ceby u\u017cy\u0107 delikatniejszych okre\u015ble\u0144. Jak to si\u0119 mog\u0142o sta\u0107, \u017ce Tusk i jego partia osi\u0105gaj\u0105 tak wysokie notowania, tego chyba sam diabe\u0142 nie zrozumie. Pozornie wygl\u0105da\u0142o na to, \u017ce wygra\u0142 on debat\u0119 z Kwa\u015bniewskim. Ja s\u0105dz\u0119, \u017ce wygra\u0142 j\u0105 jedynie w kilku sekwencjach, szczeg\u00f3lnie za\u015b w tych, w kt\u00f3rych by\u0142y prezydent musia\u0142 si\u0119 t\u0142umaczy\u0107 z przesz\u0142o\u015bci. Og\u00f3lnie jednak mam przekonanie, \u017ce ta debata by\u0142a mu potrzebna wy\u0142\u0105cznie do zaistnienia na ekranach polskich telewizor\u00f3w, na brak czego narzeka\u0142 do\u015b\u0107 wylewnie w ostatnich czasach, zarzucaj\u0105c telewizji publicznej, \u017ce wy\u0142\u0105cznie PiS obdarowywany jest czasem antenowym. Poza tym nie by\u0142 do tej debaty zbyt dobrze przygotowany. <!--more--><\/span><\/p>\n<p><span style=\"font-family: Arial\"><shapetype coordsize=\"21600,21600\" o:spt=\"75\" o:preferrelative=\"t\" path=\"m@4@5l@4@11@9@11@9@5xe\" filled=\"f\" stroked=\"f\" id=\"_x0000_t75\"><stroke joinstyle=\"miter\"><\/stroke><formulas><f eqn=\"if lineDrawn pixelLineWidth 0\"><\/f><f eqn=\"sum @0 1 0\"><\/f><f eqn=\"sum 0 0 @1\"><\/f><f eqn=\"prod @2 1 2\"><\/f><f eqn=\"prod @3 21600 pixelWidth\"><\/f><f eqn=\"prod @3 21600 pixelHeight\"><\/f><f eqn=\"sum @0 0 1\"><\/f><f eqn=\"prod @6 1 2\"><\/f><f eqn=\"prod @7 21600 pixelWidth\"><\/f><f eqn=\"sum @8 21600 0\"><\/f><f eqn=\"prod @7 21600 pixelHeight\"><\/f><f eqn=\"sum @10 21600 0\"><\/f><\/formulas>\n<path o:extrusionok=\"f\" gradientshapeok=\"t\" o:connecttype=\"rect\"><\/path><lock v:ext=\"edit\" aspectratio=\"t\"><\/lock><\/shapetype>Ale nie Tusk i nie Kwa\u015bniewski maj\u0105 by\u0107 tematem tego artyku\u0142u. Moje zdziwienie budzi fakt, \u017ce nar\u00f3d polski w og\u00f3le da\u0142 sobie wm\u00f3wi\u0107, \u017ce w ojczy\u017anie jest kilka partii, kt\u00f3re mog\u0105 pretendowa\u0107 do rz\u0105dzenia. Nikt nie pr\u00f3buje nawet u\u015bwiadomi\u0107 sobie, \u017ce jeste\u015bmy narodem, kt\u00f3ry w kilka lat po najwspanialszej wizycie polskiego Papie\u017ca w kraju, po Jego s\u0142owach \u201enie b\u00f3jcie si\u0119\u201d, po Jego wsparciu narodowego morale, og\u0142osi\u0142 pierwszym prezydentem wyzwolonej Polski genera\u0142a, kt\u00f3ry przedtem z\u0142apa\u0142 nar\u00f3d za przys\u0142owiow\u0105 mord\u0119 stanem wojennym. A kto to zrobi\u0142? A no ten, kt\u00f3ry podobno za\u0142o\u017cy\u0142 Solidarno\u015b\u0107: \u201eWasz prezydent, nasz premier\u201d. Zapomnieli\u015bmy to kupczenie sto\u0142kami? A premier namalowa\u0142 \u201egrub\u0105 kresk\u0119. \u201dNikt nie chce pami\u0119ta\u0107, \u017ce ten\u017ce nar\u00f3d, tak pono\u0107 szczerze kochaj\u0105cy swojego Papie\u017ca, wybra\u0142 na dwie kadencje postkomunistycznego kandydata, robi\u0105c go prezydentem na dziesi\u0119\u0107 lat. Nikt wreszcie nie chce przyzna\u0107 si\u0119 teraz, \u017ce nagonka na PiS jest niczym innym, jak wyra\u017caniem t\u0119sknoty za komun\u0105, poparciem nierozliczenia tych, kt\u00f3rzy rozkradli nasz kraj, urz\u0105dzaj\u0105c swoje gniazdka na kszta\u0142t pa\u0142ac\u00f3w, kt\u00f3rzy za bezcen nabywali najdro\u017csze posiad\u0142o\u015bci, tych, kt\u00f3rzy ustawili si\u0119 do ko\u0144ca \u017cycia, jako europos\u0142owie i drwi\u0105 ze wszystkiego i wszystkich i oczywi\u015bcie r\u0119kami i nogami broni\u0105 rozliczenia starego systemu.\u00a0Premier zupe\u0142nie niepotrzebnie zgodzi\u0142 si\u0119 na obydwie debaty. Nie jest to obowi\u0105zkiem wyborczym, nie ma tego w konstytucji, nie ma takiej obligacji w \u017cadnych przepisach dotycz\u0105cych wybor\u00f3w. Dopuszczenie Kwa\u015bniewskiego do debaty by\u0142o zupe\u0142nie niepotrzebnym daniem mu mo\u017cliwo\u015bci zaistnienia w mediach. A niestety trafi\u0142o na pod\u0142o\u017ce naiwno\u015bci i b\u0142\u0119dnej orientacji sporej cz\u0119\u015bci spo\u0142ecze\u0144stwa urabianego niekoniecznie polskimi \u017ar\u00f3d\u0142ami medialnymi. Tusk natomiast nie powinien dost\u0105pi\u0107 zaszczytu debaty z premierem dop\u00f3ki nie z\u0142o\u017cy\u0142 deklaracji, \u017ce nie zwi\u0105\u017ce si\u0119 z LiD-em. Taki by\u0142 warunek i trzeba by\u0142o go konsekwentnie podtrzymywa\u0107. A jesli ju\u017c tak si\u0119 sta\u0142o, to mam pretensje do premiera, \u017ce przyszed\u0142 na to spotkanie-debat\u0119 z nastawieniem uprzejmo\u015bci i dyplomatycznej grzeczno\u015bci, wiedz\u0105c, \u017ce lider Platformy ani my\u015bli o grzeczno\u015bciowych konwenansach. Mam pretensje do premiera, \u017ce nie zada\u0142 Tuskowi, mog\u0105cego mie\u0107 kapitalne znaczenie pytania: co pan robi\u0142 w grupie z \u201enocnej zmiany\u201d, kt\u00f3ra w 1992 roku dokona\u0142a zamachu na rz\u0105d Olszewskiego, wstrzymuj\u0105c tym samym proces dekomunizacji? Jak \u201eciep\u0142os\u0142owy\u201d pan Tusk czuje si\u0119 z tym rozdzia\u0142em swego \u017cyciorysu dzi\u015b?\u00a0A lider PO najspokojniej i najbezczelniej, za przyk\u0142adem by\u0142ego liedera Solidarno\u015bci i by\u0142ego prezydenta Polski, kt\u00f3ry obiecywa\u0142 drug\u0105 Japoni\u0119, obiecuje Polsce drug\u0105 Irlandi\u0119. Czy trafi to na podatny grunt? Czy przekona tych naiwnych, kt\u00f3rym nie podoba si\u0119 polityka PiS-u i b\u0119d\u0105 g\u0142osowa\u0107 przeciwko? Wiem jedno, &#8211; powr\u00f3t do w\u0142adzy tych, kt\u00f3rzy chc\u0105, aby przesz\u0142o\u015b\u0107 przysch\u0142a bezkarnie jest niedopuszczalny. Wiem r\u00f3wnie\u017c, \u017ce doj\u015bcie do w\u0142adzy Platformy nie gwarantuje niczego lepszego, ni\u017c jest w tej chwili. To b\u0119dzie tylko zmiana ekipy, ale z jednoczesnym zamazaniem przesz\u0142o\u015bci, ugrzecznieniem na zewn\u0105trz i pogr\u0105\u017ceniem Polski gospodarczo, bo te gruszki, kt\u00f3re obiecuje Tusk nie rosn\u0105 nawet na wierzbach. Ich po prostu nie ma. Ja g\u0142osuj\u0119 na PiS.\u00a0<\/span><span style=\"font-family: Arial\">\u00a0<\/p>\n<p><\/span><\/p>\n","protected":false},"excerpt":{"rendered":"<p>Pisz\u0119 to po kilkunastu e-mailach otrzymanych od moich przyjaci\u00f3\u0142 z Polski, a pisz\u0119 dlatego, \u017ce przera\u017ca mnie ich okre\u015blanie si\u0119 po stronie przeciwnik\u00f3w PiS-u. Naiwno\u015b\u0107 cz\u0119\u015bci polskiego spo\u0142ecze\u0144stwa graniczy z g\u0142upot\u0105, a w ka\u017cdym razie na pewno z amnezj\u0105, \u017ceby u\u017cy\u0107 delikatniejszych okre\u015ble\u0144. Jak to si\u0119 mog\u0142o sta\u0107, \u017ce Tusk i jego partia osi\u0105gaj\u0105 tak [&hellip;]<\/p>\n","protected":false},"author":2,"featured_media":0,"comment_status":"open","ping_status":"open","sticky":false,"template":"","format":"standard","meta":[],"categories":[1,4],"tags":[],"_links":{"self":[{"href":"https:\/\/sporek.com\/blog\/index.php?rest_route=\/wp\/v2\/posts\/31"}],"collection":[{"href":"https:\/\/sporek.com\/blog\/index.php?rest_route=\/wp\/v2\/posts"}],"about":[{"href":"https:\/\/sporek.com\/blog\/index.php?rest_route=\/wp\/v2\/types\/post"}],"author":[{"embeddable":true,"href":"https:\/\/sporek.com\/blog\/index.php?rest_route=\/wp\/v2\/users\/2"}],"replies":[{"embeddable":true,"href":"https:\/\/sporek.com\/blog\/index.php?rest_route=%2Fwp%2Fv2%2Fcomments&post=31"}],"version-history":[{"count":0,"href":"https:\/\/sporek.com\/blog\/index.php?rest_route=\/wp\/v2\/posts\/31\/revisions"}],"wp:attachment":[{"href":"https:\/\/sporek.com\/blog\/index.php?rest_route=%2Fwp%2Fv2%2Fmedia&parent=31"}],"wp:term":[{"taxonomy":"category","embeddable":true,"href":"https:\/\/sporek.com\/blog\/index.php?rest_route=%2Fwp%2Fv2%2Fcategories&post=31"},{"taxonomy":"post_tag","embeddable":true,"href":"https:\/\/sporek.com\/blog\/index.php?rest_route=%2Fwp%2Fv2%2Ftags&post=31"}],"curies":[{"name":"wp","href":"https:\/\/api.w.org\/{rel}","templated":true}]}}