{"id":310,"date":"2011-12-08T00:44:06","date_gmt":"2011-12-08T04:44:06","guid":{"rendered":"http:\/\/sporek.com\/blog\/?p=310"},"modified":"2011-12-08T01:08:38","modified_gmt":"2011-12-08T05:08:38","slug":"obluda","status":"publish","type":"post","link":"https:\/\/sporek.com\/blog\/?p=310","title":{"rendered":"Ob\u0142uda"},"content":{"rendered":"<p><span style=\"font-size: 13px; font-family: Verdana; color: #000000; background-color: transparent; font-weight: normal; font-style: normal; font-variant: normal; text-decoration: none; vertical-align: baseline\" id=\"internal-source-marker_0.13512544030917562\"><\/span><span style=\"font-size: 13px; font-family: Verdana; color: #000000; background-color: transparent; font-weight: normal; font-style: normal; font-variant: normal; text-decoration: none; vertical-align: baseline\">Zastrzegam  z ca\u0142\u0105 stanowczo\u015bci\u0105, \u017ce wypowiadam si\u0119 wy\u0142\u0105cznie we w\u0142asnym imieniu, a  nie w imieniu rady dyrektor\u00f3w. To s\u0105 moje i wy\u0142\u0105cznie moje  spostrze\u017cenia po spotkaniu Cz\u0142onk\u00f3w PSFUK z przedstawicielami Rady  Dyrektor\u00f3w i <\/span><span style=\"font-size: 13px; font-family: Verdana; color: #000000; background-color: transparent; font-weight: normal; font-style: normal; font-variant: normal; text-decoration: none; vertical-align: baseline\">menad\u017cmentu<\/span><span style=\"font-size: 13px; font-family: Verdana; color: #000000; background-color: transparent; font-weight: normal; font-style: normal; font-variant: normal; text-decoration: none; vertical-align: baseline\">, na czele z Dyrektorem Wykonawczym. <\/span><!--more--><span style=\"font-size: 13px; font-family: Verdana; color: #000000; background-color: transparent; font-weight: normal; font-style: normal; font-variant: normal; text-decoration: none; vertical-align: baseline\">To, co zaniepokoi\u0142o  nie tylko mnie, ale i spor\u0105 liczb\u0119 Cz\u0142onk\u00f3w, kt\u00f3rzy nie zd\u0105\u017cyli  wypowiedzie\u0107 si\u0119 do mikrofonu i podzielili si\u0119 swoimi niepokojami ze mn\u0105  po spotkaniu, by\u0142 fakt, \u017ce zabieraj\u0105cy g\u0142os (w sumie  najd\u0142u\u017cej) za\u0142o\u017cyciel i przewodnicz\u0105cy tzw. Spo\u0142ecznego  Komitetu Cz\u0142onk\u00f3w PSFUK (kilkuosobowego) pocz\u0105\u0142 stawia\u0107 Dyrektorowi  Wykonawczemu naszego banku \u017c\u0105dania t\u0142umaczenia si\u0119 mu z podejmowanych  decyzji w prowadzeniu banku. Mowa by\u0142a o decyzjach personalnych,  inwestycyjnych i strategicznych. Ten pan poszed\u0142 dalej; za\u017c\u0105da\u0142 od  Dyrektora Wykonawczego (CEO) p i s e m n e g o zdania sprawy ze swoich  decyzji oraz wgl\u0105du do jego kontraktu!<\/span><br \/>\n<span style=\"font-size: 13px; font-family: Verdana; color: #000000; background-color: transparent; font-weight: normal; font-style: normal; font-variant: normal; text-decoration: none; vertical-align: baseline\">Aby  ukaza\u0107 paradoks tej wypowiedzi wspomn\u0119 tylko, \u017ce przewodnicz\u0105cy  Spo\u0142ecznego Komitetu nie ma \u017cadnego przygotowania ekonomicznego, ani  bankowego, co w zestawieniu ze znakomitym wykszta\u0142ceniem  finansowo-ekonomicznym i do\u015bwiadczeniem w pracy bankowej Dyrektora  Wykonawczego nie wytrzymuje \u017cadnych argument\u00f3w, aby CEO Unii Kredytowej  mia\u0142 si\u0119 przed tym panem t\u0142umaczy\u0107. Pieprzu dodaje r\u00f3wnie\u017c fakt, \u017ce ani  przewodnicz\u0105cy tej kilkuosobowej organizacji, ani sama organizacja nigdy  nie otrzyma\u0142a spo\u0142ecznego mandatu Cz\u0142onk\u00f3w Unii Kredytowej, czyli tych,  kt\u00f3rzy wybieraj\u0105 w\u0142adze spo\u0142eczne Unii &#8211; Rad\u0119 Dyrektor\u00f3w, kt\u00f3ra jest  w\u0142a\u015bnie odpowiedzialna przed Cz\u0142onkami. Uw\u0142acza to Radzie Dyrektor\u00f3w,  menad\u017cmentowi i wszystkim pracownikom. Podczas wyst\u0105pienia ten\u017ce pan nie  omieszka\u0142 postawi\u0107 menad\u017cmentowi naszej Unii zarzutu, \u017ce przyjmuje do  pracy wy\u0142\u0105cznie Amerykan\u00f3w i nie daje szans m\u0142odym, polskim, dobrze  wykszta\u0142conym Polakom. <\/span><br \/>\n<span style=\"font-size: 13px; font-family: Verdana; color: #000000; background-color: transparent; font-weight: normal; font-style: normal; font-variant: normal; text-decoration: none; vertical-align: baseline\">No,  to ju\u017c jaka\u015b paranoja. A mo\u017ce lepiej ob\u0142uda. Ponad rok szukali\u015bmy kogo\u015b  na stanowisko dyrektora wykonawczego. Ostatecznie, spo\u015br\u00f3d Amerykan\u00f3w,  Azjat\u00f3w, Afro-Amerykan\u00f3w itp. wybrali\u015bmy i zatrudnili m\u0142odego, \u015bwietnie  wykszta\u0142conego cz\u0142owieka, jakim jest Oskar Mielczarek. I okazuje si\u0119, \u017ce  nie zauwa\u017cono, i\u017c jest m\u0142odym, doskonale wykszta\u0142conym <\/span><span style=\"font-size: 13px; font-family: Verdana; color: #000000; background-color: transparent; font-weight: bold; font-style: normal; font-variant: normal; text-decoration: none; vertical-align: baseline\">Polakiem<\/span><span style=\"font-size: 13px; font-family: Verdana; color: #000000; background-color: transparent; font-weight: normal; font-style: normal; font-variant: normal; text-decoration: none; vertical-align: baseline\">.  Zauwa\u017cono natomiast, \u017ce zwolnionego Amerykanina zast\u0105pi\u0142 te\u017c  Amerykanin. No i co z tego? Egzystujemy w USA. Tutejsze prawo k\u0142adzie  bardzo mocny nacisk na dyskryminacj\u0119 ze wzgl\u0119du na kolor sk\u00f3ry,  narodowo\u015b\u0107, p\u0142e\u0107, religi\u0119. Nieprzestrzeganie tego prawa jest  przest\u0119pstwem. I to prawo nie daje nam \u017cadnych mo\u017cliwo\u015bci, aby w Unii  Kredytowej zatrudnieni byli wy\u0142\u0105cznie ludzie polskiego pochodzenia. A co  widzimy w ameryka\u0144skich bankach? No, to prosz\u0119 podej\u015b\u0107 do City Bank,  HSBS, Sovereign Bank, Bank of America i innych. Czy nie zatrudniaj\u0105 tam  Polak\u00f3w? Czy Amerykanie protestuj\u0105, \u017ce obs\u0142uguje ich polska kasjerka?  Czy pracownicy na zapleczu, w biurach protestuj\u0105, \u017ce ich menad\u017cerem jest  Polka, lub Polak? Deuche Bank, na Manhattanie zatrudni\u0142 kiedy\u015b jednego z  moich m\u0142odziutkich ch\u00f3rzyst\u00f3w, kt\u00f3ry uko\u0144czy\u0142 St. John\u2019s University. Po  roku wys\u0142a\u0142 go s\u0142u\u017cbowo do Niemiec daj\u0105c mu tam mieszkanie, samoch\u00f3d i  wysok\u0105 pensj\u0119 z benefitami. Gdy wr\u00f3ci\u0142 obj\u0105\u0142 wysokie, presti\u017cowe  stanowisko. I&#8230;? I nie chce mie\u0107 nic wsp\u00f3lnego z Uni\u0105 Kredytow\u0105. I to  jest przykre. Dlaczego? Bo jest te\u017c kolejny, fatalny przyk\u0142ad demagogii i  ob\u0142udy: Dariusz Czoch. Zosta\u0142 przez Cz\u0142onk\u00f3w wybrany w demokratycznych  \u00a0wyborach do Rady Dyrektor\u00f3w, jako znakomity fachowiec d\/s bankowo\u015bci.  Rada wybra\u0142a go na swojego szefa i&#8230;<\/span><br \/>\n<span style=\"font-size: 13px; font-family: Verdana; color: #000000; background-color: transparent; font-weight: normal; font-style: normal; font-variant: normal; text-decoration: none; vertical-align: baseline\">Darek  pracowa\u0142 wtedy w ameryka\u0144skim banku, na stanowisku menad\u017cerskim. Kto  pom\u00f3g\u0142 mu w rezygnacji z tej funkcji w naszej Unii? Kto go zaszczu\u0142? A  no, NASI; p\u0142yn\u0119\u0142y donosy do banku Dariusza, jakie\u015b kopie wrednych  e-maili do Credit Union Times, a\u017c w ko\u0144cu postawiono mu tam, w jego  banku warunek: albo zostajesz u nas, albo zrezygnuj i po\u015bwi\u0119\u0107 si\u0119 pracy  spo\u0142ecznej dla Polonii, bo za chwil\u0119 nasza reputacja p\u00f3jdzie w d\u00f3\u0142. <\/span><br \/>\n<span style=\"font-size: 13px; font-family: Verdana; color: #000000; background-color: transparent; font-weight: normal; font-style: normal; font-variant: normal; text-decoration: none; vertical-align: baseline\">Polacy  go zniszczyli &#8211; Amerykanie dali mu szans\u0119, ani my\u015bl\u0105c o usuni\u0119ciu, bo  by\u0142 \u015bwietnym fachowcem. Jego fachowo\u015bci nie znie\u015bli amatorzy z \u00f3wczesnej  rady dyrektor\u00f3w i organizacji udaj\u0105cych trosk\u0119 o nasz\u0105 Uni\u0119. Z a w i s t n i<\/span><span style=\"font-size: 13px; font-family: Verdana; color: #000000; background-color: transparent; font-weight: bold; font-style: normal; font-variant: normal; text-decoration: none; vertical-align: baseline\"> <\/span><span style=\"font-size: 13px; font-family: Verdana; color: #000000; background-color: transparent; font-weight: normal; font-style: normal; font-variant: normal; text-decoration: none; vertical-align: baseline\">do  granic mo\u017cliwo\u015bci. Ca\u0142a ta \u00f3wczesna sp\u00f3\u0142ka. Ci sami ludzie u\u017cyli  argumentu o mojej upad\u0142o\u015bci, aby pozby\u0107 si\u0119 mnie spo\u015br\u00f3d kandydat\u00f3w do  rady. I co? Polacy ze Spo\u0142ecznego Komitetu Cz\u0142onk\u00f3w PSFUK u\u017cywaj\u0105 tego  argumentu do dzisiaj, cho\u0107 min\u0119\u0142y ju\u017c cztery lata. Byli przecie\u017c i chyba  nadal s\u0105 przez tych ludzi szkoleni. A co zrobi\u0142 ameryka\u0144ski bank?  Wed\u0142ug og\u00f3lnie przyj\u0119tej zasady w tym kraju o drugiej szansie, ju\u017c w  trzy miesi\u0105ce da\u0142 mi kredyt zaufania, a w \u015blad za tym plastikow\u0105 kart\u0119 z  zapewnieniem, \u017ce mam u nich pe\u0142ne zaufanie, bo ka\u017cdemu mo\u017ce si\u0119 powin\u0105\u0107  noga, zw\u0142aszcza, gdy podejmuje si\u0119 du\u017cych przedsi\u0119wzi\u0119\u0107. Amerykanie,  ale nie Polacy. Co ja wygaduj\u0119! Ale to pewnie dlatego, \u017ce wci\u0105\u017c mamy tu  kilku dy\u017curnych opluwaczy, kt\u00f3rzy czasem dzia\u0142aj\u0105 mi na nerwy. Przecie\u017c  taki sam kredyt zaufania da\u0142o mi ponad cztery tysi\u0105ce g\u0142osuj\u0105cych na  mnie Rodak\u00f3w. Jestem niesprawiedliwy, &#8211; przepraszam moich Wyborc\u00f3w.<\/span><br \/>\n<span style=\"font-size: 13px; font-family: Verdana; color: #000000; background-color: transparent; font-weight: normal; font-style: normal; font-variant: normal; text-decoration: none; vertical-align: baseline\">Oskar  Mielczarek, jako CEO, czyli Dyrektor Wykonawczy jest dzi\u015b w sytuacji  takiej, w jakiej by\u0142by PiS, gdyby wygra\u0142 wybory w Polsce: musi sprz\u0105ta\u0107  po swoim poprzedniku- i decyzjach \u00f3wczesnej rady. Przyjmowano ludzi,  jak leci, &#8211; bez specjalnej troski, czy s\u0105 przygotowani, czy nie i dawano  im wysokie stanowiska. Kupowano budynki z sensem, czy bez sensu, w  remonty, itp. nie zawsze udane i m\u0105dre inwestycje. Dyrektor Mielczarek  jest u nas dopiero p\u00f3\u0142 roku, jeszcze nie zd\u0105\u017cy\u0142 pozna\u0107 wszystkich  zawi\u0142o\u015bci i zaniedba\u0144, jakie wytworzono przez wiele lat, a ju\u017c oskar\u017ca  si\u0119 go, \u017ce sprzeniewierza pieni\u0105dze, \u017ce zatrudnia, \u017ce zwalnia. I robi to  samozwa\u0144czy szef organizacji, kt\u00f3ra, nie jestem nawet pewien, czy ma  prawo u\u017cywa\u0107 w swojej nazwie skr\u00f3tu PSFUK, lub w wersji angielskiej  PSFCU. Ten skr\u00f3t PSFUK \/ PSFCU jest znakiem firmowym naszego banku i  Cz\u0142onkowie patrz\u0105 na to nie reaguj\u0105c. My\u015bl\u0119, \u017ce zanim p\u00f3jdziemy \u015blepo za  czyj\u0105\u015b demagogi\u0105 powinni\u015bmy sprawdzi\u0107 co ten cz\u0142owiek zrobi\u0142 w  przesz\u0142o\u015bci dla Polonii, czy przypadkiem nie ma s\u0105dowego zakazu  wchodzenia na teren Unii Kredytowej, co robi\u0142 w Polsce, jakie uko\u0144czy\u0142  studia (je\u015bli w og\u00f3le), bo czasem jest to ur\u0105ganie naszej w\u0142asnej  warto\u015bci. Podobnie zreszt\u0105, kiedy najmuj\u0119 si\u0119 do jakiej\u015b pracy i szef mi  si\u0119 chwali, \u017ce uko\u0144czy\u0142 trzy fakultety, to chcia\u0142bym wiedzie\u0107 w jakich  uczelniach i w kt\u00f3rych latach, bo sam po zdaniu matury studiowa\u0142em i  ko\u0144czy\u0142em dyplomami trzy wy\u017csze uczelnie. W Polsce by\u0142 taki prezydent,  kt\u00f3ry si\u0119 chwali\u0142 uko\u0144czeniem wy\u017cszej uczelni, (jednej) a potem okaza\u0142o  si\u0119, \u017ce nie by\u0142a to prawda. <\/span><br \/>\n<span style=\"font-size: 13px; font-family: Verdana; color: #000000; background-color: transparent; font-weight: normal; font-style: normal; font-variant: normal; text-decoration: none; vertical-align: baseline\">W  tydzie\u0144 po owym spotkaniu, do jednej z polonijnych gazet pewien pan z  organizacji spo\u0142ecznej, kt\u00f3ra nienawidzi cz\u0119\u015bci Rady Dyrektor\u00f3w i  obecnego Dyrektora Wykonawczego powk\u0142ada\u0142 ulotki, kt\u00f3re oble\u015bnym  wierszem wyra\u017ca\u0142y t\u0119 nienawi\u015b\u0107 i wr\u0119cz nawo\u0142ywa\u0142y do puczu.<\/span><br \/>\n<span style=\"font-size: 13px; font-family: Verdana; color: #000000; background-color: transparent; font-weight: normal; font-style: normal; font-variant: normal; text-decoration: none; vertical-align: baseline\">Nakry\u0142  go na tym jeden z cz\u0142onk\u00f3w Rady Dyrektor\u00f3w. Mia\u0142o to by\u0107 przedmiotem  debaty dyrektor\u00f3w, ale nie by\u0142o. \u00d3w pan napisa\u0142 bowiem list do pani  Przewodnicz\u0105cej, \u017ce on tego nie zrobi\u0142, a pani Przewodnicz\u0105ca uwierzy\u0142a  w\u0142a\u015bnie jemu, traktuj\u0105c relacj\u0119 dyrektora, jako k\u0142amstwo&#8230; Mo\u017cna i tak.  Oczywi\u015bcie ulotki nie by\u0142y podpisane, bo przecie\u017c tch\u00f3rze si\u0119 nie  podpisuj\u0105. Dziwnym zbiegiem okoliczno\u015bci zniewa\u017cono tylko cz\u0119\u015b\u0107  dyrektor\u00f3w&#8230;Druga jest bez zarzutu&#8230; Czy rzeczywi\u015bcie zniewa\u017cono? Ja  nie poczu\u0142em si\u0119 zniewa\u017cony, cho\u0107by dlatego, \u017ce zniewa\u017cy\u0107 mo\u017ce mnie  tylko kto\u015b, kto jest mi r\u00f3wny cz\u0142owiecze\u0144stwem. O poziomie  intelektualnym nie wspomn\u0119, ale on nie ma dla mnie specjalnego  znaczenia. Mo\u017cna by\u0107 dobrze wykszta\u0142con\u0105, prymitywn\u0105 \u015bwini\u0105, ale mo\u017cna  by\u0107 cudownym cz\u0142owiekiem po si\u00f3dmej klasie, albo szkole zawodowej. I  w\u0142a\u015bnie opini\u0105 takich ludzi bym si\u0119 przej\u0105\u0142, &#8211; tch\u00f3rzami natomiast w  \u017cadnym wypadku.<\/span><br \/>\n<span style=\"font-size: 13px; font-family: Verdana; color: #000000; background-color: transparent; font-weight: normal; font-style: normal; font-variant: normal; text-decoration: none; vertical-align: baseline\">Przykre,  smutne, ale zarazem pe\u0142ne jakiej\u015b dziwnej niekonsekwencji jest to, \u017ce  nie ufamy ludziom nowym, chc\u0105cym wprowadzi\u0107 \u015bwie\u017c\u0105 krew do jakiej\u015b  organizacji, partii, klubu, zwi\u0105zku, a idziemy \u015blepo za zasiedzia\u0142ymi na  swych sto\u0142kach, zamotanymi w uk\u0142adach \u00a0\u201cprzyw\u00f3dcami\u201d. <\/span><\/p>\n","protected":false},"excerpt":{"rendered":"<p>Zastrzegam z ca\u0142\u0105 stanowczo\u015bci\u0105, \u017ce wypowiadam si\u0119 wy\u0142\u0105cznie we w\u0142asnym imieniu, a nie w imieniu rady dyrektor\u00f3w. To s\u0105 moje i wy\u0142\u0105cznie moje spostrze\u017cenia po spotkaniu Cz\u0142onk\u00f3w PSFUK z przedstawicielami Rady Dyrektor\u00f3w i menad\u017cmentu, na czele z Dyrektorem Wykonawczym.<\/p>\n","protected":false},"author":2,"featured_media":0,"comment_status":"open","ping_status":"open","sticky":false,"template":"","format":"standard","meta":[],"categories":[3],"tags":[],"_links":{"self":[{"href":"https:\/\/sporek.com\/blog\/index.php?rest_route=\/wp\/v2\/posts\/310"}],"collection":[{"href":"https:\/\/sporek.com\/blog\/index.php?rest_route=\/wp\/v2\/posts"}],"about":[{"href":"https:\/\/sporek.com\/blog\/index.php?rest_route=\/wp\/v2\/types\/post"}],"author":[{"embeddable":true,"href":"https:\/\/sporek.com\/blog\/index.php?rest_route=\/wp\/v2\/users\/2"}],"replies":[{"embeddable":true,"href":"https:\/\/sporek.com\/blog\/index.php?rest_route=%2Fwp%2Fv2%2Fcomments&post=310"}],"version-history":[{"count":0,"href":"https:\/\/sporek.com\/blog\/index.php?rest_route=\/wp\/v2\/posts\/310\/revisions"}],"wp:attachment":[{"href":"https:\/\/sporek.com\/blog\/index.php?rest_route=%2Fwp%2Fv2%2Fmedia&parent=310"}],"wp:term":[{"taxonomy":"category","embeddable":true,"href":"https:\/\/sporek.com\/blog\/index.php?rest_route=%2Fwp%2Fv2%2Fcategories&post=310"},{"taxonomy":"post_tag","embeddable":true,"href":"https:\/\/sporek.com\/blog\/index.php?rest_route=%2Fwp%2Fv2%2Ftags&post=310"}],"curies":[{"name":"wp","href":"https:\/\/api.w.org\/{rel}","templated":true}]}}