{"id":311,"date":"2011-12-13T00:43:39","date_gmt":"2011-12-13T04:43:39","guid":{"rendered":"http:\/\/sporek.com\/blog\/?p=311"},"modified":"2011-12-19T23:13:47","modified_gmt":"2011-12-20T03:13:47","slug":"euro-obludnicy","status":"publish","type":"post","link":"https:\/\/sporek.com\/blog\/?p=311","title":{"rendered":"Euro-ob\u0142udnicy"},"content":{"rendered":"<p><span style=\"font-size: 15px; font-family: Arial; color: #000000; background-color: transparent; font-weight: normal; font-style: normal; font-variant: normal; text-decoration: none; vertical-align: baseline\" id=\"internal-source-marker_0.06789414328241894\"><\/span><span style=\"font-size: 13px; font-family: Verdana; color: #000000; background-color: transparent; font-weight: normal; font-style: normal; font-variant: normal; text-decoration: none; vertical-align: baseline\" id=\"internal-source-marker_0.24743936495723262\"><\/span><span style=\"font-size: 13px; font-family: Verdana; color: #000000; background-color: transparent; font-weight: normal; font-style: normal; font-variant: normal; text-decoration: none; vertical-align: baseline\">Tusk,  Lewandowski, Rostowski i Sikorski premiowali PO w kampanii wyborcej  obietnic\u0105 300 mld z\u0142otych z Unii Europejskiej. My\u015bl\u0119, \u017ce wszyscy  pami\u0119taj\u0105 ten spot. Zatem obiecywano Polsce ca 65 miliard\u00f3w euro, je\u015bli  tylko wygra Platforma, bo (w domy\u015ble) je\u015bli przegra, to Europa si\u0119  pogniewa i nie da z\u0142amanego eurocenta. <\/span><!--more--><span style=\"font-size: 13px; font-family: Verdana; color: #000000; background-color: transparent; font-weight: normal; font-style: normal; font-variant: normal; text-decoration: none; vertical-align: baseline\">To  dok\u0142adnie jedna czwarta tego, co teoretycznie Polska mia\u0142a dosta\u0107 po  wygranej PO. Licz\u0105c tylko okres, w kt\u00f3rym Polska jest w Unii  Europejskiej, czyli od 1 maja, 2004 to sztuczne zjednoczenie kraj\u00f3w o  r\u00f3\u017cnej kulturze, dorobku, cywilizacji, bogactwie itp. zbli\u017cy\u0142o si\u0119  niebezpiecznie do bankrupcyjnej przepa\u015bci. Siedem lat naszego  uczestnictwa w dyskusjach, procesach ustawowych, rozporz\u0105dzeniach,  zaleceniach, regulacjach itd. nie uchroni\u0142o Europy od b\u0142\u0119d\u00f3w,  pazerno\u015bci, g\u0142upoty, antydemokracji. Polska nawet nie zd\u0105\u017cy\u0142a wyda\u0107  wszystkich pieni\u0119dzy, jakie mog\u0142aby dosta\u0107 z Unii, a teraz ci sami  urz\u0119dnicy, ci sami premierzy chc\u0105 wszystkim wm\u00f3wi\u0107, \u017ce zaniedbania wielu  lat mog\u0105 zosta\u0107 naprawione, wyleczone w ci\u0105gu jednej nocy!!<\/span><br \/>\n<span style=\"font-size: 13px; font-family: Verdana; color: #000000; background-color: transparent; font-weight: normal; font-style: normal; font-variant: normal; text-decoration: none; vertical-align: baseline\">\u017beby  Polska mog\u0142a przekaza\u0107 15 miliard\u00f3w euro, minister Vincenty b\u0119dzie  musia\u0142 stworzy\u0107 wielce kreatywn\u0105 ksi\u0119gowo\u015b\u0107, bo dziecko z zer\u00f3wki wie,  \u017ce tych pieni\u0119dzy nie ma. Oczywi\u015bcie s\u0105 obywatele i mo\u017cna im wydrenowa\u0107  kieszenie, portfele i skarpety. Deficyt bud\u017cetowy jest tak du\u017cy, \u017ce  firmy ratingowe obni\u017cy\u0142y wiarygodno\u015b\u0107 Polski. Ale jak to si\u0119 ma do  uczciwo\u015bci? Jak to si\u0119 ma do dbania o interes Narodu, wyborc\u00f3w, kt\u00f3rym  si\u0119 obiecywa\u0142o?<\/span><br \/>\n<span style=\"font-size: 13px; font-family: Verdana; color: #000000; background-color: transparent; font-weight: normal; font-style: normal; font-variant: normal; text-decoration: none; vertical-align: baseline\">Dla  mnie przyk\u0142adem dobrego premiera jest David Cameron, bo bez wzgl\u0119du na  kpiny \u201cEuropejczyk\u00f3w\u201d w osobach Tuska, Sikorskiego, Buzka, czy  Rostowskiego, nie wspominaj\u0105c o Sarkozym, czy Merkel, on postawi\u0142 weto w  obronie interes\u00f3w swojego kraju. New York Times pisze dzi\u015b, \u017ce Anglicy  dali rz\u0105dowi w sonada\u017cu 57% poparcia. Czyli prawie 20% wi\u0119cej, ni\u017c PO  otrzyma\u0142o w w ostatnich wyborach. I \u017caden Anglik nie nzaywa\u0142 Camerona  dupkiem, idot\u0105, bezm\u00f3zgowcem, jak to robili Polacy w stosunku do \u015bp.  Prezydenta L.Kaczy\u0144skiego, gdy wstrzymywa\u0142 podpisanie traktatu  lizbo\u0144skiego. Czy kogo\u015b to zastanawia? Czy te\u017c jest to tylko kolejny  pow\u00f3d, aby m\u00f3wi\u0107, \u017ce Angllicy be, a my, Polacy cacy? A co otrzyma Polska  w zamian? Ot\u00f3\u017c razem z pi\u0119cioma innymi krajami spoza strefy euro Polska  otrzyma prawo siedzenia, patrzenia i s\u0142uchania, jak tymi kwotami  rozporz\u0105da\u0107 b\u0119dzie 17 kraj\u00f3w strefy euro. I dzioby na k\u0142odk\u0119; dali\u015bcie,  ale nie macie prawa g\u0142osu. Jasne? Za te kwoty (w przypadku Polski 15 mld  euro) mo\u017cecie sobie popatrze\u0107, pos\u0142ucha\u0107 i niech to b\u0119dzie waszym  wyr\u00f3\u017cnieniem. Jasne? Opr\u00f3cz tego wasze firmy pozbawione b\u0119d\u0105  konkurencyjno\u015bci, w przeciwie\u0144stwie do z Francji i Niemiec. Tego w\u0142a\u015bnie  chcia\u0142a Merkel i Sarkozy. I to dostali.<\/span><br \/>\n<span style=\"font-size: 13px; font-family: Verdana; color: #000000; background-color: transparent; font-weight: normal; font-style: normal; font-variant: normal; text-decoration: none; vertical-align: baseline\">Takiego  zamachu na suwerenno\u015b\u0107 naszej Ojczyzny nie dokonali \u017cadni zdrajcy w  ca\u0142ej historii Polski. Tusk zlekcewa\u017cy\u0142 polski parlament i senat.  Zlekcewa\u017cy\u0142 obywateli. Je\u015bli kto\u015b wierzy w codowne efekty nocnej narady w  Brukselii, to si\u0119 grubo myli. Tak samo, jak pomylili si\u0119 W\u0142osi s\u0105dz\u0105c,  \u017ce Mario Monti wyci\u0105gnie ich z kryzysu. Monti kt\u00f3ry by\u0142 jednym z  \u201cin\u017cynier\u00f3w\u201d europejskiego kryzysu&#8230; trzeba mie\u0107 naiwno\u015b\u0107 ma\u0142ego  dziecka. Tak\u0105 naiwno\u015b\u0107 ma, niestety spo\u0142ecze\u0144stwo polskie, kt\u00f3re teraz  zostanie brutalnie okradzione. Okradzione przez k\u0142ami\u0105cego premiera.  k\u0142ami\u0105cego ministra finans\u00f3w, oddaj\u0105cego Polsk\u0119 przysz\u0142ej federacji,  ministra Sikorskiego. Wielka tr\u00f3jca o s\u0142u\u017calczych umys\u0142ach, wielko\u015bci  przepi\u00f3rczego jajka. To nie Polska zap\u0142aci, to zap\u0142ac\u0105 Polacy. Win\u0119 za  to ponosi r\u00f3wnie\u017c te ponad 50% obywateli, kt\u00f3rzy nie poszli do wybor\u00f3w i  38% tych, kt\u00f3rzy g\u0142osowali na PO. Polsk\u0105 rz\u0105dzi partia hazardzist\u00f3w,  oszust\u00f3w i skorumpowanych z\u0142odziei wesp\u00f3\u0142 z parti\u0105, kt\u00f3ra stan\u0119\u0142a na  granicy progu wyborczego. Ot, taki paradoks dobrodziejstwa, jakim by\u0142o  odzyskanie niepodleg\u0142o\u015bci, wolno\u015bci i suwerenno\u015bci. My musimy by\u0107 pod  kim\u015b, kto nas poklepie po plecach, powie ciep\u0142e s\u0142\u00f3wko, pochwali, bo  w\u0142azimy mu w d&#8230; bez wazeliny. Pod kim\u015b obcym, bo tylko obcy s\u0105  m\u0105drzejsi.<\/span><br \/>\n<span style=\"font-size: 13px; font-family: Verdana; color: #000000; background-color: transparent; font-weight: normal; font-style: normal; font-variant: normal; text-decoration: none; vertical-align: baseline\">\u201cPolska, to nienormalno\u015b\u0107 &#8211; <\/span><span style=\"font-size: 13px; font-family: Verdana; color: #000000; background-color: transparent; font-weight: normal; font-style: italic; font-variant: normal; text-decoration: none; vertical-align: baseline\">Donek Tusk. <\/span><span style=\"font-size: 13px; font-family: Verdana; color: #000000; background-color: transparent; font-weight: normal; font-style: normal; font-variant: normal; text-decoration: none; vertical-align: baseline\">\u00a0<\/span><br \/>\n<span style=\"font-size: 13px; font-family: Verdana; color: #000000; background-color: transparent; font-weight: normal; font-style: normal; font-variant: normal; text-decoration: none; vertical-align: baseline\">\u201cPolska, to dziki kraj\u201d &#8211; <\/span><span style=\"font-size: 13px; font-family: Verdana; color: #000000; background-color: transparent; font-weight: normal; font-style: italic; font-variant: normal; text-decoration: none; vertical-align: baseline\">Zdzicho Drzewiecki.<\/span><br \/>\n<span style=\"font-size: 13px; font-family: Verdana; color: #000000; background-color: transparent; font-weight: normal; font-style: normal; font-variant: normal; text-decoration: none; vertical-align: baseline\">Ale  oni maj\u0105 si\u0119 dobrze. I b\u0119d\u0105 si\u0119 mie\u0107 dobrze do ko\u0144ca swoich dni, bo  Polacy nie maj\u0105 ochoty, ani zwyczaju rozlicza\u0107 swoich kat\u00f3w. Czy na  pewno? G\u0142odny Polak, to bardzo niebezpieczny facet.<\/span><span style=\"font-size: 15px; font-family: Arial; color: #000000; background-color: transparent; font-weight: normal; font-style: normal; font-variant: normal; text-decoration: none; vertical-align: baseline\"><\/span><\/p>\n","protected":false},"excerpt":{"rendered":"<p>Tusk, Lewandowski, Rostowski i Sikorski premiowali PO w kampanii wyborcej obietnic\u0105 300 mld z\u0142otych z Unii Europejskiej. My\u015bl\u0119, \u017ce wszyscy pami\u0119taj\u0105 ten spot. Zatem obiecywano Polsce ca 65 miliard\u00f3w euro, je\u015bli tylko wygra Platforma, bo (w domy\u015ble) je\u015bli przegra, to Europa si\u0119 pogniewa i nie da z\u0142amanego eurocenta.<\/p>\n","protected":false},"author":2,"featured_media":0,"comment_status":"open","ping_status":"open","sticky":false,"template":"","format":"standard","meta":[],"categories":[4],"tags":[],"_links":{"self":[{"href":"https:\/\/sporek.com\/blog\/index.php?rest_route=\/wp\/v2\/posts\/311"}],"collection":[{"href":"https:\/\/sporek.com\/blog\/index.php?rest_route=\/wp\/v2\/posts"}],"about":[{"href":"https:\/\/sporek.com\/blog\/index.php?rest_route=\/wp\/v2\/types\/post"}],"author":[{"embeddable":true,"href":"https:\/\/sporek.com\/blog\/index.php?rest_route=\/wp\/v2\/users\/2"}],"replies":[{"embeddable":true,"href":"https:\/\/sporek.com\/blog\/index.php?rest_route=%2Fwp%2Fv2%2Fcomments&post=311"}],"version-history":[{"count":0,"href":"https:\/\/sporek.com\/blog\/index.php?rest_route=\/wp\/v2\/posts\/311\/revisions"}],"wp:attachment":[{"href":"https:\/\/sporek.com\/blog\/index.php?rest_route=%2Fwp%2Fv2%2Fmedia&parent=311"}],"wp:term":[{"taxonomy":"category","embeddable":true,"href":"https:\/\/sporek.com\/blog\/index.php?rest_route=%2Fwp%2Fv2%2Fcategories&post=311"},{"taxonomy":"post_tag","embeddable":true,"href":"https:\/\/sporek.com\/blog\/index.php?rest_route=%2Fwp%2Fv2%2Ftags&post=311"}],"curies":[{"name":"wp","href":"https:\/\/api.w.org\/{rel}","templated":true}]}}