{"id":315,"date":"2012-01-06T17:02:07","date_gmt":"2012-01-06T21:02:07","guid":{"rendered":"http:\/\/sporek.com\/blog\/?p=315"},"modified":"2012-01-06T17:13:06","modified_gmt":"2012-01-06T21:13:06","slug":"odczep-sie-unio","status":"publish","type":"post","link":"https:\/\/sporek.com\/blog\/?p=315","title":{"rendered":"Odczep si\u0119 Unio&#8230;"},"content":{"rendered":"<p>Odczep si\u0119 Unio&#8230;<br \/>\nEuropejska Unio. Pewien, aktywnie czytaj\u0105cy wszystko, co si\u0119 da znajomy, wys\u0142a\u0142 mi link do znakomitego wywiadu profesora Godfrey\u2019a Bloom\u2019a, europos\u0142a,w programie \u201cTalks Money, Business &amp; Europe\u201d. Wywiad prowadzi\u0142a Jan Boanas. Dzi\u0119kuje Panie Andrzeju. Oto zapis wywiadu:<br \/>\n&#8222;Nazywam si\u0119 Godfrey Bloom, jestem pos\u0142em PE, reprezentuj\u0119 Yorkshire i P\u00f3lnocne Lincolnshire, z ramienia Partii Niezale\u017cnej Zjednoczonego Kr\u00f3lestwa (United Kingdom Independence Party) i zasiadam w dw\u00f3ch komisjach; jedna, to Komisja Gospodarcza i Monetarna, wi\u0119c jestem na czele tego euro-nonsensu, jaki obecnie mamy; i zasiadam te\u017c w Komisji Ochrony \u015arodowiska. <!--more-->Na pierwszym planie jest teraz euro i \u015bmier\u0107 euro. W latach 90 wyk\u0142ada\u0142em go\u015bcinnie na Uniwersytecie Cambridge, jeszcze zanim wszed\u0142em do polityki, jestem zawodowym ekonomist\u0105 finansowym i t\u0142umaczy\u0142em studentom i wyk\u0142adowcom, dlaczego euro nie mog\u0142o w og\u00f3le dzia\u0142a\u0107 d\u0142u\u017cej, ni\u017c ok. 10 lat, bo by\u0142o z gruntu wadliwe od samego pocz\u0105tku. Pomys\u0142, \u017ce mo\u017cna mie\u0107 te same stopy procentowe i walut\u0119 w gospodarkach tak r\u00f3\u017cnych, jak Portugalia, Grecja, Hiszpania i Niemcy by\u0142 zawsze nie do utrzymania. Oczywi\u015bcie to, co si\u0119 sta\u0142o &#8211; to wymaga czasu, makroekonomia nie posuwa si\u0119 w nanosekundzie, to wymaga czasu, a mieli\u015bmy 10 lat &#8211; i oczywi\u015bcie sz\u0142o to \u017cle przez 10 lat, po trochu, ale nikt nie chcia\u0142 o tym m\u00f3wi\u0107. A teraz to si\u0119 na nas m\u015bci, obawiam si\u0119, a sytuacja jest niezmiernie powa\u017cna. Nie wzi\u0119li\u015bmy, tak po prostu miliarda funt\u00f3w d\u0142ugu, to zaj\u0119\u0142o wiele lat i nikt tego nie odnotowa\u0142. Teraz ro\u015bnie to do 100 miliard\u00f3w (b\u0142\u0105d w t\u0142umaczeniu oryginalnym, gdzie podano sto tysi\u0119cy) wi\u0119cej rocznie w 2105, a nadal nikt o tym nie m\u00f3wi. Pa\u0144stwo faktycznie bankrutuje i nadal o tym nie m\u00f3wimy.<br \/>\n<strong>J. B<\/strong>: Ludzie obecnie czuj\u0105 si\u0119 ca\u0142kiem bezradni i odci\u0119ci. Czy uwa\u017ca pan, \u017ce rz\u0105d robi wystarczaj\u0105co du\u017co, by pom\u00f3c ma\u0142ym i \u015brednim firmom, czy ludzie musz\u0105 dzia\u0142a\u0107 sami?<br \/>\n<strong>G. B<\/strong>: Rozumiem, \u017ce nie macie zbyt wiele czasu, ale nie znaczy to, \u017ce nie mo\u017cecie napisa\u0107 do swojego pos\u0142a i do pos\u0142a PE m\u00f3wi\u0105c, \u017ce jeste\u015bcie g\u0142\u0119boko niezadowoleni ze sposobu, w jaki ma\u0142e firmy, czy \u015bredniej wielko\u015bci firmy s\u0105 traktowane. Wielu ludzi -gdy np. udzielam wywiad\u00f3w &#8211; pyta mnie: czego, pa\u0144skim zdaniem, ma\u0142e firmy chc\u0105 od rz\u0105du; co rz\u0105d mo\u017ce zrobi\u0107 dla ma\u0142ych firm? A odpowied\u017a jest bardzo prosta, &#8211; do rz\u0105du: Odczepcie si\u0119 od ludzi. Nikt, niczego nie chce. \u017baden z waszych cz\u0142onk\u00f3w nie chce niczego od rz\u0105du, poza tym, \u017ceby poszed\u0142 precz. Niech rz\u0105d idzie precz! Niech cz\u0142owieczek z Rady idzie precz! Niech facet od VAT idzie precz! Niech facet od higieny i bezpiecze\u0144stwa pracy idzie precz!<br \/>\n<strong>J. B<\/strong>: Co s\u0105dzi pan o wycofaniu si\u0119 Davida Camerona z um\u00f3w dotycz\u0105cych euro?<br \/>\n<strong>G. B<\/strong>: Ca\u0142a ta inscenizacja ze stawaniem w obronie City of London, kt\u00f3ra mia\u0142a miejsce w ostatnich dw\u00f3ch tygodniach, to w wi\u0119kszo\u015bci polityczne pozerstwo. Regulacj\u0119 City of London uchwalono we wrze\u015bniu, 2010 roku. G\u0142osowa\u0142y za tym, z wyj\u0105tkiem Partii Niezale\u017cnej, wszystkie g\u0142\u00f3wne partie: Partia Pracy, Liberalno-Demokratyczna Partia Konserwatywna. Wszystkie one g\u0142osowa\u0142y za transferem (do Brukselii), wi\u0119c regulacja City of London przesz\u0142a 14-15 miesi\u0119cy temu. Wi\u0119c on niczego nie uratowa\u0142, nic si\u0119 nie zmieni, nic si\u0119 nie mo\u017ce zmieni\u0107, City jest regulowane przez Bruksel\u0119 i jest tak ju\u017c od 14 miesi\u0119cy. Wi\u0119c ca\u0142y ten zgie\u0142k i harmider jest naprawd\u0119 &#8211; jak wi\u0119kszo\u015b\u0107 rzeczy w dzisiejszej polityce &#8211; ca\u0142kowicie i kompletnie fikcyjny. Ale nie jest to w brytyjskim interesie, nie mamy nawet teraz miejsca w \u015awiatowej Organizacji Handlu.<br \/>\n<strong>J. B<\/strong>: Wi\u0119c, gdyby m\u00f3g\u0142 pan co\u015b zmieni\u0107, to co by pan zrobi\u0142?<br \/>\n<strong>G. B<\/strong>: Wyszed\u0142bym z ca\u0142ej tej Unii Europejskiej i wynegocjowa\u0142 ten sam rodzaj uk\u0142adu, jaki maj\u0105 Szwedzi, Norwegowie, Turcy i inne kraje, m\u00f3wi\u0105c: chcemy by\u0107 przyjaci\u00f3\u0142mi, chcemy handlowa\u0107, ale nie chcemy wszystkich waszych zasad i przepis\u00f3w i z pewno\u015bci\u0105 nie mo\u017cemy sobie pozwoli\u0107, by wysy\u0142a\u0107 50 milion\u00f3w funt\u00f3w dziennie &#8211; DZIENNIE &#8211; do Unii Europejskiej, gdy nie wiemy nawet, gdzie to idzie. Nie rozliczyli swoich rachunk\u00f3w przez ostatnie 16 lat.<br \/>\nGdyby kt\u00f3ry\u015b z waszych cz\u0142onk\u00f3w to zrobi\u0142, to ogl\u0105da\u0142by ten wywiad w wi\u0119zieniu.&#8221;<br \/>\n***<br \/>\nW przeciwie\u0144stwie do naszych polityk\u00f3w, kt\u00f3rym w PE jest bardzo wygodnie i czerpi\u0105 pe\u0142nymi gar\u015bciami mami\u0105c spo\u0142ecze\u0144stwo, \u017ce Europa, to najlepsze rozwi\u0105zanie dla wszystkich, Godfrey Bloom nie boi si\u0119 ryzykowa\u0107 swojego stanowiska, apana\u017cy i benefit\u00f3w i sypie prawd\u0105, jak piaskiem po oczach. Europa zniszczy\u0142a polskie rolnictwo, niszczy walut\u0119 kraj\u00f3w, a nasi m\u00f3wi\u0105, \u017ce to najlepsze, co si\u0119 mog\u0142o Polsce przytrafi\u0107: by\u0107 w \u201cEuropie\u201d. A przedtem byli\u015bmy gdzie, &#8211; na Biegunie P\u00f3lnocnym?<br \/>\nMo\u017cna to obejrze\u0107 i pos\u0142ucha\u0107 na poni\u017cszym linku: <a href=\"http:\/\/www.youtube.com\/watch?v=3HptyKv2SU8&amp;feature=watch_response_rev\" target=\"_blank\"> YouTube Video<\/a><\/p>\n","protected":false},"excerpt":{"rendered":"<p>Odczep si\u0119 Unio&#8230; Europejska Unio. Pewien, aktywnie czytaj\u0105cy wszystko, co si\u0119 da znajomy, wys\u0142a\u0142 mi link do znakomitego wywiadu profesora Godfrey\u2019a Bloom\u2019a, europos\u0142a,w programie \u201cTalks Money, Business &amp; Europe\u201d. Wywiad prowadzi\u0142a Jan Boanas. Dzi\u0119kuje Panie Andrzeju. Oto zapis wywiadu: &#8222;Nazywam si\u0119 Godfrey Bloom, jestem pos\u0142em PE, reprezentuj\u0119 Yorkshire i P\u00f3lnocne Lincolnshire, z ramienia Partii Niezale\u017cnej [&hellip;]<\/p>\n","protected":false},"author":2,"featured_media":0,"comment_status":"open","ping_status":"open","sticky":false,"template":"","format":"standard","meta":[],"categories":[1,3],"tags":[],"_links":{"self":[{"href":"https:\/\/sporek.com\/blog\/index.php?rest_route=\/wp\/v2\/posts\/315"}],"collection":[{"href":"https:\/\/sporek.com\/blog\/index.php?rest_route=\/wp\/v2\/posts"}],"about":[{"href":"https:\/\/sporek.com\/blog\/index.php?rest_route=\/wp\/v2\/types\/post"}],"author":[{"embeddable":true,"href":"https:\/\/sporek.com\/blog\/index.php?rest_route=\/wp\/v2\/users\/2"}],"replies":[{"embeddable":true,"href":"https:\/\/sporek.com\/blog\/index.php?rest_route=%2Fwp%2Fv2%2Fcomments&post=315"}],"version-history":[{"count":0,"href":"https:\/\/sporek.com\/blog\/index.php?rest_route=\/wp\/v2\/posts\/315\/revisions"}],"wp:attachment":[{"href":"https:\/\/sporek.com\/blog\/index.php?rest_route=%2Fwp%2Fv2%2Fmedia&parent=315"}],"wp:term":[{"taxonomy":"category","embeddable":true,"href":"https:\/\/sporek.com\/blog\/index.php?rest_route=%2Fwp%2Fv2%2Fcategories&post=315"},{"taxonomy":"post_tag","embeddable":true,"href":"https:\/\/sporek.com\/blog\/index.php?rest_route=%2Fwp%2Fv2%2Ftags&post=315"}],"curies":[{"name":"wp","href":"https:\/\/api.w.org\/{rel}","templated":true}]}}