{"id":317,"date":"2012-01-30T03:54:51","date_gmt":"2012-01-30T07:54:51","guid":{"rendered":"http:\/\/sporek.com\/blog\/?p=317"},"modified":"2012-01-30T09:32:22","modified_gmt":"2012-01-30T13:32:22","slug":"wybitny-dzialacz","status":"publish","type":"post","link":"https:\/\/sporek.com\/blog\/?p=317","title":{"rendered":"Wybitny dzia\u0142acz"},"content":{"rendered":"<p><span style=\"font-size: 15px; font-family: Arial; color: #000000; background-color: transparent; font-weight: normal; font-style: normal; font-variant: normal; text-decoration: none; vertical-align: baseline\" id=\"internal-source-marker_0.1634632170994762\"><\/span><span style=\"font-size: 13px; font-family: Verdana; color: #000000; background-color: transparent; font-weight: normal; font-style: normal; font-variant: normal; text-decoration: none; vertical-align: baseline\" id=\"internal-source-marker_0.9892129233535957\"><\/span><span style=\"font-size: 13px; font-family: Verdana; color: #000000; background-color: transparent; font-weight: normal; font-style: normal; font-variant: normal; text-decoration: none; vertical-align: baseline\">Przyznam  si\u0119, \u017ce w ostatnich dniach polonijne wydarzenia to mnie bulwersowa\u0142y,  to \u015bmieszy\u0142y, to zn\u00f3w wkurza\u0142y do \u017cywego. Nie odkryj\u0119 Ameryki, je\u015bli  powiem, \u017ce nie potrafimy z sob\u0105 rozmawia\u0107. Prawda to tak samo stara, jak  emigracja do Ameryki. Sienkiewicz w \u201cListach z Ameryki\u201d pisa\u0142 o  marnotrawieniu polonijnego maj\u0105tku, k\u0142\u00f3tniach wewn\u0105trz organizacji,  g\u0142upich i nieodpowiedzialnych decyzjach itp. To by\u0142o wi\u0119cej, ni\u017c sto lat  temu. <\/span><!--more--><span style=\"font-size: 13px; font-family: Verdana; color: #000000; background-color: transparent; font-weight: normal; font-style: normal; font-variant: normal; text-decoration: none; vertical-align: baseline\">Problem w tym, \u017ce nic si\u0119 nie zmieni\u0142o. No, mo\u017ce pozaj jednym; &#8211;  Polonia ma wyj\u0105tkowo zdolnych,. m\u0105drych i zaradnych ludzi, kt\u00f3rzy swoj\u0105  systematyczn\u0105 i ci\u0119\u017ck\u0105 prac\u0105 ustawili nasz\u0105 nacj\u0119 w tym kraju w czo\u0142\u00f3wce  zamo\u017cno\u015bci. I na szcz\u0119\u015bcie tych ludzi jest zdecydowana wi\u0119kszo\u015b\u0107. Ale  s\u0105 \u201cdy\u017curni\u201d. Zwykle mianuj\u0105 si\u0119 przyw\u00f3dcami. Lokalna prasa wpada w  eufori\u0119 i co rusz jakiego\u015b nieudacznika obwo\u0142uje \u201cwybitnym przyw\u00f3dc\u0105\u201d, a  co niekt\u00f3re organizacje nawet \u201cwybitnie zasuszonym\u201d, przepraszam,  \u201czas\u0142u\u017conym dzia\u0142aczem\u201d. I obklejaj\u0105 wybitnego dzia\u0142acza plakietkami,  dyplomami i innymi honorami, nie sprawdzaj\u0105c nawet, czy przypadkiem  jedyn\u0105, ale za to \u201cwybitn\u0105\u201d zas\u0142ug\u0105 dzia\u0142acza nie jest to, \u017ce pozywa on  do s\u0105du coraz to inne organizacje, albo autentycznych dzia\u0142aczy. To  \u015bmieszy, ale i bulwersuje. Szacowne organizacje na w\u0142asn\u0105 pro\u015bb\u0119  dewaluuj\u0105 swoje imi\u0119, warto\u015b\u0107 wyr\u00f3\u017cnie\u0144, jakie przyznaj\u0105 i tym samym  trac\u0105 autorytet.<\/span><br \/>\n<span style=\"font-size: 13px; font-family: Verdana; color: #000000; background-color: transparent; font-weight: normal; font-style: normal; font-variant: normal; text-decoration: none; vertical-align: baseline\">Zdarzy\u0142  nam si\u0119 tu \u201cprzyw\u00f3dca\u201d, po jakiej\u015b tam salwatoria\u0144skiej szk\u00f3\u0142ce, kt\u00f3ry  zamiast habitu mundur milicjanta peerelowskiego przywdzia\u0142, potem kursa  pedagogiczne zrobi\u0142, \u201clos -jak sam m\u00f3wi -rzuci\u0142 go do Ameryki\u201d i tu  zacz\u0105\u0142 walczy\u0107 ze wszystkim, co polonijne, ale za to w imi\u0119 og\u00f3lnego  dobra. Nie darowa\u0142 te\u017c i najwi\u0119kszej finansowej organizacji polonijnej,  pozywaj\u0105c j\u0105 do s\u0105du. W ostatni pi\u0105tek odby\u0142o si\u0119 spotkanie cz\u0142onk\u00f3w z  zarz\u0105dem i menad\u017cmentem. K\u0142\u00f3tni, co nie miara, krzyku przez trzy  godziny, a w tym zaledwie trzy, mo\u017ce cztery konstruktywne g\u0142osy.  Najbardziej rozbawi\u0142 mnie \u00f3w \u201cwybitnie dla Polonii zas\u0142u\u017cony\u201d, kt\u00f3ry  zapytany o sum\u0119, jak\u0105 winien jest polonijnemu bankowi wyszed\u0142 na \u015brodek i  p\u0142acz\u0105cym g\u0142osem oznajmi\u0142, \u017ce \u201cmusia\u0142\u201d wzi\u0105\u0107 po\u017cyczk\u0119 na pokrycie  koszt\u00f3w s\u0105dowych, bo akurat pozwa\u0142 \u00a0do s\u0105du wysoko funkcyjnego  dzia\u0142acza, ale akurat z tego w\u0142a\u015bnie banku. Po czym przesta\u0142 sp\u0142aca\u0107 i  tak od kilku lat ju\u017c pozostaje, a procenty rosn\u0105. Na co wi\u0119c liczy\u0142  \u201cwybitny zas\u0142u\u017cony\u201d? Na zmian\u0119 w zarz\u0105dzie, na jakich\u015b swoich ludzi, &#8211;  sprzymierze\u0144c\u00f3w, sympatyk\u00f3w, poplecznik\u00f3w? \u00a0A pluje \u00f3w go\u015b\u0107 na Poloni\u0119  ile wlezie, rozdaj\u0105c swoj\u0105 radosn\u0105 tw\u00f3rczo\u015b\u0107 w agencjach, sklepach,  nawet w ameryka\u0144skich bankach. W trzeci\u0105 sobot\u0119 stycznia dw\u00f3ch znajomych  menad\u017cer\u00f3w w\u0142a\u015bnie z ameryka\u0144skich bank\u00f3w zadzwoni\u0142o do mnie z  pytaniem: <\/span><span style=\"font-size: 13px; font-family: Verdana; color: #000000; background-color: transparent; font-weight: normal; font-style: italic; font-variant: normal; text-decoration: none; vertical-align: baseline\">\u201cjak wy chcecie mie\u0107 coraz wi\u0119cej klient\u00f3w, skoro Polacy obsmarowuj\u0105 wasz\u0105 uni\u0119 i rzucaj\u0105 te ulotki w naszych oddzia\u0142ach?\u201d<\/span><br \/>\n<span style=\"font-size: 13px; font-family: Verdana; color: #000000; background-color: transparent; font-weight: normal; font-style: normal; font-variant: normal; text-decoration: none; vertical-align: baseline\">Ma\u0142o  mnie szlag nie trafi\u0142. Pojecha\u0142em do City Bank. Ulotki rzucone na  szeroki parapet okna, &#8211; mo\u017cna czyta\u0107 z ulicy. Oczywi\u015bcie bzdury do entej  pot\u0119gi. Dzia\u0142acz ma poj\u0119cie o bankowo\u015bci dok\u0142adnie takie samo, jak o  pilotowaniu odrzutowc\u00f3w.<\/span><br \/>\n<span style=\"font-size: 13px; font-family: Verdana; color: #000000; background-color: transparent; font-weight: normal; font-style: normal; font-variant: normal; text-decoration: none; vertical-align: baseline\">Dwa  dni p\u00f3\u017aniej, poniedzia\u0142kowa prasa, &#8211; na szcz\u0119\u015bcie jeden dziennik &#8211;  informuje, \u017ce dzia\u0142acz zosta\u0142 uhonorowany plakietk\u0105, za \u201cwybitne zas\u0142ugi  dla Polonii\u201d.<\/span><br \/>\n<span style=\"font-size: 13px; font-family: Verdana; color: #000000; background-color: transparent; font-weight: normal; font-style: normal; font-variant: normal; text-decoration: none; vertical-align: baseline\">Imponuje  mi rozmach, w jakim rozwija si\u0119 kariera tego dzia\u0142acza: jaka\u015b zakonna  szko\u0142a, etat w peerelolwskich s\u0142u\u017cbach, \u00a0w niebieskim mundurze,  powo\u0142anie jakiego\u015b komitetu spo\u0142ecznego, do zwalczania dyrektora  polonijnego banku, w\u0142\u00f3czenie \u00a0rodak\u00f3w i polonijnych organizacji po  s\u0105dach, plakietka Kongresu Polonii Ameryka\u0144skiej, a niedawno widzia\u0142em  zdj\u0119cie \u201cwybitnego\u201d w &#8230;mundurze kapitana marynarki wojennej. No co\u015b  niesamowitego. Oczekuj\u0119 zdj\u0119cia w mundurze pilota, a mo\u017ce i w skafandrze  kosmonauty, bo dzia\u0142acz wybitny jest i basta. Samozwa\u0144czo, z  kilkunastoma cz\u0142onkami swojego komitetu spo\u0142ecznego oznajmi\u0142, \u017ce b\u0119dzie  wyst\u0119powa\u0142 w imieniu siedemdziesi\u0119ciu pi\u0119ciu tysi\u0119cy ludzi. Z tych  siedemdziesi\u0119ciu pi\u0119ciu tysi\u0119cy siedemdziesi\u0105t cztery tysi\u0105ce  dziewi\u0119\u0107set dziewi\u0119\u0107dziesi\u0105t nie s\u0142ysza\u0142o o nim w og\u00f3le, ani jeden z  nich nie g\u0142osowa\u0142 na niego w \u017cadnym, oficjalnym g\u0142osowaniu. Ale  \u201ckapitan\u201d &#8211; wilk morski ostro wzi\u0105\u0142 si\u0119 do roboty i pozwa\u0142 bank do s\u0105du,  cho\u0107 d\u0142ugi w tym\u017cesz banku ma do dzi\u015b. I co b\u0119dzie, kapitanie, jak pan  przegra spraw\u0119? Bo wszystko na to wskazuje. To ju\u017c apelacja, a od  apelacji nie ma ju\u017c nast\u0119pnej apelacji. D\u0142ug zostanie, procenty b\u0119d\u0105 si\u0119  mie\u0107 coraz lepiej, a mo\u017ce si\u0119 jeszcze i tak zdarzy\u0107, \u017ce Temida ka\u017ce  zap\u0142aci\u0107 swoje koszta. Ups. <\/span><br \/>\n<span style=\"font-size: 13px; font-family: Verdana; color: #000000; background-color: transparent; font-weight: normal; font-style: normal; font-variant: normal; text-decoration: none; vertical-align: baseline\">A  mo\u017ce tak po\u017cyczk\u0119 po znajomo\u015bci z jakim\u015b przewodnicz\u0105cym? Albo  przewodnicz\u0105c\u0105? A mo\u017ce tak umorzenie tej starej po\u017cyczki, te\u017c z pomoc\u0105  jakiego dobrego wujka, albo cioci? A to si\u0119 porobi\u0142o.<\/span><br \/>\n<span style=\"font-size: 13px; font-family: Verdana; color: #000000; background-color: transparent; font-weight: normal; font-style: normal; font-variant: normal; text-decoration: none; vertical-align: baseline\">Jedn\u0105  cech\u0119 wsp\u00f3ln\u0105 maj\u0105 cz\u0142onkowie i szef owego spo\u0142eczno\u015bciowego komitetu  do zwalczania dyrektora polonijnego banku: nienawidz\u0105 wszystkich tych  dzia\u0142aczy, kt\u00f3rzy maj\u0105 jakie\u015b konkretne osi\u0105gni\u0119cia.<\/span><br \/>\n<span style=\"font-size: 13px; font-family: Verdana; color: #000000; background-color: transparent; font-weight: normal; font-style: normal; font-variant: normal; text-decoration: none; vertical-align: baseline\">Wszystkich  widuj\u0119 w ko\u015bciele i nawet komuni\u0119 \u015bwi\u0119t\u0105 przyjmuj\u0105, a potem p\u0119dz\u0105 w  miasto, \u017ceby rozda\u0107, jak najwi\u0119cej szpetnych ulotek na rodak\u00f3w.<\/span><br \/>\n<span style=\"font-size: 13px; font-family: Verdana; color: #000000; background-color: transparent; font-weight: bold; font-style: italic; font-variant: normal; text-decoration: none; vertical-align: baseline\">\u201cNajgorsz\u0105 cech\u0105 Polak\u00f3w jest bezinteresowna zawi\u015b\u0107\u201d &#8211; <\/span><span style=\"font-size: 13px; font-family: Verdana; color: #000000; background-color: transparent; font-weight: normal; font-style: italic; font-variant: normal; text-decoration: none; vertical-align: baseline\">Melchior Wa\u0144kowicz<\/span><br \/>\n<span style=\"font-size: 13px; font-family: Verdana; color: #000000; background-color: transparent; font-weight: bold; font-style: italic; font-variant: normal; text-decoration: none; vertical-align: baseline\">nic nie zyskam, ale do\u0142o\u017c\u0119 bli\u017aniemu. \u00a0&#8211; <\/span><span style=\"font-size: 15px; font-family: Arial; color: #000000; background-color: transparent; font-weight: bold; font-style: italic; font-variant: normal; text-decoration: none; vertical-align: baseline\"><\/span><span style=\"font-size: 15px; font-family: Arial; color: #000000; background-color: transparent; font-weight: normal; font-style: italic; font-variant: normal; text-decoration: none; vertical-align: baseline\"><\/span><\/p>\n","protected":false},"excerpt":{"rendered":"<p>Przyznam si\u0119, \u017ce w ostatnich dniach polonijne wydarzenia to mnie bulwersowa\u0142y, to \u015bmieszy\u0142y, to zn\u00f3w wkurza\u0142y do \u017cywego. Nie odkryj\u0119 Ameryki, je\u015bli powiem, \u017ce nie potrafimy z sob\u0105 rozmawia\u0107. Prawda to tak samo stara, jak emigracja do Ameryki. Sienkiewicz w \u201cListach z Ameryki\u201d pisa\u0142 o marnotrawieniu polonijnego maj\u0105tku, k\u0142\u00f3tniach wewn\u0105trz organizacji, g\u0142upich i nieodpowiedzialnych decyzjach [&hellip;]<\/p>\n","protected":false},"author":2,"featured_media":0,"comment_status":"open","ping_status":"open","sticky":false,"template":"","format":"standard","meta":[],"categories":[3],"tags":[],"_links":{"self":[{"href":"https:\/\/sporek.com\/blog\/index.php?rest_route=\/wp\/v2\/posts\/317"}],"collection":[{"href":"https:\/\/sporek.com\/blog\/index.php?rest_route=\/wp\/v2\/posts"}],"about":[{"href":"https:\/\/sporek.com\/blog\/index.php?rest_route=\/wp\/v2\/types\/post"}],"author":[{"embeddable":true,"href":"https:\/\/sporek.com\/blog\/index.php?rest_route=\/wp\/v2\/users\/2"}],"replies":[{"embeddable":true,"href":"https:\/\/sporek.com\/blog\/index.php?rest_route=%2Fwp%2Fv2%2Fcomments&post=317"}],"version-history":[{"count":0,"href":"https:\/\/sporek.com\/blog\/index.php?rest_route=\/wp\/v2\/posts\/317\/revisions"}],"wp:attachment":[{"href":"https:\/\/sporek.com\/blog\/index.php?rest_route=%2Fwp%2Fv2%2Fmedia&parent=317"}],"wp:term":[{"taxonomy":"category","embeddable":true,"href":"https:\/\/sporek.com\/blog\/index.php?rest_route=%2Fwp%2Fv2%2Fcategories&post=317"},{"taxonomy":"post_tag","embeddable":true,"href":"https:\/\/sporek.com\/blog\/index.php?rest_route=%2Fwp%2Fv2%2Ftags&post=317"}],"curies":[{"name":"wp","href":"https:\/\/api.w.org\/{rel}","templated":true}]}}