{"id":318,"date":"2012-02-07T12:07:17","date_gmt":"2012-02-07T16:07:17","guid":{"rendered":"http:\/\/sporek.com\/blog\/?p=318"},"modified":"2012-02-07T12:26:39","modified_gmt":"2012-02-07T16:26:39","slug":"populizm","status":"publish","type":"post","link":"https:\/\/sporek.com\/blog\/?p=318","title":{"rendered":"Populizm"},"content":{"rendered":"<p><span style=\"font-size: 13px; font-family: Verdana; color: #000000; background-color: transparent; font-weight: normal; font-style: normal; font-variant: normal; text-decoration: none; vertical-align: baseline\" id=\"internal-source-marker_0.014938047799076926\"><\/span><span style=\"font-size: 13px; font-family: Verdana; color: #000000; background-color: transparent; font-weight: normal; font-style: normal; font-variant: normal; text-decoration: none; vertical-align: baseline\">Najbardziej  widoczny by\u0142 w okresie komunizmu. Partyjni funkcjonariusze na wy\u015bcigi  przechwalali si\u0119 osi\u0105gni\u0119ciami i zapewnieniami o dobrociach jakie  sp\u0142ywa\u0107 mia\u0142y na spo\u0142ecze\u0144stwo dzi\u0119ki ich \u201cjedynie s\u0142usznej\u201d  dzia\u0142alno\u015bci. Populizm dzi\u015b, to obiecanki cacanki, kt\u00f3re kreuj\u0105  kandydaci do przer\u00f3\u017cnych stanowisk, od prezydenta kraju,  do cz\u0142onka rady dyrektor\u00f3w Polsko-S\u0142owia\u0144skiej Federalnej  Unii Kredytowej. <\/span><!--more--><span style=\"font-size: 13px; font-family: Verdana; color: #000000; background-color: transparent; font-weight: normal; font-style: normal; font-variant: normal; text-decoration: none; vertical-align: baseline\">Je\u015bli o tych ostatnich idzie, to najcz\u0119\u015bciej  obiecanki dotycz\u0105 podwy\u017cszenia oprocentowania wk\u0142ad\u00f3w, albo dywidend,  oraz osobistej walki kandydata o uczciwe dbanie o pieni\u0105dze Cz\u0142onk\u00f3w-Ciu\u0142aczy z ewentualnym wskazeniem, kt\u00f3rego z dotychczasowych dyrektor\u00f3w trzeba natychmiast usun\u0105\u0107. O ile trudno si\u0119 dziwi\u0107 kandydatom, kt\u00f3rzy  startuj\u0105 po raz pierwszy, o tyle trudno nie odnie\u015b\u0107 wra\u017cenia, \u017ce ci,  kt\u00f3rzy zasiadaj\u0105 ju\u017c w radzie dyrektor\u00f3w od kilku lat pope\u0142niaj\u0105 w\u0142a\u015bnie  akty populizmu i to g\u0142\u0119bokiego populizmu. Zdaj\u0105c sobie bowiem spraw\u0119 z  faktu, \u017ce podwy\u017cszenie oprocentowania jest szalenie trudne i nie zale\u017cy  wy\u0142\u0105cznie od naszego banku, ok\u0142amuj\u0105 wyborc\u00f3w obiecuj\u0105c gruszki na  wierzbie. Postawa taka wynika z jakich\u015b kompleks\u00f3w i  niedowarto\u015bciowania, a jednocze\u015bnie z bezmy\u015blno\u015bci. Nie da si\u0119 ukry\u0107, \u017ce  w ostatnich miesi\u0105cach mistrzostwo w tego rodzaju zak\u0142amywaniu  rzeczywisto\u015bci osi\u0105gn\u0119\u0142a przewodnicz\u0105ca rady dyrektor\u00f3w, kt\u00f3rej  \u201cs\u0142u\u017cbowe slogany\u201d to: <\/span><span style=\"font-size: 13px; font-family: Verdana; color: #000000; background-color: transparent; font-weight: normal; font-style: italic; font-variant: normal; text-decoration: none; vertical-align: baseline\">wy\u017csze oprocentowanie, koniec ze sprawami s\u0105dowymi, walcz\u0119 i dbam o pieni\u0105dze cz\u0142onk\u00f3w.<\/span><br \/>\n<span style=\"font-size: 13px; font-family: Verdana; color: #000000; background-color: transparent; font-weight: normal; font-style: normal; font-variant: normal; text-decoration: none; vertical-align: baseline\">Pani  przewodnicz\u0105ca doskonale zdaje sobie spraw\u0119, \u017ce kwesti\u0119 podwy\u017cszenia  oprocentowania wa\u0142kujemy od kilku co najmniej lat i nic si\u0119 nie zmienia.  Pod wodz\u0105 dra Bortnika rada dyrektor\u00f3w wyp\u0142aci\u0142a tzw. dywidendy, ale to  nie usatysfakcjonowa\u0142o Polonus\u00f3w, wi\u0119c zn\u00f3w obiecuje si\u0119 zmiany w  oprocentowaniu. A to nie jest \u0142atwe i pani przewodnicz\u0105ca powinna o tym  wiedzie\u0107. System bankowy jest systemem naczy\u0144 po\u0142\u0105czonych. Kiedy\u015b te naczynia zamyka\u0142y si\u0119 w obr\u0119bie kraju dzi\u015b, w dobie globalizacji rozci\u0105gn\u0119\u0142y si\u0119 na ca\u0142y \u015bwiat.<\/span><br \/>\n<span style=\"font-size: 13px; font-family: Verdana; color: #000000; background-color: transparent; font-weight: normal; font-style: normal; font-variant: normal; text-decoration: none; vertical-align: baseline\">Co  do spraw s\u0105dowych, to pani przewodniczaca pope\u0142nia wr\u0119cz publiczne  k\u0142amstwo, bo Unia, jako instytucja nie pozwa\u0142a nikogo do s\u0105du, za\u015b  najtrudniejsza sprawa z otatnich lat, to sprawa wytoczona przez  tzw. Spo\u0142eczny Komitet Cz\u0142onk\u00f3w Unii, kt\u00f3ry otrzyma\u0142 ogromne wsparcie  w\u0142a\u015bnie, ale i paradoksalnie ze strony &#8230;przewodniczacej. Zbiera\u0142a  podpisy dla Spo\u0142eczengo Komitetu, (nawet si\u0119 chwali\u0142a, \u017ce uzbiera\u0142a ich  300), lata\u0142a do s\u0105du, sekundowa\u0142a i razem z kilkoma innymi osobami  dokonywa\u0142a r\u00f3\u017cnych sztuczek ekwilibrystycznych, \u017ceby Spo\u0142eczny Komitet  wygra\u0142 z Uni\u0105 Kredytow\u0105. Jakie\u017c to dziwne &#8211; osoba, kt\u00f3ra pe\u0142ni\u0105c  najwy\u017csz\u0105 funkcj\u0119 w radzie dyrektor\u00f3w, stoi murem i wspiera samozwa\u0144czy,  przez nikogo nie wybrany komitet, kt\u00f3rego ca\u0142a dzia\u0142alno\u015b\u0107 skierowana  jest na oczernianie, szkalowanie i prymitywne l\u017cenie zar\u00f3wno cz\u0142onk\u00f3w  rady dyrektor\u00f3w, jak i pracownik\u00f3w etatowych, w tym samego dyrektora  wykonawczego, kt\u00f3rego jak ze \u015bwiec\u0105 szukali\u015bmy prawie przez p\u00f3\u0142tora  roku. Jest on niezwykle pracowitym cz\u0142owiekiem, a przy tym ma najlepsze z  dotychczasowych dyrektor\u00f3w wykszta\u0142cenie i przygotowanie do prowadzenia  naszej instytucji. Nie da si\u0119 na tego cz\u0142owieka zrzuci\u0107  odpowiedzialno\u015bci za miliony dolar\u00f3w wydane w przesz\u0142o\u015bci bez zgody  Cz\u0142onk\u00f3w-Ciu\u0142aczy (w tym mnie te\u017c) na przer\u00f3\u017cne inwestycje, jak kupno  nieruchomo\u015bci, zatrudnienie \u201cdyrektora\u201d festiwalu na p\u00f3\u0142 roku za 40  tysi\u0119cy, odwo\u0142any festiwal na Staten Island, Columbia University,  krzes\u0142a do kina w Domu Narodowym, za\u0142o\u017conego przez&#8230; \u00f3wczesnego  przewodnicz\u0105cego rady dyrektor\u00f3w, reklamy w telewizjach, kt\u00f3rych  w\u0142a\u015bcicielami byli kolejni dwaj&#8230;przewodnicz\u0105cy rady dyrektor\u00f3w,  ogromne pieni\u0105dze na spraw\u0119 by\u0142ego manad\u017cera, M. S, obron\u0119 dyrektor\u00f3w  przed decyzjami NCUA po zarz\u0105dzie komisarycznym, (kilkaset tysi\u0119cy), wspieranie za pieni\u0105dze  unijne czterech \u201cnajlepszych\u201d kandydat\u00f3w do rady z w\u0142asnego grona,  (2009), analiza poprawno\u015bci statutu Centrum Polsko-S\u0142owia\u0144skiego,  dochodzenie, (za kilkaset tysi\u0119cy zielonych), czy po\u017cyczka pa\u0144stwa  Kami\u0144skich by\u0142a prawid\u0142owa, a w konsekwencji wyroku s\u0105dowego konieczno\u015b\u0107  publicznego obwieszczenia, \u017ce by\u0142a jak najbardziej prawid\u0142owa i ca\u0142e  mn\u00f3stwo poronionych pomys\u0142\u00f3w. A te sze\u015b\u0107 tysi\u0119cy \u00a0nieraportowanych  operacji finansowych przed \u201czarz\u0105dem komisarycznym\u201d? Nieraportowanych,  czyli powy\u017cej 10 tysi\u0119cy dolar\u00f3w!!! Obecny Dyrektor Wykonawczy i spora  cz\u0119\u015b\u0107 obecnej rady dyrektor\u00f3w nie ma nic wsp\u00f3lnego z tymi  nieodpowiedzialnymi decyzjami. Podczas wspomnianego spotkania Cz\u0142onk\u00f3w-Ciu\u0142aczy z rad\u0105 dyrektor\u00f3w i pracownikami  wy\u017cszego szczebla, 27 stycznia, 2012 wiele razy pada\u0142 zarzut, \u017ce \u201cUnia  s\u0105dzi Spo\u0142eczny Komitet\u201d. Nikt nie s\u0142ucha\u0142 dra Bortnika, kt\u00f3ry pr\u00f3bowa\u0142  u\u015bwiadomi\u0107 m\u00f3wcom, \u017ce jest akurat odwrotnie: to komitet s\u0105dzi Uni\u0119. Nie,  &#8211; oskar\u017cyciele wiedz\u0105 najlepiej, (jak zreszt\u0105 zawsze) i k\u0142ami\u0105, byle  tylko przypodoba\u0107 si\u0119 tej cz\u0119\u015bci publiczno\u015bci, kt\u00f3ra wyznaje racje  komitetu spo\u0142ecznego. <\/span><br \/>\n<span style=\"font-size: 13px; font-family: Verdana; color: #000000; background-color: transparent; font-weight: normal; font-style: normal; font-variant: normal; text-decoration: none; vertical-align: baseline\">No,  i sta\u0142o si\u0119. Zapad\u0142 wyrok w sprawie (apelacyjnej) \u00a0\u201cJ\u00f3zef \u0141uczaj  (przewodnicz\u0105cy Spo\u0142ecznego Komitetu Cz\u0142onk\u00f3w UK) przeciwko Tomaszowi  Bortnikowi\u201d (poprzedniemu przewodnicz\u0105cemu Rady Dyrektor\u00f3w). Wyrok,  kt\u00f3ry wyra\u017anie i jednoznacznie stawia pana \u0141uczaja w roli przegranego z  wszystkimi konsekwencjami tego wyroku, tzn. pokryciem koszt\u00f3w s\u0105dowych. I  tu rodzi si\u0119 pytanie: kiedy pan \u0141uczaj odda Unii pieni\u0105dze, jakie  musia\u0142a wyda\u0107 na t\u0119 spraw\u0119? Pieni\u0105dze niema\u0142e, wr\u0119cz ogromne. Pytanie  drugie: jak w kontek\u015bcie tego wyroku traktowa\u0107 obecn\u0105 przewodnicz\u0105c\u0105  rady dyrektor\u00f3w, kt\u00f3ra najwyra\u017aniej dzia\u0142a\u0142a przeciwko w\u0142asnej  instytucji? Jak traktowa\u0107 pani\u0105 Jakubowsk\u0105, kt\u00f3ra w grudniu 2009  siedzia\u0142a za sto\u0142em prezydialnym Spo\u0142ecznego Komitetu, na s\u0142ynnym  zebraniu w Domu Narodowym? Jak traktowa\u0107 Krzysztofa Matyszczyka, kt\u00f3ry  na tym\u017ce zebraniu grzmia\u0142 z m\u00f3wnicy przeciwko wszystkim \u00a0dyrektorom  spoza kr\u0119gu jego ulubionych? By\u0142o to niespe\u0142na dwa miesi\u0105ce po wyborach,  2009. W\u0142azili w odbyt \u201ckapitana\u201d \u0141uczaja bez przys\u0142owiowej wazeliny, a  przez nast\u0119pne trzy lata wspierali wszystkie jego poczynania; k\u0142amliwe  artyku\u0142y w podbiegunowej gazecinie, kt\u00f3rej nikt nie czyta i dlatego by\u0142a  przez jakie\u015b krasnoludki rozrzucana po wszystkich sklepach, aptekach,  itp. miejscach, byle tylko spo\u0142eczno\u015b\u0107 polonijna mog\u0142a sobie poczyta\u0107 o  \u201cniedobrych dyrektorach\u201d, kt\u00f3rych nie lubi\u0142 ani \u0141uczaj, ani Wierzbowska,  ani Jakubowska, ani Matyszczyk. Media zrobi\u0142y z Marzeny Wierzbowskiej  jakie\u015b fenomenalne zjawisko, jako pierwszej kobiety wybranej na funkcj\u0119  przewodnicz\u0105cej rady dyrektor\u00f3w. Jak m\u00f3wi\u0105 Rosjanie z p\u00f3\u0142nocnej  Kamczatki \u201cbig deal\u201d&#8230; Z J\u00f3zefa \u0141uczaja zrobi\u0142y \u201cwybitnego przyw\u00f3dc\u0119  Polonii\u201d, a z jego najbli\u017cszego klakiera \u201cnowego lidera Polonii\u201d.  Pomieszano i popl\u0105tano dzia\u0142alno\u015b\u0107 dla Polonii z dzia\u0142alno\u015bci\u0105 przeciwko  Polonii. \u017badna z gazet, kt\u00f3re by\u0142y na pi\u0105tkowym (27 stycznia, 2012)  zebraniu nie zacytowa\u0142a ani jednego s\u0142owa z mojej wypowiedzi, cho\u0107  podobno, w\/g wi\u0119kszo\u015bci otwar\u0142em \u201cpuszk\u0119 pandory\u201d. Ani s\u0142owa. Czy\u017cby  dziennikarze wyszli przed czasem, czy te\u017c panuje jaka\u015b niepisana zmowa  milczenia, gdy kto\u015b m\u00f3wi przeciwko obecnej przewodnicz\u0105cej? Chc\u0119 wierzy\u0107, \u017ce dziennikarze wyszli przed czasem (np. u\u015bwiadamiaj\u0105c sobie  niski poziom dyskusji), ale wtedy nie powinni niczego publikowa\u0107, bo to  nie le\u017cy w zgodzie z dziennikarsk\u0105 etyk\u0105. W gazetach wysz\u0142o po prostu  bla, bla, bla z naciskiem \u017ce Unia jest \u201cbe\u201d.<\/span><br \/>\n<span style=\"font-size: 13px; font-family: Verdana; color: #000000; background-color: transparent; font-weight: normal; font-style: normal; font-variant: normal; text-decoration: none; vertical-align: baseline\">Czy  Unia odzyska pieni\u0105dze? W\u0105tpi\u0119. W spraw\u0119 zamieszane s\u0105 jeszcze cztery  inne osoby z komitetu spo\u0142ecznego, wymienione w dokumentacji s\u0105dowej.  Maj\u0105 domy. Zaryzykowali, z nadziej\u0105, \u017ce wygraj\u0105 i to Unia b\u0119dzie musia\u0142a  pokry\u0107 koszty s\u0105dowe. Sta\u0142o si\u0119 inaczej. Co teraz? Mamy zapomnie\u0107 o  tych ogromnych pieni\u0105dzach, kt\u00f3re s\u0105 w\u0142asno\u015bci\u0105 cz\u0142onk\u00f3w naszej Unii? A z  jakiej racji? Czy to my wymy\u015blili\u015bmy to zaskar\u017cenie? Czy kto\u015b z 75  tysi\u0119cy cz\u0142onk\u00f3w nieb\u0119d\u0105cych jednocze\u015bnie cz\u0142onkami Spo\u0142ecznego Komitetu  J. \u0141uczaja da\u0142 temu komitetowi mandat s\u0105dzenia Unii i reprezentowania  ich w s\u0105dzie? Nie. To by\u0142 pomys\u0142 \u201cwybitnego dzia\u0142acza\u201d i jego  najbli\u017cszych wsp\u00f3\u0142towarzyszy, w tym pewnie i \u201cnowego lidera Polonii\u201d.  Tych ludzi nie zna nikt poza w\u0105skim gronem zwolennik\u00f3w s\u0105downictwa. <\/span><br \/>\n<span style=\"font-size: 13px; font-family: Verdana; color: #000000; background-color: transparent; font-weight: normal; font-style: normal; font-variant: normal; text-decoration: none; vertical-align: baseline\">Pani  przewodnicz\u0105ca posz\u0142a dalej &#8211; zezwoli\u0142a Spo\u0142ecznemu Komitetowi na otwarcie konta w naszej Unii  i chcia\u0142a mu odda\u0107 nowe pomieszczenia przy Greenpoint  Avenue, a argumentem J. \u0141uczaja by\u0142o, \u017ce komitet b\u0119dzie tam prowadzi\u0142  \u201cszkolenia\u201d. Jakie szkolenia? W oczernianiu Polonii, w przygotowywaniu  kolejnych urojonych oskar\u017ce\u0144? Po stokro\u0107 nigdy si\u0119 na to nie zgodz\u0119.<\/span> <span style=\"font-size: 13px; font-family: Verdana; color: #000000; background-color: transparent; font-weight: normal; font-style: normal; font-variant: normal; text-decoration: none; vertical-align: baseline\">Dosz\u0142o  do niesamowitej kompromitacji wszystkich ludzi stoj\u0105cych za J.  \u0141uczajem, w tym cz\u0119\u015bci obecnej rady dyrektor\u00f3w oraz biznesmen\u00f3w, kt\u00f3rzy  t\u0119skni\u0105 za \u201cstarym\u201d porz\u0105dkiem, kiedy to do Unii przyjmowano ciotki,  pociotki, fryzjerki, kelnerki i inne niekoniecznie przygotowane do tej  pracy osoby. Kiedy mo\u017cna by\u0142o \u0142atwiutko dosta\u0107 po\u017cyczk\u0119, bo kto\u015b tam by\u0142  znajomym kogo\u015b tam. Kto pisa\u0142 te m\u0105dre pisma po polsku i po angielsku?  Ludzie z komitetu? Przecie\u017c oni nie znaj\u0105 angielskiego, a i po polsku  pisa\u0107 maj\u0105 problem. Pan \u0141uczaj napisa\u0142 by\u0142 onegdaj do mnie list, w  kt\u00f3rym nazywa\u0142 mnie \u201cnajwi\u0119kszym autorytetem Polonii\u201d, &#8222;Profesorem Szanownym&#8221; i prosi\u0142, abym  zorganizowa\u0142 kilka koncert\u00f3w i przeznaczy\u0142 doch\u00f3d na &#8230;jego spraw\u0119  s\u0105dow\u0105 przeciwko komu\u015b tam z Unii Kredytowej. I w tym li\u015bcie, pisanym  odr\u0119cznie by\u0142o tyle b\u0142\u0119d\u00f3w, \u017ce gdyby to by\u0142a klas\u00f3wka, musia\u0142bym  postawi\u0107 ocen\u0119 niedostateczn\u0105. \u00a0A jeszcze te prawnicze sformu\u0142owania?  Kto za tym stoi i po co ten wyg\u0142up? Pani przewodnicz\u0105ca ustala zebranie  wyborcze ju\u017c na 20 maja, br., bo trzeba skr\u00f3ci\u0107 kadencj\u0119 tych, kt\u00f3rzy  my\u015bl\u0105 inaczej, ni\u017c ona. A\u017c cztery osoby, w tym w\u0142a\u015bciciel tego blogu  b\u0119d\u0105 musieli po\u017cegna\u0107 si\u0119 z rad\u0105 dyrektor\u00f3w ju\u017c w maju, cho\u0107 trzyletnia  kadencja mija dopiero w pa\u017adzierniku. Wolno jej? Oczywi\u015bcie, wszystko  jest w zgodzie z przepisami. Ma takie prawo. Tylko sk\u0105d ten po\u015bpiech?  Jeste\u015bmy a\u017c tak niewygodni?<\/span><br \/>\n<span style=\"font-size: 13px; font-family: Verdana; color: #000000; background-color: transparent; font-weight: normal; font-style: normal; font-variant: normal; text-decoration: none; vertical-align: baseline\">Ale  ja ju\u017c teraz nie mam zbyt wielkiej ochoty pracowa\u0107 pod kierunkiem tej  pani. Jej lekcewa\u017c\u0105cy stosunek do fachowc\u00f3w pracuj\u0105cych na etatach jest  przera\u017caj\u0105cy. A i do nas &#8211; wolontariuszy (niekt\u00f3rych). nie odnosi si\u0119  lepiej. Frakcyjno\u015b\u0107 w radzie dyrektor\u00f3w jest chyba najwi\u0119ksza w ca\u0142ej  35-letniej historii. W poprzedniej radzie te\u017c mieli\u015bmy dwie frakcje, ale  ka\u017cdy dyrektor otrzymywa\u0142 odpowied\u017a, gdy pyta\u0142 i opinia ka\u017cdego  dyrektora by\u0142a brana serio pod uwag\u0119 w dyskusji. Od grudnia czekam,  kiedy na agend\u0119 wejdzie sprawa ulotek umieszczanych w gazetach przez  jednego z cz\u0142onk\u00f3w komitetu spo\u0142ecznego i rozdawanych pod bankami,  sklepami, ko\u015bcio\u0142ami &#8211; oczerniaj\u0105cych Uni\u0119 i niekt\u00f3rych cz\u0142onk\u00f3w rady dyrektor\u00f3w, jako te\u017c i Dyrektora Wykonawczego. Nie wejdzie, bo te paszkwile by\u0142y po my\u015bli pani  przewodnicz\u0105cej. \u00a0Ale przewodnicz\u0105ca obieca\u0142a mi to w e-mailu. I co?  Jajco. Wiele naszych e-maili pozostaje bez odpowiedzi; od kilku dni  czekam na odpowied\u017a, czy w ko\u0144cu p\u00f3jdzie jaki\u015b oficjalny, nasz, unijny  komunikat o przegranej przez Spo\u0142eczny Komitet sprawie s\u0105dowej i  kwotach, jakie ten \u201czacny\u201d organ musi zwr\u00f3ci\u0107 Cz\u0142onkom Unii Kredytowej. I  niestety, pani Przewodnicz\u0105ca nie ma czasu, \u017ceby to rozpatrze\u0107. Ale  wystarczy\u0142o, \u017ce napisa\u0142em kilka \u201cniegrzecznych\u201d zda\u0144, pod adresem dw\u00f3ch  pa\u0144 z rady, by pani przewodnicz\u0105ca p\u00f3\u0142 godziny p\u00f3\u017aniej \u201cpogrozi\u0142a\u201d mi  paluszkiem w b\u0142yskawicznym mailu, karc\u0105cym moje \u201cokropne\u201d zachowanie.  Teoria \u201c\u015bwi\u0119tych kr\u00f3w\u201d &#8211; z perfekcyjnym zastosowaniem.<\/span><br \/>\n<span style=\"font-size: 13px; font-family: Verdana; color: #000000; background-color: transparent; font-weight: normal; font-style: normal; font-variant: normal; text-decoration: none; vertical-align: baseline\">Tak nie mo\u017cna pracowa\u0107. <\/span><br \/>\n<span style=\"font-size: 13px; font-family: Verdana; color: #000000; background-color: transparent; font-weight: normal; font-style: normal; font-variant: normal; text-decoration: none; vertical-align: baseline\">Pani  przewodnicz\u0105ca stoi teraz przed bardzo trudnym zadaniem: wyt\u0142umaczy\u0107 75  tysi\u0105com Cz\u0142onk\u00f3w-Ciu\u0142aczy, \u017ce ich pieni\u0105dze &#8211; i to ogromne pieni\u0105dze &#8211; wydano  na obron\u0119 dobrego imienia Unii Kredytowej. A dobremu imieniu naszego  banku zagrozi\u0142o post\u0119powanie Spo\u0142ecznego Komitetu, kt\u00f3rego by\u0142a i jest  promotorem i oddanym sympatykiem.<\/span><\/p>\n","protected":false},"excerpt":{"rendered":"<p>Najbardziej widoczny by\u0142 w okresie komunizmu. Partyjni funkcjonariusze na wy\u015bcigi przechwalali si\u0119 osi\u0105gni\u0119ciami i zapewnieniami o dobrociach jakie sp\u0142ywa\u0107 mia\u0142y na spo\u0142ecze\u0144stwo dzi\u0119ki ich \u201cjedynie s\u0142usznej\u201d dzia\u0142alno\u015bci. Populizm dzi\u015b, to obiecanki cacanki, kt\u00f3re kreuj\u0105 kandydaci do przer\u00f3\u017cnych stanowisk, od prezydenta kraju, do cz\u0142onka rady dyrektor\u00f3w Polsko-S\u0142owia\u0144skiej Federalnej Unii Kredytowej.<\/p>\n","protected":false},"author":2,"featured_media":0,"comment_status":"open","ping_status":"open","sticky":false,"template":"","format":"standard","meta":[],"categories":[3],"tags":[],"_links":{"self":[{"href":"https:\/\/sporek.com\/blog\/index.php?rest_route=\/wp\/v2\/posts\/318"}],"collection":[{"href":"https:\/\/sporek.com\/blog\/index.php?rest_route=\/wp\/v2\/posts"}],"about":[{"href":"https:\/\/sporek.com\/blog\/index.php?rest_route=\/wp\/v2\/types\/post"}],"author":[{"embeddable":true,"href":"https:\/\/sporek.com\/blog\/index.php?rest_route=\/wp\/v2\/users\/2"}],"replies":[{"embeddable":true,"href":"https:\/\/sporek.com\/blog\/index.php?rest_route=%2Fwp%2Fv2%2Fcomments&post=318"}],"version-history":[{"count":0,"href":"https:\/\/sporek.com\/blog\/index.php?rest_route=\/wp\/v2\/posts\/318\/revisions"}],"wp:attachment":[{"href":"https:\/\/sporek.com\/blog\/index.php?rest_route=%2Fwp%2Fv2%2Fmedia&parent=318"}],"wp:term":[{"taxonomy":"category","embeddable":true,"href":"https:\/\/sporek.com\/blog\/index.php?rest_route=%2Fwp%2Fv2%2Fcategories&post=318"},{"taxonomy":"post_tag","embeddable":true,"href":"https:\/\/sporek.com\/blog\/index.php?rest_route=%2Fwp%2Fv2%2Ftags&post=318"}],"curies":[{"name":"wp","href":"https:\/\/api.w.org\/{rel}","templated":true}]}}