{"id":319,"date":"2012-02-18T15:30:53","date_gmt":"2012-02-18T19:30:53","guid":{"rendered":"http:\/\/sporek.com\/blog\/?p=319"},"modified":"2012-02-24T14:31:13","modified_gmt":"2012-02-24T18:31:13","slug":"kpa-vs-polonia","status":"publish","type":"post","link":"https:\/\/sporek.com\/blog\/?p=319","title":{"rendered":"KPA vs Polonia"},"content":{"rendered":"<p><span style=\"font-size: 13px; font-family: Verdana; color: #000000; background-color: transparent; font-weight: normal; font-style: normal; font-variant: normal; text-decoration: none; vertical-align: baseline\" id=\"internal-source-marker_0.303322969476176\">Jakimi  kryteriami kieruje si\u0119 szefostwo Kongresu Polonii Ameryka\u0144skiej w  Chicago, nie wiem. Wiem natomiast, \u017ce nie s\u0142ysza\u0142em \u017cadnej, ani nie  czyta\u0142em o jakiejkolwiek dyskusji dotycz\u0105cej stanowiska KPA w sprawie  Katastrofy Smole\u0144skiej (pisz\u0119 z du\u017cych liter, bo to ju\u017c jest nazwa  historyczna), ani te\u017c w sprawie Telewizji Trwam. <\/span><!--more--><span style=\"font-size: 13px; font-family: Verdana; color: #000000; background-color: transparent; font-weight: normal; font-style: normal; font-variant: normal; text-decoration: none; vertical-align: baseline\" id=\"internal-source-marker_0.303322969476176\">Z tym wi\u0119kszym wi\u0119c  zaskoczeniem przeczyta\u0142em o\u015bwiadczenie \u201cdow\u00f3dzctwa&#8221; KPA z siedzib\u0105 w  Chicago o ca\u0142kowicie neutralnym stanowisku w\u0142adz tej organizacji w obu  wymienionych kwestiach.<\/span><br \/>\n<span style=\"font-size: 13px; font-family: Verdana; color: #000000; background-color: transparent; font-weight: normal; font-style: normal; font-variant: normal; text-decoration: none; vertical-align: baseline\">Po  chwili zastanowienia skonkludowa\u0142em jakimi kryteriami kieruje si\u0119  szefostwo KPA: kieruje si\u0119 wy\u0142\u0105cznie kryteriami lansowanymi przez  Donalda Tuska. I na przyk\u0142ad w sprawie Traktatu Lizbo\u0144skiego, Tusk nie  zapyta\u0142 spo\u0142ecze\u0144stwa co o tym my\u015bli, &#8211; teraz, w sprawie ACTA mia\u0142 to  jeszcze g\u0142\u0119biej gdzie\u015b i si\u0119 zaklina\u0142, \u017ce go \u017cadne manifestacje nie  zmusz\u0105 do zmiany decyzji. Niestety, jak tylko dowiedzia\u0142 si\u0119, \u017ce jego  ulubiona muza polityczna, Angela nie podpisa\u0142a, to wzi\u0105\u0142 i o\u015bwiadczy\u0142,  \u017ce tch\u00f3rzem nie jest, ani tym bardziej krow\u0105 i &#8230;zmienia zdanie. No i  zmieni\u0142. Szefostwo Kongresu Polonii Ameryka\u0144skiej nie zada\u0142o sobie  trudu, \u017ceby zapyta\u0107 Cz\u0142onk\u00f3w, co my\u015bl\u0105 o Katastrofie i co my\u015bl\u0105 o  dyskryminacji Telewizji Trwam. Szefowie sami zadecydowali, \u017ce my,  cz\u0142onkowie chcemy by\u0107 neutralni w obydwu tych kwestiach i wyr\u0105ba\u0142o na  stronie KPA takie\u017c w\u0142a\u015bnie o\u015bwiadczenie. Interesuj\u0105ce, \u017ce tylko w j\u0119zyku  angielskim. Czy\u017cby zapomnieli ju\u017c polskiego, albo uwa\u017caj\u0105, \u017ce j\u0119zyk  polski, to ju\u017c prze\u017cytek?<\/span><br \/>\n<span style=\"font-size: 13px; font-family: Verdana; color: #000000; background-color: transparent; font-weight: normal; font-style: normal; font-variant: normal; text-decoration: none; vertical-align: baseline\">Ale i w tym angiels<\/span><span style=\"font-size: 13px; font-family: Verdana; color: #000000; background-color: transparent; font-weight: normal; font-style: normal; font-variant: normal; text-decoration: none; vertical-align: baseline\">kim j\u0119zyku bardzo mnie zastanowi\u0142a pierwsza cz\u0119\u015b\u0107 ostatniego zdania:<\/span><br \/>\n<span style=\"font-size: 13px; font-family: Verdana; color: #000000; background-color: transparent; font-weight: bold; font-style: normal; font-variant: normal; text-decoration: none; vertical-align: baseline\">\u201c<\/span><span style=\"font-size: 13px; font-family: Verdana; color: #000000; background-color: transparent; font-weight: bold; font-style: normal; font-variant: normal; text-decoration: underline; vertical-align: baseline\">However, we greatly respect and support Poland\u2019s democracy<\/span><span style=\"font-size: 13px; font-family: Verdana; color: #000000; background-color: transparent; font-weight: bold; font-style: normal; font-variant: normal; text-decoration: none; vertical-align: baseline\">,<\/span><span style=\"font-size: 13px; font-family: Verdana; color: #000000; background-color: transparent; font-weight: normal; font-style: normal; font-variant: normal; text-decoration: none; vertical-align: baseline\"> <\/span><br \/>\n<span style=\"font-size: 13px; font-family: Verdana; color: #000000; background-color: transparent; font-weight: normal; font-style: normal; font-variant: normal; text-decoration: none; vertical-align: baseline\">and the will of the people who constitute the voting citizenry\u201d.<\/span><br \/>\n<span style=\"font-size: 13px; font-family: Verdana; color: #000000; background-color: transparent; font-weight: normal; font-style: normal; font-variant: normal; text-decoration: none; vertical-align: baseline\">Co znaczy: <\/span><br \/>\n<span style=\"font-size: 13px; font-family: Verdana; color: #000000; background-color: transparent; font-weight: bold; font-style: normal; font-variant: normal; text-decoration: none; vertical-align: baseline\">\u201cMimo wszystko w pe\u0142nii respektujemy i wspieramy polsk\u0105 demokracj\u0119&#8230;\u201d<\/span><br \/>\n<span style=\"font-size: 13px; font-family: Verdana; color: #000000; background-color: transparent; font-weight: normal; font-style: normal; font-variant: normal; text-decoration: none; vertical-align: baseline\">C\u00f3\u017c  za hipokryzja! &#8211; w\u0142adze polskie knebluj\u0105 usta katolickiej telewizji, a  szefowie KPA respektuj\u0105 i wspieraj\u0105 ten w\u0142a\u015bnie rodzaj demokracji.  W\u0142adze polskie odda\u0142y Katastrof\u0119 w r\u0119ce rosyjskich kr\u0119taczy, a szefowie  KPA \u201cw pe\u0142ni popieraj\u0105 i respektuj\u0105\u201d. <\/span><br \/>\n<span style=\"font-size: 13px; font-family: Verdana; color: #000000; background-color: transparent; font-weight: normal; font-style: normal; font-variant: normal; text-decoration: none; vertical-align: baseline\">Wida\u0107 z tego dok\u0142adnie, \u017ce:<\/span><br \/>\n<span style=\"font-size: 13px; font-family: Verdana; color: #000000; background-color: transparent; font-weight: normal; font-style: normal; font-variant: normal; text-decoration: none; vertical-align: baseline\">1  &#8211; pe\u0142ne g\u0119by slogan\u00f3w mog\u0105 bla, bla\u0107 u\u017cywaj\u0105c wielkich s\u0142\u00f3w, kt\u00f3rych  znaczenia prawdopodobnie nie znaj\u0105. I to ju\u017c jest chyba ten etap: polski  zapomniany, angielski niedouczony. Albo \u017ce: <\/span><br \/>\n<span style=\"font-size: 13px; font-family: Verdana; color: #000000; background-color: transparent; font-weight: normal; font-style: normal; font-variant: normal; text-decoration: none; vertical-align: baseline\">2 &#8211; w\u0142adze KPA nie maj\u0105 zielonego poj\u0119cia, co dzieje si\u0119 w Polsce. I wreszcie:<\/span><br \/>\n<span style=\"font-size: 13px; font-family: Verdana; color: #000000; background-color: transparent; font-weight: normal; font-style: normal; font-variant: normal; text-decoration: none; vertical-align: baseline\">3  &#8211; Niedawno w Chicago przebywa\u0142 szef sejmowej komisji \u015bledczej, pose\u0142  Antoni Macierewicz. Polonia przyj\u0119\u0142a go entuzjastycznie. Czy\u017cby nie  podoba\u0142o si\u0119 to Warszawie i przes\u0142a\u0142a jakie\u015b sugestie, a grzeczniutkie  dow\u00f3dzctwo KPA postanowi\u0142o si\u0119 przychyli\u0107?<\/span><br \/>\n<span style=\"font-size: 13px; font-family: Verdana; color: #000000; background-color: transparent; font-weight: normal; font-style: normal; font-variant: normal; text-decoration: none; vertical-align: baseline\">Cokolwiek  by to nie by\u0142o apeluj\u0119 do w\u0142adz terenowych Kongresu o zwo\u0142anie zebra\u0144 w  jak najszybszym terminie i przeprowadzenie szerokiej dyskusji, oraz  opublikowanie o\u015bwiadcze\u0144 o opiniach szeregowych Cz\u0142onk\u00f3w zar\u00f3wno na  temat Katastrofy, jak i TV Trwam, jak te\u017c i na temat kompromituj\u0105cego  o\u015bwiadczenia w\u0142adz Kongresu Polonii Ameryka\u0144skiej <\/span><br \/>\n<span style=\"font-size: 13px; font-family: Verdana; color: #000000; background-color: transparent; font-weight: normal; font-style: normal; font-variant: normal; text-decoration: none; vertical-align: baseline\">P\u00f3ki  co, twarz zalewa mi purpura wstydu, bo cz\u0142onkiem KPA jestem, ale nikt  nie pyta\u0142 mnie o zdanie, a ju\u017c na pewno nie Frank Spula.<\/span><\/p>\n","protected":false},"excerpt":{"rendered":"<p>Jakimi kryteriami kieruje si\u0119 szefostwo Kongresu Polonii Ameryka\u0144skiej w Chicago, nie wiem. Wiem natomiast, \u017ce nie s\u0142ysza\u0142em \u017cadnej, ani nie czyta\u0142em o jakiejkolwiek dyskusji dotycz\u0105cej stanowiska KPA w sprawie Katastrofy Smole\u0144skiej (pisz\u0119 z du\u017cych liter, bo to ju\u017c jest nazwa historyczna), ani te\u017c w sprawie Telewizji Trwam.<\/p>\n","protected":false},"author":2,"featured_media":0,"comment_status":"open","ping_status":"open","sticky":false,"template":"","format":"standard","meta":[],"categories":[3],"tags":[],"_links":{"self":[{"href":"https:\/\/sporek.com\/blog\/index.php?rest_route=\/wp\/v2\/posts\/319"}],"collection":[{"href":"https:\/\/sporek.com\/blog\/index.php?rest_route=\/wp\/v2\/posts"}],"about":[{"href":"https:\/\/sporek.com\/blog\/index.php?rest_route=\/wp\/v2\/types\/post"}],"author":[{"embeddable":true,"href":"https:\/\/sporek.com\/blog\/index.php?rest_route=\/wp\/v2\/users\/2"}],"replies":[{"embeddable":true,"href":"https:\/\/sporek.com\/blog\/index.php?rest_route=%2Fwp%2Fv2%2Fcomments&post=319"}],"version-history":[{"count":0,"href":"https:\/\/sporek.com\/blog\/index.php?rest_route=\/wp\/v2\/posts\/319\/revisions"}],"wp:attachment":[{"href":"https:\/\/sporek.com\/blog\/index.php?rest_route=%2Fwp%2Fv2%2Fmedia&parent=319"}],"wp:term":[{"taxonomy":"category","embeddable":true,"href":"https:\/\/sporek.com\/blog\/index.php?rest_route=%2Fwp%2Fv2%2Fcategories&post=319"},{"taxonomy":"post_tag","embeddable":true,"href":"https:\/\/sporek.com\/blog\/index.php?rest_route=%2Fwp%2Fv2%2Ftags&post=319"}],"curies":[{"name":"wp","href":"https:\/\/api.w.org\/{rel}","templated":true}]}}