{"id":32,"date":"2007-10-17T18:38:54","date_gmt":"2007-10-17T22:38:54","guid":{"rendered":"http:\/\/sporek.com\/blog\/?p=32"},"modified":"2007-10-17T18:39:28","modified_gmt":"2007-10-17T22:39:28","slug":"wpadka-platformy","status":"publish","type":"post","link":"https:\/\/sporek.com\/blog\/?p=32","title":{"rendered":"Wpadka Platformy"},"content":{"rendered":"<p><span style=\"font-size: 10pt; font-family: Arial\" lang=\"PL\">Na cztery dni przed wyborami mamy sytuacj\u0119, w kt\u00f3rej opozycji (tzw.) wolno wszystko, a PiS-owi nic. Ma\u0142o tego, partia rz\u0105dz\u0105ca powinna wr\u0119cz chroni\u0107 przest\u0119pc\u00f3w, zw\u0142aszcza tych z g\u00f3rnej p\u00f3\u0142ki, czyli z \u0142aw sejmowych. W przeciwnym razie przy\u0142apana na braniu \u0142ap\u00f3wki pos\u0142anka z szereg\u00f3w Platformy Obywatelskiej, grozi pope\u0142nieniem samob\u00f3jstwa.<\/span><span style=\"font-size: 10pt; font-family: Arial\" lang=\"PL\">Wyst\u0105pienie by\u0142ej ju\u017c pos\u0142anki, pani Sawickiej by\u0142o tak \u017cenuj\u0105cym widowiskiem, \u017ce a\u017c dziw bierze, i\u017c telewizja zdecydowa\u0142a si\u0119 na oddanie jej prawie dziesi\u0119ciu minut na specjalne o\u015bwiadczenie. Ale mo\u017ce nie trzeba si\u0119 dziwi\u0107. Otrzymali\u015bmy bowiem spektakl, kt\u00f3ry ukaza\u0142 w ca\u0142ej rozci\u0105g\u0142o\u015bci mentalno\u015b\u0107 owej pos\u0142anki, a \u017ce m\u00f3wi\u0142a r\u00f3wnie\u017c w imieniu swoich koleg\u00f3w, rzucaj\u0105c kalumnie na PiS, zatem chyba mo\u017cemy m\u00f3wi\u0107 o ods\u0142oni\u0119ciu mentalnych brak\u00f3w r\u00f3wnie\u017c i u \u201ekoleg\u00f3w\u201d pos\u0142\u00f3w z Platformy.<!--more--><\/span><span style=\"font-size: 10pt; font-family: Arial\" lang=\"PL\">W wyst\u0105pieniu Sawickiej a\u017c roi si\u0119 od idiotyzm\u00f3w i chyba jednak podpowiedzianych przez \u201ekoleg\u00f3w\u201d z klubu, bezczelnych slogan\u00f3w. <\/span><span style=\"font-size: 10pt; font-family: Arial\" lang=\"PL\">-Pani ta o\u015bwiadczy\u0142a, \u017ce jest uczciwa (brzmia\u0142o \u201enajuczciwsza\u201d), a jedynym jej b\u0142\u0119dem by\u0142o \u201ezauroczenie\u201d cz\u0142owiekiem, kt\u00f3ry (dra\u0144 sko\u0144czony), nigdy nie przyzna\u0142 si\u0119, \u017ce jest agentem CBA.<\/span><span style=\"font-size: 10pt; font-family: Arial\" lang=\"PL\">-Powiedzia\u0142a te\u017c, \u017ce akcja by\u0142a od roku misternie przygotowywana, aby jej rezultaty og\u0142osi\u0107 przed wyborami&#8230;<\/span><span style=\"font-size: 10pt; font-family: Arial\" lang=\"PL\">Wi\u0119kszego idiotyzmu nie s\u0142ysza\u0142em w tej kampanii. Czy to znaczy, \u017ce rok temu Premier wiedzia\u0142,\u00a0o rozwi\u0105zaniu sejmu, \u017ce b\u0119d\u0105 wybory, a wiedz\u0105c, zleci\u0142 ministrowi Kami\u0144skiemu rozpocz\u0119cie akcji CBA, aby zd\u0105\u017cy\u0107 na cztery dni przed wyborami? Co\u015b nieprawdopodobnego! A to szczwany lis,- prorok prawie, ten nasz Premier.<\/span><span style=\"font-size: 10pt; font-family: Arial\" lang=\"PL\">&#8211; Pani Sawicka por\u00f3wna\u0142a metody dzia\u0142ania CBA do okropnych metod stalinizmu prawdopodobnie nie maj\u0105c o nich poj\u0119cia, bo gdyby mia\u0142a, to powinna wiedzie\u0107, \u017ce zagra\u017caj\u0105c komukolwiek z w\u0142adzy, uleg\u0142aby przypadkowemu wypadkowi, wpadaj\u0105c np. pod p\u0119dz\u0105c\u0105 doro\u017ck\u0119.<\/span><\/p>\n<p style=\"margin: 0in 0in 0pt\" class=\"MsoNormal\"><span style=\"font-size: 10pt; font-family: Arial\" lang=\"PL\">Tymczasem pani Sawicka nikomu z rz\u0105dz\u0105cych nie zagra\u017ca\u0142a. Zagra\u017ca\u0142a spo\u0142ecze\u0144stwu decyduj\u0105c si\u0119 na okradzenie pa\u0144stwa ze stu tysi\u0119cy z\u0142otych.<\/span><\/p>\n<p style=\"margin: 0in 0in 0pt\" class=\"MsoNormal\"><span style=\"font-size: 10pt; font-family: Arial\" lang=\"PL\"><\/span><span style=\"font-size: 10pt; font-family: Arial\" lang=\"PL\">-Powiedzia\u0142a, biedaczka, \u017ce zdolna jest do takiego kroku, jaki podj\u0119\u0142a \u015bp. pos\u0142anka Blida. \u017bal mi zawsze -by\u0142o, jest i b\u0119dzie,- ludzkiego \u017cycia, ale po pierwsze, je\u015bli jest si\u0119 niewinnym, to taki krok jest kompletnie niewyt\u0142umaczalny, po drugie, w ustach Sawickiej zabrzmia\u0142o to, jak szanta\u017c, ale i jak okrutne oskar\u017cenie. A kto tu powinien oskar\u017ca\u0107? Po trzecie, zabrzmia\u0142o strasznie prymitywnie, nieludzko i by\u0142o zbeszczeszczeniem pami\u0119ci swojej klubowej kole\u017canki. P\u0142ytkim, ale i chamskim wykorzystaniem czyjej\u015b \u015bmierci, aby wybroni\u0107 siebie. Ohyda. Przywo\u0142a\u0142a r\u00f3wnie\u017c patriotyczne zrywy jej ojca, dziadka i jeszcze tam kogo, jako argument, \u017ce ona sama te\u017c jest tak wspaniale patriotyczn\u0105 istot\u0105 i tu ju\u017c we mnie zawrza\u0142o. To naprawde by\u0142o wstr\u0119tne.<\/span><\/p>\n<p><span style=\"font-size: 10pt; font-family: Arial\" lang=\"PL\">\u017benuj\u0105cy spektakl, jaki zafundowa\u0142a by\u0142a pos\u0142anka by\u0142 jeszcze bardziej \u015bmieszny w kontek\u015bcie decyzji PO o usuni\u0119ciu ze swoich szereg\u00f3w pos\u0142a, kt\u00f3ry na ta\u015bmie rozmawia z Sawick\u0105. A wi\u0119c jednak czujemy si\u0119 winni?<\/span><span style=\"font-size: 10pt; font-family: Arial\" lang=\"PL\">Moim zdaniem afera z pani\u0105 Sawick\u0105, to ods\u0142oni\u0119cie prawdziwej twarzy Platformy. Sk\u0105d bowiem szeregowa cz\u0142onkini partii wie o prywatyzacji szpitali, sk\u0105d wie o sposobie, w jaki b\u0119dzie przeprowadzana? Dlaczego, wiedz\u0105c, \u017ce \u00f3w \u201eniezwykle uroczy, inteligentny\u201d cz\u0142owiek z \u201eWiednia\u201d chce prywatyzowa\u0107 jakie\u015b sanatorium nie skierowa\u0142a go do ministra zdrowia? Dlaczego nie zg\u0142osi\u0142a tego swoim szefom? By\u0142a wystarczaj\u0105co mocna, aby za\u0142atwi\u0107 spraw\u0119 uroczego m\u0142odzie\u0144ca pisz\u0105cego do niej czu\u0142e sms-sy? <\/span><span style=\"font-size: 10pt; font-family: Arial\" lang=\"PL\">Na te pytania musia\u0142by odpowiedzie\u0107 sam przewodnicz\u0105cy Tusk. Ale on ma tylko jedn\u0105 odpowied\u017a: \u201ePiS jest be\u201d, bo rz\u0105dzi\u0107 chce on, Donald Tusk.<\/span><span style=\"font-size: 10pt; font-family: Arial\" lang=\"PL\">Wi\u0119c jeszcze raz: jaki mia\u0142 pan cel, bior\u0105c udzia\u0142 w zamachu na rz\u0105d Olszewskiego? Czy ma pan co\u015b do ukrycia i rz\u0105dy PiS-u bardzo panu przeszkadzaj\u0105? Mo\u017ce rozwin\u0105\u0142by pan publicznie temat z czerwcowej nocy, 1992 roku&#8230;?<\/span><\/p>\n","protected":false},"excerpt":{"rendered":"<p>Na cztery dni przed wyborami mamy sytuacj\u0119, w kt\u00f3rej opozycji (tzw.) wolno wszystko, a PiS-owi nic. Ma\u0142o tego, partia rz\u0105dz\u0105ca powinna wr\u0119cz chroni\u0107 przest\u0119pc\u00f3w, zw\u0142aszcza tych z g\u00f3rnej p\u00f3\u0142ki, czyli z \u0142aw sejmowych. W przeciwnym razie przy\u0142apana na braniu \u0142ap\u00f3wki pos\u0142anka z szereg\u00f3w Platformy Obywatelskiej, grozi pope\u0142nieniem samob\u00f3jstwa.Wyst\u0105pienie by\u0142ej ju\u017c pos\u0142anki, pani Sawickiej by\u0142o tak [&hellip;]<\/p>\n","protected":false},"author":2,"featured_media":0,"comment_status":"open","ping_status":"open","sticky":false,"template":"","format":"standard","meta":[],"categories":[1,4],"tags":[],"_links":{"self":[{"href":"https:\/\/sporek.com\/blog\/index.php?rest_route=\/wp\/v2\/posts\/32"}],"collection":[{"href":"https:\/\/sporek.com\/blog\/index.php?rest_route=\/wp\/v2\/posts"}],"about":[{"href":"https:\/\/sporek.com\/blog\/index.php?rest_route=\/wp\/v2\/types\/post"}],"author":[{"embeddable":true,"href":"https:\/\/sporek.com\/blog\/index.php?rest_route=\/wp\/v2\/users\/2"}],"replies":[{"embeddable":true,"href":"https:\/\/sporek.com\/blog\/index.php?rest_route=%2Fwp%2Fv2%2Fcomments&post=32"}],"version-history":[{"count":0,"href":"https:\/\/sporek.com\/blog\/index.php?rest_route=\/wp\/v2\/posts\/32\/revisions"}],"wp:attachment":[{"href":"https:\/\/sporek.com\/blog\/index.php?rest_route=%2Fwp%2Fv2%2Fmedia&parent=32"}],"wp:term":[{"taxonomy":"category","embeddable":true,"href":"https:\/\/sporek.com\/blog\/index.php?rest_route=%2Fwp%2Fv2%2Fcategories&post=32"},{"taxonomy":"post_tag","embeddable":true,"href":"https:\/\/sporek.com\/blog\/index.php?rest_route=%2Fwp%2Fv2%2Ftags&post=32"}],"curies":[{"name":"wp","href":"https:\/\/api.w.org\/{rel}","templated":true}]}}