{"id":321,"date":"2012-02-22T01:11:58","date_gmt":"2012-02-22T05:11:58","guid":{"rendered":"http:\/\/sporek.com\/blog\/?p=321"},"modified":"2012-02-22T08:57:22","modified_gmt":"2012-02-22T12:57:22","slug":"problemy-polonii","status":"publish","type":"post","link":"https:\/\/sporek.com\/blog\/?p=321","title":{"rendered":"Problemy Polonii"},"content":{"rendered":"<p><span style=\"font-size: 13px; font-family: Verdana; color: #000000; background-color: transparent; font-weight: normal; font-style: normal; font-variant: normal; text-decoration: none; vertical-align: baseline\" id=\"internal-source-marker_0.17689635751382382\"><\/span><span style=\"font-size: 13px; font-family: Verdana; color: #000000; background-color: transparent; font-weight: normal; font-style: normal; font-variant: normal; text-decoration: none; vertical-align: baseline\">Komentarze  Stanis\u0142awa i Katarzyny pod artyku\u0142em o \u015bp. Whitney Houston chyba  istotnie kieruj\u0105 dyskusj\u0119 w stron\u0119 Polonii, aczkolwiek w kontek\u015bcie  pewnej mi\u0142ej Czytelniczki, Teresy, kt\u00f3ra zadzwoni\u0142a do mnie i w  niezwykle mi\u0142ych s\u0142owach dzi\u0119kowa\u0142a za \u201cwspania\u0142y\u201d, jak si\u0119 wyrazi\u0142a  artyku\u0142 o Whitney, dodaj\u0105c, \u017ce nie wspomnia\u0142em, i\u017c piosenkarka praktycznie utrzymywa\u0142a Newark, hojnie finansuj\u0105c sw\u00f3j ko\u015bci\u00f3\u0142, szko\u0142\u0119 i inne dziedziny \u017cycia spo\u0142ecznego tego miasta. <\/span><!--more--><span style=\"font-size: 13px; font-family: Verdana; color: #000000; background-color: transparent; font-weight: normal; font-style: normal; font-variant: normal; text-decoration: none; vertical-align: baseline\">Dzi\u0119kuj\u0119 za t\u0119 korekt\u0119. Pani Teresa nie wspomnia\u0142a wszak ani s\u0142owem o  Polonii. Dowodzi to, \u017ce gusta czytelnik\u00f3w s\u0105 tak r\u00f3\u017cne, jak wielorakie  s\u0105 mo\u017cliwo\u015bci tematyczne, kt\u00f3re mo\u017cna porusza\u0107, prowadz\u0105c blog.  Osobi\u015bcie wol\u0119 pisa\u0107 artyku\u0142y o polityce, czy artystach, cho\u0107 pozostaj\u0105  one, jakby bez echa, tzn. niewiele pod nimi komentarzy i dyskusji.  Artyku\u0142y o Polonii powoduj\u0105 po pierwsze wzrost poczytno\u015bci, po drugie  spor\u0105 ilo\u015b\u0107 komentarzy. Ale, czy ja si\u0119 z tego ciesz\u0119&#8230;? Temat  \u201cPolonia\u201d, to temat rzeka. A w Polonii, to z kolei Unia Kredytowa,  Centrum Polsko-S\u0142owia\u0144skie, czasem Dom Narodowy, a w ka\u017cdej z tych  instytucji wiadome osoby (najcz\u0119\u015bciej te same).<\/span><br \/>\n<span style=\"font-size: 13px; font-family: Verdana; color: #000000; background-color: transparent; font-weight: normal; font-style: normal; font-variant: normal; text-decoration: none; vertical-align: baseline\">Czasem,  jak ostatnio,- Kongres Polonii Ameryka\u0144skiej. I rzadko jest tak, \u017ce pisze  si\u0119 pozytywnie. Ale sp\u00f3jrzmy na t\u0119 nasz\u0105, kochan\u0105 Poloni\u0119. Kto pami\u0119ta  czasy, gdy szefem Kongresu by\u0142 Alojzy Mazewski? Zawsze interesowa\u0142em si\u0119  polityk\u0105, a s\u0142uchaj\u0105c radia Luksemburg, Wolna Europa, czy G\u0142os Ameryki  s\u0142ucha\u0142em ca\u0142e mn\u00f3stwo informacji w\u0142a\u015bnie o Prezesie Mazewskim. Nie  \u015bni\u0142o mi si\u0119 jeszcze wyje\u017cd\u017ca\u0107 do Stan\u00f3w i by\u0107 cz\u0119\u015bci\u0105 Polonii, ale w  tamtych czasach czu\u0142em wielko\u015b\u0107 tego cz\u0142owieka w walce o Poloni\u0119 i  Polsk\u0119. Zmar\u0142, gdy by\u0142em ju\u017c w Stanach, w 1988 roku, po dwudziestu  latach sprawowania tej niezwykle zaszczytnej funkcji. To by\u0142y czasy,  kiedy Polonia mia\u0142a swoje znaczenie. Mazewski by\u0142 zapraszany do Bia\u0142ego  Domu i ogromnie szanowany przez polityk\u00f3w. To by\u0142 m\u0105\u017c stanu Polonii  ameryka\u0144skiej. Potem by\u0142o ju\u017c tylko gorzej. Polonia nie uszanowa\u0142a i nie  wspar\u0142a Edwarda Moskala, kt\u00f3ry jeszcze pr\u00f3bowa\u0142 broni\u0107 zar\u00f3wno Polonii,  jak i Polski przed tymi, kt\u00f3rzy chcieli j\u0105 upodli\u0107, okra\u015b\u0107, wycwani\u0107.  Polonia da\u0142a si\u0119 nabra\u0107 polskim politykom z Warszawy, kt\u00f3rzy rzucili  tyle fa\u0142szywego \u015bwiat\u0142a na Edwarda Moskala, \u017ce wystarczy\u0142oby na co  najmniej kilkunastu dzia\u0142aczy. I w najtrudniejszych chwilach Polonia  wy\u015bmiewa\u0142a prezesa Moskala, bo wy\u015bmiewali go spece z Warszawy, jak  p\u00f3\u017aniej Polacy wy\u015bmiewali \u015bp. Prezydenta Lecha Kaczy\u0144skiego, bo  wy\u015bmiewali go Niemcy i spece z \u00f3wczesnej opozycji (Gazeta Wybi\u00f3rcza i  inne Lisy). A potem nasta\u0142 Frank Spula, bezbarwny, niezaanga\u017cowany,  nieorientuj\u0105cy si\u0119 w sytuacji Polski, ani chyba Polonii.<\/span><br \/>\n<span style=\"font-size: 13px; font-family: Verdana; color: #000000; background-color: transparent; font-weight: normal; font-style: normal; font-variant: normal; text-decoration: none; vertical-align: baseline\">Wspania\u0142a  przesz\u0142o\u015b\u0107 KPA i \u017cadnych szans, aby ta przesz\u0142o\u015b\u0107 jako\u015b mog\u0142a wp\u0142yn\u0105\u0107  na tera\u017aniejszo\u015b\u0107. Nie ma takiej opcji. Zupe\u0142nie inaczej ni\u017c, np. w Unii  Kredytowej, gdzie przesz\u0142o\u015b\u0107 bezpo\u015brednio wp\u0142ywa na tera\u017aniejszo\u015b\u0107,  tyle tylko, \u017ce przesuni\u0119ci z przesz\u0142o\u015bci w tera\u017aniejszo\u015b\u0107 niekt\u00f3rzy  cz\u0142onkowie zarz\u0105du o przesz\u0142o\u015bci m\u00f3wi\u0107 nie chc\u0105, cho\u0107 nie ma takiej  si\u0142y, kt\u00f3ra mog\u0142aby tera\u017aniejszo\u015b\u0107 od przesz\u0142o\u015bci oddzieli\u0107. Chodzi  przecie\u017c o finanse. \u017bonie, przyjacielowi, dzieciom mo\u017cna jako\u015b pr\u00f3bowa\u0107  wm\u00f3wi\u0107: zapomnijmy o przesz\u0142o\u015bci, zacznijmy wszystko od nowa i takie tam  bajery. Ale w instytucji finansowej&#8230;?! Mowy nie ma. Prosz\u0119  przypomnnie\u0107 sobie Polsk\u0119 po Gierku. Ten \u201cojciec\u201d Narodu zostawi\u0142 swoj\u0105  spo\u0142\u0119czn\u0105 rodzin\u0119 z d\u0142ugami i dzie\u0144 po dniu, miesi\u0105c po miesi\u0105cu, rok po  roku, by\u0142o tylko gorzej i gorzej, a\u017c wybuch\u0142o pot\u0119\u017cnym buntem, bo  ekonomii nie mo\u017cna powiedzie\u0107; &#8211; ej, stara, zacznijmy wszystko od nowa.<\/span><br \/>\n<span style=\"font-size: 13px; font-family: Verdana; color: #000000; background-color: transparent; font-weight: normal; font-style: normal; font-variant: normal; text-decoration: none; vertical-align: baseline\">Wydawano  wi\u0119cej, ni\u017c posiadano, rz\u0105dy rozbudowywa\u0142y bud\u017cet\u00f3wk\u0119, a rz\u0105dz\u0105cy \u017cyli  ponad stan. To trwa do dzi\u015b i si\u0119 dzieje. Politycy zaj\u0119ci europejskimi  pierdo\u0142ami z ameryka\u0144skimi w\u0142\u0105cznie (ACTA, to ameryka\u0144ski pomys\u0142), ani  si\u0119 spostrzegli, \u017ce min\u0105\u0142 rok, wa\u0142y przeciwpowodziowe nienaprawione,  odwil\u017c na karku i&#8230; pow\u00f3d\u017a za pasem. Komorowski, prezydent, co niedawno  \u017cegna\u0142 poetk\u0119 \u201cCzymborsk\u0105\u201d (on uwielbia wpadki), b\u0119dzie znowu bredzi\u0142,  \u017ce woda ma to do siebie&#8230;<\/span><br \/>\n<span style=\"font-size: 13px; font-family: Verdana; color: #000000; background-color: transparent; font-weight: normal; font-style: normal; font-variant: normal; text-decoration: none; vertical-align: baseline\">Unia  Kredytowa by\u0142a kiedy\u015b pot\u0119\u017cniejsza, ni\u017c dzisiaj, cho\u0107 nie by\u0142a  miliardow\u0105 instytucj\u0105. Ale Unia ma przesz\u0142o\u015b\u0107. Nie b\u0119d\u0119 si\u0119 popisywa\u0142  epitetami. Unia, to kobieta, a wszyscy wiemy, jak mo\u017cna si\u0119 wy\u017cywa\u0107 na  kobiecie z przesz\u0142o\u015bci\u0105. <\/span><br \/>\n<span style=\"font-size: 13px; font-family: Verdana; color: #000000; background-color: transparent; font-weight: normal; font-style: normal; font-variant: normal; text-decoration: none; vertical-align: baseline\">Szastano  pieni\u0119dzmi na s\u0105dy, pokrywanie koszt\u00f3w zwolnienia dyrektor\u00f3w  wykonawczych i menad\u017cer\u00f3w \u00a0i znowu s\u0105dy, sprawdzanie po\u017cyczek, kt\u00f3re  akurat by\u0142y dobre, ale nie lubiano tych, kt\u00f3rzy je pobrali. A potem  trzeba by\u0142o dawa\u0107 przepraszaj\u0105ce og\u0142oszenia, a przy okazji setki tysi\u0119cy  dolar\u00f3w l\u0105dowa\u0142o bezpowrotnie w kieszeniach prawnik\u00f3w i&#8230; cholera wie  kogo jeszcze. Wydawano na inwestycje, zatrudniano kogo si\u0119 da\u0142o. A  dzisiaj chce si\u0119 powiedzie\u0107, \u017ce przesz\u0142o\u015b\u0107 nie ma \u017cadnego zwi\u0105zku z  tera\u017aniejszo\u015bci\u0105. Ci sami ludzie, ktorzy przez ostatnie dziesi\u0119\u0107 lat  zadomowili si\u0119 w radzie dyrektor\u00f3w dzi\u015b postarali si\u0119, aby nowi te\u017c  ta\u0144czyli tak, jak graj\u0105 oni. Niby bardzo powa\u017cnie potraktowali wnioski  jednego z cz\u0142onk\u00f3w o dwukadencyjno\u015bci, ale siedz\u0105 ju\u017c trzy, cztery.  Godzili si\u0119 na wiele rzeczy w przesz\u0142o\u015bci, dzi\u015b chc\u0105 przesz\u0142o\u015bci\u0105  obci\u0105\u017cy\u0107 tera\u017aniejszo\u015b\u0107: nowego CEO, nowych cz\u0142onk\u00f3w rady dyrektor\u00f3w. <\/span><br \/>\n<span style=\"font-size: 13px; font-family: Verdana; color: #000000; background-color: transparent; font-weight: normal; font-style: normal; font-variant: normal; text-decoration: none; vertical-align: baseline\">Nie  pytali poprzedniego CEO, czemu i po co zatrudni\u0142 armi\u0119 ludzi, kt\u00f3rzy  dzi\u015b tworz\u0105 przerost zatrudnienia. Nie pytali o wiele rzeczy, kt\u00f3re dzi\u015b  k\u0142ad\u0105 si\u0119 cieniem przesz\u0142o\u015bci na tera\u017aniejszo\u015b\u0107. Dzi\u015b udaj\u0105 obra\u017conych  np. na mnie, \u017ce o tym m\u00f3wi\u0119.<\/span><br \/>\n<span style=\"font-size: 13px; font-family: Verdana; color: #000000; background-color: transparent; font-weight: normal; font-style: normal; font-variant: normal; text-decoration: none; vertical-align: baseline\">A  ludzie? Jak to ludzie, &#8211; lubi\u0105, gdy na zebraniach jest du\u017co krzyku i  nie patrz\u0105, kto zabiera g\u0142os, byle krzycza\u0142 i zabiera\u0142 wszystkim czas. A  on gada niekostruktywnie, nie podaje rozwi\u0105za\u0144. Zamieszcza si\u0119 k\u0142amliwe  artyku\u0142y w gazetach, wspiera ludzi, kt\u00f3rzy oskar\u017caj\u0105 byle tylko  oskar\u017ca\u0107. Ma\u0142o tego, tych ludzi si\u0119 chroni i chroni\u0105 ich cz\u0142onkowie rady  dyrektor\u00f3w. To w\u0142a\u015bnie s\u0105 sprawy, kt\u00f3re trzeba definitywnie zako\u0144czy\u0107.  Wiem, \u017ce cz\u0142onkowie maj\u0105 swoje przemy\u015blenia, ale bardzo cz\u0119sto nie  dochodz\u0105 do mikrofonu, bo \u201ctamci\u201d gl\u0119dz\u0105 i si\u0119 im nie przerywa. <\/span><br \/>\n<span style=\"font-size: 13px; font-family: Verdana; color: #000000; background-color: transparent; font-weight: normal; font-style: normal; font-variant: normal; text-decoration: none; vertical-align: baseline\">Komisja  Nominacyjna wypytuje kandydata, czy \u201cumie inwestowa\u0107 pieni\u0105dze\u201d,  zupe\u0142nie tak, jakby cz\u0142onkowie komisji to wiedzieli. Albo wypytuj\u0105  innego kandydata, czy popiera\u0142, czy te\u017c nie popiera\u0142 idei zwo\u0142ania  specjalnego zebrania. Kto\u015b tu postrada\u0142 zmys\u0142y.\u00a0 Napisa\u0142em ze szpitala e-mail do przewodnicz\u0105cej komisji nominacyjnej, \u017ce  chc\u0119 kandydowa\u0107 i by\u0107 przes\u0142uchany przez t\u0119 komisj\u0119. Wyt\u0142umaczy\u0142em, \u017ce  le\u017c\u0119 w szpitalu od kilku dni i dlatego si\u0119 sp\u00f3\u017ani\u0142em. Prawda jest taka,  \u017ce na intensywnej terapii, gdzie by\u0142em pod\u0142\u0105czony do przer\u00f3\u017cnych  aparatur nie wolno mi by\u0142o u\u017cywa\u0107 ani mojej zwyk\u0142ej kom\u00f3rki, ani <\/span><span style=\"font-size: 13px; font-family: Verdana; color: #000000; background-color: transparent; font-weight: normal; font-style: italic; font-variant: normal; text-decoration: none; vertical-align: baseline\">Blackberry. <\/span><span style=\"font-size: 13px; font-family: Verdana; color: #000000; background-color: transparent; font-weight: normal; font-style: normal; font-variant: normal; text-decoration: none; vertical-align: baseline\">Pani  przewodnicz\u0105ca by\u0142a tak przeciwna mojej kandydaturze, \u017ce nie zrozumia\u0142a  wyj\u0105tkowej sytuacji w jakiej si\u0119 znalaz\u0142em i oczywi\u015bcie odpisa\u0142a, \u017ce  \u201ckomisja mnie nie zaakceptowa\u0142a\u201d. Komisja przyjmowa\u0142a zg\u0142oszenia przez  prawie dwa tygodnie, a ja sp\u00f3\u017anie\u0142m si\u0119 \u2026 3 godziny. Fajne, co? Ok, nie ma problemu, &#8211; b\u0119d\u0119 zbiera\u0142 podpisy.\u00a0 <\/span><br \/>\n<span style=\"font-size: 13px; font-family: Verdana; color: #000000; background-color: transparent; font-weight: normal; font-style: normal; font-variant: normal; text-decoration: none; vertical-align: baseline\">W  imieniu Rady Dyrektor\u00f3w, kilkuosobowa grupa tzw. komitetu wykonawczego  publikuje w mediach og\u0142oszenie dotycz\u0105ce przegranej przez Civic  Committee (Komitet Spo\u0142eczny) sprawy s\u0105dowej przeciwko Unii Kredytowej.  Jedno, kr\u00f3tkie \u201co\u015bwiadczenie\u201d, a nie\u015bcis\u0142o\u015bci w nim tyle, \u017ce kwalifikuje  si\u0119 ono raczej do wprowadzania opinii publicznej w b\u0142\u0105d, a nie  informowania o tym, co dzieje si\u0119 w Unii. A kiedy dowiemy si\u0119 ile w  ko\u0144cu pieni\u0119dzy niejaki pan \u0141uczaj i sp\u00f3\u0142ka winni s\u0105 \u00a0z tego tytu\u0142u  Unii, czyli Cz\u0142onkom? Tego \u201cspo\u0142ecznego komitetu\u201d nie upowa\u017cnia\u0142o \u017cadne  wi\u0119ksze grono Cz\u0142onk\u00f3w Unii. I b\u0119d\u0119 to powtarza\u0142 do znudzenia. Oni  wybrali si\u0119 sami i bez wiedzy wi\u0119kszo\u015bci, bez jakiegokolwiek  demokratycznego klucza upowa\u017cnili si\u0119 do skar\u017cenia Unii w s\u0105dzie,  nara\u017caj\u0105c Uni\u0119, kt\u00f3ra musi si\u0119 w takich przypadkach broni\u0107, na ogromne  wydatki. Wi\u0119c niech teraz sami p\u0142ac\u0105, skoro sami decydowali si\u0119 na ten  krok. Cz\u0119\u015b\u0107 z tych pieni\u0119dzy nigdy nie zostanie odzyskana. I wspieranie  tych ludzi przez przewodnicz\u0105c\u0105 Rady i tych dyrektor\u00f3w, ktorzy tak  ta\u0144cz\u0105, jak przewodnicz\u0105ca gra, &#8211; to jest dba\u0142o\u015b\u0107 o pieni\u0105dze Cz\u0142onk\u00f3w?  Ci ludzi powinni zosta\u0107 pozbawieni swoich kont i wywaleni na cztery  strony \u015bwiata. Tego w\u0142a\u015bnie powinni domaga\u0107 si\u0119 Cz\u0142onkowie na  zebraniach. <\/span><br \/>\n<span style=\"font-size: 13px; font-family: Verdana; color: #000000; background-color: transparent; font-weight: normal; font-style: normal; font-variant: normal; text-decoration: none; vertical-align: baseline\">A  kiedy Cz\u0142onkowie, jako wsp\u00f3\u0142w\u0142a\u015bciciele zaczn\u0105 zadawa\u0107 pytania, czy  kandydat(ka) rzeczywi\u015bcie uko\u0144czy\u0142(a) trzy fakultety, albo w jakich  latach studiowa\u0142a na Harvard i co tam uko\u0144czy\u0142a (mo\u017ce to by\u0142  czterodniowy kurs na koszt Unii&#8230;?) albo, czy rzeczywi\u015bcie kandydat(ka)  zna osiem j\u0119zyk\u00f3w? Kiedy Cz\u0142onkowie zaczn\u0105 zadawa\u0107 pytania, jak  wspieraj\u0105 Uni\u0119 ci, kt\u00f3rzy poniewieraj\u0105 j\u0105 po s\u0105dach; Czy bior\u0105 po\u017cyczki,  czy te\u017c maj\u0105 ledwie mizerne wk\u0142ady, ale s\u0105dami nara\u017caj\u0105 j\u0105 na milionowe  straty? To w\u0142a\u015bnie trzeba zmieni\u0107. I Panie Stanis\u0142awie, Pani Katarzyno,  tego nie zrobi jeden cz\u0142owiek, to jest r\u00f3wnie\u017c Wasza odpowiedzialno\u015b\u0107. W  marcu ma by\u0107 kolejne zebranie informacyjne. A je\u015bli powiem, \u017ce w\u0105tpi\u0119,  aby ono si\u0119 odby\u0142o&#8230;? A dlaczego w\u0105tpi\u0119, bo Civic Committee  skompromitowa\u0142 si\u0119 przegran\u0105 spraw\u0105 i nie mo\u017cna go nara\u017ca\u0107 na pytania  cz\u0142onk\u00f3w, kiedy zwr\u00f3c\u0105 pieni\u0105dze. T\u0119 ob\u0142ud\u0119 trzeba zako\u0144czy\u0107. Te  opowiadania, jak to bardzo chce si\u0119 dba\u0107 o pieni\u0105dze cz\u0142onkowskie, ale  robi si\u0119 akurat odwrotnie. To trzeba sko\u0144czy\u0107.<\/span><br \/>\n<span style=\"font-size: 13px; font-family: Verdana; color: #000000; background-color: transparent; font-weight: normal; font-style: normal; font-variant: normal; text-decoration: none; vertical-align: baseline\">Przy  McGuinness Blvd postawiono meczet za ci\u0119\u017ckie miliony. Wolnej  przestrzeni jest w nim wi\u0119cej, ni\u017c wykorzystanej. I nie by\u0142o sprzeciw\u00f3w.  Jest to jedyny budynek bankowy w ca\u0142ej chyba Metropolii, do kt\u00f3rego  wchodzi si\u0119 po schodach i trzeba by\u0142o dobudowa\u0107 podjazd dla matek z  dzieckiem w w\u00f3zku i ludzi na w\u00f3zkach inwalidzkich. I projekt na t\u0119  inwestycj\u0119 robi\u0142 zupe\u0142nie inny architekt, bo ten g\u0142\u00f3wny, od tego meczetu  nie mia\u0142 licencji nowojorskiej. To kto podpisywa\u0142 zlecenia i decyzje  podczas budowy? Poprzednie rady (z tymi, kt\u00f3rzy i dzi\u015b w niej zasiadaj\u0105)  nie mia\u0142y problemu, \u017ceby zatrudniono firm\u0119 nadzoruj\u0105c\u0105. Pytanie tylko  po co? Bo firmy nadzoruj\u0105ce zatrudnia si\u0119 do wielkich projekt\u00f3w, a przy  tym projekcie wystarczy\u0142o, \u017ce spraw\u0119 nadzorowa\u0142by architekt i szefowie  firm kontraktorskich. Ale przecie\u017c architekt nie m\u00f3g\u0142, bo nie mia\u0142  licencji. Zatrudniono wi\u0119c Lehr Company. Ta firma, od kilku lat ma  sprawy s\u0105dowe za \u0142ap\u00f3wki i wymuszanie op\u0142at nawet w wysoko\u015bci 10 &#8211; 13%  od subkontraktor\u00f3w. Jej czterech g\u0142\u00f3wnych szef\u00f3w jest oskar\u017conych o  zdefraudowanie&#8230;30 milion\u00f3w dolar\u00f3w (\u0142ap\u00f3wki i pranie pieni\u0119dzy). I ta  firma nadzorowa\u0142a ten cholerny \u201cmeczet\u201d, kt\u00f3ry udaje dzi\u015b siedzib\u0119  g\u0142\u00f3wn\u0105, gdzie jest nadmiar wolnej powierzchni w stosunku do liczby  zatrudnionych i trzeba co\u015b z tym zrobi\u0107. A paradoks polega na tym, \u017ce  \u201csiedziba g\u0142\u00f3wna\u201d jest w Fairfield, gdzie z kolei jest nadmiar zatrudnionych w  stosunku do wielko\u015bci pomieszcze\u0144, czyli na odwr\u00f3t i te\u017c co\u015b z tym  trzeba zrobi\u0107.<\/span><br \/>\n<span style=\"font-size: 13px; font-family: Verdana; color: #000000; background-color: transparent; font-weight: normal; font-style: normal; font-variant: normal; text-decoration: none; vertical-align: baseline\">Mo\u017cna by tak do rana&#8230;<\/span><\/p>\n","protected":false},"excerpt":{"rendered":"<p>Komentarze Stanis\u0142awa i Katarzyny pod artyku\u0142em o \u015bp. Whitney Houston chyba istotnie kieruj\u0105 dyskusj\u0119 w stron\u0119 Polonii, aczkolwiek w kontek\u015bcie pewnej mi\u0142ej Czytelniczki, Teresy, kt\u00f3ra zadzwoni\u0142a do mnie i w niezwykle mi\u0142ych s\u0142owach dzi\u0119kowa\u0142a za \u201cwspania\u0142y\u201d, jak si\u0119 wyrazi\u0142a artyku\u0142 o Whitney, dodaj\u0105c, \u017ce nie wspomnia\u0142em, i\u017c piosenkarka praktycznie utrzymywa\u0142a Newark, hojnie finansuj\u0105c sw\u00f3j ko\u015bci\u00f3\u0142, [&hellip;]<\/p>\n","protected":false},"author":2,"featured_media":0,"comment_status":"open","ping_status":"open","sticky":false,"template":"","format":"standard","meta":[],"categories":[3],"tags":[],"_links":{"self":[{"href":"https:\/\/sporek.com\/blog\/index.php?rest_route=\/wp\/v2\/posts\/321"}],"collection":[{"href":"https:\/\/sporek.com\/blog\/index.php?rest_route=\/wp\/v2\/posts"}],"about":[{"href":"https:\/\/sporek.com\/blog\/index.php?rest_route=\/wp\/v2\/types\/post"}],"author":[{"embeddable":true,"href":"https:\/\/sporek.com\/blog\/index.php?rest_route=\/wp\/v2\/users\/2"}],"replies":[{"embeddable":true,"href":"https:\/\/sporek.com\/blog\/index.php?rest_route=%2Fwp%2Fv2%2Fcomments&post=321"}],"version-history":[{"count":0,"href":"https:\/\/sporek.com\/blog\/index.php?rest_route=\/wp\/v2\/posts\/321\/revisions"}],"wp:attachment":[{"href":"https:\/\/sporek.com\/blog\/index.php?rest_route=%2Fwp%2Fv2%2Fmedia&parent=321"}],"wp:term":[{"taxonomy":"category","embeddable":true,"href":"https:\/\/sporek.com\/blog\/index.php?rest_route=%2Fwp%2Fv2%2Fcategories&post=321"},{"taxonomy":"post_tag","embeddable":true,"href":"https:\/\/sporek.com\/blog\/index.php?rest_route=%2Fwp%2Fv2%2Ftags&post=321"}],"curies":[{"name":"wp","href":"https:\/\/api.w.org\/{rel}","templated":true}]}}